{"id":3278,"date":"2011-04-18T21:19:20","date_gmt":"2011-04-18T19:19:20","guid":{"rendered":"https:\/\/www.stepienybarno.es\/blog\/?p=3278"},"modified":"2011-04-19T07:37:31","modified_gmt":"2011-04-19T05:37:31","slug":"talleres-de-arquitectura-y-ciudad-para-ninos","status":"publish","type":"post","link":"https:\/\/stepienybarno.es\/blog\/2011\/04\/18\/talleres-de-arquitectura-y-ciudad-para-ninos\/","title":{"rendered":"TALLERES DE ARQUITECTURA Y CIUDAD  PARA NI\u00d1@S"},"content":{"rendered":"<p style=\"text-align: center;\"><strong>\u00a0<\/strong><\/p>\n<p align=\"center\"><img loading=\"lazy\" decoding=\"async\" class=\"aligncenter size-full wp-image-3280\" title=\"0.  sinergia-sostenible_500_viendo-imagenes 350\" src=\"https:\/\/stepienybarno.es\/blog\/wp-content\/uploads\/2011\/04\/0.-sinergia-sostenible_500_viendo-imagenes-350-.jpg\" alt=\"0.  sinergia-sostenible_500_viendo-imagenes 350\" width=\"350\" height=\"172\" srcset=\"https:\/\/stepienybarno.es\/blog\/wp-content\/uploads\/2011\/04\/0.-sinergia-sostenible_500_viendo-imagenes-350-.jpg 350w, https:\/\/stepienybarno.es\/blog\/wp-content\/uploads\/2011\/04\/0.-sinergia-sostenible_500_viendo-imagenes-350--180x88.jpg 180w, https:\/\/stepienybarno.es\/blog\/wp-content\/uploads\/2011\/04\/0.-sinergia-sostenible_500_viendo-imagenes-350--316x155.jpg 316w\" sizes=\"(max-width: 350px) 100vw, 350px\" \/><\/p>\n<p>\u00a0<\/p>\n<p>Hace un par de a\u00f1os dimos nacimiento a\u00a0 <a href=\"http:\/\/sinergiasostenible.org\/\"><strong>SINERGIA SOSTENIBLE<\/strong><\/a>. Se trata una\u00a0\u00a0 asociaci\u00f3n sin \u00e1nimo de lucro de la cual Stepienybarno es socio co-fundador junto a nuestras amigas Amaya Gonz\u00e1lez y Arantxa D\u00edez. Esta aventura surgi\u00f3 por las ganas que ten\u00edamos de compartir nuestras inquietudes dentro del mundo de la arquitectura y la ciudad en torno al concepto de la sostenibilidad. Y como ve\u00edamos que la palabra cada vez se estaba usando de manera menos adecuada hasta el punto de vaciarla de significado, nosotros nos hemos empe\u00f1ado en intentar hacer un estudio serio y riguroso del tema con el convencimiento de que el planeta est\u00e1 en juego y no ser conscientes de ello no es otra cosa que un ejercicio de irresponsabilidad.<\/p>\n<p>\u00a0<!--more--><\/p>\n<p>\u00a0<\/p>\n<p style=\"text-align: center;\"><img loading=\"lazy\" decoding=\"async\" class=\"aligncenter size-full wp-image-3281\" title=\"1.   sinergia-sostenible_500_viendo-imagenes  AGNIESZKA AMAYA LORENZO ARANTXA 500\" src=\"https:\/\/stepienybarno.es\/blog\/wp-content\/uploads\/2011\/04\/1.-sinergia-sostenible_500_viendo-imagenes-AGNIESZKA-AMAYA-LORENZO-ARANTXA-500-.jpg\" alt=\"1.   sinergia-sostenible_500_viendo-imagenes  AGNIESZKA AMAYA LORENZO ARANTXA 500\" width=\"500\" height=\"253\" srcset=\"https:\/\/stepienybarno.es\/blog\/wp-content\/uploads\/2011\/04\/1.-sinergia-sostenible_500_viendo-imagenes-AGNIESZKA-AMAYA-LORENZO-ARANTXA-500-.jpg 500w, https:\/\/stepienybarno.es\/blog\/wp-content\/uploads\/2011\/04\/1.-sinergia-sostenible_500_viendo-imagenes-AGNIESZKA-AMAYA-LORENZO-ARANTXA-500--180x91.jpg 180w, https:\/\/stepienybarno.es\/blog\/wp-content\/uploads\/2011\/04\/1.-sinergia-sostenible_500_viendo-imagenes-AGNIESZKA-AMAYA-LORENZO-ARANTXA-500--316x160.jpg 316w\" sizes=\"(max-width: 500px) 100vw, 500px\" \/><\/p>\n<p style=\"text-align: center;\"><img loading=\"lazy\" decoding=\"async\" class=\"aligncenter size-full wp-image-3282\" title=\"2.  sinergia-sostenible_500_viendo-imagenes 500\" src=\"https:\/\/stepienybarno.es\/blog\/wp-content\/uploads\/2011\/04\/2.-sinergia-sostenible_500_viendo-imagenes-500-.jpg\" alt=\"2.  sinergia-sostenible_500_viendo-imagenes 500\" width=\"500\" height=\"91\" srcset=\"https:\/\/stepienybarno.es\/blog\/wp-content\/uploads\/2011\/04\/2.-sinergia-sostenible_500_viendo-imagenes-500-.jpg 500w, https:\/\/stepienybarno.es\/blog\/wp-content\/uploads\/2011\/04\/2.-sinergia-sostenible_500_viendo-imagenes-500--180x33.jpg 180w, https:\/\/stepienybarno.es\/blog\/wp-content\/uploads\/2011\/04\/2.-sinergia-sostenible_500_viendo-imagenes-500--316x58.jpg 316w\" sizes=\"(max-width: 500px) 100vw, 500px\" \/>\u00a0<\/p>\n<p>\u00a0<\/p>\n<p>Para ello marcamos <strong>tres ejes principales<\/strong> en los que trabajar, por un lado dando <strong>charlas <\/strong>(e, incluso, participando de manera regular en\u00a0 un programa de radio), por otro, escribiendo <strong>art\u00edculos<\/strong> (publicados en el blog de la asociaci\u00f3n) y por \u00faltimo, realizando <strong>talleres <\/strong>con los m\u00e1s peque\u00f1os. As\u00ed que, hoy nos gustar\u00eda hablaros un poquillo de esta \u00a0tercera actividad, con la que tanto hemos aprendido y disfrutado.<\/p>\n<p>\u00a0<\/p>\n<p>Entendemos que es fundamental <strong>no confundir conceptos<\/strong> y tener las ideas claras. No es lo mismo la biolclim\u00e1tica, que la bioconstrucci\u00f3n. Ni siquiera la suma de ambas es sin\u00f3nimo de ecolog\u00eda, y no se pude seguir confundiendo \u00e9sta \u00faltima con la propia sostenibilidad. Debemos tener muy presente que para que algo sea, realmente, sostenible debe cumplir par\u00e1metros de tres tipos: ecol\u00f3gicos, econ\u00f3micos y sociales.<\/p>\n<p>\u00a0<\/p>\n<p>As\u00ed que, como sabemos que a los que ya somos un poco talluditos nos cuesta entender ciertos temas, pensamos que ser\u00eda m\u00e1s f\u00e1cil <strong>empezar por los ni\u00f1os<\/strong>. El reto, inspirado en muchas de las palabras de gente como <a href=\"http:\/\/www.ted.com\/talks\/lang\/spa\/jaime_lerner_sings_of_the_city.html\"><strong>Jaime Lerner,<\/strong><\/a> tenia una doble esperanza. Por un lado, que cuando crezcan puedan ser m\u00e1s <strong>responsables<\/strong> que lo que hoy somos los mayores, y, por otro, que cuando lleguen a casa puedan <strong>transmitir lo aprendido a sus papas y mamas<\/strong>, para ver si as\u00ed mejora un poco el panorama.<\/p>\n<p>\u00a0<\/p>\n<p>Y de los talleres que hemos ido planteando, hoy os quer\u00edamos contar un par de ellos, para ver que os parecen.<\/p>\n<p>\u00a0<\/p>\n<p><strong>TALLER 1: C\u00d3MO ES MI PUEBLO<\/strong><\/p>\n<p><strong>\u00a0<\/strong><\/p>\n<p style=\"text-align: center;\"><img loading=\"lazy\" decoding=\"async\" class=\"aligncenter size-full wp-image-3286\" title=\"3. sinergia-sostenible_500_viendo-imagenes 500\" src=\"https:\/\/stepienybarno.es\/blog\/wp-content\/uploads\/2011\/04\/3.-sinergia-sostenible_500_viendo-imagenes-500-.jpg\" alt=\"3. sinergia-sostenible_500_viendo-imagenes 500\" width=\"500\" height=\"245\" srcset=\"https:\/\/stepienybarno.es\/blog\/wp-content\/uploads\/2011\/04\/3.-sinergia-sostenible_500_viendo-imagenes-500-.jpg 500w, https:\/\/stepienybarno.es\/blog\/wp-content\/uploads\/2011\/04\/3.-sinergia-sostenible_500_viendo-imagenes-500--180x88.jpg 180w, https:\/\/stepienybarno.es\/blog\/wp-content\/uploads\/2011\/04\/3.-sinergia-sostenible_500_viendo-imagenes-500--316x155.jpg 316w\" sizes=\"(max-width: 500px) 100vw, 500px\" \/>\u00a0<\/p>\n<p>En esta ocasi\u00f3n, la experiencia se llev\u00f3 a cabo en\u00a0 enero de 2010 en el <a href=\"https:\/\/stepienybarno.es\/blog\/2010\/01\/06\/ampliacion-de-colegio-publico-en-oteiza-de-la-solana\/\"><strong>Colegio P\u00fablico de San Salvador en Oteiza de la Solana<\/strong><\/a> (Navarra), edificio del cual somos autores como arquitectos, \u00a0con un grupo de\u00a0 ni\u00f1os de 3 y 4 a\u00f1os. El taller fue realizado por invitaci\u00f3n (dentro de su proyecto docente) de la profesora Alicia Mart\u00ednez Pascual.<\/p>\n<p>El objetivo de este taller infantil era que los ni\u00f1os aprendiesen <strong>principios b\u00e1sicos de la sostenibilidad <\/strong>y que fueran capaces de <strong>reconocer los elementos urbanos <\/strong>m\u00e1s importantes que enmarcan la vida p\u00fablica en un entorno rural: paisaje, casa, edificios p\u00fablicos, calles, plazas, elementos naturales, tr\u00e1fico, etc.<\/p>\n<p>\u00a0<\/p>\n<p>Intentamos averiguar cu\u00e1les son los lugares que m\u00e1s les gustan, cu\u00e1les les llaman m\u00e1s su atenci\u00f3n y por qu\u00e9.<\/p>\n<p>\u00a0<\/p>\n<p>Mediante una serie de <strong>im\u00e1genes<\/strong>, se provoc\u00f3 la imaginaci\u00f3n y la b\u00fasqueda de similitud (o no) con su medio cotidiano. El fin fue captar la atenci\u00f3n sobre <strong>otras formas de habitar<\/strong>, sobre otros modelos arquitect\u00f3nicos y urbanos seguramente desconocidos para ellos.<\/p>\n<p>\u00a0<\/p>\n<p style=\"text-align: center;\"><img loading=\"lazy\" decoding=\"async\" class=\"aligncenter size-full wp-image-3287\" title=\"4.  sinergia-sostenible_500_viendo-imagenes\" src=\"https:\/\/stepienybarno.es\/blog\/wp-content\/uploads\/2011\/04\/4.-sinergia-sostenible_500_viendo-imagenes.jpg\" alt=\"4.  sinergia-sostenible_500_viendo-imagenes\" width=\"500\" height=\"753\" srcset=\"https:\/\/stepienybarno.es\/blog\/wp-content\/uploads\/2011\/04\/4.-sinergia-sostenible_500_viendo-imagenes.jpg 500w, https:\/\/stepienybarno.es\/blog\/wp-content\/uploads\/2011\/04\/4.-sinergia-sostenible_500_viendo-imagenes-120x180.jpg 120w, https:\/\/stepienybarno.es\/blog\/wp-content\/uploads\/2011\/04\/4.-sinergia-sostenible_500_viendo-imagenes-365x550.jpg 365w, https:\/\/stepienybarno.es\/blog\/wp-content\/uploads\/2011\/04\/4.-sinergia-sostenible_500_viendo-imagenes-465x700.jpg 465w, https:\/\/stepienybarno.es\/blog\/wp-content\/uploads\/2011\/04\/4.-sinergia-sostenible_500_viendo-imagenes-224x336.jpg 224w, https:\/\/stepienybarno.es\/blog\/wp-content\/uploads\/2011\/04\/4.-sinergia-sostenible_500_viendo-imagenes-266x400.jpg 266w\" sizes=\"(max-width: 500px) 100vw, 500px\" \/><\/p>\n<p>Una vez fijadas una serie de ideas se propuso la <strong>creaci\u00f3n de un pueblo,<\/strong> donde cada ni\u00f1o construye su edificio. Para ello, se dispusieron de una serie de <strong>cajas recicladas<\/strong> de varios tama\u00f1os y formas que van modelando a su gusto, sin m\u00e1s pretensi\u00f3n que el juego, la cooperaci\u00f3n y el est\u00edmulo de la imaginaci\u00f3n.<\/p>\n<p>\u00a0<\/p>\n<p style=\"text-align: center;\"><img loading=\"lazy\" decoding=\"async\" class=\"aligncenter size-full wp-image-3288\" title=\"5. sinergia-sostenible_500_viendo-imagenes. 500\" src=\"https:\/\/stepienybarno.es\/blog\/wp-content\/uploads\/2011\/04\/5.-sinergia-sostenible_500_viendo-imagenes.-500-.jpg\" alt=\"5. sinergia-sostenible_500_viendo-imagenes. 500\" width=\"500\" height=\"245\" srcset=\"https:\/\/stepienybarno.es\/blog\/wp-content\/uploads\/2011\/04\/5.-sinergia-sostenible_500_viendo-imagenes.-500-.jpg 500w, https:\/\/stepienybarno.es\/blog\/wp-content\/uploads\/2011\/04\/5.-sinergia-sostenible_500_viendo-imagenes.-500--180x88.jpg 180w, https:\/\/stepienybarno.es\/blog\/wp-content\/uploads\/2011\/04\/5.-sinergia-sostenible_500_viendo-imagenes.-500--316x155.jpg 316w\" sizes=\"(max-width: 500px) 100vw, 500px\" \/><\/p>\n<p>Aquella ma\u00f1ana todos aprendimos algo y todos nos sorprendimos con cosas nuevas. Para nosotros, fue incre\u00edble que ni\u00f1os de 3 y 4 a\u00f1os se involucraran durante 3 horas con el taller, llegando a <strong>construir un pueblo en el que depositaron sus sue\u00f1os e ilusiones<\/strong>.<\/p>\n<p>\u00a0<\/p>\n<p style=\"text-align: center;\"><img loading=\"lazy\" decoding=\"async\" class=\"aligncenter size-full wp-image-3289\" title=\"6.  sinergia-sostenible_350_cuatro-ninos-con-rascacielos\" src=\"https:\/\/stepienybarno.es\/blog\/wp-content\/uploads\/2011\/04\/6.-sinergia-sostenible_350_cuatro-ninos-con-rascacielos.jpg\" alt=\"6.  sinergia-sostenible_350_cuatro-ninos-con-rascacielos\" width=\"350\" height=\"232\" srcset=\"https:\/\/stepienybarno.es\/blog\/wp-content\/uploads\/2011\/04\/6.-sinergia-sostenible_350_cuatro-ninos-con-rascacielos.jpg 350w, https:\/\/stepienybarno.es\/blog\/wp-content\/uploads\/2011\/04\/6.-sinergia-sostenible_350_cuatro-ninos-con-rascacielos-180x119.jpg 180w, https:\/\/stepienybarno.es\/blog\/wp-content\/uploads\/2011\/04\/6.-sinergia-sostenible_350_cuatro-ninos-con-rascacielos-316x209.jpg 316w\" sizes=\"(max-width: 350px) 100vw, 350px\" \/><\/p>\n<p><strong>\u00a0<\/strong><\/p>\n<p><strong>TALLER 2: LA CASA, ESPACIO Y METAMORFOSIS<\/strong><\/p>\n<p>\u00a0<\/p>\n<p style=\"text-align: center;\"><img loading=\"lazy\" decoding=\"async\" class=\"aligncenter size-full wp-image-3291\" title=\"7.  sinergia-sostenible-350_nino-senalando\" src=\"https:\/\/stepienybarno.es\/blog\/wp-content\/uploads\/2011\/04\/7.-sinergia-sostenible-350_nino-senalando.jpg\" alt=\"7.  sinergia-sostenible-350_nino-senalando\" width=\"350\" height=\"525\" srcset=\"https:\/\/stepienybarno.es\/blog\/wp-content\/uploads\/2011\/04\/7.-sinergia-sostenible-350_nino-senalando.jpg 350w, https:\/\/stepienybarno.es\/blog\/wp-content\/uploads\/2011\/04\/7.-sinergia-sostenible-350_nino-senalando-120x180.jpg 120w, https:\/\/stepienybarno.es\/blog\/wp-content\/uploads\/2011\/04\/7.-sinergia-sostenible-350_nino-senalando-224x336.jpg 224w, https:\/\/stepienybarno.es\/blog\/wp-content\/uploads\/2011\/04\/7.-sinergia-sostenible-350_nino-senalando-267x400.jpg 267w\" sizes=\"(max-width: 350px) 100vw, 350px\" \/><\/p>\n<p>Este taller de arquitectura y sostenibilidad lo impartimos para ni\u00f1os y ni\u00f1as de entre 4 y 8 a\u00f1os. La actividad se realiz\u00f3 con sede en \u00a0la <a href=\"http:\/\/www.fundacionhuartebuldain.com\/\"><strong>Fundaci\u00f3n Huarte Buldain<\/strong><\/a> de Huarte (Navarra).<\/p>\n<p>La infancia, ese momento de nuestra historia personal en el que m\u00e1s <strong>abiertos estamos a lo que el mundo, <\/strong>nos ofrece una oportunidad de oro para \u00a0investigar sobre aquello que selecciona nuestra curiosidad y quedarnos con las cosas que m\u00e1s nos alimentan. Entendimos que <strong>investigar, charlar e intercambiar ideas con ello<\/strong>s, pod\u00eda arrojarnos luz en muchos aspectos. Al mismo tiempo, nosotros pudimos mostrarles <strong>maneras conscientes de habitar<\/strong> que ellos todav\u00eda no han tenido ocasi\u00f3n de conocer, porque no existen en su entorno construido, y ver qu\u00e9 ventajas tienen.<\/p>\n<p>\u00a0<\/p>\n<p>El proceso tuvo lugar del siguiente modo:<\/p>\n<p>Los ni\u00f1os nos contaron, por medio del dibujo y la conversaci\u00f3n, <strong>qu\u00e9 es lo que ellos entienden por una casa<\/strong>, su forma, su color, los elementos que la constituyen\u2026<\/p>\n<p>\u00a0<\/p>\n<p style=\"text-align: center;\"><img loading=\"lazy\" decoding=\"async\" class=\"aligncenter size-full wp-image-3292\" title=\"8.  sinergia-sostenible-500_dibujo-de-asier\" src=\"https:\/\/stepienybarno.es\/blog\/wp-content\/uploads\/2011\/04\/8.-sinergia-sostenible-500_dibujo-de-asier.jpg\" alt=\"8.  sinergia-sostenible-500_dibujo-de-asier\" width=\"500\" height=\"750\" srcset=\"https:\/\/stepienybarno.es\/blog\/wp-content\/uploads\/2011\/04\/8.-sinergia-sostenible-500_dibujo-de-asier.jpg 500w, https:\/\/stepienybarno.es\/blog\/wp-content\/uploads\/2011\/04\/8.-sinergia-sostenible-500_dibujo-de-asier-120x180.jpg 120w, https:\/\/stepienybarno.es\/blog\/wp-content\/uploads\/2011\/04\/8.-sinergia-sostenible-500_dibujo-de-asier-367x550.jpg 367w, https:\/\/stepienybarno.es\/blog\/wp-content\/uploads\/2011\/04\/8.-sinergia-sostenible-500_dibujo-de-asier-467x700.jpg 467w, https:\/\/stepienybarno.es\/blog\/wp-content\/uploads\/2011\/04\/8.-sinergia-sostenible-500_dibujo-de-asier-224x336.jpg 224w, https:\/\/stepienybarno.es\/blog\/wp-content\/uploads\/2011\/04\/8.-sinergia-sostenible-500_dibujo-de-asier-267x400.jpg 267w\" sizes=\"(max-width: 500px) 100vw, 500px\" \/><\/p>\n<p>Descubrimos juntos, por medio de las im\u00e1genes y las narraciones, c\u00f3mo existen otras formas de vivir, otros espacios para dormir, comer, jugar y aprender. Otras interpretaciones del tejado, de la cara del edificio, de las puertas y del lugar donde puede \u201csituarse\u201d una casa, como son los \u00e1rboles, el agua\u2026 Buscamos, en cada una de estas propuestas, las ideas que m\u00e1s nos interesan e intentamos explicar otras formas de habitar la casa.<\/p>\n<p>\u00a0<\/p>\n<p>M\u00e1s tarde, comprobamos, a trav\u00e9s del dibujo, las palabras y la m\u00fasica, si existe inter\u00e9s por <strong>incorporar alguno de estos nuevos descubrimientos a nuestra casa.<\/strong> Observamos cu\u00e1les son y si \u00e9stos sustituyen a las ideas iniciales o si se funden con ellas para generar el lugar en el que les gustar\u00eda vivir.<\/p>\n<p>\u00a0<\/p>\n<p style=\"text-align: center;\"><img loading=\"lazy\" decoding=\"async\" class=\"aligncenter size-full wp-image-3293\" title=\"9. sinergia-sostenible-500_exposicion-con-los-padres\" src=\"https:\/\/stepienybarno.es\/blog\/wp-content\/uploads\/2011\/04\/9.-sinergia-sostenible-500_exposicion-con-los-padres.jpg\" alt=\"9. sinergia-sostenible-500_exposicion-con-los-padres\" width=\"500\" height=\"750\" srcset=\"https:\/\/stepienybarno.es\/blog\/wp-content\/uploads\/2011\/04\/9.-sinergia-sostenible-500_exposicion-con-los-padres.jpg 500w, https:\/\/stepienybarno.es\/blog\/wp-content\/uploads\/2011\/04\/9.-sinergia-sostenible-500_exposicion-con-los-padres-120x180.jpg 120w, https:\/\/stepienybarno.es\/blog\/wp-content\/uploads\/2011\/04\/9.-sinergia-sostenible-500_exposicion-con-los-padres-367x550.jpg 367w, https:\/\/stepienybarno.es\/blog\/wp-content\/uploads\/2011\/04\/9.-sinergia-sostenible-500_exposicion-con-los-padres-467x700.jpg 467w, https:\/\/stepienybarno.es\/blog\/wp-content\/uploads\/2011\/04\/9.-sinergia-sostenible-500_exposicion-con-los-padres-224x336.jpg 224w, https:\/\/stepienybarno.es\/blog\/wp-content\/uploads\/2011\/04\/9.-sinergia-sostenible-500_exposicion-con-los-padres-267x400.jpg 267w\" sizes=\"(max-width: 500px) 100vw, 500px\" \/><\/p>\n<p>Y lleg\u00f3 el momento final: transmitir c\u00f3mo hab\u00eda ido la aventura. Para ello, montamos una <strong>exposici\u00f3n <\/strong>con sus trabajos en una de las salas de la Fundaci\u00f3n y los ni\u00f1os, emocionados, <strong>contaron a sus pap\u00e1s y mamas<\/strong> todo lo que fueron descubriendo esa ma\u00f1ana, mientras se expon\u00edan sus trabajos.<\/p>\n<p>\u00a0<\/p>\n<p>En fin, que este ha sido un repaso r\u00e1pido de parte de nuestra actividad. Si alguno de vosotros est\u00e1 interesado en saber m\u00e1s de SINERGIA SOSTENIBLE puede hacerlo visitando nuestro <a href=\"http:\/\/sinergiasostenible.org\/\"><strong>blog.<\/strong><\/a><\/p>\n<p>\u00a0<\/p>\n<p>\u00a0<\/p>\n<p>\u00a0<\/p>\n<p>Art\u00edculo realizado por Agnieszka Stepien y\u00a0 \u00a0Lorenzo Barn\u00f3 (STEPIENYBARNO).<\/p>\n<p><a href=\"http:\/\/www.linkedin.com\/company\/stepienybarno\"><strong>STEPIENYBARNO EN LINKEDIN<\/strong><\/a><\/p>\n<p><a href=\"http:\/\/twitter.com\/stepienybarno\/stepienybarno\"><strong>STEPIENYBARNO EN TWITTER<\/strong><\/a><\/p>\n<p><a href=\"https:\/\/www.facebook.com\/StepienybarnoCANAL\"><strong>STEPIENYBARNO EN FACEBOOK<\/strong><\/a><\/p>\n<p>\u00a0<\/p>\n<p>* Nuestra actividad se sustenta en tres pilares b\u00e1sicos: la investigaci\u00f3n, la publicaci\u00f3n y la redacci\u00f3n de proyectos de arquitectura.<\/p>\n<p>A su vez, somos socios cofundadores de <a href=\"http:\/\/sinergiasostenible.org\/\">SINERGIA SOSTENIBLE<\/a> y redactores de <a href=\"http:\/\/www.laciudadviva.org\/blogs\/?author=45\">LA CIUDAD VIVA<\/a>.<\/p>\n","protected":false},"excerpt":{"rendered":"\n<p>Hace un par de a\u00f1os dimos nacimiento a  SINERGIA SOSTENIBLE. Se trata una   asociaci\u00f3n sin \u00e1nimo de lucro de la cual Stepienybarno es socio co-fundador junto a nuestras amigas Amaya Gonz\u00e1lez y Arantxa D\u00edez. Esta aventura surgi\u00f3 por las ganas que ten\u00edamos de compartir nuestras inquietudes dentro del mundo de la arquitectura y la ciudad en torno al concepto de la sostenibilidad. Y como ve\u00edamos que la palabra cada vez se estaba usando de manera menos adecuada hasta el punto de vaciarla de significado, nosotros nos hemos empe\u00f1ado en intentar hacer un estudio serio y riguroso del tema con el convencimiento de que el planeta est\u00e1 en juego y no ser conscientes de ello no es otra cosa que un ejercicio de irresponsabilidad.<\/p>\n","protected":false},"author":2,"featured_media":0,"comment_status":"open","ping_status":"closed","sticky":false,"template":"","format":"standard","meta":{"om_disable_all_campaigns":false,"_monsterinsights_skip_tracking":false,"_monsterinsights_sitenote_active":false,"_monsterinsights_sitenote_note":"","_monsterinsights_sitenote_category":0,"_uf_show_specific_survey":0,"_uf_disable_surveys":false,"episode_type":"","audio_file":"","cover_image":"","cover_image_id":"","duration":"","filesize":"","date_recorded":"","explicit":"","block":"","filesize_raw":"","footnotes":""},"categories":[34,15,17],"tags":[4274,407,406,9,65,104,891,405,4271,35,4272,54],"series":[],"class_list":["post-3278","post","type-post","status-publish","format-standard","hentry","category-actualidad","category-sostenibilidad","category-urbanismo","tag-actualidad","tag-amaya-gonzalez","tag-arantxa-diez","tag-arquitectura","tag-educacion","tag-ensenanza-de-arquitectura","tag-fundacion-huarte-buldain","tag-sinergia-sostenible","tag-sostenibilidad","tag-stepienybarno","tag-urbanismo","tag-urbanismo-sostenible"],"aioseo_notices":[],"episode_featured_image":false,"episode_player_image":"https:\/\/stepienybarno.es\/blog\/wp-content\/uploads\/2020\/11\/stepienybarno-podcast-scaled.jpg","download_link":"","player_link":"","audio_player":false,"episode_data":{"playerMode":"dark","subscribeUrls":[],"rssFeedUrl":"https:\/\/stepienybarno.es\/blog\/feed\/podcast\/podcast-de-stepienybarno","embedCode":"<blockquote class=\"wp-embedded-content\" data-secret=\"AJU1frAwNw\"><a href=\"https:\/\/stepienybarno.es\/blog\/2011\/04\/18\/talleres-de-arquitectura-y-ciudad-para-ninos\/\">TALLERES DE ARQUITECTURA Y CIUDAD  PARA NI\u00d1@S<\/a><\/blockquote><iframe sandbox=\"allow-scripts\" security=\"restricted\" src=\"https:\/\/stepienybarno.es\/blog\/2011\/04\/18\/talleres-de-arquitectura-y-ciudad-para-ninos\/embed\/#?secret=AJU1frAwNw\" width=\"500\" height=\"350\" title=\"\u00abTALLERES DE ARQUITECTURA Y CIUDAD  PARA NI\u00d1@S\u00bb \u2014 Blog de STEPIEN Y BARNO - publicaci\u00f3n digital sobre arquitectura\" data-secret=\"AJU1frAwNw\" frameborder=\"0\" marginwidth=\"0\" marginheight=\"0\" scrolling=\"no\" class=\"wp-embedded-content\"><\/iframe><script type=\"text\/javascript\">\n\/* <![CDATA[ *\/\n\/*! This file is auto-generated *\/\n!function(d,l){\"use strict\";l.querySelector&&d.addEventListener&&\"undefined\"!=typeof URL&&(d.wp=d.wp||{},d.wp.receiveEmbedMessage||(d.wp.receiveEmbedMessage=function(e){var t=e.data;if((t||t.secret||t.message||t.value)&&!\/[^a-zA-Z0-9]\/.test(t.secret)){for(var s,r,n,a=l.querySelectorAll('iframe[data-secret=\"'+t.secret+'\"]'),o=l.querySelectorAll('blockquote[data-secret=\"'+t.secret+'\"]'),c=new RegExp(\"^https?:$\",\"i\"),i=0;i<o.length;i++)o[i].style.display=\"none\";for(i=0;i<a.length;i++)s=a[i],e.source===s.contentWindow&&(s.removeAttribute(\"style\"),\"height\"===t.message?(1e3<(r=parseInt(t.value,10))?r=1e3:~~r<200&&(r=200),s.height=r):\"link\"===t.message&&(r=new URL(s.getAttribute(\"src\")),n=new URL(t.value),c.test(n.protocol))&&n.host===r.host&&l.activeElement===s&&(d.top.location.href=t.value))}},d.addEventListener(\"message\",d.wp.receiveEmbedMessage,!1),l.addEventListener(\"DOMContentLoaded\",function(){for(var e,t,s=l.querySelectorAll(\"iframe.wp-embedded-content\"),r=0;r<s.length;r++)(t=(e=s[r]).getAttribute(\"data-secret\"))||(t=Math.random().toString(36).substring(2,12),e.src+=\"#?secret=\"+t,e.setAttribute(\"data-secret\",t)),e.contentWindow.postMessage({message:\"ready\",secret:t},\"*\")},!1)))}(window,document);\n\/* ]]> *\/\n<\/script>\n"},"_links":{"self":[{"href":"https:\/\/stepienybarno.es\/blog\/wp-json\/wp\/v2\/posts\/3278"}],"collection":[{"href":"https:\/\/stepienybarno.es\/blog\/wp-json\/wp\/v2\/posts"}],"about":[{"href":"https:\/\/stepienybarno.es\/blog\/wp-json\/wp\/v2\/types\/post"}],"author":[{"embeddable":true,"href":"https:\/\/stepienybarno.es\/blog\/wp-json\/wp\/v2\/users\/2"}],"replies":[{"embeddable":true,"href":"https:\/\/stepienybarno.es\/blog\/wp-json\/wp\/v2\/comments?post=3278"}],"version-history":[{"count":7,"href":"https:\/\/stepienybarno.es\/blog\/wp-json\/wp\/v2\/posts\/3278\/revisions"}],"predecessor-version":[{"id":3284,"href":"https:\/\/stepienybarno.es\/blog\/wp-json\/wp\/v2\/posts\/3278\/revisions\/3284"}],"wp:attachment":[{"href":"https:\/\/stepienybarno.es\/blog\/wp-json\/wp\/v2\/media?parent=3278"}],"wp:term":[{"taxonomy":"category","embeddable":true,"href":"https:\/\/stepienybarno.es\/blog\/wp-json\/wp\/v2\/categories?post=3278"},{"taxonomy":"post_tag","embeddable":true,"href":"https:\/\/stepienybarno.es\/blog\/wp-json\/wp\/v2\/tags?post=3278"},{"taxonomy":"series","embeddable":true,"href":"https:\/\/stepienybarno.es\/blog\/wp-json\/wp\/v2\/series?post=3278"}],"curies":[{"name":"wp","href":"https:\/\/api.w.org\/{rel}","templated":true}]}}