{"id":32826,"date":"2018-08-21T10:18:59","date_gmt":"2018-08-21T08:18:59","guid":{"rendered":"https:\/\/www.stepienybarno.es\/blog\/?p=32826"},"modified":"2018-08-21T10:26:39","modified_gmt":"2018-08-21T08:26:39","slug":"rafael-moneo-urbanista-tres-plazas-espanolas-en-pamplona-logrono-y-murcia","status":"publish","type":"post","link":"https:\/\/stepienybarno.es\/blog\/2018\/08\/21\/rafael-moneo-urbanista-tres-plazas-espanolas-en-pamplona-logrono-y-murcia\/","title":{"rendered":"Rafael Moneo, urbanista: tres plazas espa\u00f1olas en Pamplona, Logro\u00f1o y Murcia."},"content":{"rendered":"<p><img loading=\"lazy\" decoding=\"async\" class=\"aligncenter size-medium wp-image-32827\" src=\"https:\/\/stepienybarno.es\/blog\/wp-content\/uploads\/2018\/08\/Stepienybarno-plazas-espan\u0303a-moneo-urban-networks-PostDelDia-01-511x550.jpg\" alt=\"\" width=\"511\" height=\"550\" srcset=\"https:\/\/stepienybarno.es\/blog\/wp-content\/uploads\/2018\/08\/Stepienybarno-plazas-espan\u0303a-moneo-urban-networks-PostDelDia-01-511x550.jpg 511w, https:\/\/stepienybarno.es\/blog\/wp-content\/uploads\/2018\/08\/Stepienybarno-plazas-espan\u0303a-moneo-urban-networks-PostDelDia-01-167x180.jpg 167w, https:\/\/stepienybarno.es\/blog\/wp-content\/uploads\/2018\/08\/Stepienybarno-plazas-espan\u0303a-moneo-urban-networks-PostDelDia-01-316x340.jpg 316w, https:\/\/stepienybarno.es\/blog\/wp-content\/uploads\/2018\/08\/Stepienybarno-plazas-espan\u0303a-moneo-urban-networks-PostDelDia-01.jpg 515w\" sizes=\"(max-width: 511px) 100vw, 511px\" \/><\/p>\n<p>Por: <a href=\"https:\/\/twitter.com\/ja_blasco?lang=es\" target=\"_blank\" rel=\"noopener\">Jose Antonio Blasco<\/a><\/p>\n<p>Desde: <a href=\"http:\/\/urban-networks.blogspot.com\/\" target=\"_blank\" rel=\"noopener\">Urban Networks<\/a><\/p>\n<p><!--more--><\/p>\n<p style=\"font-weight: 400;\">La arquitectura de Rafael Moneo siempre hunde sus ra\u00edces en el contexto en el que se integra para emerger con fuerza alimentada por ese sustrato. Las referencias hist\u00f3ricas y las preexistencias del entorno se manifiestan en las formas y en los materiales, en las composiciones y en las articulaciones, de manera que cada propuesta queda vinculada inseparablemente al lugar que ocupa, con un compromiso por \u201chacer ciudad\u201d. Por estas razones, Moneo, un maestro internacionalmente reconocido por su obra arquitect\u00f3nica, es tambi\u00e9n un referente en el dise\u00f1o de espacios urbanos.<\/p>\n<p style=\"font-weight: 400;\">Vamos a aproximarnos a tres obras, tres plazas que ofrecen algunas claves del pensamiento urbano de Moneo: la\u00a0<strong><em>Plaza de los Fueros<\/em><\/strong>\u00a0de Pamplona (1975), la\u00a0<strong><em>Plaza del Ayuntamiento<\/em><\/strong>\u00a0de Logro\u00f1o (1981) y la\u00a0<strong><em>Plaza del Cardenal Belluga<\/em><\/strong>\u00a0de Murcia (1998).<\/p>\n<p>&nbsp;<\/p>\n<p style=\"text-align: center;\">Acceder al Art\u00edculo <a href=\"http:\/\/bit.ly\/2w2sFvb\" target=\"_blank\" rel=\"noopener\">AQU\u00cd<\/a><\/p>\n<p>&nbsp;<\/p>\n<p>\u00bfQuieres inscribirte en nuestro curso de Identidad Digital para arquitectos?<\/p>\n<p>En breve, nueva edici\u00f3n:<\/p>\n<p><a href=\"http:\/\/cursoidentidaddigital.stepienybarno.es\/\">http:\/\/cursoidentidaddigital.stepienybarno.es\/<\/a><\/p>\n<p>Informaci\u00f3n en:\u00a0<a href=\"mailto:blog@stepienybarno.es\">blog@stepienybarno.es<\/a><\/p>\n<p>&nbsp;<\/p>\n<p>&nbsp;<\/p>\n<h5><strong>Autores del post:\u00a0<a href=\"https:\/\/stepienybarno.es\/blog\/2011\/09\/04\/las-fortalezas-del-arquitecto\/\">Stepienybarno<\/a>\u00a0_ Agnieszka Stepien y Lorenzo Barn\u00f3<\/strong><\/h5>\n<h5>Y como siempre, si te gust\u00f3 el post,\u00a0estar\u00eda genial que lo compartas\u00a0en tus redes sociales.<\/h5>\n<h5>A su vez, si todav\u00eda no est\u00e1s suscrito a nuestra Newsletter, te animamos a hacerlo en la casilla que tienes al terminar este art\u00edculo.<\/h5>\n<p>&nbsp;<\/p>\n<blockquote><p>Suscribirte a nuestro blog y recibe gratis nuestra gu\u00eda: 10 Ideas para vender m\u00e1s si eres arquitecto<\/p>\n<p>Acceder:\u00a0<a href=\"http:\/\/bit.ly\/2fkkTS7\">http:\/\/bit.ly\/2fkkTS7<\/a><\/p>\n<p>&nbsp;<\/p>\n<p>Si te interesa contactar con nosotros para que te ayudemos a mejorar tu visibilidad online y, en consecuencia, mejorar tus oportunidades laborales, no dudes en escribirnos a:\u00a0<a href=\"mailto:blog@stepienybarno.es\">blog@stepienybarno.es<\/a><\/p><\/blockquote>\n<p>&nbsp;<\/p>\n<p><em><a href=\"https:\/\/twitter.com\/stepienybarno\">Stepienybarno en TWITTER<\/a><\/em><\/p>\n<p><em><a href=\"https:\/\/twitter.com\/stepienybarno\">@stepienybarno (+ de 16.000 seguidores)<\/a><\/em><\/p>\n<p><em><a href=\"https:\/\/twitter.com\/stepienybarno?lang=es\">https:\/\/twitter.com\/stepienybarno?lang=es<\/a><\/em><\/p>\n<p><em><a href=\"https:\/\/www.facebook.com\/pages\/BLOG-DE-STEPIENYBARNO\/78001079029\">Stepienybarno en FACEBOOK (+ de 24<u>.000 seguidores)<\/u><\/a><\/em><\/p>\n<p><em><a href=\"https:\/\/www.facebook.com\/StepienyBarnoArquitecturaeIdentidadDigital\/\">https:\/\/www.facebook.com\/StepienyBarnoArquitecturaeIdentidadDigital\/<\/a><\/em><\/p>\n<p><em>Acceder a nuestro GRUPO CERRADO DE FACEBOOK sobre Identidad Digital para Arquitectos:<\/em><\/p>\n<p><em><a href=\"https:\/\/www.facebook.com\/groups\/IdentidadDigitalParaArquitectos\/\">https:\/\/www.facebook.com\/groups\/IdentidadDigitalParaArquitectos\/<\/a><\/em><\/p>\n<p><em>Suscr\u00edbete a nuestro canal de YOUTUBE:\u00a0<a href=\"http:\/\/bit.ly\/2A1UtAd\">http:\/\/bit.ly\/2A1UtAd<\/a><\/em><\/p>\n<p>&nbsp;<\/p>\n<p>*\u00a0<a href=\"https:\/\/stepienybarno.es\/blog\/2011\/09\/04\/las-fortalezas-del-arquitecto\/\">Stepienybarno<\/a>\u00a0est\u00e1 formado por Agnieszka Stepien y Lorenzo Barn\u00f3 y desde mayo del 2009 estamos en la red con\u00a0 la presente publicaci\u00f3n digital (Blog) de arquitectura.<\/p>\n<p>Nuestra actividad se sustenta en tres pilares b\u00e1sicos: la investigaci\u00f3n, la publicaci\u00f3n y la redacci\u00f3n de proyectos de arquitectura.<\/p>\n<p>A su vez, somos socios cofundadores de\u00a0<a href=\"http:\/\/sinergiasostenible.org\/\">SINERGIA SOSTENIBLE<\/a>\u00a0y directores del blog de FUNDACI\u00d3N ARQUIA.<\/p>\n","protected":false},"excerpt":{"rendered":"<p>Por: Jose Antonio Blasco Desde: Urban Networks<\/p>\n","protected":false},"author":10,"featured_media":32827,"comment_status":"open","ping_status":"closed","sticky":false,"template":"","format":"standard","meta":{"om_disable_all_campaigns":false,"_monsterinsights_skip_tracking":false,"_monsterinsights_sitenote_active":false,"_monsterinsights_sitenote_note":"","_monsterinsights_sitenote_category":0,"_uf_show_specific_survey":0,"_uf_disable_surveys":false,"episode_type":"","audio_file":"","cover_image":"","cover_image_id":"","duration":"","filesize":"","date_recorded":"","explicit":"","block":"","filesize_raw":"","footnotes":""},"categories":[244],"tags":[4555,336,6592],"series":[],"class_list":["post-32826","post","type-post","status-publish","format-standard","has-post-thumbnail","hentry","category-canal-de-arquitectura","tag-jose-antonio-blasco","tag-rafael-moneo","tag-urban-networks"],"aioseo_notices":[],"episode_featured_image":"https:\/\/stepienybarno.es\/blog\/wp-content\/uploads\/2018\/08\/Stepienybarno-plazas-espan\u0303a-moneo-urban-networks-PostDelDia-01.jpg","episode_player_image":"https:\/\/stepienybarno.es\/blog\/wp-content\/uploads\/2020\/11\/stepienybarno-podcast-scaled.jpg","download_link":"","player_link":"","audio_player":false,"episode_data":{"playerMode":"dark","subscribeUrls":[],"rssFeedUrl":"https:\/\/stepienybarno.es\/blog\/feed\/podcast\/podcast-de-stepienybarno","embedCode":"<blockquote class=\"wp-embedded-content\" data-secret=\"3bmeodFkIe\"><a href=\"https:\/\/stepienybarno.es\/blog\/2018\/08\/21\/rafael-moneo-urbanista-tres-plazas-espanolas-en-pamplona-logrono-y-murcia\/\">Rafael Moneo, urbanista: tres plazas espa\u00f1olas en Pamplona, Logro\u00f1o y Murcia.<\/a><\/blockquote><iframe sandbox=\"allow-scripts\" security=\"restricted\" src=\"https:\/\/stepienybarno.es\/blog\/2018\/08\/21\/rafael-moneo-urbanista-tres-plazas-espanolas-en-pamplona-logrono-y-murcia\/embed\/#?secret=3bmeodFkIe\" width=\"500\" height=\"350\" title=\"\u00abRafael Moneo, urbanista: tres plazas espa\u00f1olas en Pamplona, Logro\u00f1o y Murcia.\u00bb \u2014 Blog de STEPIEN Y BARNO - publicaci\u00f3n digital sobre arquitectura\" data-secret=\"3bmeodFkIe\" frameborder=\"0\" marginwidth=\"0\" marginheight=\"0\" scrolling=\"no\" class=\"wp-embedded-content\"><\/iframe><script type=\"text\/javascript\">\n\/* <![CDATA[ *\/\n\/*! This file is auto-generated *\/\n!function(d,l){\"use strict\";l.querySelector&&d.addEventListener&&\"undefined\"!=typeof URL&&(d.wp=d.wp||{},d.wp.receiveEmbedMessage||(d.wp.receiveEmbedMessage=function(e){var t=e.data;if((t||t.secret||t.message||t.value)&&!\/[^a-zA-Z0-9]\/.test(t.secret)){for(var s,r,n,a=l.querySelectorAll('iframe[data-secret=\"'+t.secret+'\"]'),o=l.querySelectorAll('blockquote[data-secret=\"'+t.secret+'\"]'),c=new RegExp(\"^https?:$\",\"i\"),i=0;i<o.length;i++)o[i].style.display=\"none\";for(i=0;i<a.length;i++)s=a[i],e.source===s.contentWindow&&(s.removeAttribute(\"style\"),\"height\"===t.message?(1e3<(r=parseInt(t.value,10))?r=1e3:~~r<200&&(r=200),s.height=r):\"link\"===t.message&&(r=new URL(s.getAttribute(\"src\")),n=new URL(t.value),c.test(n.protocol))&&n.host===r.host&&l.activeElement===s&&(d.top.location.href=t.value))}},d.addEventListener(\"message\",d.wp.receiveEmbedMessage,!1),l.addEventListener(\"DOMContentLoaded\",function(){for(var e,t,s=l.querySelectorAll(\"iframe.wp-embedded-content\"),r=0;r<s.length;r++)(t=(e=s[r]).getAttribute(\"data-secret\"))||(t=Math.random().toString(36).substring(2,12),e.src+=\"#?secret=\"+t,e.setAttribute(\"data-secret\",t)),e.contentWindow.postMessage({message:\"ready\",secret:t},\"*\")},!1)))}(window,document);\n\/* ]]> *\/\n<\/script>\n"},"_links":{"self":[{"href":"https:\/\/stepienybarno.es\/blog\/wp-json\/wp\/v2\/posts\/32826"}],"collection":[{"href":"https:\/\/stepienybarno.es\/blog\/wp-json\/wp\/v2\/posts"}],"about":[{"href":"https:\/\/stepienybarno.es\/blog\/wp-json\/wp\/v2\/types\/post"}],"author":[{"embeddable":true,"href":"https:\/\/stepienybarno.es\/blog\/wp-json\/wp\/v2\/users\/10"}],"replies":[{"embeddable":true,"href":"https:\/\/stepienybarno.es\/blog\/wp-json\/wp\/v2\/comments?post=32826"}],"version-history":[{"count":2,"href":"https:\/\/stepienybarno.es\/blog\/wp-json\/wp\/v2\/posts\/32826\/revisions"}],"predecessor-version":[{"id":32831,"href":"https:\/\/stepienybarno.es\/blog\/wp-json\/wp\/v2\/posts\/32826\/revisions\/32831"}],"wp:featuredmedia":[{"embeddable":true,"href":"https:\/\/stepienybarno.es\/blog\/wp-json\/wp\/v2\/media\/32827"}],"wp:attachment":[{"href":"https:\/\/stepienybarno.es\/blog\/wp-json\/wp\/v2\/media?parent=32826"}],"wp:term":[{"taxonomy":"category","embeddable":true,"href":"https:\/\/stepienybarno.es\/blog\/wp-json\/wp\/v2\/categories?post=32826"},{"taxonomy":"post_tag","embeddable":true,"href":"https:\/\/stepienybarno.es\/blog\/wp-json\/wp\/v2\/tags?post=32826"},{"taxonomy":"series","embeddable":true,"href":"https:\/\/stepienybarno.es\/blog\/wp-json\/wp\/v2\/series?post=32826"}],"curies":[{"name":"wp","href":"https:\/\/api.w.org\/{rel}","templated":true}]}}