{"id":32829,"date":"2018-08-21T13:31:37","date_gmt":"2018-08-21T11:31:37","guid":{"rendered":"https:\/\/www.stepienybarno.es\/blog\/?p=32829"},"modified":"2018-08-21T13:31:37","modified_gmt":"2018-08-21T11:31:37","slug":"la-cabana-primitiva-era-de-madera-1_2","status":"publish","type":"post","link":"https:\/\/stepienybarno.es\/blog\/2018\/08\/21\/la-cabana-primitiva-era-de-madera-1_2\/","title":{"rendered":"LA CABA\u00d1A PRIMITIVA ERA DE MADERA 1_2"},"content":{"rendered":"<p><img loading=\"lazy\" decoding=\"async\" class=\"aligncenter size-medium wp-image-32830\" src=\"https:\/\/stepienybarno.es\/blog\/wp-content\/uploads\/2018\/08\/Stepienybarno-caban\u0303a-primitiva-jaume-prats-PostDelDia-01-550x367.jpg\" alt=\"\" width=\"550\" height=\"367\" srcset=\"https:\/\/stepienybarno.es\/blog\/wp-content\/uploads\/2018\/08\/Stepienybarno-caban\u0303a-primitiva-jaume-prats-PostDelDia-01-550x367.jpg 550w, https:\/\/stepienybarno.es\/blog\/wp-content\/uploads\/2018\/08\/Stepienybarno-caban\u0303a-primitiva-jaume-prats-PostDelDia-01-180x120.jpg 180w, https:\/\/stepienybarno.es\/blog\/wp-content\/uploads\/2018\/08\/Stepienybarno-caban\u0303a-primitiva-jaume-prats-PostDelDia-01-316x211.jpg 316w, https:\/\/stepienybarno.es\/blog\/wp-content\/uploads\/2018\/08\/Stepienybarno-caban\u0303a-primitiva-jaume-prats-PostDelDia-01.jpg 870w\" sizes=\"(max-width: 550px) 100vw, 550px\" \/><\/p>\n<p>Por: <a href=\"http:\/\/jaumeprat.com\/\" target=\"_blank\" rel=\"noopener\">Jaume Prat<\/a><\/p>\n<p>Desde: <a href=\"http:\/\/maderayconstruccion.com\" target=\"_blank\" rel=\"noopener\">Madera y Construcci\u00f3n<\/a><\/p>\n<p><!--more--><\/p>\n<p>\u00bb Podemos entender\u00a0<strong>cualquier manifestaci\u00f3n art\u00edstica<\/strong>\u00a0como\u00a0<strong>una manera de preguntarnos sobre el origen<\/strong>. Sobre qu\u00e9 origen depender\u00e1 de muchos factores. La historia de la arquitectura ha dado muchos debates esencialistas, la mayor\u00eda de ellos centrados en la hip\u00f3tesis de identificar el origen del habitar con el origen de la civilizaci\u00f3n.<\/p>\n<p>Una de las m\u00faltiples respuestas a esta pregunta ha sido\u00a0<strong>el mito de la Caba\u00f1a Primitiva<\/strong>. \u00c9ste se explica muy r\u00e1pido: los primeros moradores construyeron un techo (un refugio) en el bosque donde pod\u00edan vivir en armon\u00eda con la naturaleza.\u00a0<strong>La sucesi\u00f3n<\/strong>\u00a0de estos refugios\u00a0<strong>dio la ciudad<\/strong>.\u00a0<strong>Su sofisticaci\u00f3n<\/strong>\u00a0dio<strong>\u00a0la cultura<\/strong>. Los arquitectos tendemos a querer dibujarlo todo: nuestra imaginaci\u00f3n tiene m\u00e1s que ver con hacer cosas con las manos que con la vista. Se impon\u00eda representar esta Caba\u00f1a Primitiva, y\u00a0<strong>cada una de estas representaciones es un proyecto interesante, relevante e influyente de arquitectura<\/strong>. La suma de todos ellos ha mantenido ocupados a generaciones enteras de arquitectos investigando de una manera o de otra un retorno al origen. (&#8230;) \u00bb<\/p>\n<p>&nbsp;<\/p>\n<p style=\"text-align: center;\">Acceder al Art\u00edculo <a href=\"http:\/\/bit.ly\/2LbAq6U\" target=\"_blank\" rel=\"noopener\">AQU\u00cd<\/a><\/p>\n<p>&nbsp;<\/p>\n<p>\u00bfQuieres inscribirte en nuestro curso de Identidad Digital para arquitectos?<\/p>\n<p>En breve, nueva edici\u00f3n:<\/p>\n<p><a href=\"http:\/\/cursoidentidaddigital.stepienybarno.es\/\">http:\/\/cursoidentidaddigital.stepienybarno.es\/<\/a><\/p>\n<p>Informaci\u00f3n en:\u00a0<a href=\"mailto:blog@stepienybarno.es\">blog@stepienybarno.es<\/a><\/p>\n<p>&nbsp;<\/p>\n<p>&nbsp;<\/p>\n<h5><strong>Autores del post:\u00a0<a href=\"https:\/\/stepienybarno.es\/blog\/2011\/09\/04\/las-fortalezas-del-arquitecto\/\">Stepienybarno<\/a>\u00a0_ Agnieszka Stepien y Lorenzo Barn\u00f3<\/strong><\/h5>\n<h5>Y como siempre, si te gust\u00f3 el post,\u00a0estar\u00eda genial que lo compartas\u00a0en tus redes sociales.<\/h5>\n<h5>A su vez, si todav\u00eda no est\u00e1s suscrito a nuestra Newsletter, te animamos a hacerlo en la casilla que tienes al terminar este art\u00edculo.<\/h5>\n<p>&nbsp;<\/p>\n<blockquote><p>Suscribirte a nuestro blog y recibe gratis nuestra gu\u00eda: 10 Ideas para vender m\u00e1s si eres arquitecto<\/p>\n<p>Acceder:\u00a0<a href=\"http:\/\/bit.ly\/2fkkTS7\">http:\/\/bit.ly\/2fkkTS7<\/a><\/p>\n<p>&nbsp;<\/p>\n<p>Si te interesa contactar con nosotros para que te ayudemos a mejorar tu visibilidad online y, en consecuencia, mejorar tus oportunidades laborales, no dudes en escribirnos a:\u00a0<a href=\"mailto:blog@stepienybarno.es\">blog@stepienybarno.es<\/a><\/p><\/blockquote>\n<p>&nbsp;<\/p>\n<p><em><a href=\"https:\/\/twitter.com\/stepienybarno\">Stepienybarno en TWITTER<\/a><\/em><\/p>\n<p><em><a href=\"https:\/\/twitter.com\/stepienybarno\">@stepienybarno (+ de 16.000 seguidores)<\/a><\/em><\/p>\n<p><em><a href=\"https:\/\/twitter.com\/stepienybarno?lang=es\">https:\/\/twitter.com\/stepienybarno?lang=es<\/a><\/em><\/p>\n<p><em><a href=\"https:\/\/www.facebook.com\/pages\/BLOG-DE-STEPIENYBARNO\/78001079029\">Stepienybarno en FACEBOOK (+ de 24<u>.000 seguidores)<\/u><\/a><\/em><\/p>\n<p><em><a href=\"https:\/\/www.facebook.com\/StepienyBarnoArquitecturaeIdentidadDigital\/\">https:\/\/www.facebook.com\/StepienyBarnoArquitecturaeIdentidadDigital\/<\/a><\/em><\/p>\n<p><em>Acceder a nuestro GRUPO CERRADO DE FACEBOOK sobre Identidad Digital para Arquitectos:<\/em><\/p>\n<p><em><a href=\"https:\/\/www.facebook.com\/groups\/IdentidadDigitalParaArquitectos\/\">https:\/\/www.facebook.com\/groups\/IdentidadDigitalParaArquitectos\/<\/a><\/em><\/p>\n<p><em>Suscr\u00edbete a nuestro canal de YOUTUBE:\u00a0<a href=\"http:\/\/bit.ly\/2A1UtAd\">http:\/\/bit.ly\/2A1UtAd<\/a><\/em><\/p>\n<p>&nbsp;<\/p>\n<p>*\u00a0<a href=\"https:\/\/stepienybarno.es\/blog\/2011\/09\/04\/las-fortalezas-del-arquitecto\/\">Stepienybarno<\/a>\u00a0est\u00e1 formado por Agnieszka Stepien y Lorenzo Barn\u00f3 y desde mayo del 2009 estamos en la red con\u00a0 la presente publicaci\u00f3n digital (Blog) de arquitectura.<\/p>\n<p>Nuestra actividad se sustenta en tres pilares b\u00e1sicos: la investigaci\u00f3n, la publicaci\u00f3n y la redacci\u00f3n de proyectos de arquitectura.<\/p>\n<p>A su vez, somos socios cofundadores de\u00a0<a href=\"http:\/\/sinergiasostenible.org\/\">SINERGIA SOSTENIBLE<\/a>\u00a0y directores del blog de FUNDACI\u00d3N ARQUIA.<\/p>\n","protected":false},"excerpt":{"rendered":"<p>Por: Jaume Prat Desde: Madera y Construcci\u00f3n<\/p>\n","protected":false},"author":10,"featured_media":32830,"comment_status":"open","ping_status":"closed","sticky":false,"template":"","format":"standard","meta":{"om_disable_all_campaigns":false,"_monsterinsights_skip_tracking":false,"_monsterinsights_sitenote_active":false,"_monsterinsights_sitenote_note":"","_monsterinsights_sitenote_category":0,"_uf_show_specific_survey":0,"_uf_disable_surveys":false,"episode_type":"","audio_file":"","cover_image":"","cover_image_id":"","duration":"","filesize":"","date_recorded":"","explicit":"","block":"","filesize_raw":"","footnotes":""},"categories":[244],"tags":[1375,6042],"series":[],"class_list":["post-32829","post","type-post","status-publish","format-standard","has-post-thumbnail","hentry","category-canal-de-arquitectura","tag-jaume-prat-ortells","tag-madera-y-construccion"],"aioseo_notices":[],"episode_featured_image":"https:\/\/stepienybarno.es\/blog\/wp-content\/uploads\/2018\/08\/Stepienybarno-caban\u0303a-primitiva-jaume-prats-PostDelDia-01.jpg","episode_player_image":"https:\/\/stepienybarno.es\/blog\/wp-content\/uploads\/2020\/11\/stepienybarno-podcast-scaled.jpg","download_link":"","player_link":"","audio_player":false,"episode_data":{"playerMode":"dark","subscribeUrls":[],"rssFeedUrl":"https:\/\/stepienybarno.es\/blog\/feed\/podcast\/podcast-de-stepienybarno","embedCode":"<blockquote class=\"wp-embedded-content\" data-secret=\"DvGjE0NdDY\"><a href=\"https:\/\/stepienybarno.es\/blog\/2018\/08\/21\/la-cabana-primitiva-era-de-madera-1_2\/\">LA CABA\u00d1A PRIMITIVA ERA DE MADERA 1_2<\/a><\/blockquote><iframe sandbox=\"allow-scripts\" security=\"restricted\" src=\"https:\/\/stepienybarno.es\/blog\/2018\/08\/21\/la-cabana-primitiva-era-de-madera-1_2\/embed\/#?secret=DvGjE0NdDY\" width=\"500\" height=\"350\" title=\"\u00abLA CABA\u00d1A PRIMITIVA ERA DE MADERA 1_2\u00bb \u2014 Blog de STEPIEN Y BARNO - publicaci\u00f3n digital sobre arquitectura\" data-secret=\"DvGjE0NdDY\" frameborder=\"0\" marginwidth=\"0\" marginheight=\"0\" scrolling=\"no\" class=\"wp-embedded-content\"><\/iframe><script type=\"text\/javascript\">\n\/* <![CDATA[ *\/\n\/*! This file is auto-generated *\/\n!function(d,l){\"use strict\";l.querySelector&&d.addEventListener&&\"undefined\"!=typeof URL&&(d.wp=d.wp||{},d.wp.receiveEmbedMessage||(d.wp.receiveEmbedMessage=function(e){var t=e.data;if((t||t.secret||t.message||t.value)&&!\/[^a-zA-Z0-9]\/.test(t.secret)){for(var s,r,n,a=l.querySelectorAll('iframe[data-secret=\"'+t.secret+'\"]'),o=l.querySelectorAll('blockquote[data-secret=\"'+t.secret+'\"]'),c=new RegExp(\"^https?:$\",\"i\"),i=0;i<o.length;i++)o[i].style.display=\"none\";for(i=0;i<a.length;i++)s=a[i],e.source===s.contentWindow&&(s.removeAttribute(\"style\"),\"height\"===t.message?(1e3<(r=parseInt(t.value,10))?r=1e3:~~r<200&&(r=200),s.height=r):\"link\"===t.message&&(r=new URL(s.getAttribute(\"src\")),n=new URL(t.value),c.test(n.protocol))&&n.host===r.host&&l.activeElement===s&&(d.top.location.href=t.value))}},d.addEventListener(\"message\",d.wp.receiveEmbedMessage,!1),l.addEventListener(\"DOMContentLoaded\",function(){for(var e,t,s=l.querySelectorAll(\"iframe.wp-embedded-content\"),r=0;r<s.length;r++)(t=(e=s[r]).getAttribute(\"data-secret\"))||(t=Math.random().toString(36).substring(2,12),e.src+=\"#?secret=\"+t,e.setAttribute(\"data-secret\",t)),e.contentWindow.postMessage({message:\"ready\",secret:t},\"*\")},!1)))}(window,document);\n\/* ]]> *\/\n<\/script>\n"},"_links":{"self":[{"href":"https:\/\/stepienybarno.es\/blog\/wp-json\/wp\/v2\/posts\/32829"}],"collection":[{"href":"https:\/\/stepienybarno.es\/blog\/wp-json\/wp\/v2\/posts"}],"about":[{"href":"https:\/\/stepienybarno.es\/blog\/wp-json\/wp\/v2\/types\/post"}],"author":[{"embeddable":true,"href":"https:\/\/stepienybarno.es\/blog\/wp-json\/wp\/v2\/users\/10"}],"replies":[{"embeddable":true,"href":"https:\/\/stepienybarno.es\/blog\/wp-json\/wp\/v2\/comments?post=32829"}],"version-history":[{"count":1,"href":"https:\/\/stepienybarno.es\/blog\/wp-json\/wp\/v2\/posts\/32829\/revisions"}],"predecessor-version":[{"id":32832,"href":"https:\/\/stepienybarno.es\/blog\/wp-json\/wp\/v2\/posts\/32829\/revisions\/32832"}],"wp:featuredmedia":[{"embeddable":true,"href":"https:\/\/stepienybarno.es\/blog\/wp-json\/wp\/v2\/media\/32830"}],"wp:attachment":[{"href":"https:\/\/stepienybarno.es\/blog\/wp-json\/wp\/v2\/media?parent=32829"}],"wp:term":[{"taxonomy":"category","embeddable":true,"href":"https:\/\/stepienybarno.es\/blog\/wp-json\/wp\/v2\/categories?post=32829"},{"taxonomy":"post_tag","embeddable":true,"href":"https:\/\/stepienybarno.es\/blog\/wp-json\/wp\/v2\/tags?post=32829"},{"taxonomy":"series","embeddable":true,"href":"https:\/\/stepienybarno.es\/blog\/wp-json\/wp\/v2\/series?post=32829"}],"curies":[{"name":"wp","href":"https:\/\/api.w.org\/{rel}","templated":true}]}}