{"id":33059,"date":"2018-09-17T09:15:15","date_gmt":"2018-09-17T07:15:15","guid":{"rendered":"https:\/\/www.stepienybarno.es\/blog\/?p=33059"},"modified":"2018-09-17T00:44:06","modified_gmt":"2018-09-16T22:44:06","slug":"la-sociedad-nos-exige-una-nueva-forma-de-construir-apostando-por-la-economia-circular-y-la-sostenibilidad","status":"publish","type":"post","link":"https:\/\/stepienybarno.es\/blog\/2018\/09\/17\/la-sociedad-nos-exige-una-nueva-forma-de-construir-apostando-por-la-economia-circular-y-la-sostenibilidad\/","title":{"rendered":"&#8216;La sociedad nos exige una nueva forma de construir, apostando por la econom\u00eda circular y la sostenibilidad&#8217;"},"content":{"rendered":"<p><img loading=\"lazy\" decoding=\"async\" class=\"aligncenter size-medium wp-image-33060\" src=\"https:\/\/stepienybarno.es\/blog\/wp-content\/uploads\/2018\/09\/Stepienybarno-plazatio-sociedadconstruir-PostDelDia-01-369x550.jpg\" alt=\"\" width=\"369\" height=\"550\" srcset=\"https:\/\/stepienybarno.es\/blog\/wp-content\/uploads\/2018\/09\/Stepienybarno-plazatio-sociedadconstruir-PostDelDia-01-369x550.jpg 369w, https:\/\/stepienybarno.es\/blog\/wp-content\/uploads\/2018\/09\/Stepienybarno-plazatio-sociedadconstruir-PostDelDia-01-121x180.jpg 121w, https:\/\/stepienybarno.es\/blog\/wp-content\/uploads\/2018\/09\/Stepienybarno-plazatio-sociedadconstruir-PostDelDia-01-469x700.jpg 469w, https:\/\/stepienybarno.es\/blog\/wp-content\/uploads\/2018\/09\/Stepienybarno-plazatio-sociedadconstruir-PostDelDia-01-268x400.jpg 268w, https:\/\/stepienybarno.es\/blog\/wp-content\/uploads\/2018\/09\/Stepienybarno-plazatio-sociedadconstruir-PostDelDia-01.jpg 650w\" sizes=\"(max-width: 369px) 100vw, 369px\" \/><\/p>\n<p>Entrevista: Estefania Alcarazo de\u00a0<a href=\"https:\/\/www.lafargeholcim.com\/\" target=\"_blank\" rel=\"noopener\">LafargeHolcim<\/a><\/p>\n<p>Desde: <a href=\"http:\/\/www.plazatio.com\" target=\"_blank\" rel=\"noopener\">Plazatio<\/a><\/p>\n<p><!--more--><\/p>\n<p>\u00ab<strong>Pregunta:\u00a0Una fusi\u00f3n empresarial es siempre un momento intenso. \u00bfPodr\u00eda comentarnos qu\u00e9 ventajas proporcionar\u00e1 la fusi\u00f3n de Lafarge y Holcim a los arquitectos, la arquitectura y al sector de la construcci\u00f3n en general?<\/strong><\/p>\n<p><strong>Respuesta:\u00a0<\/strong>La fusi\u00f3n entre Lafarge y Holcim, en julio de 2015, ha supuesto un hito en el mundo de la construcci\u00f3n, ya que el resultado ha sido una nueva entidad conocedora de su papel como vector de cambio hacia una construcci\u00f3n eficiente y sostenible. Con estos principios, y teniendo en cuenta el desaf\u00edo que suponen cuestiones globales como el cambio clim\u00e1tico, el incremento de la poblaci\u00f3n y su concentraci\u00f3n en las ciudades, entre otros, trabajamos en la b\u00fasqueda de soluciones para la construcci\u00f3n de infraestructuras que den respuesta a las necesidades de la sociedad de hoy y del futuro. Para ello es fundamental la interrelaci\u00f3n entre todos los implicados en los procesos de construcci\u00f3n, desde ingenieros, investigadores, urbanistas y, por supuesto, arquitectos.<\/p>\n<p>La sociedad nos exige una nueva forma de construir, apostando por la econom\u00eda circular y la sostenibilidad, combatiendo el cambio clim\u00e1tico con el uso de nuevos materiales para la construcci\u00f3n m\u00e1s eficientes y mejores aislamientos y dise\u00f1ando mejores espacios desde el punto de vista medioambiental y de consumo de energ\u00eda. Es una labor conjunta y los arquitectos estamos en primera l\u00ednea. (&#8230;) \u00bb<\/p>\n<p>&nbsp;<\/p>\n<p style=\"text-align: center;\">Acceder al Art\u00edculo <a href=\"http:\/\/bit.ly\/2QB2LY3\" target=\"_blank\" rel=\"noopener\">AQU\u00cd<\/a><\/p>\n<p>&nbsp;<\/p>\n<p>&nbsp;<\/p>\n<p>\u00bfQuieres inscribirte en nuestro curso de Identidad Digital para arquitectos?<\/p>\n<p>En breve, nueva edici\u00f3n:<\/p>\n<p><a href=\"http:\/\/cursoidentidaddigital.stepienybarno.es\/\">http:\/\/cursoidentidaddigital.stepienybarno.es\/<\/a><\/p>\n<p>Informaci\u00f3n en:\u00a0<a href=\"mailto:blog@stepienybarno.es\">blog@stepienybarno.es<\/a><\/p>\n<p>&nbsp;<\/p>\n<p>&nbsp;<\/p>\n<h5><strong>Autores del post:\u00a0<a href=\"https:\/\/stepienybarno.es\/blog\/2011\/09\/04\/las-fortalezas-del-arquitecto\/\">Stepienybarno<\/a>\u00a0_ Agnieszka Stepien y Lorenzo Barn\u00f3<\/strong><\/h5>\n<h5>Y como siempre, si te gust\u00f3 el post,\u00a0estar\u00eda genial que lo compartas\u00a0en tus redes sociales.<\/h5>\n<h5>A su vez, si todav\u00eda no est\u00e1s suscrito a nuestra Newsletter, te animamos a hacerlo en la casilla que tienes al terminar este art\u00edculo.<\/h5>\n<p>&nbsp;<\/p>\n<blockquote><p>Suscribirte a nuestro blog y recibe gratis nuestra gu\u00eda: 10 Ideas para vender m\u00e1s si eres arquitecto<\/p>\n<p>Acceder:\u00a0<a href=\"http:\/\/bit.ly\/2fkkTS7\">http:\/\/bit.ly\/2fkkTS7<\/a><\/p>\n<p>&nbsp;<\/p>\n<p>Si te interesa contactar con nosotros para que te ayudemos a mejorar tu visibilidad online y, en consecuencia, mejorar tus oportunidades laborales, no dudes en escribirnos a:\u00a0<a href=\"mailto:blog@stepienybarno.es\">blog@stepienybarno.es<\/a><\/p><\/blockquote>\n<p>&nbsp;<\/p>\n<p><em><a href=\"https:\/\/twitter.com\/stepienybarno\">Stepienybarno en TWITTER<\/a><\/em><\/p>\n<p><em><a href=\"https:\/\/twitter.com\/stepienybarno\">@stepienybarno (+ de 16.000 seguidores)<\/a><\/em><\/p>\n<p><em><a href=\"https:\/\/twitter.com\/stepienybarno?lang=es\">https:\/\/twitter.com\/stepienybarno?lang=es<\/a><\/em><\/p>\n<p><em><a href=\"https:\/\/www.facebook.com\/pages\/BLOG-DE-STEPIENYBARNO\/78001079029\">Stepienybarno en FACEBOOK (+ de 24<u>.000 seguidores)<\/u><\/a><\/em><\/p>\n<p><em><a href=\"https:\/\/www.facebook.com\/StepienyBarnoArquitecturaeIdentidadDigital\/\">https:\/\/www.facebook.com\/StepienyBarnoArquitecturaeIdentidadDigital\/<\/a><\/em><\/p>\n<p><em>Acceder a nuestro GRUPO CERRADO DE FACEBOOK sobre Identidad Digital para Arquitectos:<\/em><\/p>\n<p><em><a href=\"https:\/\/www.facebook.com\/groups\/IdentidadDigitalParaArquitectos\/\">https:\/\/www.facebook.com\/groups\/IdentidadDigitalParaArquitectos\/<\/a><\/em><\/p>\n<p><em>Suscr\u00edbete a nuestro canal de YOUTUBE:\u00a0<a href=\"http:\/\/bit.ly\/2A1UtAd\">http:\/\/bit.ly\/2A1UtAd<\/a><\/em><\/p>\n<p>&nbsp;<\/p>\n<p>*\u00a0<a href=\"https:\/\/stepienybarno.es\/blog\/2011\/09\/04\/las-fortalezas-del-arquitecto\/\">Stepienybarno<\/a>\u00a0est\u00e1 formado por Agnieszka Stepien y Lorenzo Barn\u00f3 y desde mayo del 2009 estamos en la red con\u00a0 la presente publicaci\u00f3n digital (Blog) de arquitectura.<\/p>\n<p>Nuestra actividad se sustenta en tres pilares b\u00e1sicos: la investigaci\u00f3n, la publicaci\u00f3n y la redacci\u00f3n de proyectos de arquitectura.<\/p>\n<p>A su vez, somos socios cofundadores de\u00a0<a href=\"http:\/\/sinergiasostenible.org\/\">SINERGIA SOSTENIBLE<\/a>\u00a0y directores del blog de FUNDACI\u00d3N ARQUIA.<\/p>\n","protected":false},"excerpt":{"rendered":"<p>Entrevista: Estefania Alcarazo de\u00a0LafargeHolcim Desde: Plazatio<\/p>\n","protected":false},"author":10,"featured_media":33060,"comment_status":"open","ping_status":"closed","sticky":false,"template":"","format":"standard","meta":{"om_disable_all_campaigns":false,"_monsterinsights_skip_tracking":false,"_monsterinsights_sitenote_active":false,"_monsterinsights_sitenote_note":"","_monsterinsights_sitenote_category":0,"_uf_show_specific_survey":0,"_uf_disable_surveys":false,"episode_type":"","audio_file":"","cover_image":"","cover_image_id":"","duration":"","filesize":"","date_recorded":"","explicit":"","block":"","filesize_raw":"","footnotes":""},"categories":[244],"tags":[4369,6677,6678,2317],"series":[],"class_list":["post-33059","post","type-post","status-publish","format-standard","has-post-thumbnail","hentry","category-canal-de-arquitectura","tag-construccion","tag-estefania-alcarazo","tag-lafargeholcim","tag-plazatio"],"aioseo_notices":[],"episode_featured_image":"https:\/\/stepienybarno.es\/blog\/wp-content\/uploads\/2018\/09\/Stepienybarno-plazatio-sociedadconstruir-PostDelDia-01.jpg","episode_player_image":"https:\/\/stepienybarno.es\/blog\/wp-content\/uploads\/2020\/11\/stepienybarno-podcast-scaled.jpg","download_link":"","player_link":"","audio_player":false,"episode_data":{"playerMode":"dark","subscribeUrls":[],"rssFeedUrl":"https:\/\/stepienybarno.es\/blog\/feed\/podcast\/podcast-de-stepienybarno","embedCode":"<blockquote class=\"wp-embedded-content\" data-secret=\"36BOtkc3VJ\"><a href=\"https:\/\/stepienybarno.es\/blog\/2018\/09\/17\/la-sociedad-nos-exige-una-nueva-forma-de-construir-apostando-por-la-economia-circular-y-la-sostenibilidad\/\">&#8216;La sociedad nos exige una nueva forma de construir, apostando por la econom\u00eda circular y la sostenibilidad&#8217;<\/a><\/blockquote><iframe sandbox=\"allow-scripts\" security=\"restricted\" src=\"https:\/\/stepienybarno.es\/blog\/2018\/09\/17\/la-sociedad-nos-exige-una-nueva-forma-de-construir-apostando-por-la-economia-circular-y-la-sostenibilidad\/embed\/#?secret=36BOtkc3VJ\" width=\"500\" height=\"350\" title=\"\u00ab&#8216;La sociedad nos exige una nueva forma de construir, apostando por la econom\u00eda circular y la sostenibilidad&#8217;\u00bb \u2014 Blog de STEPIEN Y BARNO - publicaci\u00f3n digital sobre arquitectura\" data-secret=\"36BOtkc3VJ\" frameborder=\"0\" marginwidth=\"0\" marginheight=\"0\" scrolling=\"no\" class=\"wp-embedded-content\"><\/iframe><script type=\"text\/javascript\">\n\/* <![CDATA[ *\/\n\/*! This file is auto-generated *\/\n!function(d,l){\"use strict\";l.querySelector&&d.addEventListener&&\"undefined\"!=typeof URL&&(d.wp=d.wp||{},d.wp.receiveEmbedMessage||(d.wp.receiveEmbedMessage=function(e){var t=e.data;if((t||t.secret||t.message||t.value)&&!\/[^a-zA-Z0-9]\/.test(t.secret)){for(var s,r,n,a=l.querySelectorAll('iframe[data-secret=\"'+t.secret+'\"]'),o=l.querySelectorAll('blockquote[data-secret=\"'+t.secret+'\"]'),c=new RegExp(\"^https?:$\",\"i\"),i=0;i<o.length;i++)o[i].style.display=\"none\";for(i=0;i<a.length;i++)s=a[i],e.source===s.contentWindow&&(s.removeAttribute(\"style\"),\"height\"===t.message?(1e3<(r=parseInt(t.value,10))?r=1e3:~~r<200&&(r=200),s.height=r):\"link\"===t.message&&(r=new URL(s.getAttribute(\"src\")),n=new URL(t.value),c.test(n.protocol))&&n.host===r.host&&l.activeElement===s&&(d.top.location.href=t.value))}},d.addEventListener(\"message\",d.wp.receiveEmbedMessage,!1),l.addEventListener(\"DOMContentLoaded\",function(){for(var e,t,s=l.querySelectorAll(\"iframe.wp-embedded-content\"),r=0;r<s.length;r++)(t=(e=s[r]).getAttribute(\"data-secret\"))||(t=Math.random().toString(36).substring(2,12),e.src+=\"#?secret=\"+t,e.setAttribute(\"data-secret\",t)),e.contentWindow.postMessage({message:\"ready\",secret:t},\"*\")},!1)))}(window,document);\n\/* ]]> *\/\n<\/script>\n"},"_links":{"self":[{"href":"https:\/\/stepienybarno.es\/blog\/wp-json\/wp\/v2\/posts\/33059"}],"collection":[{"href":"https:\/\/stepienybarno.es\/blog\/wp-json\/wp\/v2\/posts"}],"about":[{"href":"https:\/\/stepienybarno.es\/blog\/wp-json\/wp\/v2\/types\/post"}],"author":[{"embeddable":true,"href":"https:\/\/stepienybarno.es\/blog\/wp-json\/wp\/v2\/users\/10"}],"replies":[{"embeddable":true,"href":"https:\/\/stepienybarno.es\/blog\/wp-json\/wp\/v2\/comments?post=33059"}],"version-history":[{"count":1,"href":"https:\/\/stepienybarno.es\/blog\/wp-json\/wp\/v2\/posts\/33059\/revisions"}],"predecessor-version":[{"id":33063,"href":"https:\/\/stepienybarno.es\/blog\/wp-json\/wp\/v2\/posts\/33059\/revisions\/33063"}],"wp:featuredmedia":[{"embeddable":true,"href":"https:\/\/stepienybarno.es\/blog\/wp-json\/wp\/v2\/media\/33060"}],"wp:attachment":[{"href":"https:\/\/stepienybarno.es\/blog\/wp-json\/wp\/v2\/media?parent=33059"}],"wp:term":[{"taxonomy":"category","embeddable":true,"href":"https:\/\/stepienybarno.es\/blog\/wp-json\/wp\/v2\/categories?post=33059"},{"taxonomy":"post_tag","embeddable":true,"href":"https:\/\/stepienybarno.es\/blog\/wp-json\/wp\/v2\/tags?post=33059"},{"taxonomy":"series","embeddable":true,"href":"https:\/\/stepienybarno.es\/blog\/wp-json\/wp\/v2\/series?post=33059"}],"curies":[{"name":"wp","href":"https:\/\/api.w.org\/{rel}","templated":true}]}}