{"id":33123,"date":"2018-09-28T11:24:32","date_gmt":"2018-09-28T09:24:32","guid":{"rendered":"https:\/\/www.stepienybarno.es\/blog\/?p=33123"},"modified":"2018-09-28T17:53:28","modified_gmt":"2018-09-28T15:53:28","slug":"arquitectos-y-auto-constructores-enemigos-intimos","status":"publish","type":"post","link":"https:\/\/stepienybarno.es\/blog\/2018\/09\/28\/arquitectos-y-auto-constructores-enemigos-intimos\/","title":{"rendered":"Arquitectos y auto-constructores: Enemigos \u00edntimos"},"content":{"rendered":"<p><img loading=\"lazy\" decoding=\"async\" class=\"aligncenter size-medium wp-image-33134\" src=\"https:\/\/stepienybarno.es\/blog\/wp-content\/uploads\/2018\/09\/Stepienybarno-enemigos-intimos-igma-pacheco-PostDelDia-01-550x367.jpg\" alt=\"\" width=\"550\" height=\"367\" srcset=\"https:\/\/stepienybarno.es\/blog\/wp-content\/uploads\/2018\/09\/Stepienybarno-enemigos-intimos-igma-pacheco-PostDelDia-01-550x367.jpg 550w, https:\/\/stepienybarno.es\/blog\/wp-content\/uploads\/2018\/09\/Stepienybarno-enemigos-intimos-igma-pacheco-PostDelDia-01-180x120.jpg 180w, https:\/\/stepienybarno.es\/blog\/wp-content\/uploads\/2018\/09\/Stepienybarno-enemigos-intimos-igma-pacheco-PostDelDia-01-316x211.jpg 316w, https:\/\/stepienybarno.es\/blog\/wp-content\/uploads\/2018\/09\/Stepienybarno-enemigos-intimos-igma-pacheco-PostDelDia-01.jpg 750w\" sizes=\"(max-width: 550px) 100vw, 550px\" \/><\/p>\n<p>Post Invitado escrito por: <a href=\"https:\/\/about-haus.com\/\" target=\"_blank\" rel=\"noopener\">Igma Pacheco-Rivas.<\/a><\/p>\n<p>Para los que no conoc\u00e9is a Igma os contamos que es un arquitecto bien activo en la red y con las ideas muy\u00a0 claras.<\/p>\n<p>Tiene una plataforma, <a href=\"https:\/\/about-haus.com\/\" target=\"_blank\" rel=\"noopener\">Abouthaus<\/a>,\u00a0 en la que aporta mucho valor en un nicho concreto y normalmente poco transitado por los arquitectos. Adem\u00e1s, ahora est\u00e1 detr\u00e1s de un <a href=\"https:\/\/stepienybarno.es\/blog\/2018\/09\/26\/i-congreso-online-de-casas-saludables-y-eficientes\/\" target=\"_blank\" rel=\"noopener\">congreso online <\/a>bastante potente.<\/p>\n<p>Vaya&#8230; que Igma no para y adem\u00e1s pone mucho entusiasmo en todo lo que hace.<\/p>\n<p>Esperamos que su reflexi\u00f3n sea de vuestro inter\u00e9s.<\/p>\n<p><!--more--><\/p>\n<blockquote>\n<p style=\"text-align: center;\"><span style=\"color: #999999;\">&#8230;&#8230;&#8230;&#8230;&#8230;&#8230;&#8230;&#8230;&#8230;&#8230;&#8230;&#8230;&#8230;&#8230;&#8230;.<\/span><\/p>\n<\/blockquote>\n<p>La arquitectura se ha nutrido y observado con gran inter\u00e9s los procesos de autoconstrucci\u00f3n desarrollados por diferentes culturas lo largo de la historia.<\/p>\n<p>Estos procesos han sido objeto de estudio desde perspectivas antropol\u00f3gicas, sus t\u00e9cnicas constructivas, estrategias bioclim\u00e1ticas, urban\u00edsticas, etc.<\/p>\n<p>No obstante, gran parte de estos procesos de autoconstrucci\u00f3n han sido desarrollados <strong>sin la presencia de lo que hoy conocemos como arquitectos<\/strong>.<\/p>\n<p>Han sido proceso colectivos lentos, basados en la observaci\u00f3n, la pr\u00e1ctica y la experiencia que conlleva el m\u00e9todo de ensayo y error.<\/p>\n<p>Hoy en d\u00eda, y despu\u00e9s de un problem\u00e1tico y febril siglo XX, los procesos de autoconstrucci\u00f3n se manifiestan de manera muy distinta que antes de la inevitable migraci\u00f3n del campo a la ciudad.<\/p>\n<p>Dicha migraci\u00f3n trajo consigo una modalidad de autoconstrucci\u00f3n que hasta entonces no conoc\u00edamos. Una <strong>\u201cautoconstrucci\u00f3n urbana\u201d<\/strong>, por llamarla as\u00ed.<\/p>\n<p>La autoconstrucci\u00f3n urbana se caracteriza por ser r\u00e1pida, intensa, sin arraigo al territorio y, en muchos casos, al margen de la legalidad.<\/p>\n<p>Esta modalidad de hacer ciudad es la que caracteriza a la mayor\u00eda de los pa\u00edses del sur del mundo, donde gran parte de la ciudad la hace la gente, no los arquitectos o los planificadores urbanos.<\/p>\n<p>Pero quedarnos solo con esta imagen de autoconstrucci\u00f3n urbana ligada a la pobreza e informalidad es superficial, en cuanto desconoce otras y nuevas modalidades de autoconstrucci\u00f3n.<\/p>\n<p><strong>Hoy estamos en presencia de un nuevo autoconstructor<\/strong>, a quien lo mueven otras fuerzas y motivaciones. No es un autoconstructor pobre, marginado o que busca construir su casa por fuera de la legalidad.<\/p>\n<p>Es un autoconstructor m\u00e1s formado y consciente de los tiempos que corren, alguien que voluntariamente se aleja de la ciudad, apostando por una vida con \u201cm\u00e1s tiempo libre\u201d y ligada a la naturaleza.<\/p>\n<p>Una persona que quiere participar del proceso de construcci\u00f3n de su casa por convicciones pol\u00edticas, filosof\u00eda de vida o por cuestiones econ\u00f3micas.<\/p>\n<p>Este nuevo autoconstructor se siente lejos de los arquitectos y, quiz\u00e1s, su nivel de autosuficiencia, soberbia o ambas lo llevan a pensar que es posible prescindir de ellos.<\/p>\n<p>Los autoconstructores ven a los arquitectos como una obligaci\u00f3n legal a cumplir m\u00e1s que como un aporte real para incrementar la calidad de su hogar y su vida. Y probablemente ese \u201cexceso de legalidad\u201d es lo que, finalmente, los separa.<\/p>\n<p>Del otro lado, muchos arquitectos no ven con buenos ojos a los autoconstructores. Y es entendible, en cuanto nadie quiere ir a una fiesta donde no ha sido invitado.<\/p>\n<p>Y ah\u00ed el abismo&#8230; ah\u00ed la distancia infranqueable entre unos y otros. Pero es justamente ah\u00ed donde radica una gran posibilidad de acci\u00f3n para nosotros como arquitectos.<\/p>\n<p>Los arquitectos hemos sido llamados a incursionar -sin invitaci\u00f3n alguna- en territorios nuevos, ignorados y a\u00fan inexplorados. Y las nuevas modalidades de autoconstrucci\u00f3n merecen ser abordadas sin prejuicios at\u00e1vicos.<\/p>\n<p>La arquitectura le debe mucho a la autoconstrucci\u00f3n y debemos reconocer que, como arquitectos, estamos en deuda con ella.<\/p>\n<p>Seria v\u00e1lido entonces hacernos la siguiente pregunta: \u00bfCu\u00e1l es el aporte que puede hacer hoy la arquitectura a la autoconstrucci\u00f3n?<\/p>\n<h3 style=\"text-align: center;\">Autor:\u00a0<a href=\"https:\/\/about-haus.com\/\" target=\"_blank\" rel=\"noopener\">Igma Pacheco-Rivas.<\/a><\/h3>\n<p>&nbsp;<\/p>\n<p>&nbsp;<\/p>\n","protected":false},"excerpt":{"rendered":"<p>Post Invitado escrito por: Igma Pacheco-Rivas. Para los que no<\/p>\n","protected":false},"author":10,"featured_media":33134,"comment_status":"open","ping_status":"closed","sticky":false,"template":"","format":"standard","meta":{"om_disable_all_campaigns":false,"_monsterinsights_skip_tracking":false,"_monsterinsights_sitenote_active":false,"_monsterinsights_sitenote_note":"","_monsterinsights_sitenote_category":0,"_uf_show_specific_survey":0,"_uf_disable_surveys":false,"episode_type":"","audio_file":"","cover_image":"","cover_image_id":"","duration":"","filesize":"","date_recorded":"","explicit":"","block":"","filesize_raw":"","footnotes":""},"categories":[244],"tags":[1377,6699,4472],"series":[],"class_list":["post-33123","post","type-post","status-publish","format-standard","has-post-thumbnail","hentry","category-canal-de-arquitectura","tag-arquitectos","tag-autoconstruccion","tag-igma-pacheco-rivas"],"aioseo_notices":[],"episode_featured_image":"https:\/\/stepienybarno.es\/blog\/wp-content\/uploads\/2018\/09\/Stepienybarno-enemigos-intimos-igma-pacheco-PostDelDia-01.jpg","episode_player_image":"https:\/\/stepienybarno.es\/blog\/wp-content\/uploads\/2020\/11\/stepienybarno-podcast-scaled.jpg","download_link":"","player_link":"","audio_player":false,"episode_data":{"playerMode":"dark","subscribeUrls":[],"rssFeedUrl":"https:\/\/stepienybarno.es\/blog\/feed\/podcast\/podcast-de-stepienybarno","embedCode":"<blockquote class=\"wp-embedded-content\" data-secret=\"o4wacEgany\"><a href=\"https:\/\/stepienybarno.es\/blog\/2018\/09\/28\/arquitectos-y-auto-constructores-enemigos-intimos\/\">Arquitectos y auto-constructores: Enemigos \u00edntimos<\/a><\/blockquote><iframe sandbox=\"allow-scripts\" security=\"restricted\" src=\"https:\/\/stepienybarno.es\/blog\/2018\/09\/28\/arquitectos-y-auto-constructores-enemigos-intimos\/embed\/#?secret=o4wacEgany\" width=\"500\" height=\"350\" title=\"\u00abArquitectos y auto-constructores: Enemigos \u00edntimos\u00bb \u2014 Blog de STEPIEN Y BARNO - publicaci\u00f3n digital sobre arquitectura\" data-secret=\"o4wacEgany\" frameborder=\"0\" marginwidth=\"0\" marginheight=\"0\" scrolling=\"no\" class=\"wp-embedded-content\"><\/iframe><script type=\"text\/javascript\">\n\/* <![CDATA[ *\/\n\/*! This file is auto-generated *\/\n!function(d,l){\"use strict\";l.querySelector&&d.addEventListener&&\"undefined\"!=typeof URL&&(d.wp=d.wp||{},d.wp.receiveEmbedMessage||(d.wp.receiveEmbedMessage=function(e){var t=e.data;if((t||t.secret||t.message||t.value)&&!\/[^a-zA-Z0-9]\/.test(t.secret)){for(var s,r,n,a=l.querySelectorAll('iframe[data-secret=\"'+t.secret+'\"]'),o=l.querySelectorAll('blockquote[data-secret=\"'+t.secret+'\"]'),c=new RegExp(\"^https?:$\",\"i\"),i=0;i<o.length;i++)o[i].style.display=\"none\";for(i=0;i<a.length;i++)s=a[i],e.source===s.contentWindow&&(s.removeAttribute(\"style\"),\"height\"===t.message?(1e3<(r=parseInt(t.value,10))?r=1e3:~~r<200&&(r=200),s.height=r):\"link\"===t.message&&(r=new URL(s.getAttribute(\"src\")),n=new URL(t.value),c.test(n.protocol))&&n.host===r.host&&l.activeElement===s&&(d.top.location.href=t.value))}},d.addEventListener(\"message\",d.wp.receiveEmbedMessage,!1),l.addEventListener(\"DOMContentLoaded\",function(){for(var e,t,s=l.querySelectorAll(\"iframe.wp-embedded-content\"),r=0;r<s.length;r++)(t=(e=s[r]).getAttribute(\"data-secret\"))||(t=Math.random().toString(36).substring(2,12),e.src+=\"#?secret=\"+t,e.setAttribute(\"data-secret\",t)),e.contentWindow.postMessage({message:\"ready\",secret:t},\"*\")},!1)))}(window,document);\n\/* ]]> *\/\n<\/script>\n"},"_links":{"self":[{"href":"https:\/\/stepienybarno.es\/blog\/wp-json\/wp\/v2\/posts\/33123"}],"collection":[{"href":"https:\/\/stepienybarno.es\/blog\/wp-json\/wp\/v2\/posts"}],"about":[{"href":"https:\/\/stepienybarno.es\/blog\/wp-json\/wp\/v2\/types\/post"}],"author":[{"embeddable":true,"href":"https:\/\/stepienybarno.es\/blog\/wp-json\/wp\/v2\/users\/10"}],"replies":[{"embeddable":true,"href":"https:\/\/stepienybarno.es\/blog\/wp-json\/wp\/v2\/comments?post=33123"}],"version-history":[{"count":9,"href":"https:\/\/stepienybarno.es\/blog\/wp-json\/wp\/v2\/posts\/33123\/revisions"}],"predecessor-version":[{"id":33145,"href":"https:\/\/stepienybarno.es\/blog\/wp-json\/wp\/v2\/posts\/33123\/revisions\/33145"}],"wp:featuredmedia":[{"embeddable":true,"href":"https:\/\/stepienybarno.es\/blog\/wp-json\/wp\/v2\/media\/33134"}],"wp:attachment":[{"href":"https:\/\/stepienybarno.es\/blog\/wp-json\/wp\/v2\/media?parent=33123"}],"wp:term":[{"taxonomy":"category","embeddable":true,"href":"https:\/\/stepienybarno.es\/blog\/wp-json\/wp\/v2\/categories?post=33123"},{"taxonomy":"post_tag","embeddable":true,"href":"https:\/\/stepienybarno.es\/blog\/wp-json\/wp\/v2\/tags?post=33123"},{"taxonomy":"series","embeddable":true,"href":"https:\/\/stepienybarno.es\/blog\/wp-json\/wp\/v2\/series?post=33123"}],"curies":[{"name":"wp","href":"https:\/\/api.w.org\/{rel}","templated":true}]}}