{"id":33261,"date":"2018-10-16T10:45:45","date_gmt":"2018-10-16T08:45:45","guid":{"rendered":"https:\/\/www.stepienybarno.es\/blog\/?p=33261"},"modified":"2018-10-19T11:03:52","modified_gmt":"2018-10-19T09:03:52","slug":"como-es-el-aire-que-respiramos-en-nuestros-hogares","status":"publish","type":"post","link":"https:\/\/stepienybarno.es\/blog\/2018\/10\/16\/como-es-el-aire-que-respiramos-en-nuestros-hogares\/","title":{"rendered":"\u00bfC\u00f3mo es el aire que respiramos en nuestros hogares?"},"content":{"rendered":"<h2><img loading=\"lazy\" decoding=\"async\" class=\"aligncenter size-medium wp-image-33262\" src=\"https:\/\/stepienybarno.es\/blog\/wp-content\/uploads\/2018\/10\/Stepienybarno-ursa-post-PostDelDia-01-550x367.png\" alt=\"\" width=\"550\" height=\"367\" srcset=\"https:\/\/stepienybarno.es\/blog\/wp-content\/uploads\/2018\/10\/Stepienybarno-ursa-post-PostDelDia-01-550x367.png 550w, https:\/\/stepienybarno.es\/blog\/wp-content\/uploads\/2018\/10\/Stepienybarno-ursa-post-PostDelDia-01-180x120.png 180w, https:\/\/stepienybarno.es\/blog\/wp-content\/uploads\/2018\/10\/Stepienybarno-ursa-post-PostDelDia-01-316x211.png 316w, https:\/\/stepienybarno.es\/blog\/wp-content\/uploads\/2018\/10\/Stepienybarno-ursa-post-PostDelDia-01.png 900w\" sizes=\"(max-width: 550px) 100vw, 550px\" \/><\/h2>\n<p style=\"text-align: center;\">Nos hacen llegar la siguiente informaci\u00f3n que puede ser de vuestro inter\u00e9s.<\/p>\n<p><!--more--><\/p>\n<p>&nbsp;<\/p>\n<h2 style=\"text-align: center;\">La importancia de la calidad del aire interior<\/h2>\n<p>\u00bfSabes cu\u00e1ntas veces respiras al d\u00eda? Nada m\u00e1s y nada menos que 20.000 veces expiramos e inspiramos cada 24 horas. Pero adem\u00e1s, con esas expiraciones emitimos unas 7,72 toneladas de CO2 al a\u00f1o. A eso hay que sumarle las emisiones contaminantes de los productos de limpieza, el humo, los \u00e1caros, las pinturas o los cosm\u00e9ticos, etc. Esta mezcla tan heterog\u00e9nea provoca que en muchas ocasiones el ambiente de nuestras casas sea irrespirable, por no hablar del de colegios, hospitales o entornos en los que se congrega mucha gente.<\/p>\n<p><img loading=\"lazy\" decoding=\"async\" class=\"aligncenter size-full wp-image-33263\" src=\"https:\/\/stepienybarno.es\/blog\/wp-content\/uploads\/2018\/10\/Stepienybarno-ursa-post-PostDelDia-04.png\" alt=\"\" width=\"294\" height=\"171\" srcset=\"https:\/\/stepienybarno.es\/blog\/wp-content\/uploads\/2018\/10\/Stepienybarno-ursa-post-PostDelDia-04.png 294w, https:\/\/stepienybarno.es\/blog\/wp-content\/uploads\/2018\/10\/Stepienybarno-ursa-post-PostDelDia-04-180x105.png 180w\" sizes=\"(max-width: 294px) 100vw, 294px\" \/><\/p>\n<p>Porque otro de los datos que seguramente desconozcas es que pasamos 21 horas de media en un sitio cerrado. Y, seg\u00fan nos chiva la <a href=\"https:\/\/es.wikipedia.org\/wiki\/Calidad_del_aire_interior\">Wikipedia<\/a>, las personas pasan en torno a un 90% del tiempo dentro de ambientes no industriales, lo que obliga a analizar la calidad del aire interior, relacionada con patolog\u00edas como el <a href=\"https:\/\/es.wikipedia.org\/wiki\/S%C3%ADndrome_del_edificio_enfermo\">S\u00edndrome del edificio enfermo<\/a> (SEE).<\/p>\n<p>Para acabar de arreglarlo, en las nuevas construcciones (y esto es algo bueno en otros muchos sentidos) prima la estanqueidad de los espacios interiores por lo que, de no ventilar nuestras viviendas convenientemente, el aire se enrarece de forma progresiva.<\/p>\n<p>Frente a ello, el mejor consejo es ventilar nuestros hogares y espacios de trabajo de forma apropiada, aunque muchas oficinas no tienen posibilidad de ventilaci\u00f3n natural.<\/p>\n<p>Estudios como <a href=\"http:\/\/www.worldgbc.org\/activities\/health-wellbeing-productivity-offices\/\">este<\/a> de World Green Building Council demuestran que la calidad del aire interior mejora la productividad entre un 8 y un 11%, entendiendo por calidad del aire interior, una baja concentraci\u00f3n de CO2 y contaminantes y altas tasas de ventilaci\u00f3n.<\/p>\n<p><img loading=\"lazy\" decoding=\"async\" class=\"aligncenter size-medium wp-image-33264\" src=\"https:\/\/stepienybarno.es\/blog\/wp-content\/uploads\/2018\/10\/Stepienybarno-ursa-post-PostDelDia-02-550x366.jpg\" alt=\"\" width=\"550\" height=\"366\" srcset=\"https:\/\/stepienybarno.es\/blog\/wp-content\/uploads\/2018\/10\/Stepienybarno-ursa-post-PostDelDia-02-550x366.jpg 550w, https:\/\/stepienybarno.es\/blog\/wp-content\/uploads\/2018\/10\/Stepienybarno-ursa-post-PostDelDia-02-180x120.jpg 180w, https:\/\/stepienybarno.es\/blog\/wp-content\/uploads\/2018\/10\/Stepienybarno-ursa-post-PostDelDia-02-316x211.jpg 316w, https:\/\/stepienybarno.es\/blog\/wp-content\/uploads\/2018\/10\/Stepienybarno-ursa-post-PostDelDia-02.jpg 800w\" sizes=\"(max-width: 550px) 100vw, 550px\" \/><\/p>\n<p>Pero adem\u00e1s, la implicaci\u00f3n de instituciones como la <a href=\"https:\/\/es.wikipedia.org\/wiki\/Organizaci%C3%B3n_Mundial_de_la_Salud\">Organizaci\u00f3n Mundial de la Salud (OMS)<\/a> ha hecho que se endurezcan las normas t\u00e9cnicas que la regulan y recomienda que para conseguir una correcta calidad del aire interior hay que actuar en cinco \u00e1reas: ventilaci\u00f3n, eliminaci\u00f3n de los contaminantes del aire, higiene de los sistemas de climatizaci\u00f3n, control de fuentes contaminantes y control de las instalaciones de climatizaci\u00f3n.<\/p>\n<p>Los fabricantes de materiales de construcci\u00f3n tambi\u00e9n parecen tener en cuenta cada vez m\u00e1s la importancia de la calidad del aire en nuestra salud y bienestar y ya son varios los sellos que acreditan que los materiales instalados en cualquier inmueble contribuyen a la limpieza del aire interior.<\/p>\n<p>Desde placas de yeso que purifican el aire, conductos de aire acondicionado que garantizan que no salga al exterior ning\u00fan tipo de part\u00edcula o aislamientos con nuevos componentes que limitan significativamente las emisiones de compuestos vol\u00e1tiles, como la tecnolog\u00eda URSA TERRA para la fabricaci\u00f3n de lanas minerales.<\/p>\n<p><img loading=\"lazy\" decoding=\"async\" class=\"aligncenter size-medium wp-image-33265\" src=\"https:\/\/stepienybarno.es\/blog\/wp-content\/uploads\/2018\/10\/Stepienybarno-ursa-post-PostDelDia-03-550x425.jpg\" alt=\"\" width=\"550\" height=\"425\" srcset=\"https:\/\/stepienybarno.es\/blog\/wp-content\/uploads\/2018\/10\/Stepienybarno-ursa-post-PostDelDia-03-550x425.jpg 550w, https:\/\/stepienybarno.es\/blog\/wp-content\/uploads\/2018\/10\/Stepienybarno-ursa-post-PostDelDia-03-180x139.jpg 180w, https:\/\/stepienybarno.es\/blog\/wp-content\/uploads\/2018\/10\/Stepienybarno-ursa-post-PostDelDia-03-905x700.jpg 905w, https:\/\/stepienybarno.es\/blog\/wp-content\/uploads\/2018\/10\/Stepienybarno-ursa-post-PostDelDia-03-316x244.jpg 316w, https:\/\/stepienybarno.es\/blog\/wp-content\/uploads\/2018\/10\/Stepienybarno-ursa-post-PostDelDia-03.jpg 1428w\" sizes=\"(max-width: 550px) 100vw, 550px\" \/><\/p>\n<p>Es de agradecer su esfuerzo. Despu\u00e9s de todo, respirar aire limpio en nuestra propia vivienda es algo mucho m\u00e1s importante de lo que sospech\u00e1bamos.<\/p>\n<p style=\"text-align: center;\">_____________<\/p>\n<p>&nbsp;<\/p>\n<p style=\"text-align: center;\">El post pertenece a la secci\u00f3n de post patrocinados<\/p>\n<h5>Y como siempre, si te gust\u00f3 el post,\u00a0estar\u00eda genial que lo compartas\u00a0en tus redes sociales.<\/h5>\n<h5>A su vez, si todav\u00eda no est\u00e1s suscrito a nuestra Newsletter, te animamos a hacerlo en la casilla que tienes al terminar este art\u00edculo.<\/h5>\n<p>&nbsp;<\/p>\n<blockquote><p>Suscribirte a nuestro blog y recibe gratis nuestra gu\u00eda: 10 Ideas para vender m\u00e1s si eres arquitecto<\/p>\n<p>Acceder:\u00a0<a href=\"http:\/\/bit.ly\/2fkkTS7\">http:\/\/bit.ly\/2fkkTS7<\/a><\/p>\n<p>&nbsp;<\/p>\n<p>Si te interesa contactar con nosotros para que te ayudemos a mejorar tu visibilidad online y, en consecuencia, mejorar tus oportunidades laborales, no dudes en escribirnos a:\u00a0<a href=\"mailto:blog@stepienybarno.es\">blog@stepienybarno.es<\/a><\/p><\/blockquote>\n<p>&nbsp;<\/p>\n<p><em><a href=\"https:\/\/twitter.com\/stepienybarno\">Stepienybarno en TWITTER<\/a><\/em><\/p>\n<p><em><a href=\"https:\/\/twitter.com\/stepienybarno\">@stepienybarno (+ de 16.000 seguidores)<\/a><\/em><\/p>\n<p><em><a href=\"https:\/\/twitter.com\/stepienybarno?lang=es\">https:\/\/twitter.com\/stepienybarno?lang=es<\/a><\/em><\/p>\n<p><em><a href=\"https:\/\/www.facebook.com\/pages\/BLOG-DE-STEPIENYBARNO\/78001079029\">Stepienybarno en FACEBOOK (+ de 24<u>.000 seguidores)<\/u><\/a><\/em><\/p>\n<p><em><a href=\"https:\/\/www.facebook.com\/StepienyBarnoArquitecturaeIdentidadDigital\/\">https:\/\/www.facebook.com\/StepienyBarnoArquitecturaeIdentidadDigital\/<\/a><\/em><\/p>\n<p><em>Acceder a nuestro GRUPO CERRADO DE FACEBOOK sobre Identidad Digital para Arquitectos:<\/em><\/p>\n<p><em><a href=\"https:\/\/www.facebook.com\/groups\/IdentidadDigitalParaArquitectos\/\">https:\/\/www.facebook.com\/groups\/IdentidadDigitalParaArquitectos\/<\/a><\/em><\/p>\n<p><em>Suscr\u00edbete a nuestro canal de YOUTUBE:\u00a0<a href=\"http:\/\/bit.ly\/2A1UtAd\">http:\/\/bit.ly\/2A1UtAd<\/a><\/em><\/p>\n<p>&nbsp;<\/p>\n<p>*\u00a0<a href=\"https:\/\/stepienybarno.es\/blog\/2011\/09\/04\/las-fortalezas-del-arquitecto\/\">Stepienybarno<\/a>\u00a0est\u00e1 formado por Agnieszka Stepien y Lorenzo Barn\u00f3 y desde mayo del 2009 estamos en la red con\u00a0 la presente publicaci\u00f3n digital (Blog) de arquitectura.<\/p>\n<p>Nuestra actividad se sustenta en tres pilares b\u00e1sicos: la investigaci\u00f3n, la publicaci\u00f3n y la redacci\u00f3n de proyectos de arquitectura.<\/p>\n<p>A su vez, somos socios cofundadores de\u00a0<a href=\"http:\/\/sinergiasostenible.org\/\">SINERGIA SOSTENIBLE<\/a>\u00a0y directores del blog de FUNDACI\u00d3N ARQUIA.<\/p>\n","protected":false},"excerpt":{"rendered":"<p>Nos hacen llegar la siguiente informaci\u00f3n que puede ser de<\/p>\n","protected":false},"author":10,"featured_media":33262,"comment_status":"open","ping_status":"closed","sticky":false,"template":"","format":"standard","meta":{"om_disable_all_campaigns":false,"_monsterinsights_skip_tracking":false,"_monsterinsights_sitenote_active":false,"_monsterinsights_sitenote_note":"","_monsterinsights_sitenote_category":0,"_uf_show_specific_survey":0,"_uf_disable_surveys":false,"episode_type":"","audio_file":"","cover_image":"","cover_image_id":"","duration":"","filesize":"","date_recorded":"","explicit":"","block":"","filesize_raw":"","footnotes":""},"categories":[34],"tags":[6733,2735,4070,6730,6732,5196,6731],"series":[],"class_list":["post-33261","post","type-post","status-publish","format-standard","has-post-thumbnail","hentry","category-actualidad","tag-aislamiento","tag-aislamiento-termico","tag-aislamiento-y-sostenibilidad","tag-oms","tag-see","tag-ursa","tag-worl-green-building-council"],"aioseo_notices":[],"episode_featured_image":"https:\/\/stepienybarno.es\/blog\/wp-content\/uploads\/2018\/10\/Stepienybarno-ursa-post-PostDelDia-01.png","episode_player_image":"https:\/\/stepienybarno.es\/blog\/wp-content\/uploads\/2020\/11\/stepienybarno-podcast-scaled.jpg","download_link":"","player_link":"","audio_player":false,"episode_data":{"playerMode":"dark","subscribeUrls":[],"rssFeedUrl":"https:\/\/stepienybarno.es\/blog\/feed\/podcast\/podcast-de-stepienybarno","embedCode":"<blockquote class=\"wp-embedded-content\" data-secret=\"8mcHslS4xb\"><a href=\"https:\/\/stepienybarno.es\/blog\/2018\/10\/16\/como-es-el-aire-que-respiramos-en-nuestros-hogares\/\">\u00bfC\u00f3mo es el aire que respiramos en nuestros hogares?<\/a><\/blockquote><iframe sandbox=\"allow-scripts\" security=\"restricted\" src=\"https:\/\/stepienybarno.es\/blog\/2018\/10\/16\/como-es-el-aire-que-respiramos-en-nuestros-hogares\/embed\/#?secret=8mcHslS4xb\" width=\"500\" height=\"350\" title=\"\u00ab\u00bfC\u00f3mo es el aire que respiramos en nuestros hogares?\u00bb \u2014 Blog de STEPIEN Y BARNO - publicaci\u00f3n digital sobre arquitectura\" data-secret=\"8mcHslS4xb\" frameborder=\"0\" marginwidth=\"0\" marginheight=\"0\" scrolling=\"no\" class=\"wp-embedded-content\"><\/iframe><script type=\"text\/javascript\">\n\/* <![CDATA[ *\/\n\/*! This file is auto-generated *\/\n!function(d,l){\"use strict\";l.querySelector&&d.addEventListener&&\"undefined\"!=typeof URL&&(d.wp=d.wp||{},d.wp.receiveEmbedMessage||(d.wp.receiveEmbedMessage=function(e){var t=e.data;if((t||t.secret||t.message||t.value)&&!\/[^a-zA-Z0-9]\/.test(t.secret)){for(var s,r,n,a=l.querySelectorAll('iframe[data-secret=\"'+t.secret+'\"]'),o=l.querySelectorAll('blockquote[data-secret=\"'+t.secret+'\"]'),c=new RegExp(\"^https?:$\",\"i\"),i=0;i<o.length;i++)o[i].style.display=\"none\";for(i=0;i<a.length;i++)s=a[i],e.source===s.contentWindow&&(s.removeAttribute(\"style\"),\"height\"===t.message?(1e3<(r=parseInt(t.value,10))?r=1e3:~~r<200&&(r=200),s.height=r):\"link\"===t.message&&(r=new URL(s.getAttribute(\"src\")),n=new URL(t.value),c.test(n.protocol))&&n.host===r.host&&l.activeElement===s&&(d.top.location.href=t.value))}},d.addEventListener(\"message\",d.wp.receiveEmbedMessage,!1),l.addEventListener(\"DOMContentLoaded\",function(){for(var e,t,s=l.querySelectorAll(\"iframe.wp-embedded-content\"),r=0;r<s.length;r++)(t=(e=s[r]).getAttribute(\"data-secret\"))||(t=Math.random().toString(36).substring(2,12),e.src+=\"#?secret=\"+t,e.setAttribute(\"data-secret\",t)),e.contentWindow.postMessage({message:\"ready\",secret:t},\"*\")},!1)))}(window,document);\n\/* ]]> *\/\n<\/script>\n"},"_links":{"self":[{"href":"https:\/\/stepienybarno.es\/blog\/wp-json\/wp\/v2\/posts\/33261"}],"collection":[{"href":"https:\/\/stepienybarno.es\/blog\/wp-json\/wp\/v2\/posts"}],"about":[{"href":"https:\/\/stepienybarno.es\/blog\/wp-json\/wp\/v2\/types\/post"}],"author":[{"embeddable":true,"href":"https:\/\/stepienybarno.es\/blog\/wp-json\/wp\/v2\/users\/10"}],"replies":[{"embeddable":true,"href":"https:\/\/stepienybarno.es\/blog\/wp-json\/wp\/v2\/comments?post=33261"}],"version-history":[{"count":4,"href":"https:\/\/stepienybarno.es\/blog\/wp-json\/wp\/v2\/posts\/33261\/revisions"}],"predecessor-version":[{"id":33300,"href":"https:\/\/stepienybarno.es\/blog\/wp-json\/wp\/v2\/posts\/33261\/revisions\/33300"}],"wp:featuredmedia":[{"embeddable":true,"href":"https:\/\/stepienybarno.es\/blog\/wp-json\/wp\/v2\/media\/33262"}],"wp:attachment":[{"href":"https:\/\/stepienybarno.es\/blog\/wp-json\/wp\/v2\/media?parent=33261"}],"wp:term":[{"taxonomy":"category","embeddable":true,"href":"https:\/\/stepienybarno.es\/blog\/wp-json\/wp\/v2\/categories?post=33261"},{"taxonomy":"post_tag","embeddable":true,"href":"https:\/\/stepienybarno.es\/blog\/wp-json\/wp\/v2\/tags?post=33261"},{"taxonomy":"series","embeddable":true,"href":"https:\/\/stepienybarno.es\/blog\/wp-json\/wp\/v2\/series?post=33261"}],"curies":[{"name":"wp","href":"https:\/\/api.w.org\/{rel}","templated":true}]}}