{"id":33267,"date":"2018-10-16T10:17:22","date_gmt":"2018-10-16T08:17:22","guid":{"rendered":"https:\/\/www.stepienybarno.es\/blog\/?p=33267"},"modified":"2018-10-16T10:17:22","modified_gmt":"2018-10-16T08:17:22","slug":"arquitectura-efimera-en-madera","status":"publish","type":"post","link":"https:\/\/stepienybarno.es\/blog\/2018\/10\/16\/arquitectura-efimera-en-madera\/","title":{"rendered":"ARQUITECTURA EF\u00cdMERA EN MADERA"},"content":{"rendered":"<p><img loading=\"lazy\" decoding=\"async\" class=\"aligncenter size-medium wp-image-33268\" src=\"https:\/\/stepienybarno.es\/blog\/wp-content\/uploads\/2018\/10\/Stepienybarno-ajo-taller-madera-y-construccion-PostDelDia-01-550x273.jpg\" alt=\"\" width=\"550\" height=\"273\" srcset=\"https:\/\/stepienybarno.es\/blog\/wp-content\/uploads\/2018\/10\/Stepienybarno-ajo-taller-madera-y-construccion-PostDelDia-01-550x273.jpg 550w, https:\/\/stepienybarno.es\/blog\/wp-content\/uploads\/2018\/10\/Stepienybarno-ajo-taller-madera-y-construccion-PostDelDia-01-180x89.jpg 180w, https:\/\/stepienybarno.es\/blog\/wp-content\/uploads\/2018\/10\/Stepienybarno-ajo-taller-madera-y-construccion-PostDelDia-01-316x157.jpg 316w, https:\/\/stepienybarno.es\/blog\/wp-content\/uploads\/2018\/10\/Stepienybarno-ajo-taller-madera-y-construccion-PostDelDia-01.jpg 750w\" sizes=\"(max-width: 550px) 100vw, 550px\" \/><\/p>\n<p>Por: <a href=\"https:\/\/www.enelajo.es\/\" target=\"_blank\" rel=\"noopener\">AJO taller de arquitectura\u00a0<\/a><\/p>\n<p>Desde: <a href=\"http:\/\/maderayconstruccion.com\" target=\"_blank\" rel=\"noopener\">Madera y Construcci\u00f3n<\/a><\/p>\n<p><!--more--><\/p>\n<p>\u00bb\u00a0Entendemos por\u00a0<strong>arquitectura ef\u00edmera<\/strong>\u00a0aquella que no tiene una duraci\u00f3n prolongada en el tiempo ni vocaci\u00f3n de perdurar. La arquitectura ef\u00edmera siempre ha estado relacionada a la historia de la arquitectura, la hemos visto ligada a escenograf\u00edas, decorados, eventos o a actos puntuales. En la actualidad esta pr\u00e1ctica, est\u00e1 principalmente relacionada al espacio p\u00fablico, a la participaci\u00f3n, a la experimentaci\u00f3n y, por qu\u00e9 no, a lo l\u00fadico.<\/p>\n<p>La arquitectura ef\u00edmera tiene muchas ventajas; es\u00a0<strong>reversible<\/strong>, puede volver a su punto de origen o partida; es\u00a0<strong>flexible y vers\u00e1til<\/strong>, puede cambiar y transformarse con facilidad adapt\u00e1ndose a las necesidades de cada momento; puede llegar a ser\u00a0<strong>desmontable<\/strong>,\u00a0<strong>transportable<\/strong>\u00a0y utilizada en otro lugar; tambi\u00e9n puede ser de f\u00e1cil construcci\u00f3n, pudiendo ser\u00a0<strong>auto-construida<\/strong>y en la mayor parte de las veces su coste es m\u00e1s reducido que el de una construcci\u00f3n permanente. (&#8230;) \u00bb<\/p>\n<p>&nbsp;<\/p>\n<p style=\"text-align: center;\">Acceder al Post <a href=\"http:\/\/bit.ly\/2AcbQjO\" target=\"_blank\" rel=\"noopener\">AQU\u00cd<\/a><\/p>\n<p>&nbsp;<\/p>\n<p>\u00bfQuieres inscribirte en nuestro curso de Identidad Digital para arquitectos?<\/p>\n<p>En breve, nueva edici\u00f3n:<\/p>\n<p><a href=\"http:\/\/cursoidentidaddigital.stepienybarno.es\/\">http:\/\/cursoidentidaddigital.stepienybarno.es\/<\/a><\/p>\n<p>Informaci\u00f3n en:\u00a0<a href=\"mailto:blog@stepienybarno.es\">blog@stepienybarno.es<\/a><\/p>\n<p>&nbsp;<\/p>\n<p>&nbsp;<\/p>\n<h5><strong>Autores del post:\u00a0<a href=\"https:\/\/stepienybarno.es\/blog\/2011\/09\/04\/las-fortalezas-del-arquitecto\/\">Stepienybarno<\/a>\u00a0_ Agnieszka Stepien y Lorenzo Barn\u00f3<\/strong><\/h5>\n<h5>Y como siempre, si te gust\u00f3 el post,\u00a0estar\u00eda genial que lo compartas\u00a0en tus redes sociales.<\/h5>\n<h5>A su vez, si todav\u00eda no est\u00e1s suscrito a nuestra Newsletter, te animamos a hacerlo en la casilla que tienes al terminar este art\u00edculo.<\/h5>\n<p>&nbsp;<\/p>\n<blockquote><p>Suscribirte a nuestro blog y recibe gratis nuestra gu\u00eda: 10 Ideas para vender m\u00e1s si eres arquitecto<\/p>\n<p>Acceder:\u00a0<a href=\"http:\/\/bit.ly\/2fkkTS7\">http:\/\/bit.ly\/2fkkTS7<\/a><\/p>\n<p>&nbsp;<\/p>\n<p>Si te interesa contactar con nosotros para que te ayudemos a mejorar tu visibilidad online y, en consecuencia, mejorar tus oportunidades laborales, no dudes en escribirnos a:\u00a0<a href=\"mailto:blog@stepienybarno.es\">blog@stepienybarno.es<\/a><\/p><\/blockquote>\n<p>&nbsp;<\/p>\n<p><em><a href=\"https:\/\/twitter.com\/stepienybarno\">Stepienybarno en TWITTER<\/a><\/em><\/p>\n<p><em><a href=\"https:\/\/twitter.com\/stepienybarno\">@stepienybarno (+ de 16.000 seguidores)<\/a><\/em><\/p>\n<p><em><a href=\"https:\/\/twitter.com\/stepienybarno?lang=es\">https:\/\/twitter.com\/stepienybarno?lang=es<\/a><\/em><\/p>\n<p><em><a href=\"https:\/\/www.facebook.com\/pages\/BLOG-DE-STEPIENYBARNO\/78001079029\">Stepienybarno en FACEBOOK (+ de 24<u>.000 seguidores)<\/u><\/a><\/em><\/p>\n<p><em><a href=\"https:\/\/www.facebook.com\/StepienyBarnoArquitecturaeIdentidadDigital\/\">https:\/\/www.facebook.com\/StepienyBarnoArquitecturaeIdentidadDigital\/<\/a><\/em><\/p>\n<p><em>Acceder a nuestro GRUPO CERRADO DE FACEBOOK sobre Identidad Digital para Arquitectos:<\/em><\/p>\n<p><em><a href=\"https:\/\/www.facebook.com\/groups\/IdentidadDigitalParaArquitectos\/\">https:\/\/www.facebook.com\/groups\/IdentidadDigitalParaArquitectos\/<\/a><\/em><\/p>\n<p><em>Suscr\u00edbete a nuestro canal de YOUTUBE:\u00a0<a href=\"http:\/\/bit.ly\/2A1UtAd\">http:\/\/bit.ly\/2A1UtAd<\/a><\/em><\/p>\n<p>&nbsp;<\/p>\n<p>*\u00a0<a href=\"https:\/\/stepienybarno.es\/blog\/2011\/09\/04\/las-fortalezas-del-arquitecto\/\">Stepienybarno<\/a>\u00a0est\u00e1 formado por Agnieszka Stepien y Lorenzo Barn\u00f3 y desde mayo del 2009 estamos en la red con\u00a0 la presente publicaci\u00f3n digital (Blog) de arquitectura.<\/p>\n<p>Nuestra actividad se sustenta en tres pilares b\u00e1sicos: la investigaci\u00f3n, la publicaci\u00f3n y la redacci\u00f3n de proyectos de arquitectura.<\/p>\n<p>A su vez, somos socios cofundadores de\u00a0<a href=\"http:\/\/sinergiasostenible.org\/\">SINERGIA SOSTENIBLE<\/a>\u00a0y directores del blog de FUNDACI\u00d3N ARQUIA.<\/p>\n","protected":false},"excerpt":{"rendered":"<p>Por: AJO taller de arquitectura\u00a0 Desde: Madera y Construcci\u00f3n<\/p>\n","protected":false},"author":10,"featured_media":33268,"comment_status":"open","ping_status":"closed","sticky":false,"template":"","format":"standard","meta":{"om_disable_all_campaigns":false,"_monsterinsights_skip_tracking":false,"_monsterinsights_sitenote_active":false,"_monsterinsights_sitenote_note":"","_monsterinsights_sitenote_category":0,"_uf_show_specific_survey":0,"_uf_disable_surveys":false,"episode_type":"","audio_file":"","cover_image":"","cover_image_id":"","duration":"","filesize":"","date_recorded":"","explicit":"","block":"","filesize_raw":"","footnotes":""},"categories":[244],"tags":[6359,4886,260,6734,6735,3420,6737,6042,6736,834],"series":[],"class_list":["post-33267","post","type-post","status-publish","format-standard","has-post-thumbnail","hentry","category-canal-de-arquitectura","tag-ajo-taller-de-arquitectura","tag-ajotaller","tag-arquitectura-efimera","tag-festival-archdacha","tag-festival-bbk-live","tag-festival-concentrico","tag-liqe","tag-madera-y-construccion","tag-viuda-de-ramirez","tag-zuloark"],"aioseo_notices":[],"episode_featured_image":"https:\/\/stepienybarno.es\/blog\/wp-content\/uploads\/2018\/10\/Stepienybarno-ajo-taller-madera-y-construccion-PostDelDia-01.jpg","episode_player_image":"https:\/\/stepienybarno.es\/blog\/wp-content\/uploads\/2020\/11\/stepienybarno-podcast-scaled.jpg","download_link":"","player_link":"","audio_player":false,"episode_data":{"playerMode":"dark","subscribeUrls":[],"rssFeedUrl":"https:\/\/stepienybarno.es\/blog\/feed\/podcast\/podcast-de-stepienybarno","embedCode":"<blockquote class=\"wp-embedded-content\" data-secret=\"vTdqDC6QLR\"><a href=\"https:\/\/stepienybarno.es\/blog\/2018\/10\/16\/arquitectura-efimera-en-madera\/\">ARQUITECTURA EF\u00cdMERA EN MADERA<\/a><\/blockquote><iframe sandbox=\"allow-scripts\" security=\"restricted\" src=\"https:\/\/stepienybarno.es\/blog\/2018\/10\/16\/arquitectura-efimera-en-madera\/embed\/#?secret=vTdqDC6QLR\" width=\"500\" height=\"350\" title=\"\u00abARQUITECTURA EF\u00cdMERA EN MADERA\u00bb \u2014 Blog de STEPIEN Y BARNO - publicaci\u00f3n digital sobre arquitectura\" data-secret=\"vTdqDC6QLR\" frameborder=\"0\" marginwidth=\"0\" marginheight=\"0\" scrolling=\"no\" class=\"wp-embedded-content\"><\/iframe><script type=\"text\/javascript\">\n\/* <![CDATA[ *\/\n\/*! This file is auto-generated *\/\n!function(d,l){\"use strict\";l.querySelector&&d.addEventListener&&\"undefined\"!=typeof URL&&(d.wp=d.wp||{},d.wp.receiveEmbedMessage||(d.wp.receiveEmbedMessage=function(e){var t=e.data;if((t||t.secret||t.message||t.value)&&!\/[^a-zA-Z0-9]\/.test(t.secret)){for(var s,r,n,a=l.querySelectorAll('iframe[data-secret=\"'+t.secret+'\"]'),o=l.querySelectorAll('blockquote[data-secret=\"'+t.secret+'\"]'),c=new RegExp(\"^https?:$\",\"i\"),i=0;i<o.length;i++)o[i].style.display=\"none\";for(i=0;i<a.length;i++)s=a[i],e.source===s.contentWindow&&(s.removeAttribute(\"style\"),\"height\"===t.message?(1e3<(r=parseInt(t.value,10))?r=1e3:~~r<200&&(r=200),s.height=r):\"link\"===t.message&&(r=new URL(s.getAttribute(\"src\")),n=new URL(t.value),c.test(n.protocol))&&n.host===r.host&&l.activeElement===s&&(d.top.location.href=t.value))}},d.addEventListener(\"message\",d.wp.receiveEmbedMessage,!1),l.addEventListener(\"DOMContentLoaded\",function(){for(var e,t,s=l.querySelectorAll(\"iframe.wp-embedded-content\"),r=0;r<s.length;r++)(t=(e=s[r]).getAttribute(\"data-secret\"))||(t=Math.random().toString(36).substring(2,12),e.src+=\"#?secret=\"+t,e.setAttribute(\"data-secret\",t)),e.contentWindow.postMessage({message:\"ready\",secret:t},\"*\")},!1)))}(window,document);\n\/* ]]> *\/\n<\/script>\n"},"_links":{"self":[{"href":"https:\/\/stepienybarno.es\/blog\/wp-json\/wp\/v2\/posts\/33267"}],"collection":[{"href":"https:\/\/stepienybarno.es\/blog\/wp-json\/wp\/v2\/posts"}],"about":[{"href":"https:\/\/stepienybarno.es\/blog\/wp-json\/wp\/v2\/types\/post"}],"author":[{"embeddable":true,"href":"https:\/\/stepienybarno.es\/blog\/wp-json\/wp\/v2\/users\/10"}],"replies":[{"embeddable":true,"href":"https:\/\/stepienybarno.es\/blog\/wp-json\/wp\/v2\/comments?post=33267"}],"version-history":[{"count":1,"href":"https:\/\/stepienybarno.es\/blog\/wp-json\/wp\/v2\/posts\/33267\/revisions"}],"predecessor-version":[{"id":33269,"href":"https:\/\/stepienybarno.es\/blog\/wp-json\/wp\/v2\/posts\/33267\/revisions\/33269"}],"wp:featuredmedia":[{"embeddable":true,"href":"https:\/\/stepienybarno.es\/blog\/wp-json\/wp\/v2\/media\/33268"}],"wp:attachment":[{"href":"https:\/\/stepienybarno.es\/blog\/wp-json\/wp\/v2\/media?parent=33267"}],"wp:term":[{"taxonomy":"category","embeddable":true,"href":"https:\/\/stepienybarno.es\/blog\/wp-json\/wp\/v2\/categories?post=33267"},{"taxonomy":"post_tag","embeddable":true,"href":"https:\/\/stepienybarno.es\/blog\/wp-json\/wp\/v2\/tags?post=33267"},{"taxonomy":"series","embeddable":true,"href":"https:\/\/stepienybarno.es\/blog\/wp-json\/wp\/v2\/series?post=33267"}],"curies":[{"name":"wp","href":"https:\/\/api.w.org\/{rel}","templated":true}]}}