{"id":33302,"date":"2018-10-22T10:04:38","date_gmt":"2018-10-22T08:04:38","guid":{"rendered":"https:\/\/www.stepienybarno.es\/blog\/?p=33302"},"modified":"2023-06-14T11:33:21","modified_gmt":"2023-06-14T09:33:21","slug":"recuerdos-de-la-carrera-de-arquitectura","status":"publish","type":"post","link":"https:\/\/stepienybarno.es\/blog\/2018\/10\/22\/recuerdos-de-la-carrera-de-arquitectura\/","title":{"rendered":"RECUERDOS DE LA CARRERA DE ARQUITECTURA"},"content":{"rendered":"<p style=\"text-align: center;\"><iframe loading=\"lazy\" src=\"https:\/\/www.youtube.com\/embed\/80xmTJyKO4k\" width=\"750\" height=\"420\" frameborder=\"0\" allowfullscreen=\"allowfullscreen\"><\/iframe><\/p>\n<p>\u00a1Ya est\u00e1 aqu\u00ed!<\/p>\n<p>Tal y como os anunciamos el lunes pasado, os traemos este gran <strong>v\u00eddeo repleto de recuerdos de la carrera de arquitectura<\/strong>.<\/p>\n<p>Al comienzo de curso nos planteamos liar a vari@s de vosotr@s con la siguiente pregunta:<\/p>\n<h3 style=\"text-align: center;\"><strong>\u00bfQu\u00e9 recuerdos chulos guardas de la carrera de arquitectura?<\/strong><\/h3>\n<p>Las respuestas no tienen desperdicio&#8230;<\/p>\n<p>Queremos agradecer a <strong>Jose Mar\u00eda Echarte, Ana Asensio, Francisco Camino, Enrique Parra, Blanca Espigares, Manuel Saga, Uxua Dombl\u00e1s, Paco Casas, Ana Mombiedro, Alberto Alonso, Dolores Victoria Ruiz, Miguel Villegas y Santiago de Molina<\/strong>, esas personitas que se han dejado liar, su tiempo, sus recuerdos y el haber compartido con nosotros todos estos momentos.<\/p>\n<p>Esperemos que os trasladen a aquella \u00e9poca de cuando estudiabais arquitectura&#8230; o, s\u00ed es ahora cuando est\u00e1s en la carrera, que te inspiren u os hagan re\u00edr por situaciones que se os hagan muy muy conocidas.<\/p>\n<p>&nbsp;<\/p>\n<p style=\"text-align: center;\">Por \u00faltimo, como sab\u00e9is estamos intentando dar movimiento al <strong>canal de Youtube<\/strong>, creemos que es un medio simp\u00e1tico para seguir compartiendo; as\u00ed que, no os perd\u00e1is nada de lo que compartamos por all\u00ed y suscribios al canal,<\/p>\n<h3 style=\"text-align: center;\"><strong><a href=\"http:\/\/bit.ly\/2PHZFRc\" target=\"_blank\" rel=\"noopener\">AQU\u00cd<\/a><\/strong><\/h3>\n<h3 style=\"text-align: center;\"><span style=\"font-size: xx-small;\"><strong><span style=\"color: #999999;\"><span style=\"font-family: Georgia, serif;\"><i>Autores del post: Stepienybarno<\/i><\/span><\/span><\/strong><\/span><\/h3>\n<p>&nbsp;<\/p>\n<p>&nbsp;<\/p>\n<p style=\"text-align: center;\"><img loading=\"lazy\" decoding=\"async\" class=\"alignnone size-large wp-image-33323\" src=\"https:\/\/stepienybarno.es\/blog\/wp-content\/uploads\/2018\/10\/Recuerdos-de-la-carrera-de-arquitectura-estudiar-arquitectura-arquitectos-arquitectas-stepienybarno-2018-1024x576.jpg\" alt=\"\" width=\"911\" height=\"512\" srcset=\"https:\/\/stepienybarno.es\/blog\/wp-content\/uploads\/2018\/10\/Recuerdos-de-la-carrera-de-arquitectura-estudiar-arquitectura-arquitectos-arquitectas-stepienybarno-2018-1024x576.jpg 1024w, https:\/\/stepienybarno.es\/blog\/wp-content\/uploads\/2018\/10\/Recuerdos-de-la-carrera-de-arquitectura-estudiar-arquitectura-arquitectos-arquitectas-stepienybarno-2018-180x101.jpg 180w, https:\/\/stepienybarno.es\/blog\/wp-content\/uploads\/2018\/10\/Recuerdos-de-la-carrera-de-arquitectura-estudiar-arquitectura-arquitectos-arquitectas-stepienybarno-2018-550x309.jpg 550w, https:\/\/stepienybarno.es\/blog\/wp-content\/uploads\/2018\/10\/Recuerdos-de-la-carrera-de-arquitectura-estudiar-arquitectura-arquitectos-arquitectas-stepienybarno-2018-316x178.jpg 316w, https:\/\/stepienybarno.es\/blog\/wp-content\/uploads\/2018\/10\/Recuerdos-de-la-carrera-de-arquitectura-estudiar-arquitectura-arquitectos-arquitectas-stepienybarno-2018.jpg 1280w\" sizes=\"(max-width: 911px) 100vw, 911px\" \/><\/p>\n<p>&nbsp;<\/p>\n","protected":false},"excerpt":{"rendered":"<p>V\u00eddeo de los recuerdos de la carrera y de lo que supone estudiar arquitectura.<\/p>\n","protected":false},"author":2,"featured_media":33323,"comment_status":"open","ping_status":"closed","sticky":false,"template":"","format":"standard","meta":{"om_disable_all_campaigns":false,"_monsterinsights_skip_tracking":false,"_monsterinsights_sitenote_active":false,"_monsterinsights_sitenote_note":"","_monsterinsights_sitenote_category":0,"_uf_show_specific_survey":0,"_uf_disable_surveys":false,"episode_type":"","audio_file":"","cover_image":"","cover_image_id":"","duration":"","filesize":"","date_recorded":"","explicit":"","block":"","filesize_raw":"","footnotes":""},"categories":[63,2976],"tags":[5075,2610,4036,258,2898,133,2829,515,2790,281,2124,416,4862,4890,264,3389,465,187,1299,2765,3953],"series":[],"class_list":["post-33302","post","type-post","status-publish","format-standard","has-post-thumbnail","hentry","category-arqui-entrevista","category-profesion-arquitecto","tag-alberto-alonso-oro","tag-ana-asensio","tag-ana-mombiedro","tag-arquitextonica","tag-blanca-espigares","tag-brijuni","tag-brijuni-architects","tag-dolores-victoria-ruiz-garrido","tag-enrique-parra","tag-jose-maria-echarte","tag-manuel-saga","tag-miguel-villegas","tag-mini-entrevista","tag-minientrevista","tag-n1","tag-pacho-camino","tag-paco-casas","tag-santiago-de-molina","tag-uxua-domblas","tag-veredes-arquitectura-y-divulgacion","tag-youtube"],"aioseo_notices":[],"episode_featured_image":"https:\/\/stepienybarno.es\/blog\/wp-content\/uploads\/2018\/10\/Recuerdos-de-la-carrera-de-arquitectura-estudiar-arquitectura-arquitectos-arquitectas-stepienybarno-2018.jpg","episode_player_image":"https:\/\/stepienybarno.es\/blog\/wp-content\/uploads\/2020\/11\/stepienybarno-podcast-scaled.jpg","download_link":"","player_link":"","audio_player":false,"episode_data":{"playerMode":"dark","subscribeUrls":[],"rssFeedUrl":"https:\/\/stepienybarno.es\/blog\/feed\/podcast\/podcast-de-stepienybarno","embedCode":"<blockquote class=\"wp-embedded-content\" data-secret=\"ABAOcrMCJ8\"><a href=\"https:\/\/stepienybarno.es\/blog\/2018\/10\/22\/recuerdos-de-la-carrera-de-arquitectura\/\">RECUERDOS DE LA CARRERA DE ARQUITECTURA<\/a><\/blockquote><iframe sandbox=\"allow-scripts\" security=\"restricted\" src=\"https:\/\/stepienybarno.es\/blog\/2018\/10\/22\/recuerdos-de-la-carrera-de-arquitectura\/embed\/#?secret=ABAOcrMCJ8\" width=\"500\" height=\"350\" title=\"\u00abRECUERDOS DE LA CARRERA DE ARQUITECTURA\u00bb \u2014 Blog de STEPIEN Y BARNO - publicaci\u00f3n digital sobre arquitectura\" data-secret=\"ABAOcrMCJ8\" frameborder=\"0\" marginwidth=\"0\" marginheight=\"0\" scrolling=\"no\" class=\"wp-embedded-content\"><\/iframe><script type=\"text\/javascript\">\n\/* <![CDATA[ *\/\n\/*! This file is auto-generated *\/\n!function(d,l){\"use strict\";l.querySelector&&d.addEventListener&&\"undefined\"!=typeof URL&&(d.wp=d.wp||{},d.wp.receiveEmbedMessage||(d.wp.receiveEmbedMessage=function(e){var t=e.data;if((t||t.secret||t.message||t.value)&&!\/[^a-zA-Z0-9]\/.test(t.secret)){for(var s,r,n,a=l.querySelectorAll('iframe[data-secret=\"'+t.secret+'\"]'),o=l.querySelectorAll('blockquote[data-secret=\"'+t.secret+'\"]'),c=new RegExp(\"^https?:$\",\"i\"),i=0;i<o.length;i++)o[i].style.display=\"none\";for(i=0;i<a.length;i++)s=a[i],e.source===s.contentWindow&&(s.removeAttribute(\"style\"),\"height\"===t.message?(1e3<(r=parseInt(t.value,10))?r=1e3:~~r<200&&(r=200),s.height=r):\"link\"===t.message&&(r=new URL(s.getAttribute(\"src\")),n=new URL(t.value),c.test(n.protocol))&&n.host===r.host&&l.activeElement===s&&(d.top.location.href=t.value))}},d.addEventListener(\"message\",d.wp.receiveEmbedMessage,!1),l.addEventListener(\"DOMContentLoaded\",function(){for(var e,t,s=l.querySelectorAll(\"iframe.wp-embedded-content\"),r=0;r<s.length;r++)(t=(e=s[r]).getAttribute(\"data-secret\"))||(t=Math.random().toString(36).substring(2,12),e.src+=\"#?secret=\"+t,e.setAttribute(\"data-secret\",t)),e.contentWindow.postMessage({message:\"ready\",secret:t},\"*\")},!1)))}(window,document);\n\/* ]]> *\/\n<\/script>\n"},"_links":{"self":[{"href":"https:\/\/stepienybarno.es\/blog\/wp-json\/wp\/v2\/posts\/33302"}],"collection":[{"href":"https:\/\/stepienybarno.es\/blog\/wp-json\/wp\/v2\/posts"}],"about":[{"href":"https:\/\/stepienybarno.es\/blog\/wp-json\/wp\/v2\/types\/post"}],"author":[{"embeddable":true,"href":"https:\/\/stepienybarno.es\/blog\/wp-json\/wp\/v2\/users\/2"}],"replies":[{"embeddable":true,"href":"https:\/\/stepienybarno.es\/blog\/wp-json\/wp\/v2\/comments?post=33302"}],"version-history":[{"count":14,"href":"https:\/\/stepienybarno.es\/blog\/wp-json\/wp\/v2\/posts\/33302\/revisions"}],"predecessor-version":[{"id":33398,"href":"https:\/\/stepienybarno.es\/blog\/wp-json\/wp\/v2\/posts\/33302\/revisions\/33398"}],"wp:featuredmedia":[{"embeddable":true,"href":"https:\/\/stepienybarno.es\/blog\/wp-json\/wp\/v2\/media\/33323"}],"wp:attachment":[{"href":"https:\/\/stepienybarno.es\/blog\/wp-json\/wp\/v2\/media?parent=33302"}],"wp:term":[{"taxonomy":"category","embeddable":true,"href":"https:\/\/stepienybarno.es\/blog\/wp-json\/wp\/v2\/categories?post=33302"},{"taxonomy":"post_tag","embeddable":true,"href":"https:\/\/stepienybarno.es\/blog\/wp-json\/wp\/v2\/tags?post=33302"},{"taxonomy":"series","embeddable":true,"href":"https:\/\/stepienybarno.es\/blog\/wp-json\/wp\/v2\/series?post=33302"}],"curies":[{"name":"wp","href":"https:\/\/api.w.org\/{rel}","templated":true}]}}