{"id":3339,"date":"2011-04-26T08:59:36","date_gmt":"2011-04-26T06:59:36","guid":{"rendered":"https:\/\/www.stepienybarno.es\/blog\/?p=3339"},"modified":"2014-05-15T20:48:09","modified_gmt":"2014-05-15T18:48:09","slug":"de-arquitectos-a-tenderos","status":"publish","type":"post","link":"https:\/\/stepienybarno.es\/blog\/2011\/04\/26\/de-arquitectos-a-tenderos\/","title":{"rendered":"DE ARQUITECTOS A TENDEROS"},"content":{"rendered":"<p>\u00a0<\/p>\n<p align=\"center\"><img loading=\"lazy\" decoding=\"async\" class=\"aligncenter size-full wp-image-3340\" title=\"arquitectos_tenderos EL PAIS XAVIER SANS en stepienybarno\" src=\"https:\/\/stepienybarno.es\/blog\/wp-content\/uploads\/2011\/04\/arquitectos_tenderos-EL-PAIS-XAVIER-SANS-en-stepienybarno.jpg\" alt=\"arquitectos_tenderos EL PAIS XAVIER SANS en stepienybarno\" width=\"350\" height=\"235\" srcset=\"https:\/\/stepienybarno.es\/blog\/wp-content\/uploads\/2011\/04\/arquitectos_tenderos-EL-PAIS-XAVIER-SANS-en-stepienybarno.jpg 350w, https:\/\/stepienybarno.es\/blog\/wp-content\/uploads\/2011\/04\/arquitectos_tenderos-EL-PAIS-XAVIER-SANS-en-stepienybarno-180x121.jpg 180w, https:\/\/stepienybarno.es\/blog\/wp-content\/uploads\/2011\/04\/arquitectos_tenderos-EL-PAIS-XAVIER-SANS-en-stepienybarno-316x212.jpg 316w\" sizes=\"(max-width: 350px) 100vw, 350px\" \/>\u00a0<\/p>\n<p>Noticia aparecida ayer en El pais.com<\/p>\n<p>V\u00eda _ <a href=\"http:\/\/vilanovastudio.blogspot.com\/\">vilanovastudio<\/a><\/p>\n<p>\u00a0<!--more--><\/p>\n<p>\u00a0<\/p>\n<p>La prensa generalista se hace eco del estado de la calamitosa situaci\u00f3n laboral de los arquitectos.<\/p>\n<p>\u00a0<\/p>\n<p>\u201c(\u2026) Hace tan solo un mes, proyectaban edificios. Pero a sus treinta y tantos y con un ni\u00f1o de 17 meses, han tenido que cambiar la mesa de dibujo por la caja registradora.\u201d<\/p>\n<p>\u00a0<\/p>\n<p>\u201c(\u2026) -Ir a trabajar a otro despacho no era una opci\u00f3n: todos est\u00e1n igual de mal-\u00bb<\/p>\n<p>\u00a0<\/p>\n<p>\u201c(\u2026) Pero los arquitectos que buscan cualquier tipo trabajo no lo tienen f\u00e1cil. -Estamos preparados para hacer de administrativos, pero no te cogen por temor a que te vayas pronto-\u201c<\/p>\n<p>\u00a0<\/p>\n<p>\u00a0<\/p>\n<p><a href=\"http:\/\/www.elpais.com\/articulo\/cataluna\/arquitectos\/tenderos\/elpepiespcat\/20110425elpcat_15\/Tes\">Acceder a la noticia.<\/a><\/p>\n<p>\u00a0<\/p>\n<p>\u00a0<\/p>\n<p>Noticia seleccionada por el Canal de arquitectura STEPIENYBARNO.<\/p>\n<p><a href=\"http:\/\/www.linkedin.com\/company\/stepienybarno\">STEPIENYBARNO EN LINKEDIN<\/a><\/p>\n<p><a href=\"http:\/\/twitter.com\/stepienybarno\/stepienybarno\">STEPIENYBARNO EN TWITTER<\/a><\/p>\n<p><a href=\"https:\/\/www.facebook.com\/StepienybarnoCANAL\">STEPIENYBARNO EN FACEBOOK<\/a><\/p>\n<p>\u00a0<\/p>\n<p>*Stepienybarno est\u00e1 formado por Agnieszka Stepien y Lorenzo Barn\u00f3. Nuestra actividad se sustenta en tres pilares b\u00e1sicos: la investigaci\u00f3n, la publicaci\u00f3n y la redacci\u00f3n de proyectos de arquitectura.<\/p>\n<p>A su vez, somos socios cofundadores de <a href=\"http:\/\/sinergiasostenible.org\/\">SINERGIA SOSTENIBLE<\/a> y redactores de <a href=\"http:\/\/www.laciudadviva.org\/blogs\/?author=45\">LA CIUDAD VIVA<\/a>.<\/p>\n","protected":false},"excerpt":{"rendered":"\n<p>Noticia aparecida ayer en El pais.com<\/p>\n<p>V\u00eda _ vilanovastudio<\/p>\n","protected":false},"author":2,"featured_media":0,"comment_status":"open","ping_status":"closed","sticky":false,"template":"","format":"standard","meta":{"om_disable_all_campaigns":false,"_monsterinsights_skip_tracking":false,"_monsterinsights_sitenote_active":false,"_monsterinsights_sitenote_note":"","_monsterinsights_sitenote_category":0,"_uf_show_specific_survey":0,"_uf_disable_surveys":false,"episode_type":"","audio_file":"","cover_image":"","cover_image_id":"","duration":"","filesize":"","date_recorded":"","explicit":"","block":"","filesize_raw":"","footnotes":""},"categories":[34,244,2976],"tags":[4274,9,912,911,913],"series":[],"class_list":["post-3339","post","type-post","status-publish","format-standard","hentry","category-actualidad","category-canal-de-arquitectura","category-profesion-arquitecto","tag-actualidad","tag-arquitectura","tag-el-pais-com","tag-vilanovastudio","tag-xavier-sans"],"aioseo_notices":[],"episode_featured_image":false,"episode_player_image":"https:\/\/stepienybarno.es\/blog\/wp-content\/uploads\/2020\/11\/stepienybarno-podcast-scaled.jpg","download_link":"","player_link":"","audio_player":false,"episode_data":{"playerMode":"dark","subscribeUrls":[],"rssFeedUrl":"https:\/\/stepienybarno.es\/blog\/feed\/podcast\/podcast-de-stepienybarno","embedCode":"<blockquote class=\"wp-embedded-content\" data-secret=\"mxyC6hZ2Kh\"><a href=\"https:\/\/stepienybarno.es\/blog\/2011\/04\/26\/de-arquitectos-a-tenderos\/\">DE ARQUITECTOS A TENDEROS<\/a><\/blockquote><iframe sandbox=\"allow-scripts\" security=\"restricted\" src=\"https:\/\/stepienybarno.es\/blog\/2011\/04\/26\/de-arquitectos-a-tenderos\/embed\/#?secret=mxyC6hZ2Kh\" width=\"500\" height=\"350\" title=\"\u00abDE ARQUITECTOS A TENDEROS\u00bb \u2014 Blog de STEPIEN Y BARNO - publicaci\u00f3n digital sobre arquitectura\" data-secret=\"mxyC6hZ2Kh\" frameborder=\"0\" marginwidth=\"0\" marginheight=\"0\" scrolling=\"no\" class=\"wp-embedded-content\"><\/iframe><script type=\"text\/javascript\">\n\/* <![CDATA[ *\/\n\/*! This file is auto-generated *\/\n!function(d,l){\"use strict\";l.querySelector&&d.addEventListener&&\"undefined\"!=typeof URL&&(d.wp=d.wp||{},d.wp.receiveEmbedMessage||(d.wp.receiveEmbedMessage=function(e){var t=e.data;if((t||t.secret||t.message||t.value)&&!\/[^a-zA-Z0-9]\/.test(t.secret)){for(var s,r,n,a=l.querySelectorAll('iframe[data-secret=\"'+t.secret+'\"]'),o=l.querySelectorAll('blockquote[data-secret=\"'+t.secret+'\"]'),c=new RegExp(\"^https?:$\",\"i\"),i=0;i<o.length;i++)o[i].style.display=\"none\";for(i=0;i<a.length;i++)s=a[i],e.source===s.contentWindow&&(s.removeAttribute(\"style\"),\"height\"===t.message?(1e3<(r=parseInt(t.value,10))?r=1e3:~~r<200&&(r=200),s.height=r):\"link\"===t.message&&(r=new URL(s.getAttribute(\"src\")),n=new URL(t.value),c.test(n.protocol))&&n.host===r.host&&l.activeElement===s&&(d.top.location.href=t.value))}},d.addEventListener(\"message\",d.wp.receiveEmbedMessage,!1),l.addEventListener(\"DOMContentLoaded\",function(){for(var e,t,s=l.querySelectorAll(\"iframe.wp-embedded-content\"),r=0;r<s.length;r++)(t=(e=s[r]).getAttribute(\"data-secret\"))||(t=Math.random().toString(36).substring(2,12),e.src+=\"#?secret=\"+t,e.setAttribute(\"data-secret\",t)),e.contentWindow.postMessage({message:\"ready\",secret:t},\"*\")},!1)))}(window,document);\n\/* ]]> *\/\n<\/script>\n"},"_links":{"self":[{"href":"https:\/\/stepienybarno.es\/blog\/wp-json\/wp\/v2\/posts\/3339"}],"collection":[{"href":"https:\/\/stepienybarno.es\/blog\/wp-json\/wp\/v2\/posts"}],"about":[{"href":"https:\/\/stepienybarno.es\/blog\/wp-json\/wp\/v2\/types\/post"}],"author":[{"embeddable":true,"href":"https:\/\/stepienybarno.es\/blog\/wp-json\/wp\/v2\/users\/2"}],"replies":[{"embeddable":true,"href":"https:\/\/stepienybarno.es\/blog\/wp-json\/wp\/v2\/comments?post=3339"}],"version-history":[{"count":3,"href":"https:\/\/stepienybarno.es\/blog\/wp-json\/wp\/v2\/posts\/3339\/revisions"}],"predecessor-version":[{"id":3342,"href":"https:\/\/stepienybarno.es\/blog\/wp-json\/wp\/v2\/posts\/3339\/revisions\/3342"}],"wp:attachment":[{"href":"https:\/\/stepienybarno.es\/blog\/wp-json\/wp\/v2\/media?parent=3339"}],"wp:term":[{"taxonomy":"category","embeddable":true,"href":"https:\/\/stepienybarno.es\/blog\/wp-json\/wp\/v2\/categories?post=3339"},{"taxonomy":"post_tag","embeddable":true,"href":"https:\/\/stepienybarno.es\/blog\/wp-json\/wp\/v2\/tags?post=3339"},{"taxonomy":"series","embeddable":true,"href":"https:\/\/stepienybarno.es\/blog\/wp-json\/wp\/v2\/series?post=3339"}],"curies":[{"name":"wp","href":"https:\/\/api.w.org\/{rel}","templated":true}]}}