{"id":33467,"date":"2018-11-02T11:34:11","date_gmt":"2018-11-02T09:34:11","guid":{"rendered":"https:\/\/www.stepienybarno.es\/blog\/?p=33467"},"modified":"2018-11-02T11:36:08","modified_gmt":"2018-11-02T09:36:08","slug":"para-que-sirve-un-arquitectoa-por-juan-domingo-santos","status":"publish","type":"post","link":"https:\/\/stepienybarno.es\/blog\/2018\/11\/02\/para-que-sirve-un-arquitectoa-por-juan-domingo-santos\/","title":{"rendered":"PARA QU\u00c9 SIRVE UN ARQUITECTO\/A? Por Juan Domingo Santos"},"content":{"rendered":"<p><iframe loading=\"lazy\" src=\"https:\/\/www.youtube.com\/embed\/HSF0BguLo2w\" width=\"750\" height=\"420\" frameborder=\"0\" allowfullscreen=\"allowfullscreen\"><\/iframe><\/p>\n<p>Hoy, viernes, continuamos con la secci\u00f3n\u00a0\u00bfPara qu\u00e9 sirve un arquitect@?<\/p>\n<p>Estamos entrevistando a varios arquitect@s con esta pregunta y antes de contestar les animamos a que lo hagan como si le fuera a o\u00edrlo (y entenderlo) su padre o su novi@; vaya, el com\u00fan de los mortales.<\/p>\n<p>As\u00ed, en esta ocasi\u00f3n os dejamos\u00a0con <strong>Juan Domingo Santos<\/strong>, doctor arquitecto y profesor en la Escuela de Arquitectura de la Universidad de Granada. Juan Domingo ha recibido numerosos reconocimientos a su obra, en 2016 fue co-director de la XIII BEAU y recientemente particip\u00f3 en la Bienal de Venecia.<\/p>\n<p>&nbsp;<\/p>\n<h6 style=\"text-align: center;\"><strong>Acceder a m\u00e1s v\u00eddeos como este,<a href=\"https:\/\/youtu.be\/5-8k3WDstb8\">AQU\u00cd<\/a><\/strong><\/h6>\n<p>&nbsp;<\/p>\n<p>Y como siempre, si te gust\u00f3 el post,\u00a0estar\u00eda genial que lo compartas\u00a0en tus redes sociales.<\/p>\n<p>A su vez, si todav\u00eda no est\u00e1s suscrito a nuestra Newsletter, te animamos a hacerlo en la casilla que tienes al terminar este art\u00edculo.<\/p>\n<p>Si te interesa contactar con nosotros para que te ayudemos a mejorar tu visibilidad online y, en consecuencia, mejorar tus oportunidades laborales, no dudes en escribirnos a:\u00a0<a href=\"mailto:blog@stepienybarno.es\">blog@stepienybarno.es<\/a><\/p>\n<p>&nbsp;<\/p>\n<p>*\u00a0<em>Este art\u00edculo ha sido escrito con car\u00e1cter divulgativo y sin ning\u00fan tipo de \u00e1nimo de lucro.<\/em><\/p>\n<p><em><a href=\"https:\/\/twitter.com\/stepienybarno\">STEPIENYBARNO EN TWITTER _ @stepienybarno<\/a><\/em><\/p>\n<p><em><a href=\"http:\/\/www.linkedin.com\/company\/stepienybarno\">STEPIENYBARNO EN LINKEDIN<\/a><\/em><\/p>\n<p><em><a href=\"https:\/\/www.facebook.com\/pages\/BLOG-DE-STEPIENYBARNO\/78001079029\">STEPIENYBARNO EN FACEBOOK<\/a><\/em><\/p>\n<p><em>*\u00a0<a href=\"https:\/\/stepienybarno.es\/blog\/2011\/09\/04\/las-fortalezas-del-arquitecto\/\">Stepienybarno<\/a>\u00a0est\u00e1 formado por Agnieszka Stepien y Lorenzo Barn\u00f3 y desde mayo del 2009 estamos en la red con\u00a0 la presente publicaci\u00f3n digital (Blog) de arquitectura.<\/em><\/p>\n<p><em>Nuestra actividad se sustenta en tres pilares b\u00e1sicos: la investigaci\u00f3n, la publicaci\u00f3n y la redacci\u00f3n de proyectos de arquitectura.<\/em><\/p>\n<p><em>A su vez, somos socios cofundadores de\u00a0<a href=\"http:\/\/sinergiasostenible.org\/\">SINERGIA SOSTENIBLE<\/a>, redactores de\u00a0<a href=\"http:\/\/www.laciudadviva.org\/blogs\/?author=45\">LA CIUDAD VIVA<\/a>\u00a0y directores del blog de FUNDACI\u00d3N ARQUIA.<\/em><\/p>\n","protected":false},"excerpt":{"rendered":"<p>Hoy, viernes, continuamos con la secci\u00f3n\u00a0\u00bfPara qu\u00e9 sirve un arquitect@?<\/p>\n","protected":false},"author":2,"featured_media":33472,"comment_status":"open","ping_status":"closed","sticky":false,"template":"","format":"standard","meta":{"om_disable_all_campaigns":false,"_monsterinsights_skip_tracking":false,"_monsterinsights_sitenote_active":false,"_monsterinsights_sitenote_note":"","_monsterinsights_sitenote_category":0,"_uf_show_specific_survey":0,"_uf_disable_surveys":false,"episode_type":"","audio_file":"","cover_image":"","cover_image_id":"","duration":"","filesize":"","date_recorded":"","explicit":"","block":"","filesize_raw":"","footnotes":""},"categories":[34,63,2976],"tags":[648,4862,4890,5865,6054],"series":[],"class_list":["post-33467","post","type-post","status-publish","format-standard","has-post-thumbnail","hentry","category-actualidad","category-arqui-entrevista","category-profesion-arquitecto","tag-juan-domingo-santos","tag-mini-entrevista","tag-minientrevista","tag-para-que-sirve-un-arquitecto","tag-para-que-sirve-un-arquitectoa"],"aioseo_notices":[],"episode_featured_image":"https:\/\/stepienybarno.es\/blog\/wp-content\/uploads\/2018\/11\/Juan-Domingo-Santos.-Stepienybarno.-Para-que-sirve-un-arquitecto.jpg","episode_player_image":"https:\/\/stepienybarno.es\/blog\/wp-content\/uploads\/2020\/11\/stepienybarno-podcast-scaled.jpg","download_link":"","player_link":"","audio_player":false,"episode_data":{"playerMode":"dark","subscribeUrls":[],"rssFeedUrl":"https:\/\/stepienybarno.es\/blog\/feed\/podcast\/podcast-de-stepienybarno","embedCode":"<blockquote class=\"wp-embedded-content\" data-secret=\"EvSh9yOsqi\"><a href=\"https:\/\/stepienybarno.es\/blog\/2018\/11\/02\/para-que-sirve-un-arquitectoa-por-juan-domingo-santos\/\">PARA QU\u00c9 SIRVE UN ARQUITECTO\/A? Por Juan Domingo Santos<\/a><\/blockquote><iframe sandbox=\"allow-scripts\" security=\"restricted\" src=\"https:\/\/stepienybarno.es\/blog\/2018\/11\/02\/para-que-sirve-un-arquitectoa-por-juan-domingo-santos\/embed\/#?secret=EvSh9yOsqi\" width=\"500\" height=\"350\" title=\"\u00abPARA QU\u00c9 SIRVE UN ARQUITECTO\/A? Por Juan Domingo Santos\u00bb \u2014 Blog de STEPIEN Y BARNO - publicaci\u00f3n digital sobre arquitectura\" data-secret=\"EvSh9yOsqi\" frameborder=\"0\" marginwidth=\"0\" marginheight=\"0\" scrolling=\"no\" class=\"wp-embedded-content\"><\/iframe><script type=\"text\/javascript\">\n\/* <![CDATA[ *\/\n\/*! This file is auto-generated *\/\n!function(d,l){\"use strict\";l.querySelector&&d.addEventListener&&\"undefined\"!=typeof URL&&(d.wp=d.wp||{},d.wp.receiveEmbedMessage||(d.wp.receiveEmbedMessage=function(e){var t=e.data;if((t||t.secret||t.message||t.value)&&!\/[^a-zA-Z0-9]\/.test(t.secret)){for(var s,r,n,a=l.querySelectorAll('iframe[data-secret=\"'+t.secret+'\"]'),o=l.querySelectorAll('blockquote[data-secret=\"'+t.secret+'\"]'),c=new RegExp(\"^https?:$\",\"i\"),i=0;i<o.length;i++)o[i].style.display=\"none\";for(i=0;i<a.length;i++)s=a[i],e.source===s.contentWindow&&(s.removeAttribute(\"style\"),\"height\"===t.message?(1e3<(r=parseInt(t.value,10))?r=1e3:~~r<200&&(r=200),s.height=r):\"link\"===t.message&&(r=new URL(s.getAttribute(\"src\")),n=new URL(t.value),c.test(n.protocol))&&n.host===r.host&&l.activeElement===s&&(d.top.location.href=t.value))}},d.addEventListener(\"message\",d.wp.receiveEmbedMessage,!1),l.addEventListener(\"DOMContentLoaded\",function(){for(var e,t,s=l.querySelectorAll(\"iframe.wp-embedded-content\"),r=0;r<s.length;r++)(t=(e=s[r]).getAttribute(\"data-secret\"))||(t=Math.random().toString(36).substring(2,12),e.src+=\"#?secret=\"+t,e.setAttribute(\"data-secret\",t)),e.contentWindow.postMessage({message:\"ready\",secret:t},\"*\")},!1)))}(window,document);\n\/* ]]> *\/\n<\/script>\n"},"_links":{"self":[{"href":"https:\/\/stepienybarno.es\/blog\/wp-json\/wp\/v2\/posts\/33467"}],"collection":[{"href":"https:\/\/stepienybarno.es\/blog\/wp-json\/wp\/v2\/posts"}],"about":[{"href":"https:\/\/stepienybarno.es\/blog\/wp-json\/wp\/v2\/types\/post"}],"author":[{"embeddable":true,"href":"https:\/\/stepienybarno.es\/blog\/wp-json\/wp\/v2\/users\/2"}],"replies":[{"embeddable":true,"href":"https:\/\/stepienybarno.es\/blog\/wp-json\/wp\/v2\/comments?post=33467"}],"version-history":[{"count":5,"href":"https:\/\/stepienybarno.es\/blog\/wp-json\/wp\/v2\/posts\/33467\/revisions"}],"predecessor-version":[{"id":33473,"href":"https:\/\/stepienybarno.es\/blog\/wp-json\/wp\/v2\/posts\/33467\/revisions\/33473"}],"wp:featuredmedia":[{"embeddable":true,"href":"https:\/\/stepienybarno.es\/blog\/wp-json\/wp\/v2\/media\/33472"}],"wp:attachment":[{"href":"https:\/\/stepienybarno.es\/blog\/wp-json\/wp\/v2\/media?parent=33467"}],"wp:term":[{"taxonomy":"category","embeddable":true,"href":"https:\/\/stepienybarno.es\/blog\/wp-json\/wp\/v2\/categories?post=33467"},{"taxonomy":"post_tag","embeddable":true,"href":"https:\/\/stepienybarno.es\/blog\/wp-json\/wp\/v2\/tags?post=33467"},{"taxonomy":"series","embeddable":true,"href":"https:\/\/stepienybarno.es\/blog\/wp-json\/wp\/v2\/series?post=33467"}],"curies":[{"name":"wp","href":"https:\/\/api.w.org\/{rel}","templated":true}]}}