{"id":33535,"date":"2018-11-15T12:25:19","date_gmt":"2018-11-15T10:25:19","guid":{"rendered":"https:\/\/www.stepienybarno.es\/blog\/?p=33535"},"modified":"2018-11-15T12:25:19","modified_gmt":"2018-11-15T10:25:19","slug":"cuestion-de-sentimiento","status":"publish","type":"post","link":"https:\/\/stepienybarno.es\/blog\/2018\/11\/15\/cuestion-de-sentimiento\/","title":{"rendered":"Cuesti\u00f3n de Sentimiento"},"content":{"rendered":"<p><img loading=\"lazy\" decoding=\"async\" class=\"aligncenter size-medium wp-image-33537\" src=\"https:\/\/stepienybarno.es\/blog\/wp-content\/uploads\/2018\/11\/Stepienybarno-garmendia-maderayconstruccion-PostDelDia-01-550x413.jpg\" alt=\"\" width=\"550\" height=\"413\" srcset=\"https:\/\/stepienybarno.es\/blog\/wp-content\/uploads\/2018\/11\/Stepienybarno-garmendia-maderayconstruccion-PostDelDia-01-550x413.jpg 550w, https:\/\/stepienybarno.es\/blog\/wp-content\/uploads\/2018\/11\/Stepienybarno-garmendia-maderayconstruccion-PostDelDia-01-180x135.jpg 180w, https:\/\/stepienybarno.es\/blog\/wp-content\/uploads\/2018\/11\/Stepienybarno-garmendia-maderayconstruccion-PostDelDia-01-316x237.jpg 316w, https:\/\/stepienybarno.es\/blog\/wp-content\/uploads\/2018\/11\/Stepienybarno-garmendia-maderayconstruccion-PostDelDia-01.jpg 750w\" sizes=\"(max-width: 550px) 100vw, 550px\" \/><\/p>\n<p>Por: <a href=\"http:\/\/www.garmendiacordero.com\/\" target=\"_blank\" rel=\"noopener\">Garmendia Cordero Arquitectos<\/a><\/p>\n<p>Desde: <a href=\"http:\/\/maderayconstruccion.com\" target=\"_blank\" rel=\"noopener\">Madera y Construcci\u00f3n\u00a0<\/a><\/p>\n<p><!--more--><\/p>\n<p>\u00bb Siempre he pensado que en el uso de la madera existe una\u00a0<strong>justificaci\u00f3n rom\u00e1ntica<\/strong>\u00a0m\u00e1s presente que en el resto de materiales que podamos llegar a utilizar a la hora de crear espacios. Algo\u00a0<strong>emocional<\/strong>\u00a0ajeno a las numerosas razones t\u00e9cnicas con las que ya cuenta que lo convierte en un material diferente, en un elemento capaz de enamorar en cualquier estado y forma.\u00a0<strong>Un material con un encanto m\u00e1s all\u00e1 de lo constructivo.<\/strong><\/p>\n<p>Es una de esas pocas cosas que provoca casi unanimidad. Qu\u00e9 dif\u00edcil resulta cruzarte con alguien que repudie la madera, ni siquiera nadie que muestre indiferencia ante ella. He de decir que a m\u00ed me pas\u00f3 una vez, todav\u00eda recuerdo el momento y c\u00f3mo me sent\u00ed, descolocado, aturdido, sin saber qu\u00e9 decir ni c\u00f3mo continuar la conversaci\u00f3n.<\/p>\n<p>Y es que\u00a0<strong>mi relaci\u00f3n con la madera es anterior a mis propios recuerdos ya que mi\u00a0<em>aitite<\/em><\/strong>\u00a0(abuelo), una de las, a d\u00eda de hoy, personas m\u00e1s bellas que he conocido jam\u00e1s,\u00a0<strong>era<\/strong>\u00a0<strong>carpintero<\/strong>. Dorm\u00ed los primeros a\u00f1os de mi vida en una\u00a0<strong>cuna fabricada por \u00e9l<\/strong>, una cuna que adem\u00e1s\u00a0<strong>se transformaba en mesa<\/strong>, acompa\u00f1\u00e1ndome as\u00ed muchos a\u00f1os m\u00e1s, supongo que s\u00f3lo por eso entender\u00e9is que ni puedo ni quiero ser imparcial con ella. (&#8230;) \u00bb<\/p>\n<p>&nbsp;<\/p>\n<p style=\"text-align: center;\">Acceder al Art\u00edculo <a href=\"http:\/\/bit.ly\/2B8sIbY\" target=\"_blank\" rel=\"noopener\">AQU\u00cd<\/a><\/p>\n<p>&nbsp;<\/p>\n<p>&nbsp;<\/p>\n<h5><strong>Autores del post:\u00a0<a href=\"https:\/\/stepienybarno.es\/blog\/2011\/09\/04\/las-fortalezas-del-arquitecto\/\">Stepienybarno<\/a>\u00a0_ Agnieszka Stepien y Lorenzo Barn\u00f3<\/strong><\/h5>\n<h5>Y como siempre, si te gust\u00f3 el post,\u00a0estar\u00eda genial que lo compartas\u00a0en tus redes sociales.<\/h5>\n<h5>A su vez, si todav\u00eda no est\u00e1s suscrito a nuestra Newsletter, te animamos a hacerlo en la casilla que tienes al terminar este art\u00edculo.<\/h5>\n<p>&nbsp;<\/p>\n<blockquote><p>Suscribirte a nuestro blog y recibe gratis nuestra gu\u00eda: 10 Ideas para vender m\u00e1s si eres arquitecto<\/p>\n<p>Acceder:\u00a0<a href=\"http:\/\/bit.ly\/2fkkTS7\">http:\/\/bit.ly\/2fkkTS7<\/a><\/p>\n<p>&nbsp;<\/p>\n<p>Si te interesa contactar con nosotros para que te ayudemos a mejorar tu visibilidad online y, en consecuencia, mejorar tus oportunidades laborales, no dudes en escribirnos a:\u00a0<a href=\"mailto:blog@stepienybarno.es\">blog@stepienybarno.es<\/a><\/p><\/blockquote>\n<p>&nbsp;<\/p>\n<p><em><a href=\"https:\/\/twitter.com\/stepienybarno\">Stepienybarno en TWITTER<\/a><\/em><\/p>\n<p><em><a href=\"https:\/\/twitter.com\/stepienybarno\">@stepienybarno (+ de 16.000 seguidores)<\/a><\/em><\/p>\n<p><em><a href=\"https:\/\/twitter.com\/stepienybarno?lang=es\">https:\/\/twitter.com\/stepienybarno?lang=es<\/a><\/em><\/p>\n<p><em><a href=\"https:\/\/www.facebook.com\/pages\/BLOG-DE-STEPIENYBARNO\/78001079029\">Stepienybarno en FACEBOOK (+ de 24<u>.000 seguidores)<\/u><\/a><\/em><\/p>\n<p><em><a href=\"https:\/\/www.facebook.com\/StepienyBarnoArquitecturaeIdentidadDigital\/\">https:\/\/www.facebook.com\/StepienyBarnoArquitecturaeIdentidadDigital\/<\/a><\/em><\/p>\n<p><em>Acceder a nuestro GRUPO CERRADO DE FACEBOOK sobre Identidad Digital para Arquitectos:<\/em><\/p>\n<p><em><a href=\"https:\/\/www.facebook.com\/groups\/IdentidadDigitalParaArquitectos\/\">https:\/\/www.facebook.com\/groups\/IdentidadDigitalParaArquitectos\/<\/a><\/em><\/p>\n<p><em>Suscr\u00edbete a nuestro canal de YOUTUBE:\u00a0<a href=\"http:\/\/bit.ly\/2A1UtAd\">http:\/\/bit.ly\/2A1UtAd<\/a><\/em><\/p>\n<p>&nbsp;<\/p>\n<p>*\u00a0<a href=\"https:\/\/stepienybarno.es\/blog\/2011\/09\/04\/las-fortalezas-del-arquitecto\/\">Stepienybarno<\/a>\u00a0est\u00e1 formado por Agnieszka Stepien y Lorenzo Barn\u00f3 y desde mayo del 2009 estamos en la red con\u00a0 la presente publicaci\u00f3n digital (Blog) de arquitectura.<\/p>\n<p>Nuestra actividad se sustenta en tres pilares b\u00e1sicos: la investigaci\u00f3n, la publicaci\u00f3n y la redacci\u00f3n de proyectos de arquitectura.<\/p>\n<p>A su vez, somos socios cofundadores de\u00a0<a href=\"http:\/\/sinergiasostenible.org\/\">SINERGIA SOSTENIBLE<\/a>\u00a0y directores del blog de FUNDACI\u00d3N ARQUIA.<\/p>\n","protected":false},"excerpt":{"rendered":"<p>Por: Garmendia Cordero Arquitectos Desde: Madera y Construcci\u00f3n\u00a0<\/p>\n","protected":false},"author":10,"featured_media":33537,"comment_status":"open","ping_status":"closed","sticky":false,"template":"","format":"standard","meta":{"om_disable_all_campaigns":false,"_monsterinsights_skip_tracking":false,"_monsterinsights_sitenote_active":false,"_monsterinsights_sitenote_note":"","_monsterinsights_sitenote_category":0,"_uf_show_specific_survey":0,"_uf_disable_surveys":false,"episode_type":"","audio_file":"","cover_image":"","cover_image_id":"","duration":"","filesize":"","date_recorded":"","explicit":"","block":"","filesize_raw":"","footnotes":""},"categories":[244],"tags":[5364,6043,6042],"series":[],"class_list":["post-33535","post","type-post","status-publish","format-standard","has-post-thumbnail","hentry","category-canal-de-arquitectura","tag-garmendia-cordero-arquitectos","tag-madera","tag-madera-y-construccion"],"aioseo_notices":[],"episode_featured_image":"https:\/\/stepienybarno.es\/blog\/wp-content\/uploads\/2018\/11\/Stepienybarno-garmendia-maderayconstruccion-PostDelDia-01.jpg","episode_player_image":"https:\/\/stepienybarno.es\/blog\/wp-content\/uploads\/2020\/11\/stepienybarno-podcast-scaled.jpg","download_link":"","player_link":"","audio_player":false,"episode_data":{"playerMode":"dark","subscribeUrls":[],"rssFeedUrl":"https:\/\/stepienybarno.es\/blog\/feed\/podcast\/podcast-de-stepienybarno","embedCode":"<blockquote class=\"wp-embedded-content\" data-secret=\"CaDPMxiTkJ\"><a href=\"https:\/\/stepienybarno.es\/blog\/2018\/11\/15\/cuestion-de-sentimiento\/\">Cuesti\u00f3n de Sentimiento<\/a><\/blockquote><iframe sandbox=\"allow-scripts\" security=\"restricted\" src=\"https:\/\/stepienybarno.es\/blog\/2018\/11\/15\/cuestion-de-sentimiento\/embed\/#?secret=CaDPMxiTkJ\" width=\"500\" height=\"350\" title=\"\u00abCuesti\u00f3n de Sentimiento\u00bb \u2014 Blog de STEPIEN Y BARNO - publicaci\u00f3n digital sobre arquitectura\" data-secret=\"CaDPMxiTkJ\" frameborder=\"0\" marginwidth=\"0\" marginheight=\"0\" scrolling=\"no\" class=\"wp-embedded-content\"><\/iframe><script type=\"text\/javascript\">\n\/* <![CDATA[ *\/\n\/*! This file is auto-generated *\/\n!function(d,l){\"use strict\";l.querySelector&&d.addEventListener&&\"undefined\"!=typeof URL&&(d.wp=d.wp||{},d.wp.receiveEmbedMessage||(d.wp.receiveEmbedMessage=function(e){var t=e.data;if((t||t.secret||t.message||t.value)&&!\/[^a-zA-Z0-9]\/.test(t.secret)){for(var s,r,n,a=l.querySelectorAll('iframe[data-secret=\"'+t.secret+'\"]'),o=l.querySelectorAll('blockquote[data-secret=\"'+t.secret+'\"]'),c=new RegExp(\"^https?:$\",\"i\"),i=0;i<o.length;i++)o[i].style.display=\"none\";for(i=0;i<a.length;i++)s=a[i],e.source===s.contentWindow&&(s.removeAttribute(\"style\"),\"height\"===t.message?(1e3<(r=parseInt(t.value,10))?r=1e3:~~r<200&&(r=200),s.height=r):\"link\"===t.message&&(r=new URL(s.getAttribute(\"src\")),n=new URL(t.value),c.test(n.protocol))&&n.host===r.host&&l.activeElement===s&&(d.top.location.href=t.value))}},d.addEventListener(\"message\",d.wp.receiveEmbedMessage,!1),l.addEventListener(\"DOMContentLoaded\",function(){for(var e,t,s=l.querySelectorAll(\"iframe.wp-embedded-content\"),r=0;r<s.length;r++)(t=(e=s[r]).getAttribute(\"data-secret\"))||(t=Math.random().toString(36).substring(2,12),e.src+=\"#?secret=\"+t,e.setAttribute(\"data-secret\",t)),e.contentWindow.postMessage({message:\"ready\",secret:t},\"*\")},!1)))}(window,document);\n\/* ]]> *\/\n<\/script>\n"},"_links":{"self":[{"href":"https:\/\/stepienybarno.es\/blog\/wp-json\/wp\/v2\/posts\/33535"}],"collection":[{"href":"https:\/\/stepienybarno.es\/blog\/wp-json\/wp\/v2\/posts"}],"about":[{"href":"https:\/\/stepienybarno.es\/blog\/wp-json\/wp\/v2\/types\/post"}],"author":[{"embeddable":true,"href":"https:\/\/stepienybarno.es\/blog\/wp-json\/wp\/v2\/users\/10"}],"replies":[{"embeddable":true,"href":"https:\/\/stepienybarno.es\/blog\/wp-json\/wp\/v2\/comments?post=33535"}],"version-history":[{"count":1,"href":"https:\/\/stepienybarno.es\/blog\/wp-json\/wp\/v2\/posts\/33535\/revisions"}],"predecessor-version":[{"id":33539,"href":"https:\/\/stepienybarno.es\/blog\/wp-json\/wp\/v2\/posts\/33535\/revisions\/33539"}],"wp:featuredmedia":[{"embeddable":true,"href":"https:\/\/stepienybarno.es\/blog\/wp-json\/wp\/v2\/media\/33537"}],"wp:attachment":[{"href":"https:\/\/stepienybarno.es\/blog\/wp-json\/wp\/v2\/media?parent=33535"}],"wp:term":[{"taxonomy":"category","embeddable":true,"href":"https:\/\/stepienybarno.es\/blog\/wp-json\/wp\/v2\/categories?post=33535"},{"taxonomy":"post_tag","embeddable":true,"href":"https:\/\/stepienybarno.es\/blog\/wp-json\/wp\/v2\/tags?post=33535"},{"taxonomy":"series","embeddable":true,"href":"https:\/\/stepienybarno.es\/blog\/wp-json\/wp\/v2\/series?post=33535"}],"curies":[{"name":"wp","href":"https:\/\/api.w.org\/{rel}","templated":true}]}}