{"id":3374,"date":"2011-05-02T09:05:07","date_gmt":"2011-05-02T07:05:07","guid":{"rendered":"https:\/\/www.stepienybarno.es\/blog\/?p=3374"},"modified":"2011-05-02T09:05:57","modified_gmt":"2011-05-02T07:05:57","slug":"entrevista-con-at-en-planeta-beta","status":"publish","type":"post","link":"https:\/\/stepienybarno.es\/blog\/2011\/05\/02\/entrevista-con-at-en-planeta-beta\/","title":{"rendered":"ENTREVISTA CON A+T en PLANETA BETA."},"content":{"rendered":"<p>\u00a0<\/p>\n<p align=\"center\"><img loading=\"lazy\" decoding=\"async\" class=\"aligncenter size-full wp-image-3375\" title=\"Aurora Fern\u00e1ndez Per y Javier Mozas (a+t ediciones) edgar gonzalez planeta beta en stepienybarno\" src=\"https:\/\/stepienybarno.es\/blog\/wp-content\/uploads\/2011\/05\/Aurora-Fern\u00e1ndez-Per-y-Javier-Mozas-a+t-ediciones-edgar-gonzalez-planeta-beta-en-stepienybarno-.jpg\" alt=\"Aurora Fern\u00e1ndez Per y Javier Mozas (a+t ediciones) edgar gonzalez planeta beta en stepienybarno\" width=\"350\" height=\"244\" srcset=\"https:\/\/stepienybarno.es\/blog\/wp-content\/uploads\/2011\/05\/Aurora-Fern\u00e1ndez-Per-y-Javier-Mozas-a+t-ediciones-edgar-gonzalez-planeta-beta-en-stepienybarno-.jpg 350w, https:\/\/stepienybarno.es\/blog\/wp-content\/uploads\/2011\/05\/Aurora-Fern\u00e1ndez-Per-y-Javier-Mozas-a+t-ediciones-edgar-gonzalez-planeta-beta-en-stepienybarno--180x125.jpg 180w, https:\/\/stepienybarno.es\/blog\/wp-content\/uploads\/2011\/05\/Aurora-Fern\u00e1ndez-Per-y-Javier-Mozas-a+t-ediciones-edgar-gonzalez-planeta-beta-en-stepienybarno--316x220.jpg 316w\" sizes=\"(max-width: 350px) 100vw, 350px\" \/>\u00a0<\/p>\n<p>Excelente conversaci\u00f3n con\u00a0<strong> <\/strong>Aurora Fern\u00e1ndez Per y Javier Mozas (a+t ediciones).<\/p>\n<p>Desde Edgar Gonz\u00e1lez.<\/p>\n<p>\u00a0<!--more--><\/p>\n<p>\u00a0<\/p>\n<p>Nos encant\u00f3 su visi\u00f3n de la arquitectura y del mundo editorial.<\/p>\n<p>\u00a0<\/p>\n<p>En ella hablan de sus inicios, de la publicidad (o su ausencia) en su edici\u00f3n,\u00a0 estrategia y modelo en la arquitectura, la hibridaci\u00f3n y su sociabilidad o de la rehabilitaci\u00f3n urbana.<\/p>\n<p>\u00a0<\/p>\n<p>\u201c(\u2026) El matadero es una intervenci\u00f3n muy interesante, porque es un espacio de oportunidad que ha revitalizado el barrio, (\u2026) creando un foco cultural del sur de Madrid\u201d<\/p>\n<p>\u00a0<\/p>\n<p>\u201c(\u2026) el conjunto de lo que ha pasado en Bilbao est\u00e1 muy bien. \u201c<\/p>\n<p>\u00a0<\/p>\n<p>\u201c(\u2026) Un h\u00edbrido es un \u2013 tipo- \u00a0que te apetece conocer, es extravertido. Son edificios en los que apetece estar y visitar.\u201d<\/p>\n<p>\u00a0<\/p>\n<p>\u201c(\u2026) Hemos hecho una diferencia entre edificio h\u00edbrido y condensador social. (\u2026) \u00e9ste estaba pensado con una serie de funciones solo para las personas que viv\u00edan all\u00ed, para una comunidad cerrada. Mientras que el primero es todo lo contrario, est\u00e1 totalmente abierto, es un roce entre extra\u00f1os que van compartiendo una serie de funciones. Es un vivir juntos aunque no seamos iguales. \u201c<\/p>\n<p>\u00a0<\/p>\n<p>\u201c(\u2026) el modelo de ensanche es muy triste. Es as\u00ed por presiones econ\u00f3micas. Hay una gran cantidad de espacio verde, pero esto no es espacio p\u00fablico a pesar de que lo digan las inmobiliarias. Nosotros primamos los proyectos que rellenan la ciudad. \u201c<\/p>\n<p>\u00a0<\/p>\n<p>\u201c(\u2026) la ciudad no es solo de quien la regula ni dise\u00f1a, sino de los propios ciudadanos\u201d<\/p>\n<p>\u00a0<\/p>\n<p>\u00a0<\/p>\n<p><a href=\"http:\/\/www.edgargonzalez.com\/2011\/03\/18\/at-ediciones\/\">Acceder a la noticia<\/a><\/p>\n<p>\u00a0<\/p>\n<p>\u00a0<\/p>\n<p>Noticia confeccionada por el Canal de arquitectura STEPIENYBARNO.<\/p>\n<p>Agnieszka y Lorenzo,\u00a0 son\u00a0 los\u00a0 responsables\u00a0 de\u00a0 <a href=\"https:\/\/stepienybarno.es\/blog\/\">STEPIENYBARNO<\/a><\/p>\n<p><a href=\"http:\/\/www.linkedin.com\/company\/stepienybarno\">STEPIENYBARNO EN LINKEDIN<\/a><\/p>\n<p><a href=\"http:\/\/twitter.com\/stepienybarno\/stepienybarno\">STEPIENYBARNO EN TWITTER<\/a><\/p>\n<p><a href=\"https:\/\/www.facebook.com\/StepienybarnoCANAL\">STEPIENYBARNO EN FACEBOOK<\/a><\/p>\n","protected":false},"excerpt":{"rendered":"\n<p>Excelente conversaci\u00f3n con  Aurora Fern\u00e1ndez Per y Javier Mozas (a+t ediciones).<\/p>\n<p>Desde Edgar Gonz\u00e1lez.<\/p>\n","protected":false},"author":2,"featured_media":0,"comment_status":"open","ping_status":"closed","sticky":false,"template":"","format":"standard","meta":{"om_disable_all_campaigns":false,"_monsterinsights_skip_tracking":false,"_monsterinsights_sitenote_active":false,"_monsterinsights_sitenote_note":"","_monsterinsights_sitenote_category":0,"_uf_show_specific_survey":0,"_uf_disable_surveys":false,"episode_type":"","audio_file":"","cover_image":"","cover_image_id":"","duration":"","filesize":"","date_recorded":"","explicit":"","block":"","filesize_raw":"","footnotes":""},"categories":[34,244],"tags":[925,4274,9,923,255,924],"series":[],"class_list":["post-3374","post","type-post","status-publish","format-standard","hentry","category-actualidad","category-canal-de-arquitectura","tag-at-ediciones","tag-actualidad","tag-arquitectura","tag-aurora-fernandez-per","tag-edgar-gonzalez","tag-javier-mozas"],"aioseo_notices":[],"episode_featured_image":false,"episode_player_image":"https:\/\/stepienybarno.es\/blog\/wp-content\/uploads\/2020\/11\/stepienybarno-podcast-scaled.jpg","download_link":"","player_link":"","audio_player":false,"episode_data":{"playerMode":"dark","subscribeUrls":[],"rssFeedUrl":"https:\/\/stepienybarno.es\/blog\/feed\/podcast\/podcast-de-stepienybarno","embedCode":"<blockquote class=\"wp-embedded-content\" data-secret=\"G0Jjg6IksT\"><a href=\"https:\/\/stepienybarno.es\/blog\/2011\/05\/02\/entrevista-con-at-en-planeta-beta\/\">ENTREVISTA CON A+T en PLANETA BETA.<\/a><\/blockquote><iframe sandbox=\"allow-scripts\" security=\"restricted\" src=\"https:\/\/stepienybarno.es\/blog\/2011\/05\/02\/entrevista-con-at-en-planeta-beta\/embed\/#?secret=G0Jjg6IksT\" width=\"500\" height=\"350\" title=\"\u00abENTREVISTA CON A+T en PLANETA BETA.\u00bb \u2014 Blog de STEPIEN Y BARNO - publicaci\u00f3n digital sobre arquitectura\" data-secret=\"G0Jjg6IksT\" frameborder=\"0\" marginwidth=\"0\" marginheight=\"0\" scrolling=\"no\" class=\"wp-embedded-content\"><\/iframe><script type=\"text\/javascript\">\n\/* <![CDATA[ *\/\n\/*! This file is auto-generated *\/\n!function(d,l){\"use strict\";l.querySelector&&d.addEventListener&&\"undefined\"!=typeof URL&&(d.wp=d.wp||{},d.wp.receiveEmbedMessage||(d.wp.receiveEmbedMessage=function(e){var t=e.data;if((t||t.secret||t.message||t.value)&&!\/[^a-zA-Z0-9]\/.test(t.secret)){for(var s,r,n,a=l.querySelectorAll('iframe[data-secret=\"'+t.secret+'\"]'),o=l.querySelectorAll('blockquote[data-secret=\"'+t.secret+'\"]'),c=new RegExp(\"^https?:$\",\"i\"),i=0;i<o.length;i++)o[i].style.display=\"none\";for(i=0;i<a.length;i++)s=a[i],e.source===s.contentWindow&&(s.removeAttribute(\"style\"),\"height\"===t.message?(1e3<(r=parseInt(t.value,10))?r=1e3:~~r<200&&(r=200),s.height=r):\"link\"===t.message&&(r=new URL(s.getAttribute(\"src\")),n=new URL(t.value),c.test(n.protocol))&&n.host===r.host&&l.activeElement===s&&(d.top.location.href=t.value))}},d.addEventListener(\"message\",d.wp.receiveEmbedMessage,!1),l.addEventListener(\"DOMContentLoaded\",function(){for(var e,t,s=l.querySelectorAll(\"iframe.wp-embedded-content\"),r=0;r<s.length;r++)(t=(e=s[r]).getAttribute(\"data-secret\"))||(t=Math.random().toString(36).substring(2,12),e.src+=\"#?secret=\"+t,e.setAttribute(\"data-secret\",t)),e.contentWindow.postMessage({message:\"ready\",secret:t},\"*\")},!1)))}(window,document);\n\/* ]]> *\/\n<\/script>\n"},"_links":{"self":[{"href":"https:\/\/stepienybarno.es\/blog\/wp-json\/wp\/v2\/posts\/3374"}],"collection":[{"href":"https:\/\/stepienybarno.es\/blog\/wp-json\/wp\/v2\/posts"}],"about":[{"href":"https:\/\/stepienybarno.es\/blog\/wp-json\/wp\/v2\/types\/post"}],"author":[{"embeddable":true,"href":"https:\/\/stepienybarno.es\/blog\/wp-json\/wp\/v2\/users\/2"}],"replies":[{"embeddable":true,"href":"https:\/\/stepienybarno.es\/blog\/wp-json\/wp\/v2\/comments?post=3374"}],"version-history":[{"count":3,"href":"https:\/\/stepienybarno.es\/blog\/wp-json\/wp\/v2\/posts\/3374\/revisions"}],"predecessor-version":[{"id":3378,"href":"https:\/\/stepienybarno.es\/blog\/wp-json\/wp\/v2\/posts\/3374\/revisions\/3378"}],"wp:attachment":[{"href":"https:\/\/stepienybarno.es\/blog\/wp-json\/wp\/v2\/media?parent=3374"}],"wp:term":[{"taxonomy":"category","embeddable":true,"href":"https:\/\/stepienybarno.es\/blog\/wp-json\/wp\/v2\/categories?post=3374"},{"taxonomy":"post_tag","embeddable":true,"href":"https:\/\/stepienybarno.es\/blog\/wp-json\/wp\/v2\/tags?post=3374"},{"taxonomy":"series","embeddable":true,"href":"https:\/\/stepienybarno.es\/blog\/wp-json\/wp\/v2\/series?post=3374"}],"curies":[{"name":"wp","href":"https:\/\/api.w.org\/{rel}","templated":true}]}}