{"id":33897,"date":"2024-01-16T09:00:56","date_gmt":"2024-01-16T07:00:56","guid":{"rendered":"https:\/\/www.stepienybarno.es\/blog\/?p=33897"},"modified":"2024-01-18T10:06:36","modified_gmt":"2024-01-18T08:06:36","slug":"arquitectas-ocultas-el-calendario-stepienybarno","status":"publish","type":"post","link":"https:\/\/stepienybarno.es\/blog\/2024\/01\/16\/arquitectas-ocultas-el-calendario-stepienybarno\/","title":{"rendered":"\u00bfQuieres conseguir el calendario Arquitectas Ocultas?"},"content":{"rendered":"<p><a href=\"https:\/\/stepienybarno.es\/blog\/2019\/12\/27\/__trashed\/calendario-arquitectas-difusion-01-2\/\" rel=\"attachment wp-att-37943\"><img loading=\"lazy\" decoding=\"async\" class=\"aligncenter size-medium wp-image-37943\" src=\"https:\/\/stepienybarno.es\/blog\/wp-content\/uploads\/2019\/12\/calendario-arquitectas-difusion-01-1-550x413.jpg\" alt=\"\" width=\"550\" height=\"413\" srcset=\"https:\/\/stepienybarno.es\/blog\/wp-content\/uploads\/2019\/12\/calendario-arquitectas-difusion-01-1-550x413.jpg 550w, https:\/\/stepienybarno.es\/blog\/wp-content\/uploads\/2019\/12\/calendario-arquitectas-difusion-01-1-933x700.jpg 933w, https:\/\/stepienybarno.es\/blog\/wp-content\/uploads\/2019\/12\/calendario-arquitectas-difusion-01-1-180x135.jpg 180w, https:\/\/stepienybarno.es\/blog\/wp-content\/uploads\/2019\/12\/calendario-arquitectas-difusion-01-1-1536x1152.jpg 1536w, https:\/\/stepienybarno.es\/blog\/wp-content\/uploads\/2019\/12\/calendario-arquitectas-difusion-01-1-2048x1536.jpg 2048w, https:\/\/stepienybarno.es\/blog\/wp-content\/uploads\/2019\/12\/calendario-arquitectas-difusion-01-1-316x237.jpg 316w\" sizes=\"(max-width: 550px) 100vw, 550px\" \/><\/a><\/p>\n<p>&nbsp;<\/p>\n<h3>Os presentamos el calendario <span style=\"color: #ff0000;\">2024<\/span> Arquitectas Ocultas.<\/h3>\n<p><!--more--><\/p>\n<p>El calendario <strong>es ideal para imprimir en A3<\/strong>, pero si quer\u00e9is lo pod\u00e9is imprimir algo m\u00e1s peque\u00f1o.<\/p>\n<p>Es de p\u00e1gina por mes y es sencillo, en blanco y negro para que pegue en cualquier rinc\u00f3n de vuestra casa, estudio&#8230;<\/p>\n<p>&nbsp;<\/p>\n<p><a href=\"https:\/\/stepienybarno.es\/blog\/2019\/12\/27\/__trashed\/calendario-arquitectas-difusion-02\/\" rel=\"attachment wp-att-37942\"><img loading=\"lazy\" decoding=\"async\" class=\"aligncenter size-medium wp-image-37942\" src=\"https:\/\/stepienybarno.es\/blog\/wp-content\/uploads\/2019\/12\/calendario-arquitectas-difusion-02-550x413.jpg\" alt=\"\" width=\"550\" height=\"413\" srcset=\"https:\/\/stepienybarno.es\/blog\/wp-content\/uploads\/2019\/12\/calendario-arquitectas-difusion-02-550x413.jpg 550w, https:\/\/stepienybarno.es\/blog\/wp-content\/uploads\/2019\/12\/calendario-arquitectas-difusion-02-933x700.jpg 933w, https:\/\/stepienybarno.es\/blog\/wp-content\/uploads\/2019\/12\/calendario-arquitectas-difusion-02-180x135.jpg 180w, https:\/\/stepienybarno.es\/blog\/wp-content\/uploads\/2019\/12\/calendario-arquitectas-difusion-02-1536x1152.jpg 1536w, https:\/\/stepienybarno.es\/blog\/wp-content\/uploads\/2019\/12\/calendario-arquitectas-difusion-02-2048x1536.jpg 2048w, https:\/\/stepienybarno.es\/blog\/wp-content\/uploads\/2019\/12\/calendario-arquitectas-difusion-02-316x237.jpg 316w\" sizes=\"(max-width: 550px) 100vw, 550px\" \/><\/a><\/p>\n<p>&nbsp;<\/p>\n<p>Los textos los hemos extra\u00eddo de la web <a href=\"https:\/\/undiaunaarquitecta.wordpress.com\/\" target=\"_blank\" rel=\"noopener noreferrer\">Un d\u00eda una arquitecta<\/a>, pod\u00e9is conocer la biograf\u00eda de las <strong>arquitectas<\/strong> protagonistas en los enlaces que aparecen en cada una de las p\u00e1ginas.<\/p>\n<p>Aprovechamos para agradecer el profundo trabajo de visibilizaci\u00f3n de la mujer en la arquitectura que realizan desde su blog.<\/p>\n<p><a href=\"https:\/\/stepienybarno.es\/blog\/2019\/12\/27\/__trashed\/calendario-arquitectas-difusion\/\" rel=\"attachment wp-att-37946\"><img loading=\"lazy\" decoding=\"async\" class=\"aligncenter size-medium wp-image-37946\" src=\"https:\/\/stepienybarno.es\/blog\/wp-content\/uploads\/2019\/12\/calendario-arquitectas-difusion-550x412.jpg\" alt=\"\" width=\"550\" height=\"412\" srcset=\"https:\/\/stepienybarno.es\/blog\/wp-content\/uploads\/2019\/12\/calendario-arquitectas-difusion-550x412.jpg 550w, https:\/\/stepienybarno.es\/blog\/wp-content\/uploads\/2019\/12\/calendario-arquitectas-difusion-934x700.jpg 934w, https:\/\/stepienybarno.es\/blog\/wp-content\/uploads\/2019\/12\/calendario-arquitectas-difusion-180x135.jpg 180w, https:\/\/stepienybarno.es\/blog\/wp-content\/uploads\/2019\/12\/calendario-arquitectas-difusion-1536x1152.jpg 1536w, https:\/\/stepienybarno.es\/blog\/wp-content\/uploads\/2019\/12\/calendario-arquitectas-difusion-316x237.jpg 316w, https:\/\/stepienybarno.es\/blog\/wp-content\/uploads\/2019\/12\/calendario-arquitectas-difusion.jpg 1575w\" sizes=\"(max-width: 550px) 100vw, 550px\" \/><\/a><\/p>\n<p>&nbsp;<\/p>\n<h2 style=\"text-align: center;\">Si quieres descargarte el calendario suscr\u00edbete a nuestra lista de correo.<\/h2>\n<h5 style=\"text-align: center;\">Formulario al final de este post<\/h5>\n<p style=\"text-align: center;\"><!-- Button --><\/p>\n<p><a href=\"https:\/\/stepienybarno.es\/blog\/2019\/12\/27\/__trashed\/calendario-arquitectas-difusion-03\/\" rel=\"attachment wp-att-37944\"><img loading=\"lazy\" decoding=\"async\" class=\"aligncenter size-medium wp-image-37944\" src=\"https:\/\/stepienybarno.es\/blog\/wp-content\/uploads\/2019\/12\/calendario-arquitectas-difusion-03-550x309.jpg\" alt=\"\" width=\"550\" height=\"309\" srcset=\"https:\/\/stepienybarno.es\/blog\/wp-content\/uploads\/2019\/12\/calendario-arquitectas-difusion-03-550x309.jpg 550w, https:\/\/stepienybarno.es\/blog\/wp-content\/uploads\/2019\/12\/calendario-arquitectas-difusion-03-1024x576.jpg 1024w, https:\/\/stepienybarno.es\/blog\/wp-content\/uploads\/2019\/12\/calendario-arquitectas-difusion-03-180x101.jpg 180w, https:\/\/stepienybarno.es\/blog\/wp-content\/uploads\/2019\/12\/calendario-arquitectas-difusion-03-1536x864.jpg 1536w, https:\/\/stepienybarno.es\/blog\/wp-content\/uploads\/2019\/12\/calendario-arquitectas-difusion-03-2048x1152.jpg 2048w, https:\/\/stepienybarno.es\/blog\/wp-content\/uploads\/2019\/12\/calendario-arquitectas-difusion-03-316x178.jpg 316w\" sizes=\"(max-width: 550px) 100vw, 550px\" \/><\/a><\/p>\n","protected":false},"excerpt":{"rendered":"<p>&nbsp; Os presentamos el calendario 2024 Arquitectas Ocultas.<\/p>\n","protected":false},"author":10,"featured_media":38820,"comment_status":"open","ping_status":"closed","sticky":false,"template":"","format":"standard","meta":{"om_disable_all_campaigns":false,"_monsterinsights_skip_tracking":false,"_monsterinsights_sitenote_active":false,"_monsterinsights_sitenote_note":"","_monsterinsights_sitenote_category":0,"_uf_show_specific_survey":0,"_uf_disable_surveys":false,"episode_type":"audio","audio_file":"","cover_image":"","cover_image_id":"","duration":"","filesize":"","date_recorded":"","explicit":"","block":"","filesize_raw":"","footnotes":""},"categories":[34,4],"tags":[6902,6904,6909,7914,6117,6910,5490,6907,6911,6906,6796,6908,6905,6797,35],"series":[],"class_list":["post-33897","post","type-post","status-publish","format-standard","has-post-thumbnail","hentry","category-actualidad","category-arquilectura","tag-arquitectasocultas","tag-aino-aalto","tag-anne-tying","tag-calendario2020","tag-charlotte-perriand","tag-denise-scott-brown","tag-eileen-gray","tag-florence-knoll","tag-gae-aulenti","tag-helena-syrkusowa","tag-jane-drew","tag-lily-reich","tag-marion-mahony-grffin","tag-norma-sklarek","tag-stepienybarno"],"aioseo_notices":[],"episode_featured_image":"https:\/\/stepienybarno.es\/blog\/wp-content\/uploads\/2019\/01\/calendario-arquitectas-difusion-01.jpg","episode_player_image":"https:\/\/stepienybarno.es\/blog\/wp-content\/uploads\/2020\/11\/stepienybarno-podcast-scaled.jpg","download_link":"","player_link":"","audio_player":false,"episode_data":{"playerMode":"dark","subscribeUrls":[],"rssFeedUrl":"https:\/\/stepienybarno.es\/blog\/feed\/podcast\/podcast-de-stepienybarno","embedCode":"<blockquote class=\"wp-embedded-content\" data-secret=\"ZcIB3NMzpw\"><a href=\"https:\/\/stepienybarno.es\/blog\/2024\/01\/16\/arquitectas-ocultas-el-calendario-stepienybarno\/\">\u00bfQuieres conseguir el calendario Arquitectas Ocultas?<\/a><\/blockquote><iframe sandbox=\"allow-scripts\" security=\"restricted\" src=\"https:\/\/stepienybarno.es\/blog\/2024\/01\/16\/arquitectas-ocultas-el-calendario-stepienybarno\/embed\/#?secret=ZcIB3NMzpw\" width=\"500\" height=\"350\" title=\"\u00ab\u00bfQuieres conseguir el calendario Arquitectas Ocultas?\u00bb \u2014 Blog de STEPIEN Y BARNO - publicaci\u00f3n digital sobre arquitectura\" data-secret=\"ZcIB3NMzpw\" frameborder=\"0\" marginwidth=\"0\" marginheight=\"0\" scrolling=\"no\" class=\"wp-embedded-content\"><\/iframe><script type=\"text\/javascript\">\n\/* <![CDATA[ *\/\n\/*! This file is auto-generated *\/\n!function(d,l){\"use strict\";l.querySelector&&d.addEventListener&&\"undefined\"!=typeof URL&&(d.wp=d.wp||{},d.wp.receiveEmbedMessage||(d.wp.receiveEmbedMessage=function(e){var t=e.data;if((t||t.secret||t.message||t.value)&&!\/[^a-zA-Z0-9]\/.test(t.secret)){for(var s,r,n,a=l.querySelectorAll('iframe[data-secret=\"'+t.secret+'\"]'),o=l.querySelectorAll('blockquote[data-secret=\"'+t.secret+'\"]'),c=new RegExp(\"^https?:$\",\"i\"),i=0;i<o.length;i++)o[i].style.display=\"none\";for(i=0;i<a.length;i++)s=a[i],e.source===s.contentWindow&&(s.removeAttribute(\"style\"),\"height\"===t.message?(1e3<(r=parseInt(t.value,10))?r=1e3:~~r<200&&(r=200),s.height=r):\"link\"===t.message&&(r=new URL(s.getAttribute(\"src\")),n=new URL(t.value),c.test(n.protocol))&&n.host===r.host&&l.activeElement===s&&(d.top.location.href=t.value))}},d.addEventListener(\"message\",d.wp.receiveEmbedMessage,!1),l.addEventListener(\"DOMContentLoaded\",function(){for(var e,t,s=l.querySelectorAll(\"iframe.wp-embedded-content\"),r=0;r<s.length;r++)(t=(e=s[r]).getAttribute(\"data-secret\"))||(t=Math.random().toString(36).substring(2,12),e.src+=\"#?secret=\"+t,e.setAttribute(\"data-secret\",t)),e.contentWindow.postMessage({message:\"ready\",secret:t},\"*\")},!1)))}(window,document);\n\/* ]]> *\/\n<\/script>\n"},"_links":{"self":[{"href":"https:\/\/stepienybarno.es\/blog\/wp-json\/wp\/v2\/posts\/33897"}],"collection":[{"href":"https:\/\/stepienybarno.es\/blog\/wp-json\/wp\/v2\/posts"}],"about":[{"href":"https:\/\/stepienybarno.es\/blog\/wp-json\/wp\/v2\/types\/post"}],"author":[{"embeddable":true,"href":"https:\/\/stepienybarno.es\/blog\/wp-json\/wp\/v2\/users\/10"}],"replies":[{"embeddable":true,"href":"https:\/\/stepienybarno.es\/blog\/wp-json\/wp\/v2\/comments?post=33897"}],"version-history":[{"count":29,"href":"https:\/\/stepienybarno.es\/blog\/wp-json\/wp\/v2\/posts\/33897\/revisions"}],"predecessor-version":[{"id":61273,"href":"https:\/\/stepienybarno.es\/blog\/wp-json\/wp\/v2\/posts\/33897\/revisions\/61273"}],"wp:featuredmedia":[{"embeddable":true,"href":"https:\/\/stepienybarno.es\/blog\/wp-json\/wp\/v2\/media\/38820"}],"wp:attachment":[{"href":"https:\/\/stepienybarno.es\/blog\/wp-json\/wp\/v2\/media?parent=33897"}],"wp:term":[{"taxonomy":"category","embeddable":true,"href":"https:\/\/stepienybarno.es\/blog\/wp-json\/wp\/v2\/categories?post=33897"},{"taxonomy":"post_tag","embeddable":true,"href":"https:\/\/stepienybarno.es\/blog\/wp-json\/wp\/v2\/tags?post=33897"},{"taxonomy":"series","embeddable":true,"href":"https:\/\/stepienybarno.es\/blog\/wp-json\/wp\/v2\/series?post=33897"}],"curies":[{"name":"wp","href":"https:\/\/api.w.org\/{rel}","templated":true}]}}