{"id":3400,"date":"2011-05-09T13:58:25","date_gmt":"2011-05-09T11:58:25","guid":{"rendered":"https:\/\/www.stepienybarno.es\/blog\/?p=3400"},"modified":"2011-05-09T17:39:30","modified_gmt":"2011-05-09T15:39:30","slug":"stepienybarno-charlan-con-mmasa-parte-1","status":"publish","type":"post","link":"https:\/\/stepienybarno.es\/blog\/2011\/05\/09\/stepienybarno-charlan-con-mmasa-parte-1\/","title":{"rendered":"STEPIENYBARNO CHARLAN CON MMASA \/ PARTE 1"},"content":{"rendered":"<p align=\"center\">\u00a0<\/p>\n<p align=\"center\"><img loading=\"lazy\" decoding=\"async\" class=\"aligncenter size-full wp-image-3403\" title=\"0. SYB MMASA en stepienybarno 2010AGOSTO 016 bn 350\" src=\"https:\/\/stepienybarno.es\/blog\/wp-content\/uploads\/2011\/05\/0.-SYB-MMASA-en-stepienybarno-2010AGOSTO-016-bn-350-.jpg\" alt=\"0. SYB MMASA en stepienybarno 2010AGOSTO 016 bn 350\" width=\"350\" height=\"152\" srcset=\"https:\/\/stepienybarno.es\/blog\/wp-content\/uploads\/2011\/05\/0.-SYB-MMASA-en-stepienybarno-2010AGOSTO-016-bn-350-.jpg 350w, https:\/\/stepienybarno.es\/blog\/wp-content\/uploads\/2011\/05\/0.-SYB-MMASA-en-stepienybarno-2010AGOSTO-016-bn-350--180x78.jpg 180w, https:\/\/stepienybarno.es\/blog\/wp-content\/uploads\/2011\/05\/0.-SYB-MMASA-en-stepienybarno-2010AGOSTO-016-bn-350--316x137.jpg 316w\" sizes=\"(max-width: 350px) 100vw, 350px\" \/>\u00a0<\/p>\n<p align=\"left\">Hoy tenemos la suerte de presentar la entrevista que mantuvimos con <em><em>Patricia<\/em><\/em><em> Mu\u00f1iz<\/em> y <em><em>Luciano<\/em><\/em><em> Alfaya<\/em> del estudio de arquitectura <strong><em><a href=\"http:\/\/www.mmasa.net\/estudio.php\">MMASA.<\/a><\/em><\/strong> Lo primero de todo, quisi\u00e9ramos agradecerles la gentileza que tuvieron de atendernos y animarse, incluso, a venir a nuestra peque\u00f1a Estella, para poder pasar un bonito d\u00eda en el que tuvimos tiempo de hacer un buen repaso de su trayectoria. En esta primera parte de la entrevista, nos hablan de sus comienzos en la universidad, sobre c\u00f3mo fue la aventura de sacar adelante diez a\u00f1os de uno de los congresos m\u00e1s importantes del panorama nacional y cu\u00e1les son algunas de sus obras m\u00e1s importantes.<\/p>\n<p align=\"left\">\u00a1Esperamos que os guste!<\/p>\n<p align=\"left\">\u00a0<!--more--><\/p>\n<p align=\"left\">\u00a0<\/p>\n<blockquote>\n<p align=\"left\"><strong>\u201cDurante estos a\u00f1os universitarios hab\u00eda m\u00e1s ayuda que competitividad.\u201d<\/strong><\/p>\n<\/blockquote>\n<p align=\"left\">\u00a0<\/p>\n<p align=\"left\"><span style=\"color: #888888;\">&#8211; \u00bfC\u00f3mo empez\u00f3 vuestra aventura arquitect\u00f3nica?<\/span><\/p>\n<p align=\"left\">Nuestros inicios no son tan vocacionales como cabr\u00eda\u00a0 esperar, es decir, la vocaci\u00f3n siempre se presupone y en nuestro caso hubo que construirla durante la carrera. Acabamos m\u00e1s convencidos de lo que empezamos.<\/p>\n<p align=\"left\">En el caso de Luciano, sus intereses ven\u00edan m\u00e1s del campo de la sociolog\u00eda y, de alguna manera, lo que le interesaba era implicarse en procesos de transformaci\u00f3n social. Luego entr\u00f3 el mundo de la arquitectura como una posibilidad, un caj\u00f3n de sastre, en el que todo era posible y adem\u00e1s combinaba una parte de creatividad con una intenci\u00f3n final \u00fatil para poder resolver problemas concretos con soluciones espec\u00edficas. Mientras que a Patricia le interesaba inicialmente el derecho aunque, influida por su entorno, acab\u00f3 estudiando arquitectura. Su vocaci\u00f3n por la disciplina fue aumentando durante la carrera motivada, sobre todo, por la pluralidad de campos de trabajo que permit\u00eda.<\/p>\n<p align=\"left\">\u00a0<\/p>\n<blockquote>\n<p align=\"left\"><strong>\u201cDesde el momento en que ya fuimos arquitectos, nos interesamos por muchas m\u00e1s cosas de las que pudimos aprender mientras estudi\u00e1bamos.\u201d<\/strong><\/p>\n<\/blockquote>\n<p align=\"left\">\u00a0<\/p>\n<p align=\"left\"><span style=\"color: #888888;\">&#8211; Contarnos algo m\u00e1s de esos primeros a\u00f1os.<\/span><\/p>\n<p align=\"left\">Nosotros vivimos dos situaciones iniciales diferentes, y dos maneras de hacer la carrera que no tienen mucho que ver.<\/p>\n<p align=\"left\">La de Luciano, en concreto, fue en grupo. \u00c9l apenas particip\u00f3 en la vida acad\u00e9mica diaria. Se cre\u00f3 un grupo de amigos que trabajaban de una manera que ten\u00eda m\u00e1s que ver con \u00a0la autoformaci\u00f3n que con \u00a0la formaci\u00f3n acad\u00e9mica. Fueron creando su\u00a0 propia estructura al margen de lo que significaba la cotidianidad y el d\u00eda a d\u00eda de la escuela. Sin embargo, en el caso de Patricia, s\u00ed que fue una estudiante de corte m\u00e1s cl\u00e1sico, hasta los \u00faltimos a\u00f1os de carrera, en los que se uni\u00f3 al grupo Primeiro Andar, realizando ya distintas actividades culturales.<\/p>\n<p align=\"left\">\u00a0<\/p>\n<p align=\"left\"><span style=\"color: #888888;\">-\u00bfSe hac\u00edan muchas actividades en la escuela?<\/span><\/p>\n<p align=\"left\">Cuando nosotros empezamos, en la escuela hab\u00eda desaparecido la comisi\u00f3n de cultura, aunque desde el principio de la carrera hab\u00eda una serie de conferencias semanales. Pero cuando se sustituyo la direcci\u00f3n de la escuela, todo cambi\u00f3 radicalmente. Dejaron de hacerse conferencias por lo que no ten\u00edamos otra visi\u00f3n m\u00e1s all\u00e1 de la de los profesores que nos daban clase.<\/p>\n<p align=\"left\">\u00a0<\/p>\n<p align=\"left\"><span style=\"color: #888888;\">&#8211; \u00bfRecord\u00e1is mucha competitividad en la escuela?<\/span><\/p>\n<p align=\"left\">No tenemos\u00a0 un recuerdo de que la gente fuese muy competitiva. Todo lo contrario, compart\u00edamos mucho. En general, nosotros no tuvimos una sensaci\u00f3n de una escuela enfrentada. Tampoco \u00e9ramos personas que estuvi\u00e9semos obsesionados por un curriculum especial. Los dos hicimos muchas cosas durante el periodo de formaci\u00f3n. Ten\u00edamos nuestro grupo cultural (ah\u00ed fue donde nos conocimos) y lanzamos nuestra propia revista. As\u00ed surgieron todos los \u201c<em>Encuentros de Arquitectura<\/em>\u201d, los primeros concursos y las primeras publicaciones dentro de la escuela. Probablemente, hubo otra parte de estudiantes que tuvieron que enfrentarse por un <em>curriculum,<\/em> por ser los mejores y tener alg\u00fan tipo de reconocimiento.<\/p>\n<p align=\"left\">\u00a0<\/p>\n<p align=\"center\"><img loading=\"lazy\" decoding=\"async\" class=\"aligncenter size-full wp-image-3404\" title=\"1.1 encotros de arquitectura MMASAen stepienybarno\" src=\"https:\/\/stepienybarno.es\/blog\/wp-content\/uploads\/2011\/05\/1.1-encotros-de-arquitectura-MMASAen-stepienybarno-.jpg\" alt=\"1.1 encotros de arquitectura MMASAen stepienybarno\" width=\"500\" height=\"250\" srcset=\"https:\/\/stepienybarno.es\/blog\/wp-content\/uploads\/2011\/05\/1.1-encotros-de-arquitectura-MMASAen-stepienybarno-.jpg 500w, https:\/\/stepienybarno.es\/blog\/wp-content\/uploads\/2011\/05\/1.1-encotros-de-arquitectura-MMASAen-stepienybarno--180x90.jpg 180w, https:\/\/stepienybarno.es\/blog\/wp-content\/uploads\/2011\/05\/1.1-encotros-de-arquitectura-MMASAen-stepienybarno--316x158.jpg 316w\" sizes=\"(max-width: 500px) 100vw, 500px\" \/><em><span style=\"color: #888888;\">Encontros de Arquitectura<\/span><\/em><\/p>\n<p align=\"left\">\u00a0<\/p>\n<p align=\"left\"><span style=\"color: #888888;\">&#8211; As\u00ed que, mientras estabais estudiando, empezasteis a organizar un importante congreso al que llamasteis: \u201c<em>Encuentros de Arquitectura<\/em>\u201d \u00bfde qu\u00e9 manera empez\u00f3 esta aventura?<\/span><\/p>\n<p align=\"left\">Los \u201c<em><a href=\"http:\/\/www.encontrosdearquitectura.org\/castellano\/index.html\">Encuentros de Arquitectura<\/a><\/em>\u201d surgen de una manera un tanto involuntaria. La formaci\u00f3n en Coru\u00f1a era en cierta forma endog\u00e1mica. <strong>Todos los profesores hab\u00edan nacido en Galicia y todo lo que nos ense\u00f1aban era pr\u00e1cticamente de nuestro entorno pr\u00f3ximo, por lo que, gracias a esta iniciativa, descubrimos que hab\u00eda otros mundos. <\/strong>As\u00ed, se invita a quince arquitectos de Portugal y quince arquitectos de Galicia, esos son los \u201c<em>encontros<\/em>\u201d. A la primera edici\u00f3n asistieron\u00a0 400 personas. <strong>\u00a0<\/strong>Pero casi antes de empezar, ya se nos hab\u00eda agotado el formato, pues no ten\u00edamos otros quince arquitectos gallegos para enfrentar a ninguna otra realidad. Entonces, la segunda edici\u00f3n de 2001 asume un di\u00e1logo Europa-Latinoam\u00e9rica. A ella acude gente de Brasil, M\u00e9jico, Argentina y, a su vez, de Espa\u00f1a y Portugal. De alguna manera, nos serv\u00eda para seguir estableciendo esa confrontaci\u00f3n dial\u00e9ctica de c\u00f3mo vemos la arquitectura aqu\u00ed y c\u00f3mo se ve all\u00ed.<\/p>\n<p align=\"left\">\u00a0<\/p>\n<p align=\"left\"><span style=\"color: #888888;\">&#8211; \u00bfC\u00f3mo fueron las siguientes ediciones?<\/span><\/p>\n<p align=\"left\">A partir de aqu\u00ed fueron m\u00e1s encuentros de las personas que de los lugares \u00a0geogr\u00e1ficos concretos. Se rompi\u00f3 esa polaridad o confrontaci\u00f3n de dos lados del Atl\u00e1ntico. <strong>Apostamos por un encuentro entre arquitectos de todo el mundo.<\/strong> Pasaron de los 500 asistentes de las dos primeras ediciones a 1500 en\u00a0 la tercera edici\u00f3n de 2003 en Compostela. As\u00ed, seguimos con las ediciones finales hasta 2007. Nuestro objetivo, que era conocer otro tipo de arquitectura, en cierta medida,\u00a0 ya se hab\u00eda logrado. Y adem\u00e1s de ello respecto de la situaci\u00f3n de 1999, todo el mundo ten\u00eda mucho m\u00e1s acceso a otro tipo de conferencias, as\u00ed como a medios digitales que nos aproximan a otras arquitecturas. Por lo que, despu\u00e9s de diez a\u00f1os, consideramos que era un ciclo que hab\u00eda terminado.<\/p>\n<p align=\"left\">\u00a0<\/p>\n<p align=\"left\">\u00a0<\/p>\n<p align=\"center\"><img loading=\"lazy\" decoding=\"async\" class=\"aligncenter size-full wp-image-3405\" title=\"1.2 encotros de arquitectura MMASAen stepienybarno\" src=\"https:\/\/stepienybarno.es\/blog\/wp-content\/uploads\/2011\/05\/1.2-encotros-de-arquitectura-MMASAen-stepienybarno-.jpg\" alt=\"1.2 encotros de arquitectura MMASAen stepienybarno\" width=\"350\" height=\"288\" srcset=\"https:\/\/stepienybarno.es\/blog\/wp-content\/uploads\/2011\/05\/1.2-encotros-de-arquitectura-MMASAen-stepienybarno-.jpg 350w, https:\/\/stepienybarno.es\/blog\/wp-content\/uploads\/2011\/05\/1.2-encotros-de-arquitectura-MMASAen-stepienybarno--180x148.jpg 180w, https:\/\/stepienybarno.es\/blog\/wp-content\/uploads\/2011\/05\/1.2-encotros-de-arquitectura-MMASAen-stepienybarno--316x260.jpg 316w\" sizes=\"(max-width: 350px) 100vw, 350px\" \/><a href=\"http:\/\/www.encontrosdearquitectura.org\/castellano\/index.html\"><span style=\"color: #888888;\">Intervenci\u00f3n de Alejandro Aravena en Quintos Encontros de Arquitectura<\/span><\/a><\/p>\n<p align=\"left\">\u00a0<\/p>\n<p align=\"left\"><span style=\"color: #888888;\">&#8211; La gesti\u00f3n de todo ese peque\u00f1o monstruo que se fue creando, deb\u00eda de ser muy dificultosa \u00bfno?\u00a0<\/span><\/p>\n<p align=\"left\">S\u00ed, era un trabajo tremendo.<\/p>\n<p align=\"left\">Los \u201c<em>Encontros<\/em>\u201d se realizaban cada dos a\u00f1os pero porque necesit\u00e1bamos a\u00f1o y medio para prepararlos. <strong>Comenzamos como una asociaci\u00f3n de estudiantes pero, con el tiempo, tuvimos que convertirnos en una sociedad para poder gestionar el congreso.<\/strong> Pasamos de ser un grupo de 25 personas donde todos colaboraban a convertirnos en una sociedad donde cuatro personas, con un equipo detr\u00e1s, coordinaban todo. Era un trabajo de mucho tiempo, sobre todo porque no ten\u00edamos tanta financiaci\u00f3n institucional como otros eventos de este tipo.<\/p>\n<p align=\"left\">\u00a0<\/p>\n<p align=\"left\"><span style=\"color: #888888;\">&#8211; Entonces\u2026 \u00bfDe d\u00f3nde sal\u00eda el dinero para gestionar todo?<\/span><\/p>\n<p align=\"left\">Nuestro patrocinio ven\u00eda, en gran medida, de empresas privadas. Pero como dec\u00edamos, era un problema de tiempo y no de financiaci\u00f3n. Todo llevaba mucho tiempo (en paralelo a un trabajo de comit\u00e9 cient\u00edfico) de definici\u00f3n de contenidos, de convencer a los arquitectos para que viniesen\u2026 Muy interesante, pero tambi\u00e9n llega un momento en que te consume el resto de tu tiempo. Si tienes un estudio y, realmente, quieres hacer arquitectura es pr\u00e1cticamente imposible compaginar ambas actividades.<\/p>\n<p align=\"left\">A su vez, lleg\u00f3 un momento en el que vimos que esta forma de difundir la arquitectura de gran escala, de grandes autores, de grandes proyectos, ya no era necesario seguir foment\u00e1ndola. Parece que no es lo que m\u00e1s necesita la sociedad. Conectar a la sociedad con la arquitectura, contar c\u00f3mo los arquitectos hacemos los edificios y para qu\u00e9 sirve nuestro esfuerzo eran algunos de nuestros objetivos.<strong> <\/strong>Creemos que ese primer paso, que bien sigue siendo necesario, ya est\u00e1 cumplido.<\/p>\n<p align=\"left\">\u00a0<\/p>\n<blockquote>\n<p align=\"left\"><strong>\u201cConectar a la sociedad con la arquitectura, contar c\u00f3mo los arquitectos hacemos los edificios y para qu\u00e9 sirve nuestro esfuerzo eran algunos de nuestros objetivos.\u201d<\/strong><\/p>\n<\/blockquote>\n<p align=\"left\">\u00a0<\/p>\n<p align=\"left\"><span style=\"color: #888888;\">&#8211; Es entonces cuando comenz\u00e1is lo que se puede considerar\u00a0 una segunda fase dentro de vuestra actividad, \u00bfno?<\/span><\/p>\n<p align=\"left\">As\u00ed es, a partir de aqu\u00ed nos interes\u00f3 mucho m\u00e1s aproximarnos a peque\u00f1as intervenciones. Aument\u00f3 nuestra implicaci\u00f3n en \u00a0trabajos concretos sobre el terreno. Primero publicamos un peque\u00f1o libro que se llama \u201c<strong><em><a href=\"http:\/\/www.naoslibros.es\/fichalibro.php?isbn=978-84-96712-01-0\">Bordes de mar en Galicia<\/a><\/em><\/strong>\u201d donde explicamos c\u00f3mo funciona todo el litoral y la situaci\u00f3n de lo urbano en contacto con el mar.<\/p>\n<p align=\"left\">Continuamos con otra investigaci\u00f3n, \u201c<strong><em><a href=\"http:\/\/habitares.eu\/\">Habitares<\/a><\/em><\/strong>\u201d, un cambio de escala muy importante para nosotros, trabajando en toda la regi\u00f3n en Galicia y norte de Portugal, analizando las caracter\u00edsticas del espacio p\u00fablico de esta zona. En este proceso participaron de nuevo un grupo amplio de arquitectos y estudiantes, con especial implicaci\u00f3n del Colectivo Ergosfera. Este estudio nos llev\u00f3 directamente a lo que es el proyecto de la \u201c<strong><em><a href=\"http:\/\/www.acidadedosbarrios.org\/\">Cidade dos barrios<\/a><\/em><\/strong>\u201d, que recientemente ha sido seleccionada entre los 40 finalistas de la Bienal de Arquitectura.<\/p>\n<p align=\"left\"><strong>Todas estas inquietudes siguen siendo peque\u00f1os saltos de escalas, peque\u00f1as actividades, pero en este caso m\u00e1s centradas en otro tipo de intervenci\u00f3n, en otro tipo de papel del arquitecto.<\/strong> Realmente, se est\u00e1 produciendo un cambio en el que los arquitectos ya no estamos trabajando fundamentalmente en grandes edificios.<\/p>\n<p align=\"left\">\u00a0<\/p>\n<p align=\"center\"><img loading=\"lazy\" decoding=\"async\" class=\"aligncenter size-full wp-image-3407\" title=\"2.1 habitares  MMASA en stepienybarno\" src=\"https:\/\/stepienybarno.es\/blog\/wp-content\/uploads\/2011\/05\/2.1-habitares-MMASA-en-stepienybarno-.jpg\" alt=\"2.1 habitares  MMASA en stepienybarno\" width=\"500\" height=\"311\" srcset=\"https:\/\/stepienybarno.es\/blog\/wp-content\/uploads\/2011\/05\/2.1-habitares-MMASA-en-stepienybarno-.jpg 500w, https:\/\/stepienybarno.es\/blog\/wp-content\/uploads\/2011\/05\/2.1-habitares-MMASA-en-stepienybarno--180x112.jpg 180w, https:\/\/stepienybarno.es\/blog\/wp-content\/uploads\/2011\/05\/2.1-habitares-MMASA-en-stepienybarno--316x197.jpg 316w\" sizes=\"(max-width: 500px) 100vw, 500px\" \/><img loading=\"lazy\" decoding=\"async\" class=\"aligncenter size-full wp-image-3408\" title=\"2.2 habitares  MMASA en stepienybarno\" src=\"https:\/\/stepienybarno.es\/blog\/wp-content\/uploads\/2011\/05\/2.2-habitares-MMASA-en-stepienybarno-.jpg\" alt=\"2.2 habitares  MMASA en stepienybarno\" width=\"500\" height=\"500\" srcset=\"https:\/\/stepienybarno.es\/blog\/wp-content\/uploads\/2011\/05\/2.2-habitares-MMASA-en-stepienybarno-.jpg 500w, https:\/\/stepienybarno.es\/blog\/wp-content\/uploads\/2011\/05\/2.2-habitares-MMASA-en-stepienybarno--180x180.jpg 180w, https:\/\/stepienybarno.es\/blog\/wp-content\/uploads\/2011\/05\/2.2-habitares-MMASA-en-stepienybarno--224x224.jpg 224w, https:\/\/stepienybarno.es\/blog\/wp-content\/uploads\/2011\/05\/2.2-habitares-MMASA-en-stepienybarno--316x316.jpg 316w\" sizes=\"(max-width: 500px) 100vw, 500px\" \/><em><a href=\"http:\/\/habitares.eu\/\"><span style=\"color: #888888;\">Habitares<\/span><\/a><\/em><\/p>\n<p align=\"left\">\u00a0<\/p>\n<p align=\"left\"><span style=\"color: #888888;\">&#8211; Llev\u00e1is grupos de investigaci\u00f3n que no dependen de la universidad, visto desde fuera resulta algo extra\u00f1o\u2026<\/span><\/p>\n<p align=\"left\">Es una reacci\u00f3n de confrontaci\u00f3n a un sistema que no entend\u00edamos, demasiado anclado en la burocracia, que nos imped\u00eda, por ejemplo, que los estudiantes pudieran ser quienes organizasen las conferencias.<\/p>\n<p align=\"left\"><strong>Lo que ocurre a veces en la Universidad es que se quedan los trabajos dentro de sus propias aulas.<\/strong><\/p>\n<p align=\"left\">Est\u00e1n los compromisos de confidencialidad que no son\u00a0 escritos ni firmados, pero que en\u00a0 esa burbuja, que es la universidad, se dan a menudo. <strong>Se acaban acotando los trabajos de investigaci\u00f3n dentro de\u00a0 un \u00e1mbito completamente acad\u00e9mico que no llega a la sociedad<\/strong>.<\/p>\n<p align=\"left\">A\u00fan as\u00ed, seguimos creyendo que alg\u00fan d\u00eda las universidades optar\u00e1n por otro tipo de actitudes, y pensamos que es el lugar adecuado para que se produzcan estos espacios de reflexi\u00f3n y difusi\u00f3n.<\/p>\n<p align=\"left\">Nosotros comenzamos as\u00ed desde el principio de la carrera, sin papeleos ni l\u00edos, y nos parece realmente un camino igualmente legitimo. Es cierto, que es dif\u00edcil avanzar si no tienes un respaldo institucional detr\u00e1s, pero, a su vez, es mucho m\u00e1s f\u00e1cil llegar a lo que realmente te interesa, poder difundirlo y publicarlo. Si va a quedar en un caj\u00f3n, \u00bfpara qu\u00e9 se hace? Lo m\u00e1s interesante es que la gente pueda apropiarse y hacer uso de esa informaci\u00f3n.<\/p>\n<p align=\"left\">\u00a0<\/p>\n<p align=\"left\"><span style=\"color: #888888;\">&#8211; Parece que est\u00e1is proponiendo una redefinici\u00f3n de este concepto educacional.<\/span><\/p>\n<p align=\"left\"><strong>El clasicismo dentro de viejas herencias del sistema universitario acaba condicionando mucho cualquier tipo de investigaci\u00f3n.<\/strong> Se est\u00e1 dando un caso curioso, que muchos profesores universitarios tremendamente v\u00e1lidos est\u00e1n produciendo sus mayores contribuciones en el campo de la investigaci\u00f3n en entornos ajenos a la propia universidad. Probablemente se tengan que mantener dos v\u00edas, una v\u00eda estable y otra m\u00e1s flexible que se amolde y adapte a las necesidades que se producen en la sociedad. Esa misma flexibilidad de adaptaci\u00f3n, que s\u00ed que se reclama desde muchos sectores, tambi\u00e9n puede afectar a muchos otros t\u00e9rminos, no solo al econ\u00f3mico. Se est\u00e1n organizando m\u00e1s talleres ajenos a las estructuras tan regladas. Todav\u00eda cuesta hacerlo, pero <strong>cada vez se ve con m\u00e1s claridad que los invitados a los<em> masters<\/em> tienen poco que ver con estructuras acad\u00e9micas convencionales<\/strong>. Eso es algo habitual en todas las universidades. Es positivo que, poco a poco, se vaya cambiando el sistema y que alg\u00fan d\u00eda se consiga esa flexibilidad de la que hablamos antes.<\/p>\n<p align=\"left\">\u00a0<\/p>\n<p align=\"center\"><img loading=\"lazy\" decoding=\"async\" class=\"aligncenter size-full wp-image-3409\" title=\"3.1 buBble MMASA Fotograf\u00eda de SANTOS-DIEZ  en stepienybarno\" src=\"https:\/\/stepienybarno.es\/blog\/wp-content\/uploads\/2011\/05\/3.1-buBble-MMASA-Fotograf\u00eda-de-SANTOS-DIEZ-en-stepienybarno.jpg\" alt=\"3.1 buBble MMASA Fotograf\u00eda de SANTOS-DIEZ  en stepienybarno\" width=\"500\" height=\"500\" srcset=\"https:\/\/stepienybarno.es\/blog\/wp-content\/uploads\/2011\/05\/3.1-buBble-MMASA-Fotograf\u00eda-de-SANTOS-DIEZ-en-stepienybarno.jpg 500w, https:\/\/stepienybarno.es\/blog\/wp-content\/uploads\/2011\/05\/3.1-buBble-MMASA-Fotograf\u00eda-de-SANTOS-DIEZ-en-stepienybarno-180x180.jpg 180w, https:\/\/stepienybarno.es\/blog\/wp-content\/uploads\/2011\/05\/3.1-buBble-MMASA-Fotograf\u00eda-de-SANTOS-DIEZ-en-stepienybarno-224x224.jpg 224w, https:\/\/stepienybarno.es\/blog\/wp-content\/uploads\/2011\/05\/3.1-buBble-MMASA-Fotograf\u00eda-de-SANTOS-DIEZ-en-stepienybarno-316x316.jpg 316w\" sizes=\"(max-width: 500px) 100vw, 500px\" \/><\/p>\n<p align=\"center\"><span style=\"color: #888888;\"><em>PROTOTIPO BUBBLE<\/em> \/ Fotograf\u00eda de <em>SANTOS-DIEZ.<\/em><\/span><\/p>\n<p align=\"left\">\u00a0<\/p>\n<p align=\"left\"><span style=\"color: #888888;\">&#8211; Por otro lado, con el paso de los a\u00f1os, hab\u00e9is desarrollado multitud de proyectos en vuestro propio estudio. Desde ah\u00ed no se han perdido de vista los nuevos modos de habitar, e incluso, hab\u00e9is dado a luz al\u00a0 prototipo <em>BuBble<\/em>. Contarnos en que consiste.<\/span><\/p>\n<p align=\"left\">Como todo prototipo, se trata de un experimento<strong><em>. BuBble <\/em>es un mecanismo de vivienda aut\u00f3noma, n\u00f3mada y flexible que permite a sus ocupantes dar respuesta a situaciones de temporalidad diversa.<\/strong> Se compone de un kit b\u00e1sico para estancias de no m\u00e1s de dos d\u00edas, y distintos kit_accesorios que complementar\u00e1n las necesidades de estancias prolongadas. Est\u00e1 pensado para ser construido por una sola persona y para ser transportado y utilizado como sistema de alojamiento temporal en cualquier ciudad. Con este proyecto hemos participado, entre otras cosas,\u00a0 en el <a href=\"http:\/\/www.architekturtage.at\/2010\/event.php?item=5446\" target=\"_blank\">Festival de Arquitectura de Austria<\/a> que reflexiona sobre las propuestas arquitect\u00f3nicas a escala 1:1 que pretenden explorar modos complementarios de ocupaci\u00f3n en la ciudad actual. Por iniciativa del <em>Vorarlberg Architecture Institute<\/em>, en esta regi\u00f3n la tem\u00e1tica se centr\u00f3 en las propuestas para n\u00f3madas urbanos y para ello se expuso el\u00a0 prototipo de vivienda temporal <em>Bubble.<\/em> \u00a0Primero situamos la vivienda a orillas del lago <em>Constanza<\/em>, en la ciudad de <em>Bregenz <\/em>y despu\u00e9s nos desplazamos en tren hasta <em>Dornbirn<\/em> para colocar el prototipo en la plaza del mercado, como exploraci\u00f3n de las relaciones entre los ciudadanos y los nuevos objetos incorporados al paisaje urbano. Realmente fue una experiencia enriquecedora.<\/p>\n<p align=\"left\">\u00a0<\/p>\n<p align=\"center\"><img loading=\"lazy\" decoding=\"async\" class=\"aligncenter size-full wp-image-3410\" title=\"3.2 buBble MMASA Fotograf\u00eda de SANTOS-DIEZ  en stepienybarno\" src=\"https:\/\/stepienybarno.es\/blog\/wp-content\/uploads\/2011\/05\/3.2-buBble-MMASA-Fotograf\u00eda-de-SANTOS-DIEZ-en-stepienybarno.jpg\" alt=\"3.2 buBble MMASA Fotograf\u00eda de SANTOS-DIEZ  en stepienybarno\" width=\"500\" height=\"890\" srcset=\"https:\/\/stepienybarno.es\/blog\/wp-content\/uploads\/2011\/05\/3.2-buBble-MMASA-Fotograf\u00eda-de-SANTOS-DIEZ-en-stepienybarno.jpg 500w, https:\/\/stepienybarno.es\/blog\/wp-content\/uploads\/2011\/05\/3.2-buBble-MMASA-Fotograf\u00eda-de-SANTOS-DIEZ-en-stepienybarno-101x180.jpg 101w, https:\/\/stepienybarno.es\/blog\/wp-content\/uploads\/2011\/05\/3.2-buBble-MMASA-Fotograf\u00eda-de-SANTOS-DIEZ-en-stepienybarno-309x550.jpg 309w, https:\/\/stepienybarno.es\/blog\/wp-content\/uploads\/2011\/05\/3.2-buBble-MMASA-Fotograf\u00eda-de-SANTOS-DIEZ-en-stepienybarno-393x700.jpg 393w, https:\/\/stepienybarno.es\/blog\/wp-content\/uploads\/2011\/05\/3.2-buBble-MMASA-Fotograf\u00eda-de-SANTOS-DIEZ-en-stepienybarno-225x400.jpg 225w\" sizes=\"(max-width: 500px) 100vw, 500px\" \/><em><span style=\"color: #888888;\">PROTOTIPO BUBBLE<\/span><\/em><\/p>\n<p align=\"left\">\u00a0<\/p>\n<p align=\"left\"><span style=\"color: #888888;\">&#8211; Otro tema que os interesa especialmente es la arquitectura de interiores. Hablarnos un poco del recientemente finalista, en el XIV Premio COAG, proyecto de arquitectura de oficinas de <em>Konstruplus.<\/em><\/span><\/p>\n<p align=\"left\">En este caso, el mayor esfuerzo fue trasladar las formas curvas creadas a partir de las vigas colocadas a distinta altura desde el plano a la obra. Asimismo, al utilizar constantemente el blanco e introducir un peque\u00f1o jard\u00edn seco artificial, pretend\u00edamos conseguir una iluminaci\u00f3n constante en un espacio especialmente oscuro. Creemos que el resultado final fue muy pr\u00e1ctico y atractivo.<\/p>\n<p align=\"left\">\u00a0<\/p>\n<p align=\"center\"><img loading=\"lazy\" decoding=\"async\" class=\"aligncenter size-full wp-image-3411\" title=\"4. Oficinas Konstruplus oficinas MMASA Fotograf\u00eda de SANTOS-DIEZ  en stepienybarno\" src=\"https:\/\/stepienybarno.es\/blog\/wp-content\/uploads\/2011\/05\/4.-Oficinas-Konstruplus-oficinas-MMASA-Fotograf\u00eda-de-SANTOS-DIEZ-en-stepienybarno.jpg\" alt=\"4. Oficinas Konstruplus oficinas MMASA Fotograf\u00eda de SANTOS-DIEZ  en stepienybarno\" width=\"500\" height=\"584\" srcset=\"https:\/\/stepienybarno.es\/blog\/wp-content\/uploads\/2011\/05\/4.-Oficinas-Konstruplus-oficinas-MMASA-Fotograf\u00eda-de-SANTOS-DIEZ-en-stepienybarno.jpg 500w, https:\/\/stepienybarno.es\/blog\/wp-content\/uploads\/2011\/05\/4.-Oficinas-Konstruplus-oficinas-MMASA-Fotograf\u00eda-de-SANTOS-DIEZ-en-stepienybarno-154x180.jpg 154w, https:\/\/stepienybarno.es\/blog\/wp-content\/uploads\/2011\/05\/4.-Oficinas-Konstruplus-oficinas-MMASA-Fotograf\u00eda-de-SANTOS-DIEZ-en-stepienybarno-471x550.jpg 471w, https:\/\/stepienybarno.es\/blog\/wp-content\/uploads\/2011\/05\/4.-Oficinas-Konstruplus-oficinas-MMASA-Fotograf\u00eda-de-SANTOS-DIEZ-en-stepienybarno-316x369.jpg 316w\" sizes=\"(max-width: 500px) 100vw, 500px\" \/><span style=\"color: #888888;\"><em>oficinas de konstruplus<\/em><strong> \/<\/strong> Fotograf\u00eda de <em>SANTOS-DIEZ<\/em><\/span><\/p>\n<p align=\"left\">\u00a0<\/p>\n<p align=\"left\"><span style=\"color: #888888;\">&#8211; Uno de los proyectos que m\u00e1s alegr\u00edas os ha reportado son los <em>Juzgados en Barco de Valdeorras<\/em> (Orense). Os pedir\u00edamos que nos hablaseis de \u00e9l.\u00a0<\/span><\/p>\n<p align=\"left\">El proyecto es resultado del primer premio en un <a href=\"http:\/\/www.coag.es\/concursoxustizaobarco\/xustiza2C.htm\" target=\"_blank\">concurso abierto realizado en 2007. <\/a>Su ubicaci\u00f3n en el interior de una parcela urbana, todav\u00eda sin edificar, condicionaba esencialmente el proyecto, <strong>as\u00ed que propusimos una construcci\u00f3n capaz de resolverse en s\u00ed misma y aceptar la incierta tipolog\u00eda edificatoria que la rodear\u00e1 en el futuro.<\/strong> Nuestro constante inter\u00e9s por la percepci\u00f3n de los espacios y la creaci\u00f3n de ambientes es el germen en la definici\u00f3n de los espacios interiores. La relaci\u00f3n anat\u00f3mica que estos establecen condiciona simult\u00e1neamente la forma exterior del edificio.<\/p>\n<p align=\"left\">Nuestra intervenci\u00f3n intent\u00f3 que sus constantes pliegues fomentasen la continuidad visual de espacios, en una propuesta en la que la rigidez program\u00e1tica exige una lectura clara de los usos y funciones. La volumetr\u00eda del edificio refleja una superposici\u00f3n de espacios articulados en torno al funcionamiento lineal de las oficinas.<\/p>\n<p align=\"left\">\u00a0<\/p>\n<p align=\"center\"><img loading=\"lazy\" decoding=\"async\" class=\"aligncenter size-full wp-image-3412\" title=\"5.1 Edificio Judicial en O Barco de Valdeorras Fotograf\u00eda de SANTOS-DIEZ en stepienybarno\" src=\"https:\/\/stepienybarno.es\/blog\/wp-content\/uploads\/2011\/05\/5.1-Edificio-Judicial-en-O-Barco-de-Valdeorras-Fotograf\u00eda-de-SANTOS-DIEZ-en-stepienybarno.jpg\" alt=\"5.1 Edificio Judicial en O Barco de Valdeorras Fotograf\u00eda de SANTOS-DIEZ en stepienybarno\" width=\"500\" height=\"369\" srcset=\"https:\/\/stepienybarno.es\/blog\/wp-content\/uploads\/2011\/05\/5.1-Edificio-Judicial-en-O-Barco-de-Valdeorras-Fotograf\u00eda-de-SANTOS-DIEZ-en-stepienybarno.jpg 500w, https:\/\/stepienybarno.es\/blog\/wp-content\/uploads\/2011\/05\/5.1-Edificio-Judicial-en-O-Barco-de-Valdeorras-Fotograf\u00eda-de-SANTOS-DIEZ-en-stepienybarno-180x133.jpg 180w, https:\/\/stepienybarno.es\/blog\/wp-content\/uploads\/2011\/05\/5.1-Edificio-Judicial-en-O-Barco-de-Valdeorras-Fotograf\u00eda-de-SANTOS-DIEZ-en-stepienybarno-316x233.jpg 316w\" sizes=\"(max-width: 500px) 100vw, 500px\" \/><\/p>\n<p align=\"center\"><span style=\"color: #888888;\">JUZGADOS EN BARCO DE VALDEORRAS (Orense).<\/span><\/p>\n<p align=\"left\">\u00a0<\/p>\n<p align=\"left\"><span style=\"color: #888888;\">&#8211; Y ya para terminar esta primera parte de la entrevista pudierais contarnos c\u00f3mo veis el futuro de la profesi\u00f3n.<\/span><\/p>\n<p align=\"left\">Hay que redefinir el papel principal del arquitecto. Si la situaci\u00f3n actual es complicada, todo hace indicar que la situaci\u00f3n dentro de diez a\u00f1os ser\u00e1 mucho peor. Hoy por hoy, no es la labor de todos los arquitectos la de construir, porque directamente no va\u00a0 a haber sitio en ese campo para todos. Nosotros, <strong>durante los a\u00f1os pasados no nos hemos dedicado exclusivamente a la construcci\u00f3n, sino que hemos incidido en el campo de la\u00a0 investigaci\u00f3n y hemos intentado proponer nuevas formas de actuar en la ciudad.<\/strong><\/p>\n<p align=\"left\">Deber\u00edamos de \u00a0buscar otros caminos m\u00e1s colaborativos con otras disciplinas. Se requiere una labor de difusi\u00f3n muy grande para volver a considerar el valor del arquitecto en unos t\u00e9rminos diferentes en los que se hab\u00eda valorado antes. Es fundamental, que la sociedad sepa qu\u00e9 es lo que podemos hacer, que somos capaces de aplicar soluciones sencillas, que est\u00e9n enfocadas en el bienestar de las personas. Conseguir esa confianza es dif\u00edcil, pero lo entendemos como uno de nuestros principales objetivos. <strong>Nuestros esfuerzos pasan por\u00a0 ser capaces de transmitir esa idea, es decir, lograr que la sociedad sea\u00a0 capaz de creer en lo que proponemos.<\/strong><\/p>\n<p align=\"left\">\u00a0<\/p>\n<p align=\"left\">Y esto ha sido la primera parte de la entrevista. Si os ha gustado y os hab\u00e9is quedado con ganas de m\u00e1s, pod\u00e9is hacerlo en la segunda parte que hemos publicado en <a href=\"http:\/\/www.laciudadviva.org\/blogs\/?p=10122\">nuestro reciente post para LA CIUDAD VIVA.<\/a><\/p>\n<p align=\"left\">\u00a0<\/p>\n<p align=\"left\">Autores de la entrevista: <a href=\"http:\/\/www.facebook.com\/col.prudant#!\/StepienybarnoCANAL\">Stepienybarno<\/a><\/p>\n<p align=\"left\">Las fotograf\u00edas han sido cedidas por <em>MMASA<\/em><\/p>\n<p align=\"left\">* Este art\u00edculo ha sido escrito con car\u00e1cter divulgativo y sin ning\u00fan tipo de \u00e1nimo de lucro. As\u00ed que si te apetece compartirlo en cualquier otro medio, estaremos encantados de que lo hagas siempre y cuando cites el lugar donde lo has encontrado.<\/p>\n<p align=\"left\">*Stepienybarno est\u00e1 formado por Agnieszka Stepien y Lorenzo Barn\u00f3. Nuestra actividad se sustenta en tres pilares b\u00e1sicos: la investigaci\u00f3n, la publicaci\u00f3n y la redacci\u00f3n de proyectos de arquitectura.<\/p>\n<p align=\"left\">A su vez, somos socios cofundadores de <a href=\"http:\/\/sinergiasostenible.org\/\">SINERGIA SOSTENIBLE<\/a> y redactores de <a href=\"http:\/\/www.laciudadviva.org\/blogs\/?author=45\">LA CIUDAD VIVA<\/a><\/p>\n<p align=\"left\">\u00a0<\/p>\n","protected":false},"excerpt":{"rendered":"\n<p>Hoy tenemos la suerte de presentar la entrevista que mantuvimos con Patricia Mu\u00f1iz y Luciano Alfaya del estudio de arquitectura MMASA. Lo primero de todo, quisi\u00e9ramos agradecerles la gentileza que tuvieron de atendernos y animarse, incluso, a venir a nuestra peque\u00f1a Estella, para poder pasar un bonito d\u00eda en el que tuvimos tiempo de hacer un buen repaso de su trayectoria. En esta primera parte de la entrevista, nos hablan de sus comienzos en la universidad, sobre c\u00f3mo fue la aventura de sacar adelante diez a\u00f1os de uno de los congresos m\u00e1s importantes del panorama nacional y cu\u00e1les son algunas de sus obras m\u00e1s importantes.<\/p>\n<p>\u00a1Esperamos que os guste!<\/p>\n<p>Hoy tenemos la suerte de presentar la entrevista que mantuvimos con Patricia Mu\u00f1iz y Luciano Alfaya del estudio de arquitectura MMASA. Lo primero de todo, quisi\u00e9ramos agradecerles la gentileza que tuvieron de atendernos y animarse, incluso, a venir a nuestra peque\u00f1a Estella, para poder pasar un bonito d\u00eda en el que tuvimos tiempo de hacer un buen repaso de su trayectoria. En esta primera parte de la entrevista, nos hablan de sus comienzos en la universidad, sobre c\u00f3mo fue la aventura de sacar adelante diez a\u00f1os de uno de los congresos m\u00e1s importantes del panorama nacional y cu\u00e1les son algunas de sus obras m\u00e1s importantes.<\/p>\n<p>\u00a1Esperamos que os guste!<\/p>\n","protected":false},"author":2,"featured_media":0,"comment_status":"open","ping_status":"closed","sticky":false,"template":"","format":"standard","meta":{"om_disable_all_campaigns":false,"_monsterinsights_skip_tracking":false,"_monsterinsights_sitenote_active":false,"_monsterinsights_sitenote_note":"","_monsterinsights_sitenote_category":0,"_uf_show_specific_survey":0,"_uf_disable_surveys":false,"episode_type":"","audio_file":"","cover_image":"","cover_image_id":"","duration":"","filesize":"","date_recorded":"","explicit":"","block":"","filesize_raw":"","footnotes":""},"categories":[34,4],"tags":[932,933,935,931,938,934,940,930,928,939,929,936,937],"series":[],"class_list":["post-3400","post","type-post","status-publish","format-standard","hentry","category-actualidad","category-arquilectura","tag-aravena","tag-bordes-de-mar-en-galicia","tag-cidade-dos-barrios","tag-encontros-de-arquitectura","tag-festival-de-arquitectura-de-austria","tag-habitares","tag-juzgados-en-barco-de-valdeorras","tag-luciano-alfaya","tag-mmasa","tag-oficinas-de-konstruplus","tag-patricia-muniz","tag-prototipo-bubble","tag-santos-diez"],"aioseo_notices":[],"episode_featured_image":false,"episode_player_image":"https:\/\/stepienybarno.es\/blog\/wp-content\/uploads\/2020\/11\/stepienybarno-podcast-scaled.jpg","download_link":"","player_link":"","audio_player":false,"episode_data":{"playerMode":"dark","subscribeUrls":[],"rssFeedUrl":"https:\/\/stepienybarno.es\/blog\/feed\/podcast\/podcast-de-stepienybarno","embedCode":"<blockquote class=\"wp-embedded-content\" data-secret=\"es6OhTpCUm\"><a href=\"https:\/\/stepienybarno.es\/blog\/2011\/05\/09\/stepienybarno-charlan-con-mmasa-parte-1\/\">STEPIENYBARNO CHARLAN CON MMASA \/ PARTE 1<\/a><\/blockquote><iframe sandbox=\"allow-scripts\" security=\"restricted\" src=\"https:\/\/stepienybarno.es\/blog\/2011\/05\/09\/stepienybarno-charlan-con-mmasa-parte-1\/embed\/#?secret=es6OhTpCUm\" width=\"500\" height=\"350\" title=\"\u00abSTEPIENYBARNO CHARLAN CON MMASA \/ PARTE 1\u00bb \u2014 Blog de STEPIEN Y BARNO - publicaci\u00f3n digital sobre arquitectura\" data-secret=\"es6OhTpCUm\" frameborder=\"0\" marginwidth=\"0\" marginheight=\"0\" scrolling=\"no\" class=\"wp-embedded-content\"><\/iframe><script type=\"text\/javascript\">\n\/* <![CDATA[ *\/\n\/*! This file is auto-generated *\/\n!function(d,l){\"use strict\";l.querySelector&&d.addEventListener&&\"undefined\"!=typeof URL&&(d.wp=d.wp||{},d.wp.receiveEmbedMessage||(d.wp.receiveEmbedMessage=function(e){var t=e.data;if((t||t.secret||t.message||t.value)&&!\/[^a-zA-Z0-9]\/.test(t.secret)){for(var s,r,n,a=l.querySelectorAll('iframe[data-secret=\"'+t.secret+'\"]'),o=l.querySelectorAll('blockquote[data-secret=\"'+t.secret+'\"]'),c=new RegExp(\"^https?:$\",\"i\"),i=0;i<o.length;i++)o[i].style.display=\"none\";for(i=0;i<a.length;i++)s=a[i],e.source===s.contentWindow&&(s.removeAttribute(\"style\"),\"height\"===t.message?(1e3<(r=parseInt(t.value,10))?r=1e3:~~r<200&&(r=200),s.height=r):\"link\"===t.message&&(r=new URL(s.getAttribute(\"src\")),n=new URL(t.value),c.test(n.protocol))&&n.host===r.host&&l.activeElement===s&&(d.top.location.href=t.value))}},d.addEventListener(\"message\",d.wp.receiveEmbedMessage,!1),l.addEventListener(\"DOMContentLoaded\",function(){for(var e,t,s=l.querySelectorAll(\"iframe.wp-embedded-content\"),r=0;r<s.length;r++)(t=(e=s[r]).getAttribute(\"data-secret\"))||(t=Math.random().toString(36).substring(2,12),e.src+=\"#?secret=\"+t,e.setAttribute(\"data-secret\",t)),e.contentWindow.postMessage({message:\"ready\",secret:t},\"*\")},!1)))}(window,document);\n\/* ]]> *\/\n<\/script>\n"},"_links":{"self":[{"href":"https:\/\/stepienybarno.es\/blog\/wp-json\/wp\/v2\/posts\/3400"}],"collection":[{"href":"https:\/\/stepienybarno.es\/blog\/wp-json\/wp\/v2\/posts"}],"about":[{"href":"https:\/\/stepienybarno.es\/blog\/wp-json\/wp\/v2\/types\/post"}],"author":[{"embeddable":true,"href":"https:\/\/stepienybarno.es\/blog\/wp-json\/wp\/v2\/users\/2"}],"replies":[{"embeddable":true,"href":"https:\/\/stepienybarno.es\/blog\/wp-json\/wp\/v2\/comments?post=3400"}],"version-history":[{"count":7,"href":"https:\/\/stepienybarno.es\/blog\/wp-json\/wp\/v2\/posts\/3400\/revisions"}],"predecessor-version":[{"id":3415,"href":"https:\/\/stepienybarno.es\/blog\/wp-json\/wp\/v2\/posts\/3400\/revisions\/3415"}],"wp:attachment":[{"href":"https:\/\/stepienybarno.es\/blog\/wp-json\/wp\/v2\/media?parent=3400"}],"wp:term":[{"taxonomy":"category","embeddable":true,"href":"https:\/\/stepienybarno.es\/blog\/wp-json\/wp\/v2\/categories?post=3400"},{"taxonomy":"post_tag","embeddable":true,"href":"https:\/\/stepienybarno.es\/blog\/wp-json\/wp\/v2\/tags?post=3400"},{"taxonomy":"series","embeddable":true,"href":"https:\/\/stepienybarno.es\/blog\/wp-json\/wp\/v2\/series?post=3400"}],"curies":[{"name":"wp","href":"https:\/\/api.w.org\/{rel}","templated":true}]}}