{"id":34020,"date":"2019-01-17T08:25:23","date_gmt":"2019-01-17T06:25:23","guid":{"rendered":"https:\/\/www.stepienybarno.es\/blog\/?p=34020"},"modified":"2019-01-17T00:54:06","modified_gmt":"2019-01-16T22:54:06","slug":"ornamento-crimen-y-prejuicio-donde-el-manifiesto-de-adolf-loos-falla-en-entender-a-la-sociedad","status":"publish","type":"post","link":"https:\/\/stepienybarno.es\/blog\/2019\/01\/17\/ornamento-crimen-y-prejuicio-donde-el-manifiesto-de-adolf-loos-falla-en-entender-a-la-sociedad\/","title":{"rendered":"Ornamento, crimen y prejuicio: donde el manifiesto de Adolf Loos falla en entender a la sociedad"},"content":{"rendered":"<p><img loading=\"lazy\" decoding=\"async\" class=\"aligncenter size-medium wp-image-34026\" src=\"https:\/\/stepienybarno.es\/blog\/wp-content\/uploads\/2019\/01\/Stepienybarno-ornameto-adolfloos-ProyectoDelDia-01-550x376.jpg\" alt=\"\" width=\"550\" height=\"376\" srcset=\"https:\/\/stepienybarno.es\/blog\/wp-content\/uploads\/2019\/01\/Stepienybarno-ornameto-adolfloos-ProyectoDelDia-01-550x376.jpg 550w, https:\/\/stepienybarno.es\/blog\/wp-content\/uploads\/2019\/01\/Stepienybarno-ornameto-adolfloos-ProyectoDelDia-01-180x123.jpg 180w, https:\/\/stepienybarno.es\/blog\/wp-content\/uploads\/2019\/01\/Stepienybarno-ornameto-adolfloos-ProyectoDelDia-01-1024x700.jpg 1024w, https:\/\/stepienybarno.es\/blog\/wp-content\/uploads\/2019\/01\/Stepienybarno-ornameto-adolfloos-ProyectoDelDia-01-316x216.jpg 316w, https:\/\/stepienybarno.es\/blog\/wp-content\/uploads\/2019\/01\/Stepienybarno-ornameto-adolfloos-ProyectoDelDia-01.jpg 1463w\" sizes=\"(max-width: 550px) 100vw, 550px\" \/><\/p>\n<h1>Por: <a href=\"https:\/\/twitter.com\/mathias_agbojr?lang=es\" target=\"_blank\" rel=\"noopener\">Mathias Agbo, Jr<\/a><\/h1>\n<h2>Desde: <a href=\"http:\/\/www.plataformaarquitectura.cl\" target=\"_blank\" rel=\"noopener\">Plataforma Arquitectura<\/a><\/h2>\n<p>&nbsp;<\/p>\n<p><!--more--><\/p>\n<p>Siempre me ha fascinado la teor\u00eda arquitect\u00f3nica. A lo largo de los a\u00f1os he le\u00eddo una gran variedad de trabajos, pero ninguno de ellos me intrig\u00f3, me dej\u00f3 perplejo y me desconcert\u00f3 tanto como \u201c<a href=\"https:\/\/hts3.files.wordpress.com\/2010\/12\/loos-ornament-and-crime2.pdf?utm_medium=website&amp;utm_source=plataformaarquitectura.cl\" target=\"_blank\" rel=\"noopener\">Ornamento y crimen<\/a>\u201d, la controversial pol\u00e9mica de\u00a0<a href=\"https:\/\/www.plataformaarquitectura.cl\/cl\/tag\/adolf-loos\">Adolf Loos<\/a>, escrita unos cuantos a\u00f1os antes del estallido de la Primera Guerra Mundial.<\/p>\n<p><img loading=\"lazy\" decoding=\"async\" class=\"aligncenter size-medium wp-image-34028\" src=\"https:\/\/stepienybarno.es\/blog\/wp-content\/uploads\/2019\/01\/Stepienybarno-ornameto-adolfloos-ProyectoDelDia-02-550x367.jpg\" alt=\"\" width=\"550\" height=\"367\" srcset=\"https:\/\/stepienybarno.es\/blog\/wp-content\/uploads\/2019\/01\/Stepienybarno-ornameto-adolfloos-ProyectoDelDia-02-550x367.jpg 550w, https:\/\/stepienybarno.es\/blog\/wp-content\/uploads\/2019\/01\/Stepienybarno-ornameto-adolfloos-ProyectoDelDia-02-180x120.jpg 180w, https:\/\/stepienybarno.es\/blog\/wp-content\/uploads\/2019\/01\/Stepienybarno-ornameto-adolfloos-ProyectoDelDia-02-1024x683.jpg 1024w, https:\/\/stepienybarno.es\/blog\/wp-content\/uploads\/2019\/01\/Stepienybarno-ornameto-adolfloos-ProyectoDelDia-02-316x211.jpg 316w, https:\/\/stepienybarno.es\/blog\/wp-content\/uploads\/2019\/01\/Stepienybarno-ornameto-adolfloos-ProyectoDelDia-02.jpg 1500w\" sizes=\"(max-width: 550px) 100vw, 550px\" \/><\/p>\n<p>La primera vez que le\u00ed el ensayo de Loos fue como un joven estudiante de dise\u00f1o africano que vive en Europa. El ensayo me desconcert\u00f3 por dos razones: estaba estudiando para convertirme en un dise\u00f1ador \u00abmoderno\u00bb, leyendo el canon apropiado de literatura, pero proven\u00eda de una cultura profundamente enraizada en la ornamentaci\u00f3n,\u00a0as\u00ed que la pieza se sinti\u00f3 como una afrenta directa a un aspecto clave de mi identidad cultural. (&#8230;) \u00bb<\/p>\n<p>&nbsp;<\/p>\n<p style=\"text-align: center;\">Acceder al Art\u00edculo <a href=\"http:\/\/bit.ly\/2VZsxYA\" target=\"_blank\" rel=\"noopener\">AQU\u00cd<\/a><\/p>\n<h5><\/h5>\n<h5><strong>Autores del post:\u00a0<a href=\"https:\/\/stepienybarno.es\/blog\/2011\/09\/04\/las-fortalezas-del-arquitecto\/\">Stepienybarno<\/a>\u00a0_ Agnieszka Stepien y Lorenzo Barn\u00f3<\/strong><\/h5>\n<h5>Y como siempre, si te gust\u00f3 el post,\u00a0estar\u00eda genial que lo compartas\u00a0en tus redes sociales.<\/h5>\n<h5>A su vez, si todav\u00eda no est\u00e1s suscrito a nuestra Newsletter, te animamos a hacerlo en la casilla que tienes al terminar este art\u00edculo.<\/h5>\n<p>&nbsp;<\/p>\n<blockquote><p>Suscribirte a nuestro blog y recibe gratis nuestra gu\u00eda: 10 Ideas para vender m\u00e1s si eres arquitecto<\/p>\n<p>Acceder:\u00a0<a href=\"http:\/\/bit.ly\/2fkkTS7\">http:\/\/bit.ly\/2fkkTS7<\/a><\/p>\n<p>&nbsp;<\/p>\n<p>Si te interesa contactar con nosotros para que te ayudemos a mejorar tu visibilidad online y, en consecuencia, mejorar tus oportunidades laborales, no dudes en escribirnos a:\u00a0<a href=\"mailto:blog@stepienybarno.es\">blog@stepienybarno.es<\/a><\/p><\/blockquote>\n<p>&nbsp;<\/p>\n<p><em><a href=\"https:\/\/twitter.com\/stepienybarno\">Stepienybarno en TWITTER<\/a><\/em><\/p>\n<p><em><a href=\"https:\/\/twitter.com\/stepienybarno\">@stepienybarno (+ de 16.000 seguidores)<\/a><\/em><\/p>\n<p><em><a href=\"https:\/\/twitter.com\/stepienybarno?lang=es\">https:\/\/twitter.com\/stepienybarno?lang=es<\/a><\/em><\/p>\n<p><em><a href=\"https:\/\/www.facebook.com\/pages\/BLOG-DE-STEPIENYBARNO\/78001079029\">Stepienybarno en FACEBOOK (+ de 24<u>.000 seguidores)<\/u><\/a><\/em><\/p>\n<p><em><a href=\"https:\/\/www.facebook.com\/StepienyBarnoArquitecturaeIdentidadDigital\/\">https:\/\/www.facebook.com\/StepienyBarnoArquitecturaeIdentidadDigital\/<\/a><\/em><\/p>\n<p><em>Acceder a nuestro GRUPO CERRADO DE FACEBOOK sobre Identidad Digital para Arquitectos:<\/em><\/p>\n<p><em><a href=\"https:\/\/www.facebook.com\/groups\/IdentidadDigitalParaArquitectos\/\">https:\/\/www.facebook.com\/groups\/IdentidadDigitalParaArquitectos\/<\/a><\/em><\/p>\n<p><em>Suscr\u00edbete a nuestro canal de YOUTUBE:\u00a0<a href=\"http:\/\/bit.ly\/2A1UtAd\">http:\/\/bit.ly\/2A1UtAd<\/a><\/em><\/p>\n<p>&nbsp;<\/p>\n<p>*\u00a0<a href=\"https:\/\/stepienybarno.es\/blog\/2011\/09\/04\/las-fortalezas-del-arquitecto\/\">Stepienybarno<\/a>\u00a0est\u00e1 formado por Agnieszka Stepien y Lorenzo Barn\u00f3 y desde mayo del 2009 estamos en la red con\u00a0 la presente publicaci\u00f3n digital (Blog) de arquitectura.<\/p>\n<p>Nuestra actividad se sustenta en tres pilares b\u00e1sicos: la investigaci\u00f3n, la publicaci\u00f3n y la redacci\u00f3n de proyectos de arquitectura.<\/p>\n<p>A su vez, somos socios cofundadores de\u00a0<a href=\"http:\/\/sinergiasostenible.org\/\">SINERGIA SOSTENIBLE<\/a>\u00a0y directores del blog de FUNDACI\u00d3N ARQUIA.<\/p>\n<p>&nbsp;<\/p>\n","protected":false},"excerpt":{"rendered":"<p>Por: Mathias Agbo, Jr Desde: Plataforma Arquitectura &nbsp;<\/p>\n","protected":false},"author":10,"featured_media":34026,"comment_status":"open","ping_status":"closed","sticky":false,"template":"","format":"standard","meta":{"om_disable_all_campaigns":false,"_monsterinsights_skip_tracking":false,"_monsterinsights_sitenote_active":false,"_monsterinsights_sitenote_note":"","_monsterinsights_sitenote_category":0,"_uf_show_specific_survey":0,"_uf_disable_surveys":false,"episode_type":"","audio_file":"","cover_image":"","cover_image_id":"","duration":"","filesize":"","date_recorded":"","explicit":"","block":"","filesize_raw":"","footnotes":""},"categories":[244],"tags":[1440,6944,6945,921],"series":[],"class_list":["post-34020","post","type-post","status-publish","format-standard","has-post-thumbnail","hentry","category-canal-de-arquitectura","tag-adolf-loos","tag-mathias-agbo-jr","tag-ornamento-y-delito","tag-plataforma-arquitectura"],"aioseo_notices":[],"episode_featured_image":"https:\/\/stepienybarno.es\/blog\/wp-content\/uploads\/2019\/01\/Stepienybarno-ornameto-adolfloos-ProyectoDelDia-01.jpg","episode_player_image":"https:\/\/stepienybarno.es\/blog\/wp-content\/uploads\/2020\/11\/stepienybarno-podcast-scaled.jpg","download_link":"","player_link":"","audio_player":false,"episode_data":{"playerMode":"dark","subscribeUrls":[],"rssFeedUrl":"https:\/\/stepienybarno.es\/blog\/feed\/podcast\/podcast-de-stepienybarno","embedCode":"<blockquote class=\"wp-embedded-content\" data-secret=\"bbOP65SYzH\"><a href=\"https:\/\/stepienybarno.es\/blog\/2019\/01\/17\/ornamento-crimen-y-prejuicio-donde-el-manifiesto-de-adolf-loos-falla-en-entender-a-la-sociedad\/\">Ornamento, crimen y prejuicio: donde el manifiesto de Adolf Loos falla en entender a la sociedad<\/a><\/blockquote><iframe sandbox=\"allow-scripts\" security=\"restricted\" src=\"https:\/\/stepienybarno.es\/blog\/2019\/01\/17\/ornamento-crimen-y-prejuicio-donde-el-manifiesto-de-adolf-loos-falla-en-entender-a-la-sociedad\/embed\/#?secret=bbOP65SYzH\" width=\"500\" height=\"350\" title=\"\u00abOrnamento, crimen y prejuicio: donde el manifiesto de Adolf Loos falla en entender a la sociedad\u00bb \u2014 Blog de STEPIEN Y BARNO - publicaci\u00f3n digital sobre arquitectura\" data-secret=\"bbOP65SYzH\" frameborder=\"0\" marginwidth=\"0\" marginheight=\"0\" scrolling=\"no\" class=\"wp-embedded-content\"><\/iframe><script type=\"text\/javascript\">\n\/* <![CDATA[ *\/\n\/*! This file is auto-generated *\/\n!function(d,l){\"use strict\";l.querySelector&&d.addEventListener&&\"undefined\"!=typeof URL&&(d.wp=d.wp||{},d.wp.receiveEmbedMessage||(d.wp.receiveEmbedMessage=function(e){var t=e.data;if((t||t.secret||t.message||t.value)&&!\/[^a-zA-Z0-9]\/.test(t.secret)){for(var s,r,n,a=l.querySelectorAll('iframe[data-secret=\"'+t.secret+'\"]'),o=l.querySelectorAll('blockquote[data-secret=\"'+t.secret+'\"]'),c=new RegExp(\"^https?:$\",\"i\"),i=0;i<o.length;i++)o[i].style.display=\"none\";for(i=0;i<a.length;i++)s=a[i],e.source===s.contentWindow&&(s.removeAttribute(\"style\"),\"height\"===t.message?(1e3<(r=parseInt(t.value,10))?r=1e3:~~r<200&&(r=200),s.height=r):\"link\"===t.message&&(r=new URL(s.getAttribute(\"src\")),n=new URL(t.value),c.test(n.protocol))&&n.host===r.host&&l.activeElement===s&&(d.top.location.href=t.value))}},d.addEventListener(\"message\",d.wp.receiveEmbedMessage,!1),l.addEventListener(\"DOMContentLoaded\",function(){for(var e,t,s=l.querySelectorAll(\"iframe.wp-embedded-content\"),r=0;r<s.length;r++)(t=(e=s[r]).getAttribute(\"data-secret\"))||(t=Math.random().toString(36).substring(2,12),e.src+=\"#?secret=\"+t,e.setAttribute(\"data-secret\",t)),e.contentWindow.postMessage({message:\"ready\",secret:t},\"*\")},!1)))}(window,document);\n\/* ]]> *\/\n<\/script>\n"},"_links":{"self":[{"href":"https:\/\/stepienybarno.es\/blog\/wp-json\/wp\/v2\/posts\/34020"}],"collection":[{"href":"https:\/\/stepienybarno.es\/blog\/wp-json\/wp\/v2\/posts"}],"about":[{"href":"https:\/\/stepienybarno.es\/blog\/wp-json\/wp\/v2\/types\/post"}],"author":[{"embeddable":true,"href":"https:\/\/stepienybarno.es\/blog\/wp-json\/wp\/v2\/users\/10"}],"replies":[{"embeddable":true,"href":"https:\/\/stepienybarno.es\/blog\/wp-json\/wp\/v2\/comments?post=34020"}],"version-history":[{"count":2,"href":"https:\/\/stepienybarno.es\/blog\/wp-json\/wp\/v2\/posts\/34020\/revisions"}],"predecessor-version":[{"id":34034,"href":"https:\/\/stepienybarno.es\/blog\/wp-json\/wp\/v2\/posts\/34020\/revisions\/34034"}],"wp:featuredmedia":[{"embeddable":true,"href":"https:\/\/stepienybarno.es\/blog\/wp-json\/wp\/v2\/media\/34026"}],"wp:attachment":[{"href":"https:\/\/stepienybarno.es\/blog\/wp-json\/wp\/v2\/media?parent=34020"}],"wp:term":[{"taxonomy":"category","embeddable":true,"href":"https:\/\/stepienybarno.es\/blog\/wp-json\/wp\/v2\/categories?post=34020"},{"taxonomy":"post_tag","embeddable":true,"href":"https:\/\/stepienybarno.es\/blog\/wp-json\/wp\/v2\/tags?post=34020"},{"taxonomy":"series","embeddable":true,"href":"https:\/\/stepienybarno.es\/blog\/wp-json\/wp\/v2\/series?post=34020"}],"curies":[{"name":"wp","href":"https:\/\/api.w.org\/{rel}","templated":true}]}}