{"id":34043,"date":"2019-01-21T12:29:59","date_gmt":"2019-01-21T10:29:59","guid":{"rendered":"https:\/\/www.stepienybarno.es\/blog\/?p=34043"},"modified":"2019-03-22T23:03:27","modified_gmt":"2019-03-22T21:03:27","slug":"noveno-mandamiento-del-arquitecto-productivo-santificaras-la-creatividad-arquitectoproductivo","status":"publish","type":"post","link":"https:\/\/stepienybarno.es\/blog\/2019\/01\/21\/noveno-mandamiento-del-arquitecto-productivo-santificaras-la-creatividad-arquitectoproductivo\/","title":{"rendered":"NOVENO MANDAMIENTO DEL ARQUITECTO PRODUCTIVO: Santificar\u00e1s la creatividad #ArquitectoProductivo"},"content":{"rendered":"<p style=\"text-align: center;\"><img loading=\"lazy\" decoding=\"async\" class=\"alignnone wp-image-34045\" src=\"https:\/\/stepienybarno.es\/blog\/wp-content\/uploads\/2019\/01\/0.-hemisferio-izquierdo-derecho-creatividad-stepienybarno-919x700.jpg\" alt=\"\" width=\"750\" height=\"571\" srcset=\"https:\/\/stepienybarno.es\/blog\/wp-content\/uploads\/2019\/01\/0.-hemisferio-izquierdo-derecho-creatividad-stepienybarno-919x700.jpg 919w, https:\/\/stepienybarno.es\/blog\/wp-content\/uploads\/2019\/01\/0.-hemisferio-izquierdo-derecho-creatividad-stepienybarno-180x137.jpg 180w, https:\/\/stepienybarno.es\/blog\/wp-content\/uploads\/2019\/01\/0.-hemisferio-izquierdo-derecho-creatividad-stepienybarno-550x419.jpg 550w, https:\/\/stepienybarno.es\/blog\/wp-content\/uploads\/2019\/01\/0.-hemisferio-izquierdo-derecho-creatividad-stepienybarno-316x241.jpg 316w, https:\/\/stepienybarno.es\/blog\/wp-content\/uploads\/2019\/01\/0.-hemisferio-izquierdo-derecho-creatividad-stepienybarno.jpg 945w\" sizes=\"(max-width: 750px) 100vw, 750px\" \/><\/p>\n<p>Aunque parece que fue ayer cuando comenz\u00e1bamos esta serie del \u201c<a href=\"https:\/\/stepienybarno.es\/blog\/category\/arquitectoproductivo\/\" target=\"_blank\" rel=\"noopener\">Arquitecto productivo<\/a>\u201d, ha pasado mucho tiempo desde el primer post y, con la reflexi\u00f3n de hoy, llegamos casi a su fin.<\/p>\n<p>Esperamos que estos pensamientos en voz alta est\u00e9n siendo de vuestro inter\u00e9s y que os est\u00e9n aportando para ser cada d\u00eda un poquito m\u00e1s eficientes.<\/p>\n<p>Muchos de los temas que hemos ido tratado, son, en principio, ajenos a nuestra disciplina arquitect\u00f3nica; pero, justo el asunto de hoy, con la creatividad por bandera, nos hace poner encima de la mesa <strong>una fortaleza<\/strong> que, como arquitect@s, tenemos tod@s nosotr@s.<\/p>\n<p><!--more--><\/p>\n<p>&nbsp;<\/p>\n<h3><strong>1_ REUNIONES CON UNO MISMO<\/strong><\/h3>\n<p>Desde la universidad nos recordamos como estudiantes bastante <strong>organizados<\/strong>; despu\u00e9s, cuando estuvimos trabajando para otros arquitect@s, siempre nos gust\u00f3 estar en ambientes que tuvieran cierto orden.<\/p>\n<p>M\u00e1s adelante, en el 2004, montamos nuestro <strong>propio estudio de arquitectura <\/strong>y, sin haber le\u00eddo ni una l\u00ednea de temas de gesti\u00f3n (de ning\u00fan tipo) ni de productividad, sobrevivimos a todo lo que supone una experiencia como esta.<\/p>\n<p>Cierto es que, aunque hayan pasado poco m\u00e1s de diez a\u00f1os, en ese momento hab\u00eda mucho menos ruido que ahora; internet era otra cosa, y <a href=\"https:\/\/stepienybarno.es\/blog\/2016\/09\/02\/nos-estamos-adaptando-bien-los-arquitectos-a-la-nueva-era-digital\/\" target=\"_blank\" rel=\"noopener\"><strong>La Nueva Era digital<\/strong><\/a> estaba naciendo. Las interrupciones eran mucho menores y no hab\u00eda una <strong>sobreinformaci\u00f3n ensordecedora<\/strong> como hay ahora.<\/p>\n<p style=\"text-align: center;\"><img loading=\"lazy\" decoding=\"async\" class=\"alignnone size-full wp-image-34046\" src=\"https:\/\/stepienybarno.es\/blog\/wp-content\/uploads\/2019\/01\/1.-stepienybarno-Sobreinformaci\u00f3n.jpg\" alt=\"\" width=\"480\" height=\"370\" srcset=\"https:\/\/stepienybarno.es\/blog\/wp-content\/uploads\/2019\/01\/1.-stepienybarno-Sobreinformaci\u00f3n.jpg 480w, https:\/\/stepienybarno.es\/blog\/wp-content\/uploads\/2019\/01\/1.-stepienybarno-Sobreinformaci\u00f3n-180x139.jpg 180w, https:\/\/stepienybarno.es\/blog\/wp-content\/uploads\/2019\/01\/1.-stepienybarno-Sobreinformaci\u00f3n-316x244.jpg 316w\" sizes=\"(max-width: 480px) 100vw, 480px\" \/><\/p>\n<p>En cualquier caso, visto hoy, nos parece casi incre\u00edble que, por un lado, desde la propia<strong> escuela<\/strong>, no se nos hubiera formado m\u00e1s en este campo y que, por otro,<strong> nosotros mismos<\/strong> no lo hubi\u00e9ramos hecho.<\/p>\n<p>En cualquier caso, como en la mayor\u00eda de los estudios de arquitectura, a trancas y barrancas, todo fue m\u00e1s o menos saliendo y, al final, aqu\u00ed estamos.<\/p>\n<p>Pero, por suerte, desde hace como cinco a\u00f1os, coincidiendo con nuestro inter\u00e9s en el tema de la <strong>Identidad Digital<\/strong> fuimos poco a poco, leyendo y form\u00e1ndonos tanto en temas de vertiente m\u00e1s<strong> empresarial<\/strong> como en temas de <strong>productividad.<\/strong> Todo esto hizo que, nuestro d\u00eda a d\u00eda fuera infinitamente m\u00e1s provechoso, en todos los sentidos, y, es por eso que, hemos querido con estos diez post poner en palabras mucho de lo aprendido hasta ahora.<\/p>\n<p>A partir de aqu\u00ed, hemos podido ser mucho m\u00e1s creativos, tanto cuando nos pon\u00edamos con temas m\u00e1s arquitect\u00f3nicos, como con temas m\u00e1s \u201cempresariales\u201d.<\/p>\n<p><strong>\u00a0<\/strong><\/p>\n<p><strong>Ser creativo a la hora de organizar la administraci\u00f3n de la empresa<\/strong> (estudio de arquitectura), <strong>es algo fundamental y lo mejor es empezar por la casa propia.<\/strong><\/p>\n<p>Est\u00e1 claro que, <strong>los arquitectos con un poco de formaci\u00f3n, podemos poner nuestra creatividad, al servicio de otros en temas bien lejanos de la propia arquitectura<\/strong>. Por aqu\u00ed hay buen camino que se puede recorrer.<\/p>\n<p>Como bien dice el arquitecto y Coach, <strong>Joan Vergara,<\/strong><\/p>\n<p>\u201c(\u2026) El caso es que\u00a0nuestra profesi\u00f3n es muy exigente. Adem\u00e1s de toda esa\u00a0<strong>creatividad<\/strong>\u00a0del arquitecto y esa capacidad de no perder de vista los\u00a0<strong>objetivos<\/strong>\u00a0(por ejemplo, la funcionalidad), tambi\u00e9n se necesita un buen componente verde para <strong>establecer procesos<\/strong> y cuidar lo <strong>concreto<\/strong>.\u201d (0)<\/p>\n<p>&nbsp;<\/p>\n<p>Hay tres temas que han sido los \u00faltimos en incorporarse en nuestro d\u00eda a d\u00eda, pero que han hecho que este \u00faltimo a\u00f1o, haya sido mucho mejor que los anteriores.<\/p>\n<p>1_\u00a0 La <strong>parcelaci\u00f3n del tiempo<\/strong> \u2013con control de las interrupciones a lo bestia- y, sobre todo, <strong>comenzar el d\u00eda<\/strong> con mucha tranquilidad (<strong>hora de oro<\/strong>), sesenta minutos de desembarco hasta llegar al modo \u201c<strong>oficina on<\/strong>\u201d.<\/p>\n<p>Esto es lo que viene a llamarse <strong>Time Blocking<\/strong> y si quer\u00e9is saber m\u00e1s sobre el tema, <a href=\"https:\/\/masymejor.com\/time-blocking\/\" target=\"_blank\" rel=\"noopener\">os animamos a echar un ojo a este pos de MasyMejor.<\/a><\/p>\n<p>2_ La implantaci\u00f3n total del sistema<strong> GTD <\/strong>(1).<\/p>\n<p>3_ El descubrimiento de la eficiencia de la <strong>reuni\u00f3n con nosotros mismos (RCM).<\/strong><\/p>\n<p>De hecho, de esta reuni\u00f3n se habla m\u00e1s bien poco, y para nosotros es mano de santo.<\/p>\n<p>As\u00ed, hacemos por lo menos una reuni\u00f3n al d\u00eda por la ma\u00f1ana y una m\u00e1s larga una vez a la semana (de unas dos horas, sin ordenador ni internet) por las tardes.<\/p>\n<p>Est\u00e1 m\u00e1s que demostrado que tener nuestra \u201c<strong>hora de oro<\/strong>\u201d todos los d\u00edas (hora, aparentemente improductiva, pero que hace que todo el d\u00eda vaya mucho mejor), parar una tarde a la semana para planificar o irte un par de d\u00edas cada trimestre a desconectar y s\u00f3lo pensar en tu negocio, son pr\u00e1cticas m\u00e1s que rentables.<\/p>\n<p>Eso s\u00ed, irte a seguir con\u00a0 los proyectos de tu estudio \u00a1tambi\u00e9n lo puedes hacer! Pero, lo que interesa es irte a reflexionar en temas de tu estudio de arquitectura.<\/p>\n<p>Tener claros estos tres pilares ha hecho que <strong>hayamos desbarrado menos de lo habitual<\/strong>, y sintamos que vamos en la direcci\u00f3n correcta. El camino por recorrer es grande pero la luz al final del t\u00fanel es clara.<\/p>\n<p>&nbsp;<\/p>\n<p>Siguiendo estas ideas de poder centrarnos con m\u00e1s facilidad en lo realmente importante, se apunta en el blog<strong> menosSmas<\/strong>,<\/p>\n<p>\u201c\u00bfHas pensado alguna vez que al igual que programas citas profesionales, con tu familia o con tus amigos debes programarte citas para ti?<\/p>\n<p>Es fundamental, que, de cuando en cuando, seas ego\u00edsta y te fijes momentos para estar contigo mismo, para pensar o hacer actividades para ti. Al final, <strong>tendemos a tener tiempo para todo y todos menos para nosotros<\/strong>, y eso a la corta o a la larga pasa factura. (\u2026)<\/p>\n<p>Es fundamental el disponer de tiempo para nosotros, para tomar impulso y ayudar a los dem\u00e1s en sus actividades, al final ellos lo van a agradecer.<\/p>\n<p>Por todo ello, os recomiendo el que os fij\u00e9is en vuestro calendario\u00a0citas\u00a0donde est\u00e9is con vosotros, os mim\u00e9is, que hag\u00e1is algo que os guste u os motive mucho.\u201d (2)<\/p>\n<p>&nbsp;<\/p>\n<p>En este mundo de <strong>hiper-conexi\u00f3n<\/strong> es m\u00e1s necesario que nunca poder <strong>estar desconectado<\/strong> \u2013por lo menos de vez en cuando- para tener la perspectiva suficiente de las cosas.<\/p>\n<p>Sobre este asunto puedes leer este post de <strong>Rub\u00e9n Alzola<\/strong>: <a href=\"http:\/\/marcaladiferencia.com\/focus-la-belleza-de-la-desconexion\/\">Focus, la belleza de la desconexi\u00f3n<\/a><\/p>\n<p>&nbsp;<\/p>\n<p><strong>As\u00ed, pensamos que es un buen plan cambiar de aires de vez en cuando; <\/strong>no estar siempre en la misma mesa delante de tu pantalla de ordenador. Nuestro cerebro necesita romper la monoton\u00eda.<\/p>\n<p>Ser\u00eda aconsejable ir m\u00e1s a tu <strong>cafer\u00eda preferida<\/strong> y \u00a1monta tu oficina all\u00e1! no necesitas ordenador para ello. Saca una hoja en blanco y <strong>reg\u00e1late una hora para pensar (o sentir)<\/strong> en lo que vaya viniendo; si no lo sueles hacer, te sorprender\u00e1s de la eficiencia de estos ratos. Recuerda que es importante <strong>fijar objetivos a alcanzar<\/strong> y tener tiempo para que la perspectiva de tu actividad sea clara. No es tan importante planificar todo (lo cual puede ser contraproducente), sino tener clara la direcci\u00f3n de partida y, como dice el m\u00e9todo Kaizen, ir <strong>pasito a pasito.<\/strong><\/p>\n<p>En este sentido <strong>Jose Ignacio Azkue<\/strong> apunta que,<\/p>\n<p>\u201c(\u2026) El Kaizen es una t\u00e9cnica que\u00a0sintoniza perfectamente con nuestra condici\u00f3n biol\u00f3gica\u00a0(lo explican mejor autores como Robert Maurer). Al parecer, nuestro cerebro rechaza de manera inconsciente los grandes cambios y reacciona con temor, anulando cualquier motivaci\u00f3n al cambio. Sin embargo,\u00a0<a href=\"http:\/\/deproconsultores.com\/gtd\/la-lista-de-proyectos-y-la-importancia-de-definir-la-primera-accion-como-gestionas-tu-los-proyectos\">si realizamos peque\u00f1as pero constantes acciones en direcci\u00f3n a un objetivo<\/a>, el cerebro se siente a gusto, y vivenciamos una <strong>motivaci\u00f3n acumulativa.<\/strong> Su principio es muy simple: una serie de mejoras continuas y peque\u00f1as \u00a0es mejor y m\u00e1s f\u00e1cil de lograr que un solo cambio grande.<\/p>\n<p>Esta simple idea y su enorme poder, est\u00e1n basados en que as\u00ed es m\u00e1s f\u00e1cil <strong>anular nuestra predisposici\u00f3n natural al miedo<\/strong> que nos producen los cambios,\u00a0 las cosas nuevas, los retos por sencillos que sean, y de esta manera podemos poner fin a ese impulso tan humano que nos lleva\u00a0<a href=\"http:\/\/deproconsultores.com\/blog\/la-procrastinacion-por-que-se-produce\">a la posposici\u00f3n irracional de nuestros trabajos<\/a>, compromisos y obligaciones, es decir,\u00a0<a href=\"http:\/\/deproconsultores.com\/blog\/la-procrastinacion-esa-actitud-que-tanto-nos-molesta-y-desmoraliza\">nos evita caer en la procrastinaci\u00f3n<\/a>.\u201d (3)<\/p>\n<p>&nbsp;<\/p>\n<p><strong>Tiempo para no hacer nada<\/strong> (\u00a1benditas y siempre poco valoradas siestas!!), tiempo para aficiones, familia y amigos, tiempo para que te vengan ideas, y tiempo para ejecutar las tareas de d\u00eda a d\u00eda. S\u00ed ya\u2026 que esto dicho as\u00ed es muy bonito, pero estar\u00e1s pensando: \u201cya querr\u00eda ver yo a los listos que escriben este post en mi d\u00eda a d\u00eda\u201d. Bueno, nuestro d\u00eda a d\u00eda no es el tuyo, pero los expertos en productividad nos est\u00e1n diciendo que <strong>saber parar<\/strong> y tener tiempo para algo m\u00e1s que \u201chacer tarea\u201d es lo m\u00e1s productivo que podemos hacer. Trabajar 14 horas al d\u00eda no es productivo, sino justo lo contrario aunque te parezca incre\u00edble. <strong>T\u00fa puedes hacer caso a los que saben o hacer lo que haces siempre. <\/strong>Nosotros ya hemos elegido hace tiempo.<\/p>\n<p>&nbsp;<\/p>\n<p><strong>Tu tiempo lo debieras santificar<\/strong>. Si quieres ser eficiente a lo largo del d\u00eda, es muy bueno que tengas tiempos fijos para todo lo que te gusta desde estar en familia hasta hacer deporte y\u00a0 respetar los fines de semana debiera ser sagrado.<\/p>\n<p>No sagrado para no trabajar, sino para hacer lo que m\u00e1s te guste, lo que m\u00e1s quieras y si es, en verdad, seguir pensando en un proyecto, pues hazlo; pero que no sea porque el d\u00eda a d\u00eda te pudo y no te queden m\u00e1s remedio que estar en la oficina el s\u00e1bado cuando t\u00fa lo que quieres es estar, por ejemplo, con tus ni\u00f1@s.<\/p>\n<p><iframe loading=\"lazy\" width=\"911\" height=\"512\" src=\"https:\/\/www.youtube.com\/embed\/videoseries?list=PL9KCMehqFIagQGBpCiFLVM5WQqEyqjP01\" frameborder=\"0\" allow=\"accelerometer; autoplay; encrypted-media; gyroscope; picture-in-picture\" allowfullscreen><\/iframe><\/p>\n<h3><strong>2_ \u00bfQU\u00c9 HACER CON LA INSPIRACI\u00d3N?<\/strong><\/h3>\n<p>\u00bfTe acuerdas cuando estabas en la escuela y \u00e9ramos como pose\u00eddos por algo que nos llevaba a estar con la idea del proyecto al doscientos por cien?<\/p>\n<p>Esa pasi\u00f3n, ese <strong>entusiasmo<\/strong> que hab\u00eda entonces, es bueno rescatarlo y si somos capaces de llevarlo m\u00e1s all\u00e1 de la arquitectura, mejor que mejor.<\/p>\n<p>A los arquitectos se nos da bien el tema de la <strong>inspiraci\u00f3n,<\/strong> sabemos de ella y ser\u00eda bueno llevarla m\u00e1s all\u00e1 de la idea de proyecto; ser capaces de hacer incluso temas burocr\u00e1ticos con inspiraci\u00f3n es posible y cuanto m\u00e1s nos acerquemos a ellos, menos pesados se nos har\u00e1n.<\/p>\n<p>Estar en ese momento de inspiraci\u00f3n total para nosotros es algo <strong>habitual <\/strong>y de tan normal que nos parece, seguramente, no valoramos suficiente esta<strong> cualidad.<\/strong><\/p>\n<p>Como dice, <strong>Francisco S\u00e1ez,<\/strong> experto en productividad y creador de una de las mejores herramientas de gesti\u00f3n de tareas (Facilethings),<\/p>\n<p>\u201c(\u2026) Aunque tu capacidad creativa puede ser muy variable,\u00a0siempre tendr\u00e1s<strong> momentos especiales de inspiraci\u00f3n. <\/strong>Momentos en que, sin saber c\u00f3mo ni por qu\u00e9, experimentar\u00e1s una explosi\u00f3n de creatividad. De pronto, se te ocurre una idea maravillosa que te ayudar\u00e1 a acometer un determinado proyecto. Te vienen a la cabeza un mont\u00f3n de cosas que podr\u00edas aplicar y\u2014est\u00e1s seguro\u2014producir\u00e1n un resultado sensacional. <strong>Tu cabeza hierve<\/strong>, no puedes dejar de pensar.<\/p>\n<p>Pero no haces nada. No toca, o no puedes. Est\u00e1s con otros temas, con otros proyectos o, simplemente, es fin de semana, y se supone que debes hacer otras cosas. Y la inspiraci\u00f3n, tal como vino, se va. Y ya no volver\u00e1s a entusiasmarte con ello. Y habr\u00e1s desperdiciado una gran oportunidad de hacer algo especial.\u201d (4)<\/p>\n<p>&nbsp;<\/p>\n<p>Evidentemente, hay que estar preparado para <strong>traducir en realidad esa inspiraci\u00f3n.<\/strong> Se dice que a <strong>Mozart<\/strong> le ven\u00edan m\u00e1s de 5 composiciones a la vez y que, en realidad, su gran talento era ser capaz de traducir en papel cada una de ellas. Su memoria era incre\u00edble y cuando le llevaron al Vaticano a escuchar una de las <strong>composiciones secretas<\/strong>, fue capaz, al llegar a casa, de transcribir, nota a nota, todo lo que hab\u00eda escuchado \u00a1con lo cual dej\u00f3 de ser tan secreto!<\/p>\n<p>Pero bueno\u2026 estamos hablando de un caso excepcional que solo nos puede servir de gu\u00eda a la hora de ser conscientes de lo importante de bajar a tierra las grandes ideas que tenemos, pero que muchas veces se las lleva el viento.<\/p>\n<p>&nbsp;<\/p>\n<p>Aunque productividad y los t\u00e9rminos de inspiraci\u00f3n y creatividad, puedan parecer casi opuestos; la realidad es que van totalmente de la mano. De hecho, a veces,\u00a0 gente muy creativa se termina perdiendo en su propia creatividad y no son capaces de <strong>atender a cuestiones m\u00e1s mundanas<\/strong>, pero tambi\u00e9n necesarias.<\/p>\n<p>En estos casos, la eficiencia personal brilla por su ausencia y les puede llevar al hoyo, sirvi\u00e9ndoles de poco ser tan creativas.<\/p>\n<p>Seguro que tienes en mente m\u00e1s de una persona as\u00ed, \u00bfno?<\/p>\n<p>&nbsp;<\/p>\n<p>De hecho tener buenas ideas, no es tan complicado, lo dif\u00edcil es saber traducirlas en realidad.<\/p>\n<p><strong>Pablo Picasso<\/strong> ven\u00eda\u00a0 a decir que es bueno que <strong>la inspiraci\u00f3n te pille trabajando<\/strong>; pero, no es menos cierto que la inspiraci\u00f3n, muchas veces, viene precisamente porque nos salimos del modo \u201c<em>trabajo on<\/em>\u201d. Cuando nos relajamos y estamos a otra cosa, o mejor a\u00fan a ninguna cosa, es cuando puede venir <strong>la magia.<\/strong><\/p>\n<p>Eso s\u00ed, el mismo Picasso trabajaba con un horario bastante cl\u00e1sico de ocho horas. Gente del mundo de la m\u00fasica, que de partida pudi\u00e9ramos pensar que van m\u00e1s a su bola, tambi\u00e9n, en muchas ocasiones tienen un horario muy espartano. Nuestros paisanos, Barricada, afirmaban que son muy disciplinados y todas la ma\u00f1anas de nueve a dos, salvo que estuviesen de gira, ensayaban de manera constante.<\/p>\n<p style=\"text-align: center;\"><img loading=\"lazy\" decoding=\"async\" class=\"alignnone size-full wp-image-34047\" src=\"https:\/\/stepienybarno.es\/blog\/wp-content\/uploads\/2019\/01\/2.-picaso-picasso-creatividad-stepienybarno-e1548066566649.jpg\" alt=\"\" width=\"500\" height=\"350\" \/><\/p>\n<p>En cualquier caso, como bien sabemos los arquitectos, <strong>las mejores soluciones a tu proyecto <\/strong>no tienen por qu\u00e9 venir cuando t\u00fa quieras que vengan (ni mucho menos en el estudio a las 12 de la ma\u00f1ana despu\u00e9s de que el constructor de la obra que llevas te haya vuelto loco por tel\u00e9fono).<\/p>\n<p>\u00bfNo te ha pasado que cuando est\u00e1s en la ducha y, despu\u00e9s de un d\u00eda nefasto, ver la soluci\u00f3n a algo que no hab\u00edas visto en toda la jornada? Como comenta <strong>Gabriel Garc\u00eda de Oro<\/strong>, \u201c(\u2026) <strong>no hay nada menos productivo que el af\u00e1n de productividad<\/strong>.\u201d (5)<\/p>\n<p>&nbsp;<\/p>\n<p>A veces, <strong>podemos ser muy productivos, siendo aparentemente improductivos<\/strong> y, lo que es seguro es que, para ser, finalmente, productivos, en seg\u00fan qu\u00e9 momentos, hemos de ser altamente \u201cimproductivos\u201d. Paradojas de la vida.<\/p>\n<p>&nbsp;<\/p>\n<p>A su vez, no hay que olvidar que la intuici\u00f3n y la creatividad, muchas veces juegan en una liga diferente del pensamiento l\u00f3gico. \u00c9ste es, evidentemente, necesario, pero de tanto usar el cerebro izquierdo, el cerebro derecho (m\u00e1s en contacto con nuestro mundo creativo y sensible) queda en tierra de nadie.<\/p>\n<p>As\u00ed, este mundo m\u00e1s fr\u00edo y racional, podr\u00eda no tener tan en cuenta a <strong>las personas<\/strong> que tenemos cerca; de hecho, muchas de las tareas que hacemos, se hacen por\/con\/para personas y debi\u00e9ramos tener esta componente m\u00e1s humano y delicado bien presente.<\/p>\n<p>Para ser productivos de una manera completa, en realidad, necesitamos tambi\u00e9n contactar con estos <strong>terrenos m\u00e1s emocionales.<\/strong> Ser\u00eda como una especie de alianza entre <strong>efectividad y afectividad.<\/strong> Por ah\u00ed van los tiros.<\/p>\n<p>En esta l\u00ednea nos gust\u00f3 leer en el blog de <strong>Rub\u00e9n Alzola<\/strong>, lo siguiente:<\/p>\n<p>\u201c(\u2026) Cuando GTD habla de revisiones, lo hace siempre refiri\u00e9ndose a revisiones sobre su propio sistema (c\u00f3mo van los proyectos, organizar las tareas en sus correspondientes contextos, fijar las acciones del d\u00eda siguiente, etc.).<\/p>\n<p>Creo, no obstante, que puede ser necesario reservar un peque\u00f1o hueco (10 minutos pueden servir) al final del d\u00eda para <strong>repasar nuestro comportamiento desde el punto de vista emocional.<\/strong>\u00a0Las habilidades blandas resultan las m\u00e1s duras de mejorar.\u201d (6)<\/p>\n<p>&nbsp;<\/p>\n<p>Como avisaba <a href=\"http:\/\/es.slideshare.net\/GerardoViau\/martin-buber-y-la-filosofa-del-dilogoppt\">Martin Buber<\/a>, hace muchos a\u00f1os, tenemos cierta tendencia a \u201c<strong>cosifica<\/strong>r\u201d a las personas; lo cual, adem\u00e1s de hacernos menos humanos, nos lleva a estados de estr\u00e9s y ansiedad. Cuanto m\u00e1s presente tengamos al otro y mejor le tratemos, mejor ser\u00e1 nuestra propia calidad de vida. Como bien apunta <strong>Alberto Barbero<\/strong>,<\/p>\n<p>\u201c(\u2026) \u00a0<strong>podr\u00edas f\u00e1cilmente caer en, aun siendo muy productivo con tus tareas, no serlo tanto con tus relaciones.<\/strong>\u00a0Si utilizas\u00a0<a href=\"https:\/\/es.wikipedia.org\/wiki\/Getting_Things_Done\">GTD<\/a>\u00a0tienes la ventaja de que te va a ayudar a cumplir mejor con tus compromisos y a estar enfocado. Y esto hace casi seguro que vayas a prestar m\u00e1s atenci\u00f3n a las personas cuando est\u00e1s con ellas y a generar confianza. Sin embargo\u00a0creo que si queremos ser plenamente productivos deber\u00edamos cultivar y poner una atenci\u00f3n espec\u00edfica en c\u00f3mo interactuamos con otras personas para tratar exquisitamente la dimensi\u00f3n emocional y social de todo lo que hacemos.\u00a0Y esto lo digo porque, en mi experiencia, la din\u00e1mica diaria suele llevarnos a estar mucho m\u00e1s orientados a la tarea que a las personas. Un aspecto a vigilar si -tal y como dice el \u201cmodelo de confluencia organizacional\u201d- a los resultados se llega mejor con una buena combinaci\u00f3n de \u201cQu\u00e9s\u201d y \u201cC\u00f3mos\u201d.\u201d (7)<\/p>\n<p><iframe loading=\"lazy\" width=\"911\" height=\"512\" src=\"https:\/\/www.youtube.com\/embed\/videoseries?list=PL9KCMehqFIagQGBpCiFLVM5WQqEyqjP01\" frameborder=\"0\" allow=\"accelerometer; autoplay; encrypted-media; gyroscope; picture-in-picture\" allowfullscreen><\/iframe><\/p>\n<h3><strong>3_ FLUIR<\/strong><\/h3>\n<p>La mejor manera de poner en juego nuestra creatividad es buscar la forma en la que podamos <strong>fluir<\/strong>.<\/p>\n<p>Los arquitectos tenemos la ventaja de que, de partida, somos bastante creativos incluso antes de entrar en la carrera; en la Universidad se potencia esta cualidad y, adem\u00e1s, para proyectar estamos acostumbrados a entrar en ese estado en el que todo fluye.<\/p>\n<p>Como bien apuntaba hace un tiempo, en el blog de Sintetia, el experto en efectividad personal y CEO de FacileThings, <strong>Francisco S\u00e1ez<\/strong>,<\/p>\n<p>\u201c(\u2026) antes de empezar el proceso creativo como una vez finalizado, necesitas cierta planificaci\u00f3n y organizaci\u00f3n. Son dos momentos en los que hay que cambiar hacia el pensamiento convergente y establecer con claridad el camino a seguir.<\/p>\n<p><strong>Los\u00a0m\u00e9todos de productividad personal\u00a0deben ser una herramienta para enfocar nuestros esfuerzos hacia lo que realmente importa, y esto no supone ning\u00fan tipo de bloqueo a la creatividad.<\/strong> Al contrario, si sabes d\u00f3nde debes poner tu atenci\u00f3n en cada momento, ser\u00e1 mucho m\u00e1s dif\u00edcil que tu cerebro se distraiga cuando llegue el momento de ser creativo. Tambi\u00e9n ser\u00e1 mucho m\u00e1s f\u00e1cil que\u00a0fluyas.\u201d (8)<\/p>\n<p>&nbsp;<\/p>\n<p>As\u00ed, una de las principales virtudes de los <strong>arquitectos <\/strong>es que tenemos la <strong>capacidad de proyectar.<\/strong> Esta capacidad adquirida durante la Escuela y que proviene de la <strong>creatividad<\/strong>, se convierte en nuestra m\u00e1s potente <strong>fortaleza<\/strong>. Esta cualidad se pone en evidencia,\u00a0 tanto a la hora de hacer arquitectura, como cuando nos enfrentamos a otra actividad laboral, aunque est\u00e9 lejos de lo arquitect\u00f3nico.<\/p>\n<p>Tenemos <strong>la capacidad de leer de manera hol\u00edstica y transversal las situaciones<\/strong> y esto es un gran tesoro. Sin ser muy conscientes de ello, podemos fluir con facilidad; estando muy presentes en lo que estamos haciendo. Sabemos estar en el <strong>aqu\u00ed y ahora<\/strong> como nadie; as\u00ed que, esto hay que traerlo a primer plano, pues no es tan f\u00e1cil como pudiera parecer.<\/p>\n<p>Esta fortaleza que tiene que ver con una parte <strong>m\u00e1s human\u00edstica y menos cient\u00edfica<\/strong> de nuestro d\u00eda a d\u00eda, es un regalo que, a veces, olvidamos poseer.<\/p>\n<p>&nbsp;<\/p>\n<p><strong>Las empresas<\/strong>, sean de arquitectura o no, cada vez van a necesitar m\u00e1s la creatividad para organizarse.<\/p>\n<p>Esto es un hecho y tambi\u00e9n es cierto que no todos los profesionales son especialmente creativos. <strong>Saber fluir, tener una visi\u00f3n transversal y adaptarse a lo que va viniendo <\/strong>es algo que los arquitectos tenemos integrado y podemos sacar mucho m\u00e1s partido de esta virtud.<\/p>\n<p>Podr\u00edamos decir que somos especialistas en adaptarnos al caos, sin que ello haga mella en nuestra visi\u00f3n de lo que est\u00e1 ocurriendo.<\/p>\n<p>&nbsp;<\/p>\n<p>Sobre este nuevo mundo que llega, <strong><a href=\"http:\/\/buenhabit.blogspot.com.es\/\">Montse Vila<\/a><\/strong>\u00a0comenta que,<\/p>\n<p>\u201c(\u2026) Es innegable que nos encontramos inmersos en una \u00e9poca de cambio constante.\u00a0<strong><a href=\"http:\/\/es.wikipedia.org\/wiki\/Zygmunt_Bauman\">Zygmunt Bauman\u00a0<\/a><\/strong>nos habla de la\u00a0\u00abmodernidad l\u00edquida\u00bb\u00a0\u00a0en la que ya nada es s\u00f3lido por mucho tiempo y es preciso \u00a0 saber afrontar y gestionar \u00a0la incertidumbre.<\/p>\n<p><strong>En\u00a0<a href=\"http:\/\/buenhabit.blogspot.com.es\/2014\/05\/tiempos-liquidos-competencias.html\">\u00abtiempos l\u00edquidos\u00bb<\/a>\u00a0las organizaciones han de ser din\u00e1micas y aprovechar al m\u00e1ximo las ocasiones de negocio que se van generando<\/strong>. Si una empresa tiene un enfoque jer\u00e1rquico excesivamente\u00a0vertical\u00a0donde \u00a0solo\u00a0unos pocos\u00a0definen las\u00a0estrategias\u00a0\u00a0y la\u00a0toma de decisiones,\u00a0y \u00a0el\u00a0resto\u00a0implementa la\u00a0burocracia, \u00a0no ser\u00e1 posible acogerse a este \u00abfluir\u00bb\u00a0 constante\u00a0 de oportunidades, \u00a0ya que los datos din\u00e1micos nunca llegan a estos pocos\u00a0 con la celeridad necesaria para decidir y dar respuestas\u00a0 r\u00e1pidas.\u201d (9)<\/p>\n<p>&nbsp;<\/p>\n<p>As\u00ed, en este campo de acci\u00f3n, los arquitectos tenemos mucho que aportar al mundo, mientras a otras disciplinas se les hace mucho m\u00e1s complicado. De hecho, por desgracia, <strong>la creatividad<\/strong>, bien sea por el sistema educativo o por la propia vida, se va truncando y la mayor\u00eda de las personas llega a edad adulta bastante carente de ella.<\/p>\n<p>Por suerte, todo esto est\u00e1 cambiando y, por lo menos, desde hace un tiempo, hay m\u00e1s conciencia de<strong> la necesidad de una sociedad creativa. <\/strong><\/p>\n<p>Como bien apuntaba, <strong>Ken Robinson<\/strong> en su famoso libro del <strong>elemento<\/strong>:<\/p>\n<p>\u201c(\u2026) Utilizo el t\u00e9rmino \u201c<strong>Elemento<\/strong>\u201d para el <strong>lugar donde convergen las cosas que nos gusta hacer<\/strong> y las cosas que se nos dan especialmente bien. Creo que es imprescindible que cada uno de nosotros encuentre su propio Elemento, no solo porque nos sentiremos m\u00e1s realizados, sino porque, a medida que el mundo evoluciona, el futuro de nuestras comunidades depender\u00e1 de ello\u201d.<\/p>\n<p>&nbsp;<\/p>\n<p>Estar en <strong>el elemento<\/strong> no dista mucho de la \u201c<strong>Indiferencia creativa<\/strong>\u201d de la que hablaba \u00a0<strong>Solomon\u00a0 Friedlaender. <\/strong>\u00c9sta tiene su base en la <strong>complementariedad de los opuestos<\/strong> y la existencia entre ellos de un centro de <strong>equilibrio. <\/strong>A este estado, <strong>Fritz Perls<\/strong>, el padre de la Gestalt, le llam\u00f3 <strong>punto cero.<\/strong><\/p>\n<p>&nbsp;<\/p>\n<p>Otros autores, como<strong> <a href=\"https:\/\/es.wikipedia.org\/wiki\/Mih\u00e1ly_Cs\u00edkszentmih\u00e1lyi\">Mih\u00e1ly Cs\u00edkszentmih\u00e1lyi<\/a><\/strong> hablan de que hay que estar en un estado en que podamos<strong> fluir<\/strong>, es como \u201csentirse completamente <strong>comprometido con la actividad por s\u00ed misma<\/strong>. El ego desaparece. El tiempo vuela. Toda acci\u00f3n, movimiento o pensamiento surgen inevitablemente de la acci\u00f3n, del movimiento y del pensamiento previo; es como si estuvi\u00e9ramos tocando jazz. Todo tu ser est\u00e1 all\u00ed, y est\u00e1s aplicando tus facultades al m\u00e1ximo\u201d. (10)<\/p>\n<p style=\"text-align: center;\"><img loading=\"lazy\" decoding=\"async\" class=\"alignnone size-full wp-image-34044\" src=\"https:\/\/stepienybarno.es\/blog\/wp-content\/uploads\/2019\/01\/Mih\u00e1ly-Cs\u00edkszentmih\u00e1lyi-productividad-creatividad-stepienybarno.gif\" alt=\"\" width=\"267\" height=\"405\" \/><\/p>\n<p>En fin, que conviene estar tranquilo para poder dejar que fluya lo que tenga fluir. Desde ah\u00ed, somos m\u00e1s creativos, m\u00e1s eficientes y, en consecuencia, nuestras tareas se hacen de manera m\u00e1s f\u00e1cil y mejor.<\/p>\n<p>Tal como indica <strong>Daniel Aguayo<\/strong>, uno de los pioneros en Espa\u00f1a de la metodolog\u00eda GTD,<\/p>\n<p>\u201c(\u2026) Con \u201csentirte productivo\u201d no me refiero a un recuento del trabajo que has hecho, o las tareas que has tachado, sino <strong>la sensaci\u00f3n<\/strong> que ten\u00edas mientras trabajabas. Cuando nos sentimos m\u00e1s \u201cproductivos\u201d suele ser en ese momento en el que estamos <strong>centrados en el trabajo<\/strong>, en el que los dedos vuelan por el teclado y no nos damos ni cuenta, en el que las ideas y las acciones est\u00e1n agolpadas en la cabeza y esperan ansiosamente a que salgan las primeras para que las siguientes se encadenen.<\/p>\n<p>En el mundo de la productividad personal ese estado suele llamarse\u00a0<strong>enfoque<\/strong>,\u00a0<strong>estado de flujo<\/strong>\u00a0o, popularizado en GTD, como\u00a0<strong>\u201cmente como agua\u201d.<\/strong> Es un estado de concentraci\u00f3n en el que<strong> no nos distraemos<\/strong> porque no nos acordamos de que hemos de hacerlo. Es ideal alcanzarlo, pero \u00bfc\u00f3mo podemos maximizarlo?\u201d (11)<\/p>\n<p>&nbsp;<\/p>\n<p>Sin duda, una de las claves para poder alcanzar este estado de <strong>atenci\u00f3n plena \u2013awareness-<\/strong>en la tarea que estamos haciendo, es la <strong>motivaci\u00f3n<\/strong> que tengamos para hacerla.<\/p>\n<p>Como no se cansa de repetir <strong>Yoriento<\/strong>, es mejor no esperar demasiado a que la<strong> motivaci\u00f3n <\/strong>venga como si fuera algo casi celestial. Muchas veces se trata m\u00e1s de tener motivos, que otra cosa, y esto no es tan complicado.<\/p>\n<p>\u201c(\u2026) Uno de los secretos para crear nuevas motivaciones es <strong>la dedicaci\u00f3n.<\/strong> Cuanto m\u00e1s aprendes, pr\u00e1cticas y sabes de algo m\u00e1s te gusta. Cuanto m\u00e1s <strong>experto<\/strong> eres en un sector, en una materia, en una herramienta o en una habilidad, m\u00e1s satisfacci\u00f3n natural sentir\u00e1s por el trabajo bien hecho, a m\u00e1s oportunidades podr\u00e1s acceder y mayor reconocimiento y estatus obtendr\u00e1s por esa experticia.\u00a0<strong>Se trata de apasionarte tambi\u00e9n apasionando a los dem\u00e1s<\/strong>.\u201d (12)<\/p>\n<p>&nbsp;<\/p>\n<p>As\u00ed, la motivaci\u00f3n puede venir porque realmente nos apasiona hacer la actividad en s\u00ed misma \u2013la famosa musa de los artistas- o porque hemos sido capaces de mentalizarnos de tal forma que, aunque no sea la tarea de nuestra vida, debido a la importancia que le damos, se nos vaya la vida por hacerla.<\/p>\n<p>Por cierto, como bien sabemos los arquitectos, para ser, realmente, creativos, muchas veces conviene <strong>alejarse, aunque sea por un rato, del mundo online<\/strong>.<\/p>\n<p>A pesar de ello, todav\u00eda hay muchos estudiantes o arquitectos, con el mal h\u00e1bito de proyectar \u201cen el ordenador\u201d; es decir, proyectar en CAD o BIM.<\/p>\n<p>&nbsp;<\/p>\n<p>Con todo ello, como bien habr\u00e9is ido comprobando quienes hab\u00e9is seguido con atenci\u00f3n la serie de los diez post del \u201c<strong>arquitecto productivo<\/strong>\u201d, uno de los regalos de conseguir ser m\u00e1s productivos es que, en consecuencia, <strong>nuestra calidad de vida aumenta de manera exponencial<\/strong> y, por supuesto, tenemos m\u00e1s posibilidades de <strong>ser felices. <\/strong>Ser m\u00e1s productivo, no te tiene que hacer necesariamente m\u00e1s feliz, pero a buen seguro que te lo pone m\u00e1s f\u00e1cil.<\/p>\n<p>Tal como se\u00f1alaba hace tiempo <a href=\"http:\/\/blogs.menshealth.es\/productividad\/author\/davidt\/\">David Torn\u00e9<\/a>\u00a0:<\/p>\n<p>\u201c(\u2026) El objetivo de controlar tu actividad y cribar aquello que no te aporta algo notable tiene que ser obtener una <strong>mayor cantidad de tiempo libre<\/strong> para poder convertirlo en <strong>tiempo de calidad.<\/strong> Actividad profesional de calado, actividad social y de ocio que te permita salir del bucle de la rutina o, simplemente, tiempo para no hacer absolutamente nada con \u00e9l. De ti depende.\u201d (13)<\/p>\n<p style=\"text-align: center;\"><span style=\"color: #808080;\">&#8230;&#8230;&#8230;&#8230;&#8230;&#8230;&#8230;&#8230;&#8230;&#8230;&#8230;&#8230;&#8230;&#8230;&#8230;&#8230;&#8230;&#8230;&#8230;&#8230;&#8230;&#8230;&#8230;&#8230;&#8230;&#8230;&#8230;&#8230;.<\/span><\/p>\n<p>En cualquier caso, lo que est\u00e1 claro, por lo menos para nosotros, que m\u00e1s all\u00e1 de sistemas concretos de productividad, que los hay y, adem\u00e1s muy buenos, ha aspectos de la eficiencia, que van m\u00e1s all\u00e1 de ella y que entran en terrenos como <strong>la creatividad y la capacidad de fluir.<\/strong><\/p>\n<p>Para eso, es fundamental que, nos atrevamos a salir de nuestra zona de confort. As\u00ed, si somos capaces de no dejarnos llevar por el miedo a la incertidumbre, nuestro cerebro comenzar\u00e1 a vibrar y <strong>aparecer\u00e1n nuevas conexiones neuronales e incluso nuevas neuronas<\/strong> (neurog\u00e9nesis). As\u00ed, estas neuronas comenzar\u00e1n a\u00a0 compartir m\u00e1s informaci\u00f3n, segregar\u00e1n <strong>dopanima <\/strong>(madre de la confianza) y nos volvemos m\u00e1s inteligentes al pensar con m\u00e1s claridad.<\/p>\n<p>En este sentido, el <strong>Dr. Mario Alonso Puig<\/strong> comenta \u201c<strong>El miedo nos impide salir de la zona de confort, tendemos a la seguridad de lo conocido<\/strong>, y esa actitud nos impide realizarnos. Para crecer hay que salir de esa zona\u201d. (14)<\/p>\n<p>En consecuencia, tomaremos <strong>mejores decisiones<\/strong> y podemos <strong>fluir <\/strong>con facilidad para ser, realmente, creativos. Eso s\u00ed, todo esto solo lo conseguiremos poco a poco; por eso, para llegar mostrar <strong>nuestros talentos,<\/strong>\u00a0 es importante saber \u00bfcu\u00e1l ser\u00e1 el <strong>siguiente paso<\/strong> que dar\u00e9 y que me sacar\u00e1 de mi zona de confort?<\/p>\n<p>&nbsp;<\/p>\n<p>De esta forma, vemos con claridad que, como arquitectos, podemos aportar mucho al mundo m\u00e1s all\u00e1 de lo que se espera habitualmente de nosotros;<strong> somos creativos por naturaleza y, adem\u00e1s, estamos entrenados en ella.<\/strong><\/p>\n<p>As\u00ed, no nos cansaremos de insistir en la importancia de valorar nuestras fortalezas como arquitectos para ponernos al servicio, m\u00e1s all\u00e1 de la evidente tarea de proyectar.<\/p>\n<p>Ser <strong>creativos<\/strong>, ser capaces de <strong>encontrar la inspiraci\u00f3n<\/strong> o poder sintetizar <strong>realidades muy complejas <\/strong>en una <strong>soluci\u00f3n sencilla<\/strong>, son parte de <strong>nuestras virtudes<\/strong>. Cuanto m\u00e1s las pongamos en juego, sin duda alguna, m\u00e1s eficientes y productivos seremos.<\/p>\n<p>Pero bueno\u2026 como siempre, nos interesa mucho m\u00e1s que lo que podamos decir nosotros, lo que os haya venido a la mente leyendo esta reflexi\u00f3n; as\u00ed que, si te animas, estaremos encantados de leerte en los comentarios.<\/p>\n<p>&nbsp;<\/p>\n<h3 style=\"text-align: center;\"><strong>Autores del post: Agnieszka Stepien + Lorenzo Barn\u00f3 (Stepienybarno)<\/strong><\/h3>\n<p><iframe loading=\"lazy\" width=\"911\" height=\"512\" src=\"https:\/\/www.youtube.com\/embed\/videoseries?list=PL9KCMehqFIagQGBpCiFLVM5WQqEyqjP01\" frameborder=\"0\" allow=\"accelerometer; autoplay; encrypted-media; gyroscope; picture-in-picture\" allowfullscreen><\/iframe><\/p>\n<blockquote><p>(0) CREATIVIDAD DEL ARQUITECTO (Y M\u00c1S COSAS). LOS CUATRO CEREBROS<\/p>\n<p>Por Joan Vergara.<\/p>\n<p>https:\/\/www.coachingarquitectos.com\/creatividad-del-arquitecto\/<\/p>\n<p>(1) _ La Gu\u00eda Definitiva de GTD<\/p>\n<p>Por Francisco S\u00e1ez<\/p>\n<p><a href=\"http:\/\/facilethings.com\/blog\/es\/ultimate-guide-to-gtd\">http:\/\/facilethings.com\/blog\/es\/ultimate-guide-to-gtd<\/a><\/p>\n<p>(2)_ Citas contigo mismo: pausas productivas o de como pararse para tomar impulso y llegar m\u00e1s lejos.<\/p>\n<p><a href=\"http:\/\/gcerdan0268.blogspot.com.es\/2015\/09\/citas-contigo-mismo-pausas-productivas.html\">http:\/\/gcerdan0268.blogspot.com.es\/2015\/09\/citas-contigo-mismo-pausas-productivas.html<\/a><\/p>\n<p>(3)_ <a href=\"http:\/\/deproconsultores.com\/habitos\/el-metodo-kaizen-una-ayuda-para-tus-objetivos-y-tu-productividad\">El m\u00e9todo Kaizen, una ayuda para tus objetivos y tu productividad <\/a><\/p>\n<p>Por Jose Ignacio Azkue<\/p>\n<p>http:\/\/deproconsultores.com\/habitos\/el-metodo-kaizen-una-ayuda-para-tus-objetivos-y-tu-productividad<\/p>\n<p><a href=\"http:\/\/facilethings.com\/blog\/es\/inspiration\">(4)_ Tu inspiraci\u00f3n como fuente de productividad<\/a><\/p>\n<p>Por Francisco S\u00e1ez<\/p>\n<p><a href=\"http:\/\/facilethings.com\/blog\/es\/inspiration\">http:\/\/facilethings.com\/blog\/es\/inspiration<\/a><\/p>\n<p>(5)_ La vida es m\u00e1s que una lista de tareas<\/p>\n<p>Por Gabriel Garc\u00eda de Oro.<\/p>\n<p><a href=\"http:\/\/elpais.com\/elpais\/2015\/03\/27\/eps\/1427474949_926013.html\">http:\/\/elpais.com\/elpais\/2015\/03\/27\/eps\/1427474949_926013.html<\/a><\/p>\n<p>(6)_ Inteligencia emocional y revisiones GTD<\/p>\n<p><a href=\"http:\/\/marcaladiferencia.com\/inteligencia-emocional-y-revisiones-gtd\/\">http:\/\/marcaladiferencia.com\/inteligencia-emocional-y-revisiones-gtd\/<\/a><\/p>\n<p>(7)_ Tu productividad son tareas\u2026 y tambi\u00e9n personas<\/p>\n<p>Por Alberto Barbero<\/p>\n<p><a href=\"http:\/\/www.albarbero.com\/2015\/10\/tu-productividad-son-tareas-y-tambien-personas.html\">http:\/\/www.albarbero.com\/2015\/10\/tu-productividad-son-tareas-y-tambien-personas.html<\/a><\/p>\n<p>(8)_ Productividad y creatividad: \u00bfRealmente son enemigos?<\/p>\n<p>Por Francisco S\u00e1enz<\/p>\n<p><a href=\"http:\/\/www.sintetia.com\/productividad-y-creatividad-realmente-son-enemigos\/\">http:\/\/www.sintetia.com\/productividad-y-creatividad-realmente-son-enemigos\/<\/a><\/p>\n<p>(9) El rendimiento \u00f3ptimo se sit\u00faa justo \u00abal borde del caos\u00bb.<\/p>\n<p>Por <a href=\"http:\/\/buenhabit.blogspot.com.es\/\">Montse Vila<\/a>.<\/p>\n<p>http:\/\/buenhabit.blogspot.com.es\/2015\/01\/el-rendimiento-optimo-se-situa-justo-al.html<\/p>\n<p>(10)_ II Jornadas OPTIMA LAB: Artesanos Comprometidos con el Futuro<\/p>\n<p><a href=\"http:\/\/www.optimainfinito.com\/2015\/02\/ii-jornadas-optima-lab-artesanos-comprometidos-con-el-futuro.html\">http:\/\/www.optimainfinito.com\/2015\/02\/ii-jornadas-optima-lab-artesanos-comprometidos-con-el-futuro.html<\/a><\/p>\n<p>(11)_ <a href=\"http:\/\/www.dutudu.com\/\">Du Tud\u00fa: GTD y productividad personal<\/a><\/p>\n<p>Por Daniel Aguayo.<\/p>\n<p><a href=\"http:\/\/www.dutudu.com\/como-ser-mas-productivo-durante-mas-tiempo\/productividad\/2014\/12\/17\/\">http:\/\/www.dutudu.com\/como-ser-mas-productivo-durante-mas-tiempo\/productividad\/2014\/12\/17\/<\/a><\/p>\n<p>(12)_ C\u00f3mo encontrar tu pasi\u00f3n<\/p>\n<p>Por Yoriento,<\/p>\n<p><a href=\"http:\/\/yoriento.com\/2016\/01\/encontrar-tu-pasion-profesional.html\/\">http:\/\/yoriento.com\/2016\/01\/encontrar-tu-pasion-profesional.html\/<\/a><\/p>\n<p>(13)_ Haz menos para hacerlo mejor<\/p>\n<p>Por\u00a0<a href=\"http:\/\/blogs.menshealth.es\/productividad\/author\/davidt\/\">David Torn\u00e9<\/a><\/p>\n<p>http:\/\/blogs.menshealth.es\/productividad\/haz-menos-hacerlo-mejor\/<\/p>\n<p>(14) LA ZONA DE CONFORT<\/p>\n<p>Montse Garc\u00eda<\/p>\n<p>http:\/\/news.psykia.com\/content\/la-zona-de-confort<\/p><\/blockquote>\n<h3 style=\"text-align: center;\"><strong>Tambi\u00e9n te puede interesar:<\/strong><\/h3>\n<h3 style=\"text-align: center;\"><a href=\"https:\/\/stepienybarno.es\/blog\/category\/arquitectoproductivo\/\" target=\"_blank\" rel=\"noopener\">La serie entera del ARQUITECTO PRODUCTIVO<\/a><\/h3>\n","protected":false},"excerpt":{"rendered":"<p>Aunque parece que fue ayer cuando comenz\u00e1bamos esta serie del \u201cArquitecto productivo\u201d, han pasado mucho tiempo desde el primer post y, con la reflexi\u00f3n de hoy, llegamos casi a su fin.<\/p>\n<p>Esperamos que estos pensamientos en voz alta est\u00e9n siendo de vuestro inter\u00e9s y que os est\u00e9n aportando para ser cada d\u00eda un poquito m\u00e1s eficientes.<\/p>\n<p>Muchos de los temas que hemos ido tratado, son, en principio, ajenos a nuestra disciplina arquitect\u00f3nica; pero, justo el asunto de hoy, con la creatividad por bandera, nos hace poner encima de la mesa una fortaleza que, como arquitect@s, tenemos tod@s nosotr@s.<\/p>\n","protected":false},"author":2,"featured_media":34045,"comment_status":"open","ping_status":"closed","sticky":false,"template":"","format":"standard","meta":{"om_disable_all_campaigns":false,"_monsterinsights_skip_tracking":false,"_monsterinsights_sitenote_active":false,"_monsterinsights_sitenote_note":"","_monsterinsights_sitenote_category":0,"_uf_show_specific_survey":0,"_uf_disable_surveys":false,"episode_type":"","audio_file":"","cover_image":"","cover_image_id":"","duration":"","filesize":"","date_recorded":"","explicit":"","block":"","filesize_raw":"","footnotes":""},"categories":[4018],"tags":[4278,6950,6949,3995,6947,4700,5068,2014,6951,2131],"series":[],"class_list":["post-34043","post","type-post","status-publish","format-standard","has-post-thumbnail","hentry","category-arquitectoproductivo","tag-arquitectoproductivo","tag-daniel-aguayo","tag-eficienciayproductividad","tag-francisco-saez","tag-gtd","tag-joan-vergara","tag-kaizen","tag-ken-robinson","tag-mihaly-csikszentmihalyi","tag-yoriento"],"aioseo_notices":[],"episode_featured_image":"https:\/\/stepienybarno.es\/blog\/wp-content\/uploads\/2019\/01\/0.-hemisferio-izquierdo-derecho-creatividad-stepienybarno.jpg","episode_player_image":"https:\/\/stepienybarno.es\/blog\/wp-content\/uploads\/2020\/11\/stepienybarno-podcast-scaled.jpg","download_link":"","player_link":"","audio_player":false,"episode_data":{"playerMode":"dark","subscribeUrls":[],"rssFeedUrl":"https:\/\/stepienybarno.es\/blog\/feed\/podcast\/podcast-de-stepienybarno","embedCode":"<blockquote class=\"wp-embedded-content\" data-secret=\"3QMoDvsCTU\"><a href=\"https:\/\/stepienybarno.es\/blog\/2019\/01\/21\/noveno-mandamiento-del-arquitecto-productivo-santificaras-la-creatividad-arquitectoproductivo\/\">NOVENO MANDAMIENTO DEL ARQUITECTO PRODUCTIVO: Santificar\u00e1s la creatividad #ArquitectoProductivo<\/a><\/blockquote><iframe sandbox=\"allow-scripts\" security=\"restricted\" src=\"https:\/\/stepienybarno.es\/blog\/2019\/01\/21\/noveno-mandamiento-del-arquitecto-productivo-santificaras-la-creatividad-arquitectoproductivo\/embed\/#?secret=3QMoDvsCTU\" width=\"500\" height=\"350\" title=\"\u00abNOVENO MANDAMIENTO DEL ARQUITECTO PRODUCTIVO: Santificar\u00e1s la creatividad #ArquitectoProductivo\u00bb \u2014 Blog de STEPIEN Y BARNO - publicaci\u00f3n digital sobre arquitectura\" data-secret=\"3QMoDvsCTU\" frameborder=\"0\" marginwidth=\"0\" marginheight=\"0\" scrolling=\"no\" class=\"wp-embedded-content\"><\/iframe><script type=\"text\/javascript\">\n\/* <![CDATA[ *\/\n\/*! This file is auto-generated *\/\n!function(d,l){\"use strict\";l.querySelector&&d.addEventListener&&\"undefined\"!=typeof URL&&(d.wp=d.wp||{},d.wp.receiveEmbedMessage||(d.wp.receiveEmbedMessage=function(e){var t=e.data;if((t||t.secret||t.message||t.value)&&!\/[^a-zA-Z0-9]\/.test(t.secret)){for(var s,r,n,a=l.querySelectorAll('iframe[data-secret=\"'+t.secret+'\"]'),o=l.querySelectorAll('blockquote[data-secret=\"'+t.secret+'\"]'),c=new RegExp(\"^https?:$\",\"i\"),i=0;i<o.length;i++)o[i].style.display=\"none\";for(i=0;i<a.length;i++)s=a[i],e.source===s.contentWindow&&(s.removeAttribute(\"style\"),\"height\"===t.message?(1e3<(r=parseInt(t.value,10))?r=1e3:~~r<200&&(r=200),s.height=r):\"link\"===t.message&&(r=new URL(s.getAttribute(\"src\")),n=new URL(t.value),c.test(n.protocol))&&n.host===r.host&&l.activeElement===s&&(d.top.location.href=t.value))}},d.addEventListener(\"message\",d.wp.receiveEmbedMessage,!1),l.addEventListener(\"DOMContentLoaded\",function(){for(var e,t,s=l.querySelectorAll(\"iframe.wp-embedded-content\"),r=0;r<s.length;r++)(t=(e=s[r]).getAttribute(\"data-secret\"))||(t=Math.random().toString(36).substring(2,12),e.src+=\"#?secret=\"+t,e.setAttribute(\"data-secret\",t)),e.contentWindow.postMessage({message:\"ready\",secret:t},\"*\")},!1)))}(window,document);\n\/* ]]> *\/\n<\/script>\n"},"_links":{"self":[{"href":"https:\/\/stepienybarno.es\/blog\/wp-json\/wp\/v2\/posts\/34043"}],"collection":[{"href":"https:\/\/stepienybarno.es\/blog\/wp-json\/wp\/v2\/posts"}],"about":[{"href":"https:\/\/stepienybarno.es\/blog\/wp-json\/wp\/v2\/types\/post"}],"author":[{"embeddable":true,"href":"https:\/\/stepienybarno.es\/blog\/wp-json\/wp\/v2\/users\/2"}],"replies":[{"embeddable":true,"href":"https:\/\/stepienybarno.es\/blog\/wp-json\/wp\/v2\/comments?post=34043"}],"version-history":[{"count":6,"href":"https:\/\/stepienybarno.es\/blog\/wp-json\/wp\/v2\/posts\/34043\/revisions"}],"predecessor-version":[{"id":34876,"href":"https:\/\/stepienybarno.es\/blog\/wp-json\/wp\/v2\/posts\/34043\/revisions\/34876"}],"wp:featuredmedia":[{"embeddable":true,"href":"https:\/\/stepienybarno.es\/blog\/wp-json\/wp\/v2\/media\/34045"}],"wp:attachment":[{"href":"https:\/\/stepienybarno.es\/blog\/wp-json\/wp\/v2\/media?parent=34043"}],"wp:term":[{"taxonomy":"category","embeddable":true,"href":"https:\/\/stepienybarno.es\/blog\/wp-json\/wp\/v2\/categories?post=34043"},{"taxonomy":"post_tag","embeddable":true,"href":"https:\/\/stepienybarno.es\/blog\/wp-json\/wp\/v2\/tags?post=34043"},{"taxonomy":"series","embeddable":true,"href":"https:\/\/stepienybarno.es\/blog\/wp-json\/wp\/v2\/series?post=34043"}],"curies":[{"name":"wp","href":"https:\/\/api.w.org\/{rel}","templated":true}]}}