{"id":34305,"date":"2019-02-13T08:05:37","date_gmt":"2019-02-13T06:05:37","guid":{"rendered":"https:\/\/www.stepienybarno.es\/blog\/?p=34305"},"modified":"2019-11-11T00:57:01","modified_gmt":"2019-11-10T22:57:01","slug":"proyectos-de-arquitectura-brutalista-brutalmonday","status":"publish","type":"post","link":"https:\/\/stepienybarno.es\/blog\/2019\/02\/13\/proyectos-de-arquitectura-brutalista-brutalmonday\/","title":{"rendered":"Proyectos de Arquitectura Brutalista #BrutalMonday"},"content":{"rendered":"<h1><img loading=\"lazy\" decoding=\"async\" class=\"aligncenter size-medium wp-image-34326\" src=\"https:\/\/stepienybarno.es\/blog\/wp-content\/uploads\/2019\/02\/Stepienybarno-arquitectura-brutalista-PostDelDia-01-550x361.jpg\" alt=\"\" width=\"550\" height=\"361\" srcset=\"https:\/\/stepienybarno.es\/blog\/wp-content\/uploads\/2019\/02\/Stepienybarno-arquitectura-brutalista-PostDelDia-01-550x361.jpg 550w, https:\/\/stepienybarno.es\/blog\/wp-content\/uploads\/2019\/02\/Stepienybarno-arquitectura-brutalista-PostDelDia-01-180x118.jpg 180w, https:\/\/stepienybarno.es\/blog\/wp-content\/uploads\/2019\/02\/Stepienybarno-arquitectura-brutalista-PostDelDia-01-1024x672.jpg 1024w, https:\/\/stepienybarno.es\/blog\/wp-content\/uploads\/2019\/02\/Stepienybarno-arquitectura-brutalista-PostDelDia-01-316x207.jpg 316w, https:\/\/stepienybarno.es\/blog\/wp-content\/uploads\/2019\/02\/Stepienybarno-arquitectura-brutalista-PostDelDia-01.jpg 1565w\" sizes=\"(max-width: 550px) 100vw, 550px\" \/><\/h1>\n<p>Nos encanta la arquitectura brutalista. Por esa raz\u00f3n, os presentamos un hilo en el que podr\u00e9is descubrir<strong> grandes ejemplos<\/strong> de este expresivo estilo y c\u00f3mo los arquitectos lograron grandes cosas utilizando hormig\u00f3n.<br \/>\n<!--more--><\/p>\n<h2 class=\"supertitular page-title\">The Egg<\/h2>\n<p>Por:\u00a0Wallace Kirkman Harrison +\u00a0Max Abramovitz<\/p>\n<p>A\u00f1o: 1978<\/p>\n<p>&nbsp;<\/p>\n<div id=\"attachment_36942\" style=\"width: 560px\" class=\"wp-caption aligncenter\"><a href=\"https:\/\/stepienybarno.es\/blog\/2019\/02\/13\/proyectos-de-arquitectura-brutalista-brutalmonday\/stepienybarno-the-egg-brutalmonday-postdeldia-02\/\" rel=\"attachment wp-att-36942\"><img loading=\"lazy\" decoding=\"async\" aria-describedby=\"caption-attachment-36942\" class=\"size-medium wp-image-36942\" src=\"https:\/\/stepienybarno.es\/blog\/wp-content\/uploads\/2019\/02\/stepienybarno-the-egg-brutalmonday-postdeldia-02-550x413.jpeg\" alt=\"\" width=\"550\" height=\"413\" srcset=\"https:\/\/stepienybarno.es\/blog\/wp-content\/uploads\/2019\/02\/stepienybarno-the-egg-brutalmonday-postdeldia-02-550x413.jpeg 550w, https:\/\/stepienybarno.es\/blog\/wp-content\/uploads\/2019\/02\/stepienybarno-the-egg-brutalmonday-postdeldia-02-180x135.jpeg 180w, https:\/\/stepienybarno.es\/blog\/wp-content\/uploads\/2019\/02\/stepienybarno-the-egg-brutalmonday-postdeldia-02-316x237.jpeg 316w, https:\/\/stepienybarno.es\/blog\/wp-content\/uploads\/2019\/02\/stepienybarno-the-egg-brutalmonday-postdeldia-02.jpeg 800w\" sizes=\"(max-width: 550px) 100vw, 550px\" \/><\/a><p id=\"caption-attachment-36942\" class=\"wp-caption-text\">foto: architectuul<\/p><\/div>\n<p>&nbsp;<\/p>\n<div id=\"attachment_36941\" style=\"width: 560px\" class=\"wp-caption aligncenter\"><a href=\"https:\/\/stepienybarno.es\/blog\/2019\/02\/13\/proyectos-de-arquitectura-brutalista-brutalmonday\/stepienybarno-the-egg-brutalmonday-postdeldia-01\/\" rel=\"attachment wp-att-36941\"><img loading=\"lazy\" decoding=\"async\" aria-describedby=\"caption-attachment-36941\" class=\"size-medium wp-image-36941\" src=\"https:\/\/stepienybarno.es\/blog\/wp-content\/uploads\/2019\/02\/stepienybarno-the-egg-brutalmonday-postdeldia-01-550x368.jpg\" alt=\"\" width=\"550\" height=\"368\" srcset=\"https:\/\/stepienybarno.es\/blog\/wp-content\/uploads\/2019\/02\/stepienybarno-the-egg-brutalmonday-postdeldia-01-550x368.jpg 550w, https:\/\/stepienybarno.es\/blog\/wp-content\/uploads\/2019\/02\/stepienybarno-the-egg-brutalmonday-postdeldia-01-180x120.jpg 180w, https:\/\/stepienybarno.es\/blog\/wp-content\/uploads\/2019\/02\/stepienybarno-the-egg-brutalmonday-postdeldia-01-316x211.jpg 316w, https:\/\/stepienybarno.es\/blog\/wp-content\/uploads\/2019\/02\/stepienybarno-the-egg-brutalmonday-postdeldia-01.jpg 1000w\" sizes=\"(max-width: 550px) 100vw, 550px\" \/><\/a><p id=\"caption-attachment-36941\" class=\"wp-caption-text\">foto: Wally Gobetz<\/p><\/div>\n<div id=\"attachment_36943\" style=\"width: 560px\" class=\"wp-caption aligncenter\"><a href=\"https:\/\/stepienybarno.es\/blog\/2019\/02\/13\/proyectos-de-arquitectura-brutalista-brutalmonday\/stepienybarno-the-egg-brutalmonday-postdeldia-03\/\" rel=\"attachment wp-att-36943\"><img loading=\"lazy\" decoding=\"async\" aria-describedby=\"caption-attachment-36943\" class=\"size-medium wp-image-36943\" src=\"https:\/\/stepienybarno.es\/blog\/wp-content\/uploads\/2019\/02\/stepienybarno-the-egg-brutalmonday-postdeldia-03-550x502.jpg\" alt=\"\" width=\"550\" height=\"502\" srcset=\"https:\/\/stepienybarno.es\/blog\/wp-content\/uploads\/2019\/02\/stepienybarno-the-egg-brutalmonday-postdeldia-03-550x502.jpg 550w, https:\/\/stepienybarno.es\/blog\/wp-content\/uploads\/2019\/02\/stepienybarno-the-egg-brutalmonday-postdeldia-03-180x164.jpg 180w, https:\/\/stepienybarno.es\/blog\/wp-content\/uploads\/2019\/02\/stepienybarno-the-egg-brutalmonday-postdeldia-03-767x700.jpg 767w, https:\/\/stepienybarno.es\/blog\/wp-content\/uploads\/2019\/02\/stepienybarno-the-egg-brutalmonday-postdeldia-03-316x288.jpg 316w, https:\/\/stepienybarno.es\/blog\/wp-content\/uploads\/2019\/02\/stepienybarno-the-egg-brutalmonday-postdeldia-03.jpg 1024w\" sizes=\"(max-width: 550px) 100vw, 550px\" \/><\/a><p id=\"caption-attachment-36943\" class=\"wp-caption-text\">foto: timesunion<\/p><\/div>\n<p>&nbsp;<\/p>\n<p style=\"text-align: center;\">Acceder al Proyecto <a href=\"http:\/\/bit.ly\/2ry5iKH\" target=\"_blank\" rel=\"noopener\">AQU\u00cd\u00a0<\/a>\u00a0(<a href=\"http:\/\/architectuul.com\" target=\"_blank\" rel=\"noopener\">Architectuul<\/a>)<\/p>\n<p>&nbsp;<\/p>\n<hr \/>\n<p>&nbsp;<\/p>\n<blockquote>\n<div id=\"attachment_34804\" style=\"width: 921px\" class=\"wp-caption aligncenter\"><img loading=\"lazy\" decoding=\"async\" aria-describedby=\"caption-attachment-34804\" class=\"wp-image-34804 size-large\" src=\"https:\/\/stepienybarno.es\/blog\/wp-content\/uploads\/2019\/02\/0.-stepienybarno-arquitectura-brutalista-un-mundo-brutal-1024x313.png\" alt=\"\" width=\"911\" height=\"278\" srcset=\"https:\/\/stepienybarno.es\/blog\/wp-content\/uploads\/2019\/02\/0.-stepienybarno-arquitectura-brutalista-un-mundo-brutal-1024x313.png 1024w, https:\/\/stepienybarno.es\/blog\/wp-content\/uploads\/2019\/02\/0.-stepienybarno-arquitectura-brutalista-un-mundo-brutal-180x55.png 180w, https:\/\/stepienybarno.es\/blog\/wp-content\/uploads\/2019\/02\/0.-stepienybarno-arquitectura-brutalista-un-mundo-brutal-550x168.png 550w, https:\/\/stepienybarno.es\/blog\/wp-content\/uploads\/2019\/02\/0.-stepienybarno-arquitectura-brutalista-un-mundo-brutal-316x97.png 316w, https:\/\/stepienybarno.es\/blog\/wp-content\/uploads\/2019\/02\/0.-stepienybarno-arquitectura-brutalista-un-mundo-brutal.png 1200w\" sizes=\"(max-width: 911px) 100vw, 911px\" \/><p id=\"caption-attachment-34804\" class=\"wp-caption-text\">Arquitectura Brutalista \/ Un mundo brutal #BrutalMonday<\/p><\/div>\n<h2 style=\"text-align: center;\"><a href=\"https:\/\/regalosarquitectos.com\/producto\/un-mundo-brutal\/\" target=\"_blank\" rel=\"noopener\">Acceder al libro Un mundo brutal<\/a><\/h2>\n<\/blockquote>\n<p>&nbsp;<\/p>\n<p>&nbsp;<\/p>\n<hr \/>\n<h2 class=\"supertitular page-title\">Sainte-Marie Lyon<\/h2>\n<p>Por: Georges Adilon<\/p>\n<p>A\u00f1o: 1966<\/p>\n<div id=\"attachment_36896\" style=\"width: 560px\" class=\"wp-caption aligncenter\"><a href=\"https:\/\/stepienybarno.es\/blog\/2019\/02\/13\/proyectos-de-arquitectura-brutalista-brutalmonday\/stepienybarno-sainte-marie-lyon-brutalmonday-postdeldia-01\/\" rel=\"attachment wp-att-36896\"><img loading=\"lazy\" decoding=\"async\" aria-describedby=\"caption-attachment-36896\" class=\"size-medium wp-image-36896\" src=\"https:\/\/stepienybarno.es\/blog\/wp-content\/uploads\/2019\/02\/stepienybarno-sainte-marie-lyon-brutalmonday-postdeldia-01-550x309.jpg\" alt=\"\" width=\"550\" height=\"309\" srcset=\"https:\/\/stepienybarno.es\/blog\/wp-content\/uploads\/2019\/02\/stepienybarno-sainte-marie-lyon-brutalmonday-postdeldia-01-550x309.jpg 550w, https:\/\/stepienybarno.es\/blog\/wp-content\/uploads\/2019\/02\/stepienybarno-sainte-marie-lyon-brutalmonday-postdeldia-01-180x101.jpg 180w, https:\/\/stepienybarno.es\/blog\/wp-content\/uploads\/2019\/02\/stepienybarno-sainte-marie-lyon-brutalmonday-postdeldia-01-316x178.jpg 316w, https:\/\/stepienybarno.es\/blog\/wp-content\/uploads\/2019\/02\/stepienybarno-sainte-marie-lyon-brutalmonday-postdeldia-01.jpg 800w\" sizes=\"(max-width: 550px) 100vw, 550px\" \/><\/a><p id=\"caption-attachment-36896\" class=\"wp-caption-text\">foto: Sainte-Marie Lyon<\/p><\/div>\n<p>&nbsp;<\/p>\n<div id=\"attachment_36897\" style=\"width: 560px\" class=\"wp-caption aligncenter\"><a href=\"https:\/\/stepienybarno.es\/blog\/2019\/02\/13\/proyectos-de-arquitectura-brutalista-brutalmonday\/stepienybarno-sainte-marie-lyon-brutalmonday-postdeldia-02\/\" rel=\"attachment wp-att-36897\"><img loading=\"lazy\" decoding=\"async\" aria-describedby=\"caption-attachment-36897\" class=\"size-medium wp-image-36897\" src=\"https:\/\/stepienybarno.es\/blog\/wp-content\/uploads\/2019\/02\/stepienybarno-sainte-marie-lyon-brutalmonday-postdeldia-02-550x413.jpg\" alt=\"\" width=\"550\" height=\"413\" srcset=\"https:\/\/stepienybarno.es\/blog\/wp-content\/uploads\/2019\/02\/stepienybarno-sainte-marie-lyon-brutalmonday-postdeldia-02-550x413.jpg 550w, https:\/\/stepienybarno.es\/blog\/wp-content\/uploads\/2019\/02\/stepienybarno-sainte-marie-lyon-brutalmonday-postdeldia-02-180x135.jpg 180w, https:\/\/stepienybarno.es\/blog\/wp-content\/uploads\/2019\/02\/stepienybarno-sainte-marie-lyon-brutalmonday-postdeldia-02-316x237.jpg 316w, https:\/\/stepienybarno.es\/blog\/wp-content\/uploads\/2019\/02\/stepienybarno-sainte-marie-lyon-brutalmonday-postdeldia-02.jpg 800w\" sizes=\"(max-width: 550px) 100vw, 550px\" \/><\/a><p id=\"caption-attachment-36897\" class=\"wp-caption-text\">foto: Sainte-Marie Lyon<\/p><\/div>\n<p>&nbsp;<\/p>\n<div id=\"attachment_36898\" style=\"width: 560px\" class=\"wp-caption aligncenter\"><a href=\"https:\/\/stepienybarno.es\/blog\/2019\/02\/13\/proyectos-de-arquitectura-brutalista-brutalmonday\/stepienybarno-sainte-marie-lyon-brutalmonday-postdeldia-03\/\" rel=\"attachment wp-att-36898\"><img loading=\"lazy\" decoding=\"async\" aria-describedby=\"caption-attachment-36898\" class=\"size-medium wp-image-36898\" src=\"https:\/\/stepienybarno.es\/blog\/wp-content\/uploads\/2019\/02\/stepienybarno-sainte-marie-lyon-brutalmonday-postdeldia-03-550x236.jpg\" alt=\"\" width=\"550\" height=\"236\" srcset=\"https:\/\/stepienybarno.es\/blog\/wp-content\/uploads\/2019\/02\/stepienybarno-sainte-marie-lyon-brutalmonday-postdeldia-03-550x236.jpg 550w, https:\/\/stepienybarno.es\/blog\/wp-content\/uploads\/2019\/02\/stepienybarno-sainte-marie-lyon-brutalmonday-postdeldia-03-180x77.jpg 180w, https:\/\/stepienybarno.es\/blog\/wp-content\/uploads\/2019\/02\/stepienybarno-sainte-marie-lyon-brutalmonday-postdeldia-03-316x135.jpg 316w, https:\/\/stepienybarno.es\/blog\/wp-content\/uploads\/2019\/02\/stepienybarno-sainte-marie-lyon-brutalmonday-postdeldia-03.jpg 700w\" sizes=\"(max-width: 550px) 100vw, 550px\" \/><\/a><p id=\"caption-attachment-36898\" class=\"wp-caption-text\">foto: Sainte-Marie Lyon<\/p><\/div>\n<p>&nbsp;<\/p>\n<p style=\"text-align: center;\">Acceder al Proyecto <a href=\"http:\/\/bit.ly\/2pBIWHv\" target=\"_blank\" rel=\"noopener\">AQU\u00cd<\/a> (<a href=\"\/www.arquitecturayempresa.es\" target=\"_blank\" rel=\"noopener\">Arquitectura y Empresa<\/a>)<\/p>\n<hr \/>\n<h2>F\u00e1brica de \u00c1cido Sulf\u00farico en Polonia<\/h2>\n<p>Por:\u00a0Hans Poelzig<\/p>\n<p>A\u00f1o: 1910<\/p>\n<div id=\"attachment_36778\" style=\"width: 482px\" class=\"wp-caption aligncenter\"><a href=\"https:\/\/stepienybarno.es\/blog\/2019\/02\/13\/proyectos-de-arquitectura-brutalista-brutalmonday\/stepienybarno-hans-poelzigs-sulphuric-acid-factory-brutalmonday-01\/\" rel=\"attachment wp-att-36778\"><img loading=\"lazy\" decoding=\"async\" aria-describedby=\"caption-attachment-36778\" class=\"size-medium wp-image-36778\" src=\"https:\/\/stepienybarno.es\/blog\/wp-content\/uploads\/2019\/02\/stepienybarno-Hans-Poelzig\u2019s-Sulphuric-Acid-Factory-brutalmonday-01-472x550.jpg\" alt=\"\" width=\"472\" height=\"550\" srcset=\"https:\/\/stepienybarno.es\/blog\/wp-content\/uploads\/2019\/02\/stepienybarno-Hans-Poelzig\u2019s-Sulphuric-Acid-Factory-brutalmonday-01-472x550.jpg 472w, https:\/\/stepienybarno.es\/blog\/wp-content\/uploads\/2019\/02\/stepienybarno-Hans-Poelzig\u2019s-Sulphuric-Acid-Factory-brutalmonday-01-154x180.jpg 154w, https:\/\/stepienybarno.es\/blog\/wp-content\/uploads\/2019\/02\/stepienybarno-Hans-Poelzig\u2019s-Sulphuric-Acid-Factory-brutalmonday-01-600x700.jpg 600w, https:\/\/stepienybarno.es\/blog\/wp-content\/uploads\/2019\/02\/stepienybarno-Hans-Poelzig\u2019s-Sulphuric-Acid-Factory-brutalmonday-01-316x369.jpg 316w, https:\/\/stepienybarno.es\/blog\/wp-content\/uploads\/2019\/02\/stepienybarno-Hans-Poelzig\u2019s-Sulphuric-Acid-Factory-brutalmonday-01.jpg 800w\" sizes=\"(max-width: 472px) 100vw, 472px\" \/><\/a><p id=\"caption-attachment-36778\" class=\"wp-caption-text\">foto: socks studio<\/p><\/div>\n<p>&nbsp;<\/p>\n<div id=\"attachment_36779\" style=\"width: 560px\" class=\"wp-caption aligncenter\"><a href=\"https:\/\/stepienybarno.es\/blog\/2019\/02\/13\/proyectos-de-arquitectura-brutalista-brutalmonday\/stepienybarno-hans-poelzigs-sulphuric-acid-factory-brutalmonday-02\/\" rel=\"attachment wp-att-36779\"><img loading=\"lazy\" decoding=\"async\" aria-describedby=\"caption-attachment-36779\" class=\"size-medium wp-image-36779\" src=\"https:\/\/stepienybarno.es\/blog\/wp-content\/uploads\/2019\/02\/stepienybarno-Hans-Poelzig\u2019s-Sulphuric-Acid-Factory-brutalmonday-02-550x450.jpg\" alt=\"\" width=\"550\" height=\"450\" srcset=\"https:\/\/stepienybarno.es\/blog\/wp-content\/uploads\/2019\/02\/stepienybarno-Hans-Poelzig\u2019s-Sulphuric-Acid-Factory-brutalmonday-02-550x450.jpg 550w, https:\/\/stepienybarno.es\/blog\/wp-content\/uploads\/2019\/02\/stepienybarno-Hans-Poelzig\u2019s-Sulphuric-Acid-Factory-brutalmonday-02-180x147.jpg 180w, https:\/\/stepienybarno.es\/blog\/wp-content\/uploads\/2019\/02\/stepienybarno-Hans-Poelzig\u2019s-Sulphuric-Acid-Factory-brutalmonday-02-316x259.jpg 316w, https:\/\/stepienybarno.es\/blog\/wp-content\/uploads\/2019\/02\/stepienybarno-Hans-Poelzig\u2019s-Sulphuric-Acid-Factory-brutalmonday-02.jpg 800w\" sizes=\"(max-width: 550px) 100vw, 550px\" \/><\/a><p id=\"caption-attachment-36779\" class=\"wp-caption-text\">foto: socks studio<\/p><\/div>\n<p>&nbsp;<\/p>\n<div id=\"attachment_36780\" style=\"width: 560px\" class=\"wp-caption aligncenter\"><a href=\"https:\/\/stepienybarno.es\/blog\/2019\/02\/13\/proyectos-de-arquitectura-brutalista-brutalmonday\/stepienybarno-hans-poelzigs-sulphuric-acid-factory-brutalmonday-03\/\" rel=\"attachment wp-att-36780\"><img loading=\"lazy\" decoding=\"async\" aria-describedby=\"caption-attachment-36780\" class=\"size-medium wp-image-36780\" src=\"https:\/\/stepienybarno.es\/blog\/wp-content\/uploads\/2019\/02\/stepienybarno-Hans-Poelzig\u2019s-Sulphuric-Acid-Factory-brutalmonday-03-550x413.jpg\" alt=\"\" width=\"550\" height=\"413\" srcset=\"https:\/\/stepienybarno.es\/blog\/wp-content\/uploads\/2019\/02\/stepienybarno-Hans-Poelzig\u2019s-Sulphuric-Acid-Factory-brutalmonday-03-550x413.jpg 550w, https:\/\/stepienybarno.es\/blog\/wp-content\/uploads\/2019\/02\/stepienybarno-Hans-Poelzig\u2019s-Sulphuric-Acid-Factory-brutalmonday-03-180x135.jpg 180w, https:\/\/stepienybarno.es\/blog\/wp-content\/uploads\/2019\/02\/stepienybarno-Hans-Poelzig\u2019s-Sulphuric-Acid-Factory-brutalmonday-03-316x237.jpg 316w, https:\/\/stepienybarno.es\/blog\/wp-content\/uploads\/2019\/02\/stepienybarno-Hans-Poelzig\u2019s-Sulphuric-Acid-Factory-brutalmonday-03.jpg 800w\" sizes=\"(max-width: 550px) 100vw, 550px\" \/><\/a><p id=\"caption-attachment-36780\" class=\"wp-caption-text\">foto: socks studio<\/p><\/div>\n<p>&nbsp;<\/p>\n<p style=\"text-align: center;\">Acceder al Proyecto <a href=\"http:\/\/socks-studio.com\/2013\/11\/26\/hans-poelzigs-sulphuric-acid-factory-in-lubon-poland-1911-1912\/\" target=\"_blank\" rel=\"noopener\">AQU\u00cd<\/a> (<a href=\"http:\/\/socks-studio.com\" target=\"_blank\" rel=\"noopener\">socks studio<\/a>)<\/p>\n<p>&nbsp;<\/p>\n<hr \/>\n<h2>Teatro Portugu\u00e9s en Namibia<\/h2>\n<p>(abandonado en 1975)<\/p>\n<p>Por: No conocido<\/p>\n<p>A\u00f1o: No conocido<\/p>\n<div id=\"attachment_35725\" style=\"width: 560px\" class=\"wp-caption aligncenter\"><img loading=\"lazy\" decoding=\"async\" aria-describedby=\"caption-attachment-35725\" class=\"size-medium wp-image-35725\" src=\"https:\/\/stepienybarno.es\/blog\/wp-content\/uploads\/2019\/02\/stepienybarno-teatro-abandonado-namibia-brutalmonday-01-550x365.jpg\" alt=\"\" width=\"550\" height=\"365\" srcset=\"https:\/\/stepienybarno.es\/blog\/wp-content\/uploads\/2019\/02\/stepienybarno-teatro-abandonado-namibia-brutalmonday-01-550x365.jpg 550w, https:\/\/stepienybarno.es\/blog\/wp-content\/uploads\/2019\/02\/stepienybarno-teatro-abandonado-namibia-brutalmonday-01-180x119.jpg 180w, https:\/\/stepienybarno.es\/blog\/wp-content\/uploads\/2019\/02\/stepienybarno-teatro-abandonado-namibia-brutalmonday-01.jpg 1024w, https:\/\/stepienybarno.es\/blog\/wp-content\/uploads\/2019\/02\/stepienybarno-teatro-abandonado-namibia-brutalmonday-01-316x210.jpg 316w\" sizes=\"(max-width: 550px) 100vw, 550px\" \/><p id=\"caption-attachment-35725\" class=\"wp-caption-text\">foto: Alfred Weidinger<\/p><\/div>\n<p>&nbsp;<\/p>\n<div id=\"attachment_35726\" style=\"width: 560px\" class=\"wp-caption aligncenter\"><img loading=\"lazy\" decoding=\"async\" aria-describedby=\"caption-attachment-35726\" class=\"size-medium wp-image-35726\" src=\"https:\/\/stepienybarno.es\/blog\/wp-content\/uploads\/2019\/02\/stepienybarno-teatro-abandonado-namibia-brutalmonday-02-550x365.jpg\" alt=\"\" width=\"550\" height=\"365\" srcset=\"https:\/\/stepienybarno.es\/blog\/wp-content\/uploads\/2019\/02\/stepienybarno-teatro-abandonado-namibia-brutalmonday-02-550x365.jpg 550w, https:\/\/stepienybarno.es\/blog\/wp-content\/uploads\/2019\/02\/stepienybarno-teatro-abandonado-namibia-brutalmonday-02-180x120.jpg 180w, https:\/\/stepienybarno.es\/blog\/wp-content\/uploads\/2019\/02\/stepienybarno-teatro-abandonado-namibia-brutalmonday-02.jpg 1024w, https:\/\/stepienybarno.es\/blog\/wp-content\/uploads\/2019\/02\/stepienybarno-teatro-abandonado-namibia-brutalmonday-02-316x210.jpg 316w\" sizes=\"(max-width: 550px) 100vw, 550px\" \/><p id=\"caption-attachment-35726\" class=\"wp-caption-text\">foto: Alfred Weidinger<\/p><\/div>\n<p>&nbsp;<\/p>\n<div id=\"attachment_35727\" style=\"width: 560px\" class=\"wp-caption aligncenter\"><img loading=\"lazy\" decoding=\"async\" aria-describedby=\"caption-attachment-35727\" class=\"size-medium wp-image-35727\" src=\"https:\/\/stepienybarno.es\/blog\/wp-content\/uploads\/2019\/02\/stepienybarno-teatro-abandonado-namibia-brutalmonday-03-550x365.jpg\" alt=\"\" width=\"550\" height=\"365\" srcset=\"https:\/\/stepienybarno.es\/blog\/wp-content\/uploads\/2019\/02\/stepienybarno-teatro-abandonado-namibia-brutalmonday-03-550x365.jpg 550w, https:\/\/stepienybarno.es\/blog\/wp-content\/uploads\/2019\/02\/stepienybarno-teatro-abandonado-namibia-brutalmonday-03-180x120.jpg 180w, https:\/\/stepienybarno.es\/blog\/wp-content\/uploads\/2019\/02\/stepienybarno-teatro-abandonado-namibia-brutalmonday-03.jpg 1024w, https:\/\/stepienybarno.es\/blog\/wp-content\/uploads\/2019\/02\/stepienybarno-teatro-abandonado-namibia-brutalmonday-03-316x210.jpg 316w\" sizes=\"(max-width: 550px) 100vw, 550px\" \/><p id=\"caption-attachment-35727\" class=\"wp-caption-text\">foto: Alfred Weidinger<\/p><\/div>\n<p>&nbsp;<\/p>\n<p style=\"text-align: center;\">Acceder a m\u00e1s fotos <a href=\"http:\/\/bit.ly\/2wx1AjJ\" target=\"_blank\" rel=\"noopener\">AQU\u00cd<\/a> (<a href=\"https:\/\/www.flickr.com\/photos\/a-weidinger\" target=\"_blank\" rel=\"noopener\">Alfred Weidinger<\/a>)<\/p>\n<p>&nbsp;<\/p>\n<hr \/>\n<h2><\/h2>\n<h2>Museo Nacional de Historia de Ucrania durante la II Guerra Mundial<\/h2>\n<p>Por:\u00a0V.Elizarov<\/p>\n<p>A\u00f1o: 1981<\/p>\n<div id=\"attachment_35621\" style=\"width: 560px\" class=\"wp-caption aligncenter\"><img loading=\"lazy\" decoding=\"async\" aria-describedby=\"caption-attachment-35621\" class=\"size-medium wp-image-35621\" src=\"https:\/\/stepienybarno.es\/blog\/wp-content\/uploads\/2019\/02\/stepienybarno-museo-historia-ucrania-brutalmonday-01-550x410.jpg\" alt=\"\" width=\"550\" height=\"410\" srcset=\"https:\/\/stepienybarno.es\/blog\/wp-content\/uploads\/2019\/02\/stepienybarno-museo-historia-ucrania-brutalmonday-01-550x410.jpg 550w, https:\/\/stepienybarno.es\/blog\/wp-content\/uploads\/2019\/02\/stepienybarno-museo-historia-ucrania-brutalmonday-01-180x134.jpg 180w, https:\/\/stepienybarno.es\/blog\/wp-content\/uploads\/2019\/02\/stepienybarno-museo-historia-ucrania-brutalmonday-01-316x236.jpg 316w, https:\/\/stepienybarno.es\/blog\/wp-content\/uploads\/2019\/02\/stepienybarno-museo-historia-ucrania-brutalmonday-01.jpg 900w\" sizes=\"(max-width: 550px) 100vw, 550px\" \/><p id=\"caption-attachment-35621\" class=\"wp-caption-text\">Foto: FindelBloc<\/p><\/div>\n<p>&nbsp;<\/p>\n<div id=\"attachment_35622\" style=\"width: 560px\" class=\"wp-caption aligncenter\"><img loading=\"lazy\" decoding=\"async\" aria-describedby=\"caption-attachment-35622\" class=\"size-medium wp-image-35622\" src=\"https:\/\/stepienybarno.es\/blog\/wp-content\/uploads\/2019\/02\/stepienybarno-museo-historia-ucrania-brutalmonday-03-550x413.jpg\" alt=\"\" width=\"550\" height=\"413\" srcset=\"https:\/\/stepienybarno.es\/blog\/wp-content\/uploads\/2019\/02\/stepienybarno-museo-historia-ucrania-brutalmonday-03-550x413.jpg 550w, https:\/\/stepienybarno.es\/blog\/wp-content\/uploads\/2019\/02\/stepienybarno-museo-historia-ucrania-brutalmonday-03-180x135.jpg 180w, https:\/\/stepienybarno.es\/blog\/wp-content\/uploads\/2019\/02\/stepienybarno-museo-historia-ucrania-brutalmonday-03-316x237.jpg 316w, https:\/\/stepienybarno.es\/blog\/wp-content\/uploads\/2019\/02\/stepienybarno-museo-historia-ucrania-brutalmonday-03.jpg 800w\" sizes=\"(max-width: 550px) 100vw, 550px\" \/><p id=\"caption-attachment-35622\" class=\"wp-caption-text\">Foto: El Caj\u00f3n de Grisom<\/p><\/div>\n<p>&nbsp;<\/p>\n<div id=\"attachment_35623\" style=\"width: 560px\" class=\"wp-caption aligncenter\"><img loading=\"lazy\" decoding=\"async\" aria-describedby=\"caption-attachment-35623\" class=\"size-medium wp-image-35623\" src=\"https:\/\/stepienybarno.es\/blog\/wp-content\/uploads\/2019\/02\/stepienybarno-museo-historia-ucrania-brutalmonday-02-550x454.jpg\" alt=\"\" width=\"550\" height=\"454\" srcset=\"https:\/\/stepienybarno.es\/blog\/wp-content\/uploads\/2019\/02\/stepienybarno-museo-historia-ucrania-brutalmonday-02-550x454.jpg 550w, https:\/\/stepienybarno.es\/blog\/wp-content\/uploads\/2019\/02\/stepienybarno-museo-historia-ucrania-brutalmonday-02-180x149.jpg 180w, https:\/\/stepienybarno.es\/blog\/wp-content\/uploads\/2019\/02\/stepienybarno-museo-historia-ucrania-brutalmonday-02-847x700.jpg 847w, https:\/\/stepienybarno.es\/blog\/wp-content\/uploads\/2019\/02\/stepienybarno-museo-historia-ucrania-brutalmonday-02-316x261.jpg 316w, https:\/\/stepienybarno.es\/blog\/wp-content\/uploads\/2019\/02\/stepienybarno-museo-historia-ucrania-brutalmonday-02.jpg 1024w\" sizes=\"(max-width: 550px) 100vw, 550px\" \/><p id=\"caption-attachment-35623\" class=\"wp-caption-text\">Foto: Adam Jones (flickr)<\/p><\/div>\n<div id=\"attachment_35625\" style=\"width: 560px\" class=\"wp-caption aligncenter\"><img loading=\"lazy\" decoding=\"async\" aria-describedby=\"caption-attachment-35625\" class=\"size-medium wp-image-35625\" src=\"https:\/\/stepienybarno.es\/blog\/wp-content\/uploads\/2019\/02\/stepienybarno-museo-historia-ucrania-brutalmonday-03-1-550x416.jpg\" alt=\"\" width=\"550\" height=\"416\" srcset=\"https:\/\/stepienybarno.es\/blog\/wp-content\/uploads\/2019\/02\/stepienybarno-museo-historia-ucrania-brutalmonday-03-1-550x416.jpg 550w, https:\/\/stepienybarno.es\/blog\/wp-content\/uploads\/2019\/02\/stepienybarno-museo-historia-ucrania-brutalmonday-03-1-180x136.jpg 180w, https:\/\/stepienybarno.es\/blog\/wp-content\/uploads\/2019\/02\/stepienybarno-museo-historia-ucrania-brutalmonday-03-1-316x239.jpg 316w, https:\/\/stepienybarno.es\/blog\/wp-content\/uploads\/2019\/02\/stepienybarno-museo-historia-ucrania-brutalmonday-03-1.jpg 900w\" sizes=\"(max-width: 550px) 100vw, 550px\" \/><p id=\"caption-attachment-35625\" class=\"wp-caption-text\">Foto: Soc Monumental arq (facebook)<\/p><\/div>\n<p>&nbsp;<\/p>\n<p style=\"text-align: center;\">Acceder al Proyecto <a href=\"http:\/\/bit.ly\/2VU2wJg\" target=\"_blank\" rel=\"noopener\">AQU\u00cd<\/a> (El Caj\u00f3n de Grisom)<\/p>\n<p>&nbsp;<\/p>\n<hr \/>\n<h2>Royal National Theatre<\/h2>\n<p>Por: Sir Denys Lasdun<\/p>\n<p>A\u00f1o: 1976<\/p>\n<div id=\"attachment_35533\" style=\"width: 560px\" class=\"wp-caption aligncenter\"><img loading=\"lazy\" decoding=\"async\" aria-describedby=\"caption-attachment-35533\" class=\"size-medium wp-image-35533\" src=\"https:\/\/stepienybarno.es\/blog\/wp-content\/uploads\/2019\/02\/stepienybarno-royal-national-theatre-brutalmonday-01-550x361.jpg\" alt=\"\" width=\"550\" height=\"361\" srcset=\"https:\/\/stepienybarno.es\/blog\/wp-content\/uploads\/2019\/02\/stepienybarno-royal-national-theatre-brutalmonday-01-550x361.jpg 550w, https:\/\/stepienybarno.es\/blog\/wp-content\/uploads\/2019\/02\/stepienybarno-royal-national-theatre-brutalmonday-01-180x118.jpg 180w, https:\/\/stepienybarno.es\/blog\/wp-content\/uploads\/2019\/02\/stepienybarno-royal-national-theatre-brutalmonday-01-316x207.jpg 316w, https:\/\/stepienybarno.es\/blog\/wp-content\/uploads\/2019\/02\/stepienybarno-royal-national-theatre-brutalmonday-01.jpg 750w\" sizes=\"(max-width: 550px) 100vw, 550px\" \/><p id=\"caption-attachment-35533\" class=\"wp-caption-text\">Foto: MyModernMET<\/p><\/div>\n<p>&nbsp;<\/p>\n<div id=\"attachment_35534\" style=\"width: 560px\" class=\"wp-caption aligncenter\"><img loading=\"lazy\" decoding=\"async\" aria-describedby=\"caption-attachment-35534\" class=\"size-medium wp-image-35534\" src=\"https:\/\/stepienybarno.es\/blog\/wp-content\/uploads\/2019\/02\/stepienybarno-royal-national-theatre-brutalmonday-02-550x309.jpg\" alt=\"\" width=\"550\" height=\"309\" srcset=\"https:\/\/stepienybarno.es\/blog\/wp-content\/uploads\/2019\/02\/stepienybarno-royal-national-theatre-brutalmonday-02-550x309.jpg 550w, https:\/\/stepienybarno.es\/blog\/wp-content\/uploads\/2019\/02\/stepienybarno-royal-national-theatre-brutalmonday-02-180x101.jpg 180w, https:\/\/stepienybarno.es\/blog\/wp-content\/uploads\/2019\/02\/stepienybarno-royal-national-theatre-brutalmonday-02-316x178.jpg 316w, https:\/\/stepienybarno.es\/blog\/wp-content\/uploads\/2019\/02\/stepienybarno-royal-national-theatre-brutalmonday-02.jpg 784w\" sizes=\"(max-width: 550px) 100vw, 550px\" \/><p id=\"caption-attachment-35534\" class=\"wp-caption-text\">Foto: Luke Hayes<\/p><\/div>\n<p>&nbsp;<\/p>\n<div id=\"attachment_35535\" style=\"width: 478px\" class=\"wp-caption aligncenter\"><img loading=\"lazy\" decoding=\"async\" aria-describedby=\"caption-attachment-35535\" class=\"size-full wp-image-35535\" src=\"https:\/\/stepienybarno.es\/blog\/wp-content\/uploads\/2019\/02\/stepienybarno-royal-national-theatre-brutalmonday-03.jpg\" alt=\"\" width=\"468\" height=\"468\" srcset=\"https:\/\/stepienybarno.es\/blog\/wp-content\/uploads\/2019\/02\/stepienybarno-royal-national-theatre-brutalmonday-03.jpg 468w, https:\/\/stepienybarno.es\/blog\/wp-content\/uploads\/2019\/02\/stepienybarno-royal-national-theatre-brutalmonday-03-180x180.jpg 180w, https:\/\/stepienybarno.es\/blog\/wp-content\/uploads\/2019\/02\/stepienybarno-royal-national-theatre-brutalmonday-03-224x224.jpg 224w, https:\/\/stepienybarno.es\/blog\/wp-content\/uploads\/2019\/02\/stepienybarno-royal-national-theatre-brutalmonday-03-316x316.jpg 316w\" sizes=\"(max-width: 468px) 100vw, 468px\" \/><p id=\"caption-attachment-35535\" class=\"wp-caption-text\">Foto: Luke Hayes<\/p><\/div>\n<p>&nbsp;<\/p>\n<div id=\"attachment_35536\" style=\"width: 560px\" class=\"wp-caption aligncenter\"><img loading=\"lazy\" decoding=\"async\" aria-describedby=\"caption-attachment-35536\" class=\"size-medium wp-image-35536\" src=\"https:\/\/stepienybarno.es\/blog\/wp-content\/uploads\/2019\/02\/stepienybarno-royal-national-theatre-brutalmonday-04-550x198.gif\" alt=\"\" width=\"550\" height=\"198\" srcset=\"https:\/\/stepienybarno.es\/blog\/wp-content\/uploads\/2019\/02\/stepienybarno-royal-national-theatre-brutalmonday-04-550x198.gif 550w, https:\/\/stepienybarno.es\/blog\/wp-content\/uploads\/2019\/02\/stepienybarno-royal-national-theatre-brutalmonday-04-180x65.gif 180w, https:\/\/stepienybarno.es\/blog\/wp-content\/uploads\/2019\/02\/stepienybarno-royal-national-theatre-brutalmonday-04-316x114.gif 316w\" sizes=\"(max-width: 550px) 100vw, 550px\" \/><p id=\"caption-attachment-35536\" class=\"wp-caption-text\">Fuente: Dezeen<\/p><\/div>\n<p>&nbsp;<\/p>\n<p>Acceder al Proyecto <a href=\"http:\/\/bit.ly\/2W79xdC\" target=\"_blank\" rel=\"noopener\">AQU\u00cd<\/a> (<a href=\"http:\/\/www.dezeen.com\" target=\"_blank\" rel=\"noopener\">Dezeen<\/a>)<\/p>\n<p>&nbsp;<\/p>\n<hr \/>\n<h2>Casa deLunna<\/h2>\n<p>Por:\u00a0<a href=\"http:\/\/reims502.com\/\" target=\"_blank\" rel=\"noopener\">REIMS 502<\/a><\/p>\n<p>A\u00f1o: 2018<\/p>\n<div id=\"attachment_35516\" style=\"width: 560px\" class=\"wp-caption aligncenter\"><img loading=\"lazy\" decoding=\"async\" aria-describedby=\"caption-attachment-35516\" class=\"size-medium wp-image-35516\" src=\"https:\/\/stepienybarno.es\/blog\/wp-content\/uploads\/2019\/02\/stepienybarno-casadelunna-brutalmonday-01-550x300.jpg\" alt=\"\" width=\"550\" height=\"300\" srcset=\"https:\/\/stepienybarno.es\/blog\/wp-content\/uploads\/2019\/02\/stepienybarno-casadelunna-brutalmonday-01-550x300.jpg 550w, https:\/\/stepienybarno.es\/blog\/wp-content\/uploads\/2019\/02\/stepienybarno-casadelunna-brutalmonday-01-180x98.jpg 180w, https:\/\/stepienybarno.es\/blog\/wp-content\/uploads\/2019\/02\/stepienybarno-casadelunna-brutalmonday-01-1024x559.jpg 1024w, https:\/\/stepienybarno.es\/blog\/wp-content\/uploads\/2019\/02\/stepienybarno-casadelunna-brutalmonday-01-316x172.jpg 316w, https:\/\/stepienybarno.es\/blog\/wp-content\/uploads\/2019\/02\/stepienybarno-casadelunna-brutalmonday-01.jpg 1582w\" sizes=\"(max-width: 550px) 100vw, 550px\" \/><p id=\"caption-attachment-35516\" class=\"wp-caption-text\">Foto: Ricardo Janet<\/p><\/div>\n<p>&nbsp;<\/p>\n<div id=\"attachment_35515\" style=\"width: 560px\" class=\"wp-caption aligncenter\"><img loading=\"lazy\" decoding=\"async\" aria-describedby=\"caption-attachment-35515\" class=\"size-medium wp-image-35515\" src=\"https:\/\/stepienybarno.es\/blog\/wp-content\/uploads\/2019\/02\/stepienybarno-casadelunna-brutalmonday-03-550x285.jpg\" alt=\"\" width=\"550\" height=\"285\" srcset=\"https:\/\/stepienybarno.es\/blog\/wp-content\/uploads\/2019\/02\/stepienybarno-casadelunna-brutalmonday-03-550x285.jpg 550w, https:\/\/stepienybarno.es\/blog\/wp-content\/uploads\/2019\/02\/stepienybarno-casadelunna-brutalmonday-03-180x93.jpg 180w, https:\/\/stepienybarno.es\/blog\/wp-content\/uploads\/2019\/02\/stepienybarno-casadelunna-brutalmonday-03-1024x531.jpg 1024w, https:\/\/stepienybarno.es\/blog\/wp-content\/uploads\/2019\/02\/stepienybarno-casadelunna-brutalmonday-03-316x164.jpg 316w, https:\/\/stepienybarno.es\/blog\/wp-content\/uploads\/2019\/02\/stepienybarno-casadelunna-brutalmonday-03.jpg 1582w\" sizes=\"(max-width: 550px) 100vw, 550px\" \/><p id=\"caption-attachment-35515\" class=\"wp-caption-text\">Foto: Ricardo Janet<\/p><\/div>\n<p>&nbsp;<\/p>\n<div id=\"attachment_35514\" style=\"width: 560px\" class=\"wp-caption aligncenter\"><img loading=\"lazy\" decoding=\"async\" aria-describedby=\"caption-attachment-35514\" class=\"size-medium wp-image-35514\" src=\"https:\/\/stepienybarno.es\/blog\/wp-content\/uploads\/2019\/02\/stepienybarno-casadelunna-brutalmonday-04-550x550.jpg\" alt=\"\" width=\"550\" height=\"550\" srcset=\"https:\/\/stepienybarno.es\/blog\/wp-content\/uploads\/2019\/02\/stepienybarno-casadelunna-brutalmonday-04-550x550.jpg 550w, https:\/\/stepienybarno.es\/blog\/wp-content\/uploads\/2019\/02\/stepienybarno-casadelunna-brutalmonday-04-180x180.jpg 180w, https:\/\/stepienybarno.es\/blog\/wp-content\/uploads\/2019\/02\/stepienybarno-casadelunna-brutalmonday-04-700x700.jpg 700w, https:\/\/stepienybarno.es\/blog\/wp-content\/uploads\/2019\/02\/stepienybarno-casadelunna-brutalmonday-04-224x224.jpg 224w, https:\/\/stepienybarno.es\/blog\/wp-content\/uploads\/2019\/02\/stepienybarno-casadelunna-brutalmonday-04-316x316.jpg 316w, https:\/\/stepienybarno.es\/blog\/wp-content\/uploads\/2019\/02\/stepienybarno-casadelunna-brutalmonday-04.jpg 1000w\" sizes=\"(max-width: 550px) 100vw, 550px\" \/><p id=\"caption-attachment-35514\" class=\"wp-caption-text\">Ilustraci\u00f3n: Reims 502<\/p><\/div>\n<p>&nbsp;<\/p>\n<p style=\"text-align: center;\">Acceder al Proyecto <a href=\"http:\/\/bit.ly\/2JgR8oU\" target=\"_blank\" rel=\"noopener\">AQU\u00cd<\/a> (<a href=\"http:\/\/www.plataformaarquitectura.c\" target=\"_blank\" rel=\"noopener\">Plataforma Arquitectura<\/a>)<\/p>\n<p>&nbsp;<\/p>\n<hr \/>\n<h2>Robin Hood Gardens<\/h2>\n<p>Por: Alison y Peter Smithson<\/p>\n<p>A\u00f1o: 1972<\/p>\n<div id=\"attachment_35487\" style=\"width: 560px\" class=\"wp-caption aligncenter\"><img loading=\"lazy\" decoding=\"async\" aria-describedby=\"caption-attachment-35487\" class=\"size-medium wp-image-35487\" src=\"https:\/\/stepienybarno.es\/blog\/wp-content\/uploads\/2019\/02\/stepienybarno-robinhoodgardens-brutalmonday-grcstudio-03-550x206.jpg\" alt=\"\" width=\"550\" height=\"206\" srcset=\"https:\/\/stepienybarno.es\/blog\/wp-content\/uploads\/2019\/02\/stepienybarno-robinhoodgardens-brutalmonday-grcstudio-03-550x206.jpg 550w, https:\/\/stepienybarno.es\/blog\/wp-content\/uploads\/2019\/02\/stepienybarno-robinhoodgardens-brutalmonday-grcstudio-03-180x68.jpg 180w, https:\/\/stepienybarno.es\/blog\/wp-content\/uploads\/2019\/02\/stepienybarno-robinhoodgardens-brutalmonday-grcstudio-03-316x119.jpg 316w, https:\/\/stepienybarno.es\/blog\/wp-content\/uploads\/2019\/02\/stepienybarno-robinhoodgardens-brutalmonday-grcstudio-03.jpg 640w\" sizes=\"(max-width: 550px) 100vw, 550px\" \/><p id=\"caption-attachment-35487\" class=\"wp-caption-text\">Foto: GRC studio<\/p><\/div>\n<p>&nbsp;<\/p>\n<div id=\"attachment_35489\" style=\"width: 560px\" class=\"wp-caption aligncenter\"><img loading=\"lazy\" decoding=\"async\" aria-describedby=\"caption-attachment-35489\" class=\"size-medium wp-image-35489\" src=\"https:\/\/stepienybarno.es\/blog\/wp-content\/uploads\/2019\/02\/stepienybarno-robinhoodgardens-brutalmonday-municipaldreams-02-550x369.jpg\" alt=\"\" width=\"550\" height=\"369\" srcset=\"https:\/\/stepienybarno.es\/blog\/wp-content\/uploads\/2019\/02\/stepienybarno-robinhoodgardens-brutalmonday-municipaldreams-02-550x369.jpg 550w, https:\/\/stepienybarno.es\/blog\/wp-content\/uploads\/2019\/02\/stepienybarno-robinhoodgardens-brutalmonday-municipaldreams-02-180x121.jpg 180w, https:\/\/stepienybarno.es\/blog\/wp-content\/uploads\/2019\/02\/stepienybarno-robinhoodgardens-brutalmonday-municipaldreams-02-1024x688.jpg 1024w, https:\/\/stepienybarno.es\/blog\/wp-content\/uploads\/2019\/02\/stepienybarno-robinhoodgardens-brutalmonday-municipaldreams-02-316x212.jpg 316w\" sizes=\"(max-width: 550px) 100vw, 550px\" \/><p id=\"caption-attachment-35489\" class=\"wp-caption-text\">Foto: Municipal Dreams<\/p><\/div>\n<p>&nbsp;<\/p>\n<div id=\"attachment_35488\" style=\"width: 560px\" class=\"wp-caption aligncenter\"><img loading=\"lazy\" decoding=\"async\" aria-describedby=\"caption-attachment-35488\" class=\"size-medium wp-image-35488\" src=\"https:\/\/stepienybarno.es\/blog\/wp-content\/uploads\/2019\/02\/stepienybarno-robinhoodgardens-brutalmonday-municipaldreams-01-550x370.jpg\" alt=\"\" width=\"550\" height=\"370\" srcset=\"https:\/\/stepienybarno.es\/blog\/wp-content\/uploads\/2019\/02\/stepienybarno-robinhoodgardens-brutalmonday-municipaldreams-01-550x370.jpg 550w, https:\/\/stepienybarno.es\/blog\/wp-content\/uploads\/2019\/02\/stepienybarno-robinhoodgardens-brutalmonday-municipaldreams-01-180x121.jpg 180w, https:\/\/stepienybarno.es\/blog\/wp-content\/uploads\/2019\/02\/stepienybarno-robinhoodgardens-brutalmonday-municipaldreams-01-1024x689.jpg 1024w, https:\/\/stepienybarno.es\/blog\/wp-content\/uploads\/2019\/02\/stepienybarno-robinhoodgardens-brutalmonday-municipaldreams-01-316x212.jpg 316w\" sizes=\"(max-width: 550px) 100vw, 550px\" \/><p id=\"caption-attachment-35488\" class=\"wp-caption-text\">Foto: Municipal Dreams<\/p><\/div>\n<p>&nbsp;<\/p>\n<p style=\"text-align: center;\">Acceder al Proyecto <a href=\"http:\/\/bit.ly\/2JzB6FI\" target=\"_blank\" rel=\"noopener\">AQU\u00cd<\/a> (<a href=\"https:\/\/municipaldreams.wordpress.com\" target=\"_blank\" rel=\"noopener\">Municipal Dreams<\/a>)<\/p>\n<p>&nbsp;<\/p>\n<h2>Casa Golf<\/h2>\n<p>Por: Luciano Kruk<\/p>\n<p>A\u00f1o: 2015<\/p>\n<div id=\"attachment_35438\" style=\"width: 560px\" class=\"wp-caption aligncenter\"><img loading=\"lazy\" decoding=\"async\" aria-describedby=\"caption-attachment-35438\" class=\"size-medium wp-image-35438\" src=\"https:\/\/stepienybarno.es\/blog\/wp-content\/uploads\/2019\/02\/stepienybarno-casa-golf-kruk-brutalmonday-arqempresa-01-550x297.jpg\" alt=\"\" width=\"550\" height=\"297\" srcset=\"https:\/\/stepienybarno.es\/blog\/wp-content\/uploads\/2019\/02\/stepienybarno-casa-golf-kruk-brutalmonday-arqempresa-01-550x297.jpg 550w, https:\/\/stepienybarno.es\/blog\/wp-content\/uploads\/2019\/02\/stepienybarno-casa-golf-kruk-brutalmonday-arqempresa-01-180x97.jpg 180w, https:\/\/stepienybarno.es\/blog\/wp-content\/uploads\/2019\/02\/stepienybarno-casa-golf-kruk-brutalmonday-arqempresa-01-316x171.jpg 316w, https:\/\/stepienybarno.es\/blog\/wp-content\/uploads\/2019\/02\/stepienybarno-casa-golf-kruk-brutalmonday-arqempresa-01.jpg 1000w\" sizes=\"(max-width: 550px) 100vw, 550px\" \/><p id=\"caption-attachment-35438\" class=\"wp-caption-text\">Foto: Daniela Mac Adden<\/p><\/div>\n<p>&nbsp;<\/p>\n<div id=\"attachment_35439\" style=\"width: 560px\" class=\"wp-caption aligncenter\"><img loading=\"lazy\" decoding=\"async\" aria-describedby=\"caption-attachment-35439\" class=\"size-medium wp-image-35439\" src=\"https:\/\/stepienybarno.es\/blog\/wp-content\/uploads\/2019\/02\/stepienybarno-casa-golf-kruk-brutalmonday-arqempresa-02-550x316.jpg\" alt=\"\" width=\"550\" height=\"316\" srcset=\"https:\/\/stepienybarno.es\/blog\/wp-content\/uploads\/2019\/02\/stepienybarno-casa-golf-kruk-brutalmonday-arqempresa-02-550x316.jpg 550w, https:\/\/stepienybarno.es\/blog\/wp-content\/uploads\/2019\/02\/stepienybarno-casa-golf-kruk-brutalmonday-arqempresa-02-180x104.jpg 180w, https:\/\/stepienybarno.es\/blog\/wp-content\/uploads\/2019\/02\/stepienybarno-casa-golf-kruk-brutalmonday-arqempresa-02-316x182.jpg 316w, https:\/\/stepienybarno.es\/blog\/wp-content\/uploads\/2019\/02\/stepienybarno-casa-golf-kruk-brutalmonday-arqempresa-02.jpg 800w\" sizes=\"(max-width: 550px) 100vw, 550px\" \/><p id=\"caption-attachment-35439\" class=\"wp-caption-text\">Foto: Daniela Mac Adden<\/p><\/div>\n<p>&nbsp;<\/p>\n<div id=\"attachment_35440\" style=\"width: 560px\" class=\"wp-caption aligncenter\"><img loading=\"lazy\" decoding=\"async\" aria-describedby=\"caption-attachment-35440\" class=\"size-medium wp-image-35440\" src=\"https:\/\/stepienybarno.es\/blog\/wp-content\/uploads\/2019\/02\/stepienybarno-casa-golf-kruk-brutalmonday-arqempresa-03-550x317.jpg\" alt=\"\" width=\"550\" height=\"317\" srcset=\"https:\/\/stepienybarno.es\/blog\/wp-content\/uploads\/2019\/02\/stepienybarno-casa-golf-kruk-brutalmonday-arqempresa-03-550x317.jpg 550w, https:\/\/stepienybarno.es\/blog\/wp-content\/uploads\/2019\/02\/stepienybarno-casa-golf-kruk-brutalmonday-arqempresa-03-180x104.jpg 180w, https:\/\/stepienybarno.es\/blog\/wp-content\/uploads\/2019\/02\/stepienybarno-casa-golf-kruk-brutalmonday-arqempresa-03-316x182.jpg 316w, https:\/\/stepienybarno.es\/blog\/wp-content\/uploads\/2019\/02\/stepienybarno-casa-golf-kruk-brutalmonday-arqempresa-03.jpg 800w\" sizes=\"(max-width: 550px) 100vw, 550px\" \/><p id=\"caption-attachment-35440\" class=\"wp-caption-text\">Foto: Daniela Mac Adden<\/p><\/div>\n<p>&nbsp;<\/p>\n<p style=\"text-align: center;\">Acceder al Art\u00edculo <a href=\"http:\/\/bit.ly\/2V5rzbG\" target=\"_blank\" rel=\"noopener\">AQU\u00cd<\/a> (Arquitectura y Empresa)<\/p>\n<p>&nbsp;<\/p>\n<hr \/>\n<h2>Banco de Guatemala<\/h2>\n<p>Por:\u00a0Jorge Montes C\u00f3rdova y Ra\u00fal Minondo<\/p>\n<p>A\u00f1o: 1966<\/p>\n<div id=\"attachment_35432\" style=\"width: 560px\" class=\"wp-caption aligncenter\"><img loading=\"lazy\" decoding=\"async\" aria-describedby=\"caption-attachment-35432\" class=\"size-medium wp-image-35432\" src=\"https:\/\/stepienybarno.es\/blog\/wp-content\/uploads\/2019\/02\/stepienybarno-banco-guatemala-brutalmonday-presalibre-01-550x311.jpg\" alt=\"\" width=\"550\" height=\"311\" srcset=\"https:\/\/stepienybarno.es\/blog\/wp-content\/uploads\/2019\/02\/stepienybarno-banco-guatemala-brutalmonday-presalibre-01-550x311.jpg 550w, https:\/\/stepienybarno.es\/blog\/wp-content\/uploads\/2019\/02\/stepienybarno-banco-guatemala-brutalmonday-presalibre-01-180x102.jpg 180w, https:\/\/stepienybarno.es\/blog\/wp-content\/uploads\/2019\/02\/stepienybarno-banco-guatemala-brutalmonday-presalibre-01-316x179.jpg 316w, https:\/\/stepienybarno.es\/blog\/wp-content\/uploads\/2019\/02\/stepienybarno-banco-guatemala-brutalmonday-presalibre-01.jpg 760w\" sizes=\"(max-width: 550px) 100vw, 550px\" \/><p id=\"caption-attachment-35432\" class=\"wp-caption-text\">Foto: Prensa Libre<\/p><\/div>\n<p>&nbsp;<\/p>\n<div id=\"attachment_35433\" style=\"width: 381px\" class=\"wp-caption aligncenter\"><img loading=\"lazy\" decoding=\"async\" aria-describedby=\"caption-attachment-35433\" class=\"size-medium wp-image-35433\" src=\"https:\/\/stepienybarno.es\/blog\/wp-content\/uploads\/2019\/02\/stepienybarno-banco-guatemala-katarimag-brutalmonday-01-371x550.jpg\" alt=\"\" width=\"371\" height=\"550\" srcset=\"https:\/\/stepienybarno.es\/blog\/wp-content\/uploads\/2019\/02\/stepienybarno-banco-guatemala-katarimag-brutalmonday-01-371x550.jpg 371w, https:\/\/stepienybarno.es\/blog\/wp-content\/uploads\/2019\/02\/stepienybarno-banco-guatemala-katarimag-brutalmonday-01-121x180.jpg 121w, https:\/\/stepienybarno.es\/blog\/wp-content\/uploads\/2019\/02\/stepienybarno-banco-guatemala-katarimag-brutalmonday-01-472x700.jpg 472w, https:\/\/stepienybarno.es\/blog\/wp-content\/uploads\/2019\/02\/stepienybarno-banco-guatemala-katarimag-brutalmonday-01-270x400.jpg 270w, https:\/\/stepienybarno.es\/blog\/wp-content\/uploads\/2019\/02\/stepienybarno-banco-guatemala-katarimag-brutalmonday-01.jpg 542w\" sizes=\"(max-width: 371px) 100vw, 371px\" \/><p id=\"caption-attachment-35433\" class=\"wp-caption-text\">Foto: Katari Mag<\/p><\/div>\n<p>&nbsp;<\/p>\n<div id=\"attachment_35434\" style=\"width: 560px\" class=\"wp-caption aligncenter\"><img loading=\"lazy\" decoding=\"async\" aria-describedby=\"caption-attachment-35434\" class=\"size-medium wp-image-35434\" src=\"https:\/\/stepienybarno.es\/blog\/wp-content\/uploads\/2019\/02\/stepienybarno-banco-guatemala-katarimag-brutalmonday-02-550x413.png\" alt=\"\" width=\"550\" height=\"413\" srcset=\"https:\/\/stepienybarno.es\/blog\/wp-content\/uploads\/2019\/02\/stepienybarno-banco-guatemala-katarimag-brutalmonday-02-550x413.png 550w, https:\/\/stepienybarno.es\/blog\/wp-content\/uploads\/2019\/02\/stepienybarno-banco-guatemala-katarimag-brutalmonday-02-180x135.png 180w, https:\/\/stepienybarno.es\/blog\/wp-content\/uploads\/2019\/02\/stepienybarno-banco-guatemala-katarimag-brutalmonday-02-316x237.png 316w, https:\/\/stepienybarno.es\/blog\/wp-content\/uploads\/2019\/02\/stepienybarno-banco-guatemala-katarimag-brutalmonday-02.png 600w\" sizes=\"(max-width: 550px) 100vw, 550px\" \/><p id=\"caption-attachment-35434\" class=\"wp-caption-text\">Foto: Katari Mag<\/p><\/div>\n<p>&nbsp;<\/p>\n<p style=\"text-align: center;\">Acceder al Art\u00edculo <a href=\"http:\/\/bit.ly\/2J2D6H4\" target=\"_blank\" rel=\"noopener\">AQU\u00cd<\/a> (<a href=\"http:\/\/katarimag.com\" target=\"_blank\" rel=\"noopener\">Katari Mag<\/a>)<\/p>\n<p>&nbsp;<\/p>\n<hr \/>\n<h2>The Institute of Information<\/h2>\n<p>Por:\u00a0F. Yuryev, L. Novikov<\/p>\n<p>A\u00f1o: 1971<\/p>\n<div id=\"attachment_35398\" style=\"width: 560px\" class=\"wp-caption aligncenter\"><img loading=\"lazy\" decoding=\"async\" aria-describedby=\"caption-attachment-35398\" class=\"size-medium wp-image-35398\" src=\"https:\/\/stepienybarno.es\/blog\/wp-content\/uploads\/2019\/02\/stepienybarno-platillo-volante-placesihavebeen-sahraguate-brutalmonday-02-550x366.jpg\" alt=\"\" width=\"550\" height=\"366\" srcset=\"https:\/\/stepienybarno.es\/blog\/wp-content\/uploads\/2019\/02\/stepienybarno-platillo-volante-placesihavebeen-sahraguate-brutalmonday-02-550x366.jpg 550w, https:\/\/stepienybarno.es\/blog\/wp-content\/uploads\/2019\/02\/stepienybarno-platillo-volante-placesihavebeen-sahraguate-brutalmonday-02-180x120.jpg 180w, https:\/\/stepienybarno.es\/blog\/wp-content\/uploads\/2019\/02\/stepienybarno-platillo-volante-placesihavebeen-sahraguate-brutalmonday-02.jpg 1024w, https:\/\/stepienybarno.es\/blog\/wp-content\/uploads\/2019\/02\/stepienybarno-platillo-volante-placesihavebeen-sahraguate-brutalmonday-02-316x210.jpg 316w\" sizes=\"(max-width: 550px) 100vw, 550px\" \/><p id=\"caption-attachment-35398\" class=\"wp-caption-text\">Foto: Places I Have Been-Sahraguate<\/p><\/div>\n<p>&nbsp;<\/p>\n<div id=\"attachment_35399\" style=\"width: 560px\" class=\"wp-caption aligncenter\"><img loading=\"lazy\" decoding=\"async\" aria-describedby=\"caption-attachment-35399\" class=\"wp-image-35399 size-medium\" src=\"https:\/\/stepienybarno.es\/blog\/wp-content\/uploads\/2019\/02\/stepienybarno-platillo-volante-socialistmodernism-brutalmonday-03-550x413.jpg\" alt=\"\" width=\"550\" height=\"413\" srcset=\"https:\/\/stepienybarno.es\/blog\/wp-content\/uploads\/2019\/02\/stepienybarno-platillo-volante-socialistmodernism-brutalmonday-03-550x413.jpg 550w, https:\/\/stepienybarno.es\/blog\/wp-content\/uploads\/2019\/02\/stepienybarno-platillo-volante-socialistmodernism-brutalmonday-03-180x135.jpg 180w, https:\/\/stepienybarno.es\/blog\/wp-content\/uploads\/2019\/02\/stepienybarno-platillo-volante-socialistmodernism-brutalmonday-03-933x700.jpg 933w, https:\/\/stepienybarno.es\/blog\/wp-content\/uploads\/2019\/02\/stepienybarno-platillo-volante-socialistmodernism-brutalmonday-03-316x237.jpg 316w, https:\/\/stepienybarno.es\/blog\/wp-content\/uploads\/2019\/02\/stepienybarno-platillo-volante-socialistmodernism-brutalmonday-03.jpg 1024w\" sizes=\"(max-width: 550px) 100vw, 550px\" \/><p id=\"caption-attachment-35399\" class=\"wp-caption-text\">Foto: http:\/\/socialistmodernism.com\/<\/p><\/div>\n<p>&nbsp;<\/p>\n<div id=\"attachment_35400\" style=\"width: 421px\" class=\"wp-caption aligncenter\"><img loading=\"lazy\" decoding=\"async\" aria-describedby=\"caption-attachment-35400\" class=\"wp-image-35400 size-medium\" src=\"https:\/\/stepienybarno.es\/blog\/wp-content\/uploads\/2019\/02\/stepienybarno-platillo-volante-teclista-brutalmonday-01-411x550.png\" alt=\"\" width=\"411\" height=\"550\" srcset=\"https:\/\/stepienybarno.es\/blog\/wp-content\/uploads\/2019\/02\/stepienybarno-platillo-volante-teclista-brutalmonday-01-411x550.png 411w, https:\/\/stepienybarno.es\/blog\/wp-content\/uploads\/2019\/02\/stepienybarno-platillo-volante-teclista-brutalmonday-01-134x180.png 134w, https:\/\/stepienybarno.es\/blog\/wp-content\/uploads\/2019\/02\/stepienybarno-platillo-volante-teclista-brutalmonday-01-523x700.png 523w, https:\/\/stepienybarno.es\/blog\/wp-content\/uploads\/2019\/02\/stepienybarno-platillo-volante-teclista-brutalmonday-01-299x400.png 299w, https:\/\/stepienybarno.es\/blog\/wp-content\/uploads\/2019\/02\/stepienybarno-platillo-volante-teclista-brutalmonday-01.png 607w\" sizes=\"(max-width: 411px) 100vw, 411px\" \/><p id=\"caption-attachment-35400\" class=\"wp-caption-text\">Foto: https:\/\/twitter.com\/teclista<\/p><\/div>\n<p>&nbsp;<\/p>\n<p style=\"text-align: center;\">Acceder al Art\u00edculo <a href=\"http:\/\/bit.ly\/2UZnrKe\" target=\"_blank\" rel=\"noopener\">AQU\u00cd<\/a><\/p>\n<p>&nbsp;<\/p>\n<hr \/>\n<h2>Biblioteca Nacional Mariano Moreno<\/h2>\n<p>Por: Clorindo Testa, Francisco Bullrich y Alicia Cazzaniga<\/p>\n<p>A\u00f1o: 1993<\/p>\n<div id=\"attachment_35341\" style=\"width: 430px\" class=\"wp-caption aligncenter\"><img loading=\"lazy\" decoding=\"async\" aria-describedby=\"caption-attachment-35341\" class=\"size-full wp-image-35341\" src=\"https:\/\/stepienybarno.es\/blog\/wp-content\/uploads\/2019\/02\/stepienybarno-biblioteca-nacional-mariano-moreno-brutalmonday-01.jpg\" alt=\"\" width=\"420\" height=\"231\" srcset=\"https:\/\/stepienybarno.es\/blog\/wp-content\/uploads\/2019\/02\/stepienybarno-biblioteca-nacional-mariano-moreno-brutalmonday-01.jpg 420w, https:\/\/stepienybarno.es\/blog\/wp-content\/uploads\/2019\/02\/stepienybarno-biblioteca-nacional-mariano-moreno-brutalmonday-01-180x99.jpg 180w, https:\/\/stepienybarno.es\/blog\/wp-content\/uploads\/2019\/02\/stepienybarno-biblioteca-nacional-mariano-moreno-brutalmonday-01-316x174.jpg 316w\" sizes=\"(max-width: 420px) 100vw, 420px\" \/><p id=\"caption-attachment-35341\" class=\"wp-caption-text\">Foto: plataforma arquitectura<\/p><\/div>\n<p>&nbsp;<\/p>\n<div id=\"attachment_35342\" style=\"width: 560px\" class=\"wp-caption aligncenter\"><img loading=\"lazy\" decoding=\"async\" aria-describedby=\"caption-attachment-35342\" class=\"size-medium wp-image-35342\" src=\"https:\/\/stepienybarno.es\/blog\/wp-content\/uploads\/2019\/02\/stepienybarno-biblioteca-nacional-mariano-moreno-brutalmonday-02-550x366.jpg\" alt=\"\" width=\"550\" height=\"366\" srcset=\"https:\/\/stepienybarno.es\/blog\/wp-content\/uploads\/2019\/02\/stepienybarno-biblioteca-nacional-mariano-moreno-brutalmonday-02-550x366.jpg 550w, https:\/\/stepienybarno.es\/blog\/wp-content\/uploads\/2019\/02\/stepienybarno-biblioteca-nacional-mariano-moreno-brutalmonday-02-180x120.jpg 180w, https:\/\/stepienybarno.es\/blog\/wp-content\/uploads\/2019\/02\/stepienybarno-biblioteca-nacional-mariano-moreno-brutalmonday-02-1024x682.jpg 1024w, https:\/\/stepienybarno.es\/blog\/wp-content\/uploads\/2019\/02\/stepienybarno-biblioteca-nacional-mariano-moreno-brutalmonday-02-316x210.jpg 316w, https:\/\/stepienybarno.es\/blog\/wp-content\/uploads\/2019\/02\/stepienybarno-biblioteca-nacional-mariano-moreno-brutalmonday-02.jpg 1502w\" sizes=\"(max-width: 550px) 100vw, 550px\" \/><p id=\"caption-attachment-35342\" class=\"wp-caption-text\">Foto: plataforma arquitectura &#8211; Halloween HJB<\/p><\/div>\n<p>&nbsp;<\/p>\n<div id=\"attachment_35343\" style=\"width: 398px\" class=\"wp-caption aligncenter\"><img loading=\"lazy\" decoding=\"async\" aria-describedby=\"caption-attachment-35343\" class=\"size-medium wp-image-35343\" src=\"https:\/\/stepienybarno.es\/blog\/wp-content\/uploads\/2019\/02\/stepienybarno-biblioteca-nacional-mariano-moreno-brutalmonday-04-388x550.jpg\" alt=\"\" width=\"388\" height=\"550\" srcset=\"https:\/\/stepienybarno.es\/blog\/wp-content\/uploads\/2019\/02\/stepienybarno-biblioteca-nacional-mariano-moreno-brutalmonday-04-388x550.jpg 388w, https:\/\/stepienybarno.es\/blog\/wp-content\/uploads\/2019\/02\/stepienybarno-biblioteca-nacional-mariano-moreno-brutalmonday-04-127x180.jpg 127w, https:\/\/stepienybarno.es\/blog\/wp-content\/uploads\/2019\/02\/stepienybarno-biblioteca-nacional-mariano-moreno-brutalmonday-04-494x700.jpg 494w, https:\/\/stepienybarno.es\/blog\/wp-content\/uploads\/2019\/02\/stepienybarno-biblioteca-nacional-mariano-moreno-brutalmonday-04-282x400.jpg 282w, https:\/\/stepienybarno.es\/blog\/wp-content\/uploads\/2019\/02\/stepienybarno-biblioteca-nacional-mariano-moreno-brutalmonday-04.jpg 706w\" sizes=\"(max-width: 388px) 100vw, 388px\" \/><p id=\"caption-attachment-35343\" class=\"wp-caption-text\">Foto: plataforma arquitectura &#8211; Gustavo Gomes CC<\/p><\/div>\n<p>&nbsp;<\/p>\n<p style=\"text-align: center;\">Acceder al Proyecto <a href=\"https:\/\/www.plataformaarquitectura.cl\/cl\/790683\/clasicos-de-arquitectura-biblioteca-nacional-mariano-moreno-testa-bullrich-y-cazzaniga?ad_medium=gallery\" target=\"_blank\" rel=\"noopener\">AQU\u00cd\u00a0<\/a>(Plataforma Arquitectura)<\/p>\n<p>&nbsp;<\/p>\n<hr \/>\n<h2>Grand Central Water Tower<\/h2>\n<p>Por:\u00a0<a href=\"http:\/\/www.gapp.net\" target=\"_blank\" rel=\"noopener\">GAPP ARCHITECTS \u00a0and URBAN DESIGNERS<\/a><\/p>\n<p>A\u00f1o: 1996<\/p>\n<div id=\"attachment_35330\" style=\"width: 560px\" class=\"wp-caption aligncenter\"><img loading=\"lazy\" decoding=\"async\" aria-describedby=\"caption-attachment-35330\" class=\"wp-image-35330 size-medium\" src=\"https:\/\/stepienybarno.es\/blog\/wp-content\/uploads\/2019\/02\/stepienybarno-water-tower-brutalmonday-01-550x550.jpg\" alt=\"\" width=\"550\" height=\"550\" srcset=\"https:\/\/stepienybarno.es\/blog\/wp-content\/uploads\/2019\/02\/stepienybarno-water-tower-brutalmonday-01-550x550.jpg 550w, https:\/\/stepienybarno.es\/blog\/wp-content\/uploads\/2019\/02\/stepienybarno-water-tower-brutalmonday-01-180x180.jpg 180w, https:\/\/stepienybarno.es\/blog\/wp-content\/uploads\/2019\/02\/stepienybarno-water-tower-brutalmonday-01-700x700.jpg 700w, https:\/\/stepienybarno.es\/blog\/wp-content\/uploads\/2019\/02\/stepienybarno-water-tower-brutalmonday-01-224x224.jpg 224w, https:\/\/stepienybarno.es\/blog\/wp-content\/uploads\/2019\/02\/stepienybarno-water-tower-brutalmonday-01-316x316.jpg 316w, https:\/\/stepienybarno.es\/blog\/wp-content\/uploads\/2019\/02\/stepienybarno-water-tower-brutalmonday-01.jpg 747w\" sizes=\"(max-width: 550px) 100vw, 550px\" \/><p id=\"caption-attachment-35330\" class=\"wp-caption-text\">Foto: (twitter) Josep M. Boronat<\/p><\/div>\n<p>&nbsp;<\/p>\n<div id=\"attachment_35332\" style=\"width: 375px\" class=\"wp-caption aligncenter\"><img loading=\"lazy\" decoding=\"async\" aria-describedby=\"caption-attachment-35332\" class=\"size-medium wp-image-35332\" src=\"https:\/\/stepienybarno.es\/blog\/wp-content\/uploads\/2019\/02\/stepienybarno-water-tower-brutalmonday-francois-swanepoel-03-365x550.jpg\" alt=\"\" width=\"365\" height=\"550\" srcset=\"https:\/\/stepienybarno.es\/blog\/wp-content\/uploads\/2019\/02\/stepienybarno-water-tower-brutalmonday-francois-swanepoel-03-365x550.jpg 365w, https:\/\/stepienybarno.es\/blog\/wp-content\/uploads\/2019\/02\/stepienybarno-water-tower-brutalmonday-francois-swanepoel-03-119x180.jpg 119w, https:\/\/stepienybarno.es\/blog\/wp-content\/uploads\/2019\/02\/stepienybarno-water-tower-brutalmonday-francois-swanepoel-03-265x400.jpg 265w, https:\/\/stepienybarno.es\/blog\/wp-content\/uploads\/2019\/02\/stepienybarno-water-tower-brutalmonday-francois-swanepoel-03.jpg 400w\" sizes=\"(max-width: 365px) 100vw, 365px\" \/><p id=\"caption-attachment-35332\" class=\"wp-caption-text\">Foto: Francois Swanepoel<\/p><\/div>\n<p>&nbsp;<\/p>\n<div id=\"attachment_35331\" style=\"width: 560px\" class=\"wp-caption aligncenter\"><img loading=\"lazy\" decoding=\"async\" aria-describedby=\"caption-attachment-35331\" class=\"size-medium wp-image-35331\" src=\"https:\/\/stepienybarno.es\/blog\/wp-content\/uploads\/2019\/02\/stepienybarno-water-tower-brutalmonday-francois-swanepoel-02-550x366.jpg\" alt=\"\" width=\"550\" height=\"366\" srcset=\"https:\/\/stepienybarno.es\/blog\/wp-content\/uploads\/2019\/02\/stepienybarno-water-tower-brutalmonday-francois-swanepoel-02-550x366.jpg 550w, https:\/\/stepienybarno.es\/blog\/wp-content\/uploads\/2019\/02\/stepienybarno-water-tower-brutalmonday-francois-swanepoel-02-180x120.jpg 180w, https:\/\/stepienybarno.es\/blog\/wp-content\/uploads\/2019\/02\/stepienybarno-water-tower-brutalmonday-francois-swanepoel-02-316x210.jpg 316w, https:\/\/stepienybarno.es\/blog\/wp-content\/uploads\/2019\/02\/stepienybarno-water-tower-brutalmonday-francois-swanepoel-02.jpg 640w\" sizes=\"(max-width: 550px) 100vw, 550px\" \/><p id=\"caption-attachment-35331\" class=\"wp-caption-text\">Foto: Francois Swanepoel<\/p><\/div>\n<p>&nbsp;<\/p>\n<p style=\"text-align: center;\">Acceder al Proyecto <a href=\"http:\/\/bit.ly\/2XTQAZm\" target=\"_blank\" rel=\"noopener\">AQU\u00cd\u00a0<\/a><\/p>\n<p>&nbsp;<\/p>\n<hr \/>\n<h2>Sirius Building<\/h2>\n<p>Por: Tao Gofers<\/p>\n<p>A\u00f1o: 1981<\/p>\n<div id=\"attachment_35267\" style=\"width: 560px\" class=\"wp-caption aligncenter\"><img loading=\"lazy\" decoding=\"async\" aria-describedby=\"caption-attachment-35267\" class=\"size-medium wp-image-35267\" src=\"https:\/\/stepienybarno.es\/blog\/wp-content\/uploads\/2019\/02\/stepienybarno-sirius-building-dezeen-brutalmonday-01-550x310.jpg\" alt=\"\" width=\"550\" height=\"310\" srcset=\"https:\/\/stepienybarno.es\/blog\/wp-content\/uploads\/2019\/02\/stepienybarno-sirius-building-dezeen-brutalmonday-01-550x310.jpg 550w, https:\/\/stepienybarno.es\/blog\/wp-content\/uploads\/2019\/02\/stepienybarno-sirius-building-dezeen-brutalmonday-01-180x101.jpg 180w, https:\/\/stepienybarno.es\/blog\/wp-content\/uploads\/2019\/02\/stepienybarno-sirius-building-dezeen-brutalmonday-01-1024x576.jpg 1024w, https:\/\/stepienybarno.es\/blog\/wp-content\/uploads\/2019\/02\/stepienybarno-sirius-building-dezeen-brutalmonday-01-316x178.jpg 316w, https:\/\/stepienybarno.es\/blog\/wp-content\/uploads\/2019\/02\/stepienybarno-sirius-building-dezeen-brutalmonday-01.jpg 1704w\" sizes=\"(max-width: 550px) 100vw, 550px\" \/><p id=\"caption-attachment-35267\" class=\"wp-caption-text\">Foto: dezeen<\/p><\/div>\n<p>&nbsp;<\/p>\n<div id=\"attachment_35268\" style=\"width: 560px\" class=\"wp-caption aligncenter\"><img loading=\"lazy\" decoding=\"async\" aria-describedby=\"caption-attachment-35268\" class=\"size-medium wp-image-35268\" src=\"https:\/\/stepienybarno.es\/blog\/wp-content\/uploads\/2019\/02\/stepienybarno-sirius-building-docomomo-brutalmonday-01-550x366.jpg\" alt=\"\" width=\"550\" height=\"366\" srcset=\"https:\/\/stepienybarno.es\/blog\/wp-content\/uploads\/2019\/02\/stepienybarno-sirius-building-docomomo-brutalmonday-01-550x366.jpg 550w, https:\/\/stepienybarno.es\/blog\/wp-content\/uploads\/2019\/02\/stepienybarno-sirius-building-docomomo-brutalmonday-01-180x120.jpg 180w, https:\/\/stepienybarno.es\/blog\/wp-content\/uploads\/2019\/02\/stepienybarno-sirius-building-docomomo-brutalmonday-01-316x211.jpg 316w, https:\/\/stepienybarno.es\/blog\/wp-content\/uploads\/2019\/02\/stepienybarno-sirius-building-docomomo-brutalmonday-01.jpg 638w\" sizes=\"(max-width: 550px) 100vw, 550px\" \/><p id=\"caption-attachment-35268\" class=\"wp-caption-text\">Foto: docomomo australia<\/p><\/div>\n<p>&nbsp;<\/p>\n<div id=\"attachment_35269\" style=\"width: 560px\" class=\"wp-caption aligncenter\"><img loading=\"lazy\" decoding=\"async\" aria-describedby=\"caption-attachment-35269\" class=\"size-medium wp-image-35269\" src=\"https:\/\/stepienybarno.es\/blog\/wp-content\/uploads\/2019\/02\/stepienybarno-sirius-building-saveoursirius-brutalmonday-01-550x319.jpg\" alt=\"\" width=\"550\" height=\"319\" srcset=\"https:\/\/stepienybarno.es\/blog\/wp-content\/uploads\/2019\/02\/stepienybarno-sirius-building-saveoursirius-brutalmonday-01-550x319.jpg 550w, https:\/\/stepienybarno.es\/blog\/wp-content\/uploads\/2019\/02\/stepienybarno-sirius-building-saveoursirius-brutalmonday-01-180x104.jpg 180w, https:\/\/stepienybarno.es\/blog\/wp-content\/uploads\/2019\/02\/stepienybarno-sirius-building-saveoursirius-brutalmonday-01-316x183.jpg 316w, https:\/\/stepienybarno.es\/blog\/wp-content\/uploads\/2019\/02\/stepienybarno-sirius-building-saveoursirius-brutalmonday-01.jpg 768w\" sizes=\"(max-width: 550px) 100vw, 550px\" \/><p id=\"caption-attachment-35269\" class=\"wp-caption-text\">Foto: SaveOurSirius<\/p><\/div>\n<p>&nbsp;<\/p>\n<div id=\"attachment_35271\" style=\"width: 560px\" class=\"wp-caption aligncenter\"><img loading=\"lazy\" decoding=\"async\" aria-describedby=\"caption-attachment-35271\" class=\"size-medium wp-image-35271\" src=\"https:\/\/stepienybarno.es\/blog\/wp-content\/uploads\/2019\/02\/stepienybarno-sirius-building-saveoursirius-brutalmonday-03-550x367.jpg\" alt=\"\" width=\"550\" height=\"367\" srcset=\"https:\/\/stepienybarno.es\/blog\/wp-content\/uploads\/2019\/02\/stepienybarno-sirius-building-saveoursirius-brutalmonday-03-550x367.jpg 550w, https:\/\/stepienybarno.es\/blog\/wp-content\/uploads\/2019\/02\/stepienybarno-sirius-building-saveoursirius-brutalmonday-03-180x120.jpg 180w, https:\/\/stepienybarno.es\/blog\/wp-content\/uploads\/2019\/02\/stepienybarno-sirius-building-saveoursirius-brutalmonday-03-316x211.jpg 316w, https:\/\/stepienybarno.es\/blog\/wp-content\/uploads\/2019\/02\/stepienybarno-sirius-building-saveoursirius-brutalmonday-03.jpg 750w\" sizes=\"(max-width: 550px) 100vw, 550px\" \/><p id=\"caption-attachment-35271\" class=\"wp-caption-text\">Foto: SaveOurSirius<\/p><\/div>\n<p>&nbsp;<\/p>\n<p style=\"text-align: center;\">Acceder al Proyecto <a href=\"http:\/\/saveoursirius.org\/\" target=\"_blank\" rel=\"noopener\">AQU\u00cd<\/a> <a href=\"http:\/\/saveoursirius.org\" target=\"_blank\" rel=\"noopener\">(Save our Sirius)<\/a><\/p>\n<p>&nbsp;<\/p>\n<hr \/>\n<h2>Edificio Bra\u0107e Borozan<\/h2>\n<p>Por:\u00a0<a class=\"pathway\" href=\"http:\/\/dinkokovacic.net\/index.php\">Dinko Kova\u010di\u0107<\/a>\u00a0y Mihajlo\u00a0Zori\u0107<\/p>\n<p>A\u00f1o: 1973<\/p>\n<div id=\"attachment_35178\" style=\"width: 560px\" class=\"wp-caption aligncenter\"><img loading=\"lazy\" decoding=\"async\" aria-describedby=\"caption-attachment-35178\" class=\"size-medium wp-image-35178\" src=\"https:\/\/stepienybarno.es\/blog\/wp-content\/uploads\/2019\/02\/stepienybarno-brace-borozan-split-brutalmonday-01-550x412.jpg\" alt=\"\" width=\"550\" height=\"412\" srcset=\"https:\/\/stepienybarno.es\/blog\/wp-content\/uploads\/2019\/02\/stepienybarno-brace-borozan-split-brutalmonday-01-550x412.jpg 550w, https:\/\/stepienybarno.es\/blog\/wp-content\/uploads\/2019\/02\/stepienybarno-brace-borozan-split-brutalmonday-01-180x135.jpg 180w, https:\/\/stepienybarno.es\/blog\/wp-content\/uploads\/2019\/02\/stepienybarno-brace-borozan-split-brutalmonday-01-935x700.jpg 935w, https:\/\/stepienybarno.es\/blog\/wp-content\/uploads\/2019\/02\/stepienybarno-brace-borozan-split-brutalmonday-01-316x237.jpg 316w, https:\/\/stepienybarno.es\/blog\/wp-content\/uploads\/2019\/02\/stepienybarno-brace-borozan-split-brutalmonday-01.jpg 1335w\" sizes=\"(max-width: 550px) 100vw, 550px\" \/><p id=\"caption-attachment-35178\" class=\"wp-caption-text\">Foto: Jalentin Jeck &#8211; MOMA<\/p><\/div>\n<p>&nbsp;<\/p>\n<div id=\"attachment_35179\" style=\"width: 379px\" class=\"wp-caption aligncenter\"><img loading=\"lazy\" decoding=\"async\" aria-describedby=\"caption-attachment-35179\" class=\"size-medium wp-image-35179\" src=\"https:\/\/stepienybarno.es\/blog\/wp-content\/uploads\/2019\/02\/stepienybarno-brace-borozan-split-brutalmonday-02-369x550.jpg\" alt=\"\" width=\"369\" height=\"550\" srcset=\"https:\/\/stepienybarno.es\/blog\/wp-content\/uploads\/2019\/02\/stepienybarno-brace-borozan-split-brutalmonday-02-369x550.jpg 369w, https:\/\/stepienybarno.es\/blog\/wp-content\/uploads\/2019\/02\/stepienybarno-brace-borozan-split-brutalmonday-02-121x180.jpg 121w, https:\/\/stepienybarno.es\/blog\/wp-content\/uploads\/2019\/02\/stepienybarno-brace-borozan-split-brutalmonday-02-469x700.jpg 469w, https:\/\/stepienybarno.es\/blog\/wp-content\/uploads\/2019\/02\/stepienybarno-brace-borozan-split-brutalmonday-02-268x400.jpg 268w, https:\/\/stepienybarno.es\/blog\/wp-content\/uploads\/2019\/02\/stepienybarno-brace-borozan-split-brutalmonday-02.jpg 503w\" sizes=\"(max-width: 369px) 100vw, 369px\" \/><p id=\"caption-attachment-35179\" class=\"wp-caption-text\">Foto: http:\/\/dinkokovacic.net<\/p><\/div>\n<p>&nbsp;<\/p>\n<div id=\"attachment_35180\" style=\"width: 553px\" class=\"wp-caption aligncenter\"><img loading=\"lazy\" decoding=\"async\" aria-describedby=\"caption-attachment-35180\" class=\"size-medium wp-image-35180\" src=\"https:\/\/stepienybarno.es\/blog\/wp-content\/uploads\/2019\/02\/stepienybarno-brace-borozan-split-brutalmonday-03-543x550.jpg\" alt=\"\" width=\"543\" height=\"550\" srcset=\"https:\/\/stepienybarno.es\/blog\/wp-content\/uploads\/2019\/02\/stepienybarno-brace-borozan-split-brutalmonday-03-543x550.jpg 543w, https:\/\/stepienybarno.es\/blog\/wp-content\/uploads\/2019\/02\/stepienybarno-brace-borozan-split-brutalmonday-03-178x180.jpg 178w, https:\/\/stepienybarno.es\/blog\/wp-content\/uploads\/2019\/02\/stepienybarno-brace-borozan-split-brutalmonday-03-316x320.jpg 316w, https:\/\/stepienybarno.es\/blog\/wp-content\/uploads\/2019\/02\/stepienybarno-brace-borozan-split-brutalmonday-03.jpg 673w\" sizes=\"(max-width: 543px) 100vw, 543px\" \/><p id=\"caption-attachment-35180\" class=\"wp-caption-text\">Foto: http:\/\/dinkokovacic.net<\/p><\/div>\n<p>&nbsp;<\/p>\n<p style=\"text-align: center;\">Acceder al Proyecto <a href=\"http:\/\/dinkokovacic.net\/index.php?option=com_content&amp;task=view&amp;id=17&amp;Itemid=7&amp;lang=en\" target=\"_blank\" rel=\"noopener\">AQU\u00cd<\/a><\/p>\n<p>&nbsp;<\/p>\n<hr \/>\n<h2>Hospital St. Joseph<\/h2>\n<p>Por:\u00a0<a href=\"http:\/\/bertrandgoldberg.org\/\">Bertrand Goldberg<\/a><\/p>\n<p>A\u00f1o: 1974<\/p>\n<div id=\"attachment_35158\" style=\"width: 560px\" class=\"wp-caption aligncenter\"><img loading=\"lazy\" decoding=\"async\" aria-describedby=\"caption-attachment-35158\" class=\"size-medium wp-image-35158\" src=\"https:\/\/stepienybarno.es\/blog\/wp-content\/uploads\/2019\/02\/stepienybarno-josephs-hospital-bertandgoldberg-brutalmonday-01-550x520.png\" alt=\"\" width=\"550\" height=\"520\" srcset=\"https:\/\/stepienybarno.es\/blog\/wp-content\/uploads\/2019\/02\/stepienybarno-josephs-hospital-bertandgoldberg-brutalmonday-01-550x520.png 550w, https:\/\/stepienybarno.es\/blog\/wp-content\/uploads\/2019\/02\/stepienybarno-josephs-hospital-bertandgoldberg-brutalmonday-01-180x170.png 180w, https:\/\/stepienybarno.es\/blog\/wp-content\/uploads\/2019\/02\/stepienybarno-josephs-hospital-bertandgoldberg-brutalmonday-01-740x700.png 740w, https:\/\/stepienybarno.es\/blog\/wp-content\/uploads\/2019\/02\/stepienybarno-josephs-hospital-bertandgoldberg-brutalmonday-01-316x299.png 316w, https:\/\/stepienybarno.es\/blog\/wp-content\/uploads\/2019\/02\/stepienybarno-josephs-hospital-bertandgoldberg-brutalmonday-01.png 857w\" sizes=\"(max-width: 550px) 100vw, 550px\" \/><p id=\"caption-attachment-35158\" class=\"wp-caption-text\">Foto: http:\/\/elarafritzenwalden.tumblr.com<\/p><\/div>\n<p>&nbsp;<\/p>\n<div id=\"attachment_35159\" style=\"width: 560px\" class=\"wp-caption aligncenter\"><img loading=\"lazy\" decoding=\"async\" aria-describedby=\"caption-attachment-35159\" class=\"size-medium wp-image-35159\" src=\"https:\/\/stepienybarno.es\/blog\/wp-content\/uploads\/2019\/02\/stepienybarno-josephs-hospital-bertandgoldberg-brutalmonday-02-550x436.png\" alt=\"\" width=\"550\" height=\"436\" srcset=\"https:\/\/stepienybarno.es\/blog\/wp-content\/uploads\/2019\/02\/stepienybarno-josephs-hospital-bertandgoldberg-brutalmonday-02-550x436.png 550w, https:\/\/stepienybarno.es\/blog\/wp-content\/uploads\/2019\/02\/stepienybarno-josephs-hospital-bertandgoldberg-brutalmonday-02-180x143.png 180w, https:\/\/stepienybarno.es\/blog\/wp-content\/uploads\/2019\/02\/stepienybarno-josephs-hospital-bertandgoldberg-brutalmonday-02-883x700.png 883w, https:\/\/stepienybarno.es\/blog\/wp-content\/uploads\/2019\/02\/stepienybarno-josephs-hospital-bertandgoldberg-brutalmonday-02-316x251.png 316w, https:\/\/stepienybarno.es\/blog\/wp-content\/uploads\/2019\/02\/stepienybarno-josephs-hospital-bertandgoldberg-brutalmonday-02.png 1025w\" sizes=\"(max-width: 550px) 100vw, 550px\" \/><p id=\"caption-attachment-35159\" class=\"wp-caption-text\">Foto: http:\/\/elarafritzenwalden.tumblr.com<\/p><\/div>\n<p>&nbsp;<\/p>\n<div id=\"attachment_35160\" style=\"width: 560px\" class=\"wp-caption aligncenter\"><img loading=\"lazy\" decoding=\"async\" aria-describedby=\"caption-attachment-35160\" class=\"size-medium wp-image-35160\" src=\"https:\/\/stepienybarno.es\/blog\/wp-content\/uploads\/2019\/02\/stepienybarno-josephs-hospital-bertandgoldberg-brutalmonday-03-550x550.png\" alt=\"\" width=\"550\" height=\"550\" srcset=\"https:\/\/stepienybarno.es\/blog\/wp-content\/uploads\/2019\/02\/stepienybarno-josephs-hospital-bertandgoldberg-brutalmonday-03-550x550.png 550w, https:\/\/stepienybarno.es\/blog\/wp-content\/uploads\/2019\/02\/stepienybarno-josephs-hospital-bertandgoldberg-brutalmonday-03-180x180.png 180w, https:\/\/stepienybarno.es\/blog\/wp-content\/uploads\/2019\/02\/stepienybarno-josephs-hospital-bertandgoldberg-brutalmonday-03-700x700.png 700w, https:\/\/stepienybarno.es\/blog\/wp-content\/uploads\/2019\/02\/stepienybarno-josephs-hospital-bertandgoldberg-brutalmonday-03-224x224.png 224w, https:\/\/stepienybarno.es\/blog\/wp-content\/uploads\/2019\/02\/stepienybarno-josephs-hospital-bertandgoldberg-brutalmonday-03-316x316.png 316w, https:\/\/stepienybarno.es\/blog\/wp-content\/uploads\/2019\/02\/stepienybarno-josephs-hospital-bertandgoldberg-brutalmonday-03.png 813w\" sizes=\"(max-width: 550px) 100vw, 550px\" \/><p id=\"caption-attachment-35160\" class=\"wp-caption-text\">Foto: http:\/\/elarafritzenwalden.tumblr.com<\/p><\/div>\n<p>&nbsp;<\/p>\n<p style=\"text-align: center;\">Acceder al Proyecto <a href=\"http:\/\/bit.ly\/2GmCwBz\" target=\"_blank\" rel=\"noopener\">AQU\u00cd<\/a><\/p>\n<p>&nbsp;<\/p>\n<hr \/>\n<h2>Hayward Gallery<\/h2>\n<p>Por: Alan Waterhouse y Dennis Crompton<\/p>\n<p>A\u00f1o: 1968<\/p>\n<div id=\"attachment_35134\" style=\"width: 560px\" class=\"wp-caption aligncenter\"><img loading=\"lazy\" decoding=\"async\" aria-describedby=\"caption-attachment-35134\" class=\"size-medium wp-image-35134\" src=\"https:\/\/stepienybarno.es\/blog\/wp-content\/uploads\/2019\/02\/stepienybarno-hayward-gallery-waterhouse-crompton-brutalmonday-01-550x413.jpg\" alt=\"\" width=\"550\" height=\"413\" srcset=\"https:\/\/stepienybarno.es\/blog\/wp-content\/uploads\/2019\/02\/stepienybarno-hayward-gallery-waterhouse-crompton-brutalmonday-01-550x413.jpg 550w, https:\/\/stepienybarno.es\/blog\/wp-content\/uploads\/2019\/02\/stepienybarno-hayward-gallery-waterhouse-crompton-brutalmonday-01-180x135.jpg 180w, https:\/\/stepienybarno.es\/blog\/wp-content\/uploads\/2019\/02\/stepienybarno-hayward-gallery-waterhouse-crompton-brutalmonday-01-933x700.jpg 933w, https:\/\/stepienybarno.es\/blog\/wp-content\/uploads\/2019\/02\/stepienybarno-hayward-gallery-waterhouse-crompton-brutalmonday-01-316x237.jpg 316w, https:\/\/stepienybarno.es\/blog\/wp-content\/uploads\/2019\/02\/stepienybarno-hayward-gallery-waterhouse-crompton-brutalmonday-01.jpg 940w\" sizes=\"(max-width: 550px) 100vw, 550px\" \/><p id=\"caption-attachment-35134\" class=\"wp-caption-text\">Foto: Modern Architecture London<\/p><\/div>\n<p>&nbsp;<\/p>\n<div id=\"attachment_35135\" style=\"width: 560px\" class=\"wp-caption aligncenter\"><img loading=\"lazy\" decoding=\"async\" aria-describedby=\"caption-attachment-35135\" class=\"size-medium wp-image-35135\" src=\"https:\/\/stepienybarno.es\/blog\/wp-content\/uploads\/2019\/02\/stepienybarno-hayward-gallery-waterhouse-crompton-brutalmonday-02-550x413.jpg\" alt=\"\" width=\"550\" height=\"413\" srcset=\"https:\/\/stepienybarno.es\/blog\/wp-content\/uploads\/2019\/02\/stepienybarno-hayward-gallery-waterhouse-crompton-brutalmonday-02-550x413.jpg 550w, https:\/\/stepienybarno.es\/blog\/wp-content\/uploads\/2019\/02\/stepienybarno-hayward-gallery-waterhouse-crompton-brutalmonday-02-180x135.jpg 180w, https:\/\/stepienybarno.es\/blog\/wp-content\/uploads\/2019\/02\/stepienybarno-hayward-gallery-waterhouse-crompton-brutalmonday-02-933x700.jpg 933w, https:\/\/stepienybarno.es\/blog\/wp-content\/uploads\/2019\/02\/stepienybarno-hayward-gallery-waterhouse-crompton-brutalmonday-02-316x237.jpg 316w, https:\/\/stepienybarno.es\/blog\/wp-content\/uploads\/2019\/02\/stepienybarno-hayward-gallery-waterhouse-crompton-brutalmonday-02.jpg 940w\" sizes=\"(max-width: 550px) 100vw, 550px\" \/><p id=\"caption-attachment-35135\" class=\"wp-caption-text\">Foto: Modern Architecture London<\/p><\/div>\n<p>&nbsp;<\/p>\n<div id=\"attachment_35136\" style=\"width: 560px\" class=\"wp-caption aligncenter\"><img loading=\"lazy\" decoding=\"async\" aria-describedby=\"caption-attachment-35136\" class=\"size-medium wp-image-35136\" src=\"https:\/\/stepienybarno.es\/blog\/wp-content\/uploads\/2019\/02\/stepienybarno-hayward-gallery-waterhouse-crompton-brutalmonday-03-550x413.jpg\" alt=\"\" width=\"550\" height=\"413\" srcset=\"https:\/\/stepienybarno.es\/blog\/wp-content\/uploads\/2019\/02\/stepienybarno-hayward-gallery-waterhouse-crompton-brutalmonday-03-550x413.jpg 550w, https:\/\/stepienybarno.es\/blog\/wp-content\/uploads\/2019\/02\/stepienybarno-hayward-gallery-waterhouse-crompton-brutalmonday-03-180x135.jpg 180w, https:\/\/stepienybarno.es\/blog\/wp-content\/uploads\/2019\/02\/stepienybarno-hayward-gallery-waterhouse-crompton-brutalmonday-03-933x700.jpg 933w, https:\/\/stepienybarno.es\/blog\/wp-content\/uploads\/2019\/02\/stepienybarno-hayward-gallery-waterhouse-crompton-brutalmonday-03-316x237.jpg 316w, https:\/\/stepienybarno.es\/blog\/wp-content\/uploads\/2019\/02\/stepienybarno-hayward-gallery-waterhouse-crompton-brutalmonday-03.jpg 940w\" sizes=\"(max-width: 550px) 100vw, 550px\" \/><p id=\"caption-attachment-35136\" class=\"wp-caption-text\">Foto: Modern Architecture London<\/p><\/div>\n<p>&nbsp;<\/p>\n<p style=\"text-align: center;\">Acceder al Proyecto <a href=\"http:\/\/bit.ly\/2UdiqNJ\" target=\"_blank\" rel=\"noopener\">AQU\u00cd<\/a> (<a href=\"http:\/\/modernarchitecturelondon.com\" target=\"_blank\" rel=\"noopener\">Modern Architecture London<\/a>)<\/p>\n<h2><\/h2>\n<hr \/>\n<h2>Reading Room en Jinhua<\/h2>\n<p>Por:\u00a0<a href=\"https:\/\/www.herzogdemeuron.com\/index.html\" target=\"_blank\" rel=\"noopener\">Herzog &amp; de Meuron<\/a><\/p>\n<p>A\u00f1o: 2005<\/p>\n<div id=\"attachment_35114\" style=\"width: 367px\" class=\"wp-caption aligncenter\"><img loading=\"lazy\" decoding=\"async\" aria-describedby=\"caption-attachment-35114\" class=\"size-full wp-image-35114\" src=\"https:\/\/stepienybarno.es\/blog\/wp-content\/uploads\/2019\/02\/stepienybarno-reading-room-jinhua-brutalmonday-01.jpg\" alt=\"\" width=\"357\" height=\"450\" srcset=\"https:\/\/stepienybarno.es\/blog\/wp-content\/uploads\/2019\/02\/stepienybarno-reading-room-jinhua-brutalmonday-01.jpg 357w, https:\/\/stepienybarno.es\/blog\/wp-content\/uploads\/2019\/02\/stepienybarno-reading-room-jinhua-brutalmonday-01-143x180.jpg 143w, https:\/\/stepienybarno.es\/blog\/wp-content\/uploads\/2019\/02\/stepienybarno-reading-room-jinhua-brutalmonday-01-316x398.jpg 316w\" sizes=\"(max-width: 357px) 100vw, 357px\" \/><p id=\"caption-attachment-35114\" class=\"wp-caption-text\">Foto: Margaret Salmon and Dean Wiand &#8211; The New York Times<\/p><\/div>\n<p>&nbsp;<\/p>\n<div id=\"attachment_35115\" style=\"width: 423px\" class=\"wp-caption aligncenter\"><img loading=\"lazy\" decoding=\"async\" aria-describedby=\"caption-attachment-35115\" class=\"size-medium wp-image-35115\" src=\"https:\/\/stepienybarno.es\/blog\/wp-content\/uploads\/2019\/02\/stepienybarno-reading-room-jinhua-brutalmonday-03-413x550.jpg\" alt=\"\" width=\"413\" height=\"550\" srcset=\"https:\/\/stepienybarno.es\/blog\/wp-content\/uploads\/2019\/02\/stepienybarno-reading-room-jinhua-brutalmonday-03-413x550.jpg 413w, https:\/\/stepienybarno.es\/blog\/wp-content\/uploads\/2019\/02\/stepienybarno-reading-room-jinhua-brutalmonday-03-135x180.jpg 135w, https:\/\/stepienybarno.es\/blog\/wp-content\/uploads\/2019\/02\/stepienybarno-reading-room-jinhua-brutalmonday-03-525x700.jpg 525w, https:\/\/stepienybarno.es\/blog\/wp-content\/uploads\/2019\/02\/stepienybarno-reading-room-jinhua-brutalmonday-03-300x400.jpg 300w, https:\/\/stepienybarno.es\/blog\/wp-content\/uploads\/2019\/02\/stepienybarno-reading-room-jinhua-brutalmonday-03.jpg 750w\" sizes=\"(max-width: 413px) 100vw, 413px\" \/><p id=\"caption-attachment-35115\" class=\"wp-caption-text\">Foto: Chakroff &#8211; Archdaily<\/p><\/div>\n<p>&nbsp;<\/p>\n<div id=\"attachment_35116\" style=\"width: 560px\" class=\"wp-caption aligncenter\"><img loading=\"lazy\" decoding=\"async\" aria-describedby=\"caption-attachment-35116\" class=\"size-medium wp-image-35116\" src=\"https:\/\/stepienybarno.es\/blog\/wp-content\/uploads\/2019\/02\/stepienybarno-reading-room-jinhua-brutalmonday-02-550x309.jpg\" alt=\"\" width=\"550\" height=\"309\" srcset=\"https:\/\/stepienybarno.es\/blog\/wp-content\/uploads\/2019\/02\/stepienybarno-reading-room-jinhua-brutalmonday-02-550x309.jpg 550w, https:\/\/stepienybarno.es\/blog\/wp-content\/uploads\/2019\/02\/stepienybarno-reading-room-jinhua-brutalmonday-02-180x101.jpg 180w, https:\/\/stepienybarno.es\/blog\/wp-content\/uploads\/2019\/02\/stepienybarno-reading-room-jinhua-brutalmonday-02-1024x576.jpg 1024w, https:\/\/stepienybarno.es\/blog\/wp-content\/uploads\/2019\/02\/stepienybarno-reading-room-jinhua-brutalmonday-02-316x178.jpg 316w, https:\/\/stepienybarno.es\/blog\/wp-content\/uploads\/2019\/02\/stepienybarno-reading-room-jinhua-brutalmonday-02.jpg 1582w\" sizes=\"(max-width: 550px) 100vw, 550px\" \/><p id=\"caption-attachment-35116\" class=\"wp-caption-text\">Foto: Chakroff &#8211; Archdaily<\/p><\/div>\n<p>&nbsp;<\/p>\n<p style=\"text-align: center;\">Acceder al Proyecto <a href=\"http:\/\/bit.ly\/2UKX6Uh\" target=\"_blank\" rel=\"noopener\">AQU\u00cd<\/a> (<a href=\"http:\/\/www.archdaily.com\" target=\"_blank\" rel=\"noopener\">Archdaily<\/a>)<\/p>\n<h2><\/h2>\n<p>&nbsp;<\/p>\n<hr \/>\n<blockquote><p>&nbsp;<\/p>\n<div id=\"attachment_34804\" style=\"width: 921px\" class=\"wp-caption aligncenter\"><img loading=\"lazy\" decoding=\"async\" aria-describedby=\"caption-attachment-34804\" class=\"wp-image-34804 size-large\" src=\"https:\/\/stepienybarno.es\/blog\/wp-content\/uploads\/2019\/02\/0.-stepienybarno-arquitectura-brutalista-un-mundo-brutal-1024x313.png\" alt=\"\" width=\"911\" height=\"278\" srcset=\"https:\/\/stepienybarno.es\/blog\/wp-content\/uploads\/2019\/02\/0.-stepienybarno-arquitectura-brutalista-un-mundo-brutal-1024x313.png 1024w, https:\/\/stepienybarno.es\/blog\/wp-content\/uploads\/2019\/02\/0.-stepienybarno-arquitectura-brutalista-un-mundo-brutal-180x55.png 180w, https:\/\/stepienybarno.es\/blog\/wp-content\/uploads\/2019\/02\/0.-stepienybarno-arquitectura-brutalista-un-mundo-brutal-550x168.png 550w, https:\/\/stepienybarno.es\/blog\/wp-content\/uploads\/2019\/02\/0.-stepienybarno-arquitectura-brutalista-un-mundo-brutal-316x97.png 316w, https:\/\/stepienybarno.es\/blog\/wp-content\/uploads\/2019\/02\/0.-stepienybarno-arquitectura-brutalista-un-mundo-brutal.png 1200w\" sizes=\"(max-width: 911px) 100vw, 911px\" \/><p id=\"caption-attachment-34804\" class=\"wp-caption-text\">Arquitectura Brutalista \/ Un mundo brutal #BrutalMonday<\/p><\/div>\n<h2><a href=\"https:\/\/regalosarquitectos.com\/producto\/un-mundo-brutal\/\" target=\"_blank\" rel=\"noopener\">Acceder al libro Un mundo brutal<\/a><\/h2>\n<p>&nbsp;<\/p><\/blockquote>\n<hr \/>\n<h2>\u00a0\u00a0Preston Bus Station<\/h2>\n<p>Por: <a href=\"http:\/\/www.bdp.com\/en\/\" target=\"_blank\" rel=\"noopener\">Building Design Partnership<\/a><\/p>\n<p>A\u00f1o: 1969<\/p>\n<div id=\"attachment_35099\" style=\"width: 560px\" class=\"wp-caption aligncenter\"><img loading=\"lazy\" decoding=\"async\" aria-describedby=\"caption-attachment-35099\" class=\"size-medium wp-image-35099\" src=\"https:\/\/stepienybarno.es\/blog\/wp-content\/uploads\/2019\/02\/stepienybarno-preston-bus-station-bsp-brutalmonday-01-550x393.jpg\" alt=\"\" width=\"550\" height=\"393\" srcset=\"https:\/\/stepienybarno.es\/blog\/wp-content\/uploads\/2019\/02\/stepienybarno-preston-bus-station-bsp-brutalmonday-01-550x393.jpg 550w, https:\/\/stepienybarno.es\/blog\/wp-content\/uploads\/2019\/02\/stepienybarno-preston-bus-station-bsp-brutalmonday-01-180x129.jpg 180w, https:\/\/stepienybarno.es\/blog\/wp-content\/uploads\/2019\/02\/stepienybarno-preston-bus-station-bsp-brutalmonday-01-316x226.jpg 316w, https:\/\/stepienybarno.es\/blog\/wp-content\/uploads\/2019\/02\/stepienybarno-preston-bus-station-bsp-brutalmonday-01.jpg 784w\" sizes=\"(max-width: 550px) 100vw, 550px\" \/><p id=\"caption-attachment-35099\" class=\"wp-caption-text\">Foto: Dezeen<\/p><\/div>\n<p>&nbsp;<\/p>\n<div id=\"attachment_35100\" style=\"width: 410px\" class=\"wp-caption aligncenter\"><img loading=\"lazy\" decoding=\"async\" aria-describedby=\"caption-attachment-35100\" class=\"size-medium wp-image-35100\" src=\"https:\/\/stepienybarno.es\/blog\/wp-content\/uploads\/2019\/02\/stepienybarno-preston-bus-station-bsp-brutalmonday-02-400x550.jpg\" alt=\"\" width=\"400\" height=\"550\" srcset=\"https:\/\/stepienybarno.es\/blog\/wp-content\/uploads\/2019\/02\/stepienybarno-preston-bus-station-bsp-brutalmonday-02-400x550.jpg 400w, https:\/\/stepienybarno.es\/blog\/wp-content\/uploads\/2019\/02\/stepienybarno-preston-bus-station-bsp-brutalmonday-02-131x180.jpg 131w, https:\/\/stepienybarno.es\/blog\/wp-content\/uploads\/2019\/02\/stepienybarno-preston-bus-station-bsp-brutalmonday-02-291x400.jpg 291w, https:\/\/stepienybarno.es\/blog\/wp-content\/uploads\/2019\/02\/stepienybarno-preston-bus-station-bsp-brutalmonday-02.jpg 468w\" sizes=\"(max-width: 400px) 100vw, 400px\" \/><p id=\"caption-attachment-35100\" class=\"wp-caption-text\">Foto: Dezeen<\/p><\/div>\n<p>&nbsp;<\/p>\n<div id=\"attachment_35101\" style=\"width: 560px\" class=\"wp-caption aligncenter\"><img loading=\"lazy\" decoding=\"async\" aria-describedby=\"caption-attachment-35101\" class=\"size-medium wp-image-35101\" src=\"https:\/\/stepienybarno.es\/blog\/wp-content\/uploads\/2019\/02\/stepienybarno-preston-bus-station-bsp-brutalmonday-03-550x367.gif\" alt=\"\" width=\"550\" height=\"367\" srcset=\"https:\/\/stepienybarno.es\/blog\/wp-content\/uploads\/2019\/02\/stepienybarno-preston-bus-station-bsp-brutalmonday-03-550x367.gif 550w, https:\/\/stepienybarno.es\/blog\/wp-content\/uploads\/2019\/02\/stepienybarno-preston-bus-station-bsp-brutalmonday-03-180x120.gif 180w, https:\/\/stepienybarno.es\/blog\/wp-content\/uploads\/2019\/02\/stepienybarno-preston-bus-station-bsp-brutalmonday-03-316x211.gif 316w\" sizes=\"(max-width: 550px) 100vw, 550px\" \/><p id=\"caption-attachment-35101\" class=\"wp-caption-text\">Foto: Dezeen<\/p><\/div>\n<p>&nbsp;<\/p>\n<p style=\"text-align: center;\">Acceder al Proyecto <a href=\"http:\/\/bit.ly\/2FbaPZr\" target=\"_blank\" rel=\"noopener\">AQU\u00cd<\/a>\u00a0(<a href=\"http:\/\/www.dezeen.com\" target=\"_blank\" rel=\"noopener\">Dezeen<\/a>)<\/p>\n<p>&nbsp;<\/p>\n<hr \/>\n<p>&nbsp;<\/p>\n<h2 class=\"entry-title\">Palacio de Exposiciones Valentino de Turin<\/h2>\n<p>Por: Biscaretti di Ruffia y Pier Luigi Nervi<\/p>\n<p>A\u00f1o: 1947<\/p>\n<div id=\"attachment_35046\" style=\"width: 560px\" class=\"wp-caption aligncenter\"><img loading=\"lazy\" decoding=\"async\" aria-describedby=\"caption-attachment-35046\" class=\"size-medium wp-image-35046\" src=\"https:\/\/stepienybarno.es\/blog\/wp-content\/uploads\/2019\/02\/stepienybarno-pier-luigi-nervi-palazzo-delle-esposizioni-brutalmonday-01-550x374.jpg\" alt=\"\" width=\"550\" height=\"374\" srcset=\"https:\/\/stepienybarno.es\/blog\/wp-content\/uploads\/2019\/02\/stepienybarno-pier-luigi-nervi-palazzo-delle-esposizioni-brutalmonday-01-550x374.jpg 550w, https:\/\/stepienybarno.es\/blog\/wp-content\/uploads\/2019\/02\/stepienybarno-pier-luigi-nervi-palazzo-delle-esposizioni-brutalmonday-01-180x122.jpg 180w, https:\/\/stepienybarno.es\/blog\/wp-content\/uploads\/2019\/02\/stepienybarno-pier-luigi-nervi-palazzo-delle-esposizioni-brutalmonday-01-316x215.jpg 316w, https:\/\/stepienybarno.es\/blog\/wp-content\/uploads\/2019\/02\/stepienybarno-pier-luigi-nervi-palazzo-delle-esposizioni-brutalmonday-01.jpg 960w\" sizes=\"(max-width: 550px) 100vw, 550px\" \/><p id=\"caption-attachment-35046\" class=\"wp-caption-text\">Foto: Domus Web<\/p><\/div>\n<p>&nbsp;<\/p>\n<div id=\"attachment_35047\" style=\"width: 560px\" class=\"wp-caption aligncenter\"><img loading=\"lazy\" decoding=\"async\" aria-describedby=\"caption-attachment-35047\" class=\"size-medium wp-image-35047\" src=\"https:\/\/stepienybarno.es\/blog\/wp-content\/uploads\/2019\/02\/stepienybarno-pier-luigi-nervi-palazzo-delle-esposizioni-brutalmonday-02-550x386.jpg\" alt=\"\" width=\"550\" height=\"386\" srcset=\"https:\/\/stepienybarno.es\/blog\/wp-content\/uploads\/2019\/02\/stepienybarno-pier-luigi-nervi-palazzo-delle-esposizioni-brutalmonday-02-550x386.jpg 550w, https:\/\/stepienybarno.es\/blog\/wp-content\/uploads\/2019\/02\/stepienybarno-pier-luigi-nervi-palazzo-delle-esposizioni-brutalmonday-02-180x126.jpg 180w, https:\/\/stepienybarno.es\/blog\/wp-content\/uploads\/2019\/02\/stepienybarno-pier-luigi-nervi-palazzo-delle-esposizioni-brutalmonday-02-316x222.jpg 316w, https:\/\/stepienybarno.es\/blog\/wp-content\/uploads\/2019\/02\/stepienybarno-pier-luigi-nervi-palazzo-delle-esposizioni-brutalmonday-02.jpg 960w\" sizes=\"(max-width: 550px) 100vw, 550px\" \/><p id=\"caption-attachment-35047\" class=\"wp-caption-text\">Foto: Domus Web<\/p><\/div>\n<p>&nbsp;<\/p>\n<div id=\"attachment_35048\" style=\"width: 560px\" class=\"wp-caption aligncenter\"><img loading=\"lazy\" decoding=\"async\" aria-describedby=\"caption-attachment-35048\" class=\"size-medium wp-image-35048\" src=\"https:\/\/stepienybarno.es\/blog\/wp-content\/uploads\/2019\/02\/stepienybarno-pier-luigi-nervi-palazzo-delle-esposizioni-brutalmonday-03-550x524.png\" alt=\"\" width=\"550\" height=\"524\" srcset=\"https:\/\/stepienybarno.es\/blog\/wp-content\/uploads\/2019\/02\/stepienybarno-pier-luigi-nervi-palazzo-delle-esposizioni-brutalmonday-03-550x524.png 550w, https:\/\/stepienybarno.es\/blog\/wp-content\/uploads\/2019\/02\/stepienybarno-pier-luigi-nervi-palazzo-delle-esposizioni-brutalmonday-03-180x172.png 180w, https:\/\/stepienybarno.es\/blog\/wp-content\/uploads\/2019\/02\/stepienybarno-pier-luigi-nervi-palazzo-delle-esposizioni-brutalmonday-03-734x700.png 734w, https:\/\/stepienybarno.es\/blog\/wp-content\/uploads\/2019\/02\/stepienybarno-pier-luigi-nervi-palazzo-delle-esposizioni-brutalmonday-03-316x301.png 316w, https:\/\/stepienybarno.es\/blog\/wp-content\/uploads\/2019\/02\/stepienybarno-pier-luigi-nervi-palazzo-delle-esposizioni-brutalmonday-03.png 923w\" sizes=\"(max-width: 550px) 100vw, 550px\" \/><p id=\"caption-attachment-35048\" class=\"wp-caption-text\">Foto: Domus Web<\/p><\/div>\n<p style=\"text-align: center;\">Acceder al Proyecto <a href=\"http:\/\/bit.ly\/2FO9edA\" target=\"_blank\" rel=\"noopener\">AQU\u00cd<\/a> (<a href=\"http:\/\/www.domusweb.it\" target=\"_blank\" rel=\"noopener\">Domus<\/a>)<\/p>\n<p>&nbsp;<\/p>\n<hr \/>\n<h2><\/h2>\n<h2 class=\"entry-title\">Centro de Investigaci\u00f3n IBM<\/h2>\n<p class=\"entry-title\">Por: Marcel Breuer<\/p>\n<p class=\"entry-title\">A\u00f1o: 1962<\/p>\n<div id=\"attachment_34995\" style=\"width: 560px\" class=\"wp-caption aligncenter\"><img loading=\"lazy\" decoding=\"async\" aria-describedby=\"caption-attachment-34995\" class=\"size-medium wp-image-34995\" src=\"https:\/\/stepienybarno.es\/blog\/wp-content\/uploads\/2019\/02\/stepienybarno-ibm-breuer-brutalmonday-01-550x369.jpg\" alt=\"\" width=\"550\" height=\"369\" srcset=\"https:\/\/stepienybarno.es\/blog\/wp-content\/uploads\/2019\/02\/stepienybarno-ibm-breuer-brutalmonday-01-550x369.jpg 550w, https:\/\/stepienybarno.es\/blog\/wp-content\/uploads\/2019\/02\/stepienybarno-ibm-breuer-brutalmonday-01-180x121.jpg 180w, https:\/\/stepienybarno.es\/blog\/wp-content\/uploads\/2019\/02\/stepienybarno-ibm-breuer-brutalmonday-01.jpg 1024w, https:\/\/stepienybarno.es\/blog\/wp-content\/uploads\/2019\/02\/stepienybarno-ibm-breuer-brutalmonday-01-316x212.jpg 316w\" sizes=\"(max-width: 550px) 100vw, 550px\" \/><p id=\"caption-attachment-34995\" class=\"wp-caption-text\">Foto: wikiarquitectura<\/p><\/div>\n<p>&nbsp;<\/p>\n<div id=\"attachment_34996\" style=\"width: 421px\" class=\"wp-caption aligncenter\"><img loading=\"lazy\" decoding=\"async\" aria-describedby=\"caption-attachment-34996\" class=\"size-medium wp-image-34996\" src=\"https:\/\/stepienybarno.es\/blog\/wp-content\/uploads\/2019\/02\/stepienybarno-ibm-breuer-brutalmonday-02-411x550.jpg\" alt=\"\" width=\"411\" height=\"550\" srcset=\"https:\/\/stepienybarno.es\/blog\/wp-content\/uploads\/2019\/02\/stepienybarno-ibm-breuer-brutalmonday-02-411x550.jpg 411w, https:\/\/stepienybarno.es\/blog\/wp-content\/uploads\/2019\/02\/stepienybarno-ibm-breuer-brutalmonday-02-134x180.jpg 134w, https:\/\/stepienybarno.es\/blog\/wp-content\/uploads\/2019\/02\/stepienybarno-ibm-breuer-brutalmonday-02-523x700.jpg 523w, https:\/\/stepienybarno.es\/blog\/wp-content\/uploads\/2019\/02\/stepienybarno-ibm-breuer-brutalmonday-02-299x400.jpg 299w, https:\/\/stepienybarno.es\/blog\/wp-content\/uploads\/2019\/02\/stepienybarno-ibm-breuer-brutalmonday-02.jpg 540w\" sizes=\"(max-width: 411px) 100vw, 411px\" \/><p id=\"caption-attachment-34996\" class=\"wp-caption-text\">Foto: wikiarquitectura<\/p><\/div>\n<p>&nbsp;<\/p>\n<div id=\"attachment_34997\" style=\"width: 560px\" class=\"wp-caption aligncenter\"><img loading=\"lazy\" decoding=\"async\" aria-describedby=\"caption-attachment-34997\" class=\"size-medium wp-image-34997\" src=\"https:\/\/stepienybarno.es\/blog\/wp-content\/uploads\/2019\/02\/stepienybarno-ibm-breuer-brutalmonday-03-550x442.jpg\" alt=\"\" width=\"550\" height=\"442\" srcset=\"https:\/\/stepienybarno.es\/blog\/wp-content\/uploads\/2019\/02\/stepienybarno-ibm-breuer-brutalmonday-03-550x442.jpg 550w, https:\/\/stepienybarno.es\/blog\/wp-content\/uploads\/2019\/02\/stepienybarno-ibm-breuer-brutalmonday-03-180x144.jpg 180w, https:\/\/stepienybarno.es\/blog\/wp-content\/uploads\/2019\/02\/stepienybarno-ibm-breuer-brutalmonday-03-872x700.jpg 872w, https:\/\/stepienybarno.es\/blog\/wp-content\/uploads\/2019\/02\/stepienybarno-ibm-breuer-brutalmonday-03-316x254.jpg 316w, https:\/\/stepienybarno.es\/blog\/wp-content\/uploads\/2019\/02\/stepienybarno-ibm-breuer-brutalmonday-03.jpg 1024w\" sizes=\"(max-width: 550px) 100vw, 550px\" \/><p id=\"caption-attachment-34997\" class=\"wp-caption-text\">Foto: wikiarquitectura<\/p><\/div>\n<p>&nbsp;<\/p>\n<p class=\"entry-title\" style=\"text-align: center;\">Acceder al Proyecto <a href=\"http:\/\/bit.ly\/2UaYCjb\" target=\"_blank\" rel=\"noopener\">AQU\u00cd<\/a> (<a href=\"https:\/\/es.wikiarquitectura.com\" target=\"_blank\" rel=\"noopener\">Wikiarquitectura<\/a>)<\/p>\n<p>&nbsp;<\/p>\n<hr \/>\n<h2><\/h2>\n<h2>\u00a0Les Choux<\/h2>\n<p>Por:\u00a0G\u00e9rard Grandval<\/p>\n<p>A\u00f1o: 1974<\/p>\n<div id=\"attachment_34976\" style=\"width: 560px\" class=\"wp-caption aligncenter\"><img loading=\"lazy\" decoding=\"async\" aria-describedby=\"caption-attachment-34976\" class=\"size-medium wp-image-34976\" src=\"https:\/\/stepienybarno.es\/blog\/wp-content\/uploads\/2019\/02\/stepienybarno-les-choux-bubblemania-brutalmonday-03-550x401.jpg\" alt=\"\" width=\"550\" height=\"401\" srcset=\"https:\/\/stepienybarno.es\/blog\/wp-content\/uploads\/2019\/02\/stepienybarno-les-choux-bubblemania-brutalmonday-03-550x401.jpg 550w, https:\/\/stepienybarno.es\/blog\/wp-content\/uploads\/2019\/02\/stepienybarno-les-choux-bubblemania-brutalmonday-03-180x131.jpg 180w, https:\/\/stepienybarno.es\/blog\/wp-content\/uploads\/2019\/02\/stepienybarno-les-choux-bubblemania-brutalmonday-03-316x231.jpg 316w, https:\/\/stepienybarno.es\/blog\/wp-content\/uploads\/2019\/02\/stepienybarno-les-choux-bubblemania-brutalmonday-03.jpg 640w\" sizes=\"(max-width: 550px) 100vw, 550px\" \/><p id=\"caption-attachment-34976\" class=\"wp-caption-text\">Foto: Jours de France<\/p><\/div>\n<p>&nbsp;<\/p>\n<div id=\"attachment_34977\" style=\"width: 560px\" class=\"wp-caption aligncenter\"><img loading=\"lazy\" decoding=\"async\" aria-describedby=\"caption-attachment-34977\" class=\"size-medium wp-image-34977\" src=\"https:\/\/stepienybarno.es\/blog\/wp-content\/uploads\/2019\/02\/stepienybarno-les-choux-damine-gosset-brutalmonday-01-550x413.jpg\" alt=\"\" width=\"550\" height=\"413\" srcset=\"https:\/\/stepienybarno.es\/blog\/wp-content\/uploads\/2019\/02\/stepienybarno-les-choux-damine-gosset-brutalmonday-01-550x413.jpg 550w, https:\/\/stepienybarno.es\/blog\/wp-content\/uploads\/2019\/02\/stepienybarno-les-choux-damine-gosset-brutalmonday-01-180x135.jpg 180w, https:\/\/stepienybarno.es\/blog\/wp-content\/uploads\/2019\/02\/stepienybarno-les-choux-damine-gosset-brutalmonday-01-316x237.jpg 316w, https:\/\/stepienybarno.es\/blog\/wp-content\/uploads\/2019\/02\/stepienybarno-les-choux-damine-gosset-brutalmonday-01.jpg 900w\" sizes=\"(max-width: 550px) 100vw, 550px\" \/><p id=\"caption-attachment-34977\" class=\"wp-caption-text\">Foto: Damien Gosset<\/p><\/div>\n<p>&nbsp;<\/p>\n<div id=\"attachment_34978\" style=\"width: 560px\" class=\"wp-caption aligncenter\"><img loading=\"lazy\" decoding=\"async\" aria-describedby=\"caption-attachment-34978\" class=\"size-medium wp-image-34978\" src=\"https:\/\/stepienybarno.es\/blog\/wp-content\/uploads\/2019\/02\/stepienybarno-les-choux-jours-de-france-brutalmonday-04-550x365.jpg\" alt=\"\" width=\"550\" height=\"365\" srcset=\"https:\/\/stepienybarno.es\/blog\/wp-content\/uploads\/2019\/02\/stepienybarno-les-choux-jours-de-france-brutalmonday-04-550x365.jpg 550w, https:\/\/stepienybarno.es\/blog\/wp-content\/uploads\/2019\/02\/stepienybarno-les-choux-jours-de-france-brutalmonday-04-180x119.jpg 180w, https:\/\/stepienybarno.es\/blog\/wp-content\/uploads\/2019\/02\/stepienybarno-les-choux-jours-de-france-brutalmonday-04-316x210.jpg 316w, https:\/\/stepienybarno.es\/blog\/wp-content\/uploads\/2019\/02\/stepienybarno-les-choux-jours-de-france-brutalmonday-04.jpg 600w\" sizes=\"(max-width: 550px) 100vw, 550px\" \/><p id=\"caption-attachment-34978\" class=\"wp-caption-text\">Foto: Jours de France<\/p><\/div>\n<p>&nbsp;<\/p>\n<p style=\"text-align: center;\">Acceder al Art\u00edculo <a href=\"http:\/\/bit.ly\/2JTMbDy\" target=\"_blank\" rel=\"noopener\">AQU\u00cd<\/a> (<a href=\"http:\/\/bubblemania.fr\" target=\"_blank\" rel=\"noopener\">Bubblemania<\/a>)<\/p>\n<p>&nbsp;<\/p>\n<hr \/>\n<h2 class=\"entry-title\">Buzludzha Monument<\/h2>\n<p>Por: Goergi Stoilov<\/p>\n<p>A\u00f1o: 1981<\/p>\n<div id=\"attachment_34947\" style=\"width: 560px\" class=\"wp-caption aligncenter\"><img loading=\"lazy\" decoding=\"async\" aria-describedby=\"caption-attachment-34947\" class=\"size-medium wp-image-34947\" src=\"https:\/\/stepienybarno.es\/blog\/wp-content\/uploads\/2019\/02\/stepienybarno-Buzludzha-Stoilov-brutalmonday-01-550x394.jpg\" alt=\"\" width=\"550\" height=\"394\" srcset=\"https:\/\/stepienybarno.es\/blog\/wp-content\/uploads\/2019\/02\/stepienybarno-Buzludzha-Stoilov-brutalmonday-01-550x394.jpg 550w, https:\/\/stepienybarno.es\/blog\/wp-content\/uploads\/2019\/02\/stepienybarno-Buzludzha-Stoilov-brutalmonday-01-180x129.jpg 180w, https:\/\/stepienybarno.es\/blog\/wp-content\/uploads\/2019\/02\/stepienybarno-Buzludzha-Stoilov-brutalmonday-01-316x226.jpg 316w, https:\/\/stepienybarno.es\/blog\/wp-content\/uploads\/2019\/02\/stepienybarno-Buzludzha-Stoilov-brutalmonday-01.jpg 600w\" sizes=\"(max-width: 550px) 100vw, 550px\" \/><p id=\"caption-attachment-34947\" class=\"wp-caption-text\">Foto desde: http:\/\/www.buzludzha-monument.com<\/p><\/div>\n<p>&nbsp;<\/p>\n<div id=\"attachment_34948\" style=\"width: 560px\" class=\"wp-caption aligncenter\"><img loading=\"lazy\" decoding=\"async\" aria-describedby=\"caption-attachment-34948\" class=\"wp-image-34948 size-medium\" src=\"https:\/\/stepienybarno.es\/blog\/wp-content\/uploads\/2019\/02\/stepienybarno-Buzludzha-Stoilov-brutalmonday-02-550x367.jpg\" alt=\"\" width=\"550\" height=\"367\" srcset=\"https:\/\/stepienybarno.es\/blog\/wp-content\/uploads\/2019\/02\/stepienybarno-Buzludzha-Stoilov-brutalmonday-02-550x367.jpg 550w, https:\/\/stepienybarno.es\/blog\/wp-content\/uploads\/2019\/02\/stepienybarno-Buzludzha-Stoilov-brutalmonday-02-180x120.jpg 180w, https:\/\/stepienybarno.es\/blog\/wp-content\/uploads\/2019\/02\/stepienybarno-Buzludzha-Stoilov-brutalmonday-02-316x211.jpg 316w, https:\/\/stepienybarno.es\/blog\/wp-content\/uploads\/2019\/02\/stepienybarno-Buzludzha-Stoilov-brutalmonday-02.jpg 1000w\" sizes=\"(max-width: 550px) 100vw, 550px\" \/><p id=\"caption-attachment-34948\" class=\"wp-caption-text\">Foto desde: http:\/\/www.buzludzha-monument.com<\/p><\/div>\n<p>&nbsp;<\/p>\n<div id=\"attachment_34949\" style=\"width: 510px\" class=\"wp-caption aligncenter\"><img loading=\"lazy\" decoding=\"async\" aria-describedby=\"caption-attachment-34949\" class=\"wp-image-34949 size-full\" src=\"https:\/\/stepienybarno.es\/blog\/wp-content\/uploads\/2019\/02\/stepienybarno-Buzludzha-Stoilov-brutalmonday-03.jpeg\" alt=\"\" width=\"500\" height=\"358\" srcset=\"https:\/\/stepienybarno.es\/blog\/wp-content\/uploads\/2019\/02\/stepienybarno-Buzludzha-Stoilov-brutalmonday-03.jpeg 500w, https:\/\/stepienybarno.es\/blog\/wp-content\/uploads\/2019\/02\/stepienybarno-Buzludzha-Stoilov-brutalmonday-03-180x129.jpeg 180w, https:\/\/stepienybarno.es\/blog\/wp-content\/uploads\/2019\/02\/stepienybarno-Buzludzha-Stoilov-brutalmonday-03-316x226.jpeg 316w\" sizes=\"(max-width: 500px) 100vw, 500px\" \/><p id=\"caption-attachment-34949\" class=\"wp-caption-text\">Foto desde: http:\/\/www.buzludzha-monument.com<\/p><\/div>\n<p>&nbsp;<\/p>\n<p style=\"text-align: center;\">Acceder al Art\u00edculo <a href=\"http:\/\/bit.ly\/2Rl2wj5\" target=\"_blank\" rel=\"noopener\">AQU\u00cd<\/a> (StepienyBarno)<\/p>\n<h2><\/h2>\n<hr \/>\n<h2>Trellick Tower<\/h2>\n<p>Por:\u00a0Ern\u00f6 Goldfinger<\/p>\n<p>A\u00f1o: 1972<\/p>\n<div id=\"attachment_34933\" style=\"width: 426px\" class=\"wp-caption aligncenter\"><img loading=\"lazy\" decoding=\"async\" aria-describedby=\"caption-attachment-34933\" class=\"wp-image-34933 size-full\" src=\"https:\/\/stepienybarno.es\/blog\/wp-content\/uploads\/2019\/02\/stepienybarno-trellick-tower-goldfinger-brutalmonday-01.jpg\" alt=\"\" width=\"416\" height=\"459\" srcset=\"https:\/\/stepienybarno.es\/blog\/wp-content\/uploads\/2019\/02\/stepienybarno-trellick-tower-goldfinger-brutalmonday-01.jpg 416w, https:\/\/stepienybarno.es\/blog\/wp-content\/uploads\/2019\/02\/stepienybarno-trellick-tower-goldfinger-brutalmonday-01-163x180.jpg 163w, https:\/\/stepienybarno.es\/blog\/wp-content\/uploads\/2019\/02\/stepienybarno-trellick-tower-goldfinger-brutalmonday-01-180x200.jpg 180w, https:\/\/stepienybarno.es\/blog\/wp-content\/uploads\/2019\/02\/stepienybarno-trellick-tower-goldfinger-brutalmonday-01-316x349.jpg 316w\" sizes=\"(max-width: 416px) 100vw, 416px\" \/><p id=\"caption-attachment-34933\" class=\"wp-caption-text\">Foto: vaumm<\/p><\/div>\n<p>&nbsp;<\/p>\n<div id=\"attachment_34934\" style=\"width: 377px\" class=\"wp-caption aligncenter\"><img loading=\"lazy\" decoding=\"async\" aria-describedby=\"caption-attachment-34934\" class=\"wp-image-34934 size-medium\" src=\"https:\/\/stepienybarno.es\/blog\/wp-content\/uploads\/2019\/02\/stepienybarno-trellick-tower-goldfinger-brutalmonday-02-367x550.jpg\" alt=\"\" width=\"367\" height=\"550\" srcset=\"https:\/\/stepienybarno.es\/blog\/wp-content\/uploads\/2019\/02\/stepienybarno-trellick-tower-goldfinger-brutalmonday-02-367x550.jpg 367w, https:\/\/stepienybarno.es\/blog\/wp-content\/uploads\/2019\/02\/stepienybarno-trellick-tower-goldfinger-brutalmonday-02-120x180.jpg 120w, https:\/\/stepienybarno.es\/blog\/wp-content\/uploads\/2019\/02\/stepienybarno-trellick-tower-goldfinger-brutalmonday-02-467x700.jpg 467w, https:\/\/stepienybarno.es\/blog\/wp-content\/uploads\/2019\/02\/stepienybarno-trellick-tower-goldfinger-brutalmonday-02-224x336.jpg 224w, https:\/\/stepienybarno.es\/blog\/wp-content\/uploads\/2019\/02\/stepienybarno-trellick-tower-goldfinger-brutalmonday-02-267x400.jpg 267w, https:\/\/stepienybarno.es\/blog\/wp-content\/uploads\/2019\/02\/stepienybarno-trellick-tower-goldfinger-brutalmonday-02.jpg 500w\" sizes=\"(max-width: 367px) 100vw, 367px\" \/><p id=\"caption-attachment-34934\" class=\"wp-caption-text\">Foto: vaumm<\/p><\/div>\n<p>&nbsp;<\/p>\n<div id=\"attachment_34935\" style=\"width: 362px\" class=\"wp-caption aligncenter\"><img loading=\"lazy\" decoding=\"async\" aria-describedby=\"caption-attachment-34935\" class=\"wp-image-34935 size-full\" src=\"https:\/\/stepienybarno.es\/blog\/wp-content\/uploads\/2019\/02\/stepienybarno-trellick-tower-goldfinger-brutalmonday-03.jpg\" alt=\"\" width=\"352\" height=\"436\" srcset=\"https:\/\/stepienybarno.es\/blog\/wp-content\/uploads\/2019\/02\/stepienybarno-trellick-tower-goldfinger-brutalmonday-03.jpg 352w, https:\/\/stepienybarno.es\/blog\/wp-content\/uploads\/2019\/02\/stepienybarno-trellick-tower-goldfinger-brutalmonday-03-145x180.jpg 145w, https:\/\/stepienybarno.es\/blog\/wp-content\/uploads\/2019\/02\/stepienybarno-trellick-tower-goldfinger-brutalmonday-03-316x391.jpg 316w\" sizes=\"(max-width: 352px) 100vw, 352px\" \/><p id=\"caption-attachment-34935\" class=\"wp-caption-text\">Foto: vaumm<\/p><\/div>\n<p>&nbsp;<\/p>\n<p style=\"text-align: center;\">Acceder al Art\u00edculo <a href=\"http:\/\/bit.ly\/2FCD5H4\" target=\"_blank\" rel=\"noopener\">AQU\u00cd<\/a> (<a href=\"http:\/\/vaumm.com\" target=\"_blank\" rel=\"noopener\">Vaumm<\/a>)<\/p>\n<p>&nbsp;<\/p>\n<hr \/>\n<h2>Bat Yam Town Hall<\/h2>\n<p>Por:\u00a0Alfred Neumann y\u00a0Zvi Hecker<\/p>\n<p>A\u00f1o:\u00a01963<\/p>\n<div id=\"attachment_34908\" style=\"width: 560px\" class=\"wp-caption aligncenter\"><img loading=\"lazy\" decoding=\"async\" aria-describedby=\"caption-attachment-34908\" class=\"wp-image-34908 size-medium\" src=\"https:\/\/stepienybarno.es\/blog\/wp-content\/uploads\/2019\/02\/stepienybarno-brutalmonday-ban-yam-town-hall-01-550x337.jpg\" alt=\"\" width=\"550\" height=\"337\" srcset=\"https:\/\/stepienybarno.es\/blog\/wp-content\/uploads\/2019\/02\/stepienybarno-brutalmonday-ban-yam-town-hall-01-550x337.jpg 550w, https:\/\/stepienybarno.es\/blog\/wp-content\/uploads\/2019\/02\/stepienybarno-brutalmonday-ban-yam-town-hall-01-180x110.jpg 180w, https:\/\/stepienybarno.es\/blog\/wp-content\/uploads\/2019\/02\/stepienybarno-brutalmonday-ban-yam-town-hall-01-1024x628.jpg 1024w, https:\/\/stepienybarno.es\/blog\/wp-content\/uploads\/2019\/02\/stepienybarno-brutalmonday-ban-yam-town-hall-01-316x194.jpg 316w, https:\/\/stepienybarno.es\/blog\/wp-content\/uploads\/2019\/02\/stepienybarno-brutalmonday-ban-yam-town-hall-01.jpg 1540w\" sizes=\"(max-width: 550px) 100vw, 550px\" \/><p id=\"caption-attachment-34908\" class=\"wp-caption-text\">Foto: Zvi Hecker Architects<\/p><\/div>\n<p>&nbsp;<\/p>\n<div id=\"attachment_34909\" style=\"width: 560px\" class=\"wp-caption aligncenter\"><img loading=\"lazy\" decoding=\"async\" aria-describedby=\"caption-attachment-34909\" class=\"size-medium wp-image-34909\" src=\"https:\/\/stepienybarno.es\/blog\/wp-content\/uploads\/2019\/02\/stepienybarno-brutalmonday-ban-yam-town-hall-02-550x372.jpg\" alt=\"\" width=\"550\" height=\"372\" srcset=\"https:\/\/stepienybarno.es\/blog\/wp-content\/uploads\/2019\/02\/stepienybarno-brutalmonday-ban-yam-town-hall-02-550x372.jpg 550w, https:\/\/stepienybarno.es\/blog\/wp-content\/uploads\/2019\/02\/stepienybarno-brutalmonday-ban-yam-town-hall-02-180x122.jpg 180w, https:\/\/stepienybarno.es\/blog\/wp-content\/uploads\/2019\/02\/stepienybarno-brutalmonday-ban-yam-town-hall-02-1024x692.jpg 1024w, https:\/\/stepienybarno.es\/blog\/wp-content\/uploads\/2019\/02\/stepienybarno-brutalmonday-ban-yam-town-hall-02-316x213.jpg 316w, https:\/\/stepienybarno.es\/blog\/wp-content\/uploads\/2019\/02\/stepienybarno-brutalmonday-ban-yam-town-hall-02.jpg 1600w\" sizes=\"(max-width: 550px) 100vw, 550px\" \/><p id=\"caption-attachment-34909\" class=\"wp-caption-text\">Foto: Zvi Hecker Architects<\/p><\/div>\n<p>&nbsp;<\/p>\n<div id=\"attachment_34910\" style=\"width: 560px\" class=\"wp-caption aligncenter\"><img loading=\"lazy\" decoding=\"async\" aria-describedby=\"caption-attachment-34910\" class=\"size-medium wp-image-34910\" src=\"https:\/\/stepienybarno.es\/blog\/wp-content\/uploads\/2019\/02\/stepienybarno-brutalmonday-ban-yam-town-hall-03-550x244.jpg\" alt=\"\" width=\"550\" height=\"244\" srcset=\"https:\/\/stepienybarno.es\/blog\/wp-content\/uploads\/2019\/02\/stepienybarno-brutalmonday-ban-yam-town-hall-03-550x244.jpg 550w, https:\/\/stepienybarno.es\/blog\/wp-content\/uploads\/2019\/02\/stepienybarno-brutalmonday-ban-yam-town-hall-03-180x80.jpg 180w, https:\/\/stepienybarno.es\/blog\/wp-content\/uploads\/2019\/02\/stepienybarno-brutalmonday-ban-yam-town-hall-03.jpg 1024w, https:\/\/stepienybarno.es\/blog\/wp-content\/uploads\/2019\/02\/stepienybarno-brutalmonday-ban-yam-town-hall-03-316x140.jpg 316w\" sizes=\"(max-width: 550px) 100vw, 550px\" \/><p id=\"caption-attachment-34910\" class=\"wp-caption-text\">Foto: Zvi Hecker Architects<\/p><\/div>\n<p>&nbsp;<\/p>\n<p style=\"text-align: center;\">Acceder al Art\u00edculo <a href=\"http:\/\/bit.ly\/2FtjHv2\" target=\"_blank\" rel=\"noopener\">AQU\u00cd<\/a>\u00a0(<a href=\"http:\/\/hiddenarchitecture.net\" target=\"_blank\" rel=\"noopener\">Hidden Architecture<\/a>)<\/p>\n<p>&nbsp;<\/p>\n<hr \/>\n<h2>Palacio de los Pioneros<\/h2>\n<p>Por: Edward Bilsky y Abraham Miletsky (arquitectos)<\/p>\n<p>Ada Rybachuk y Vladimir Melnichenko (artistas)<\/p>\n<p>A\u00f1o: 1964 <strong>&#8211; derribado &#8211;<\/strong><\/p>\n<p>&nbsp;<\/p>\n<div id=\"attachment_34883\" style=\"width: 560px\" class=\"wp-caption aligncenter\"><img loading=\"lazy\" decoding=\"async\" aria-describedby=\"caption-attachment-34883\" class=\"size-medium wp-image-34883\" src=\"https:\/\/stepienybarno.es\/blog\/wp-content\/uploads\/2019\/02\/stepienybarno-brutalmonday-palacio-pioneros-01-550x431.jpg\" alt=\"\" width=\"550\" height=\"431\" srcset=\"https:\/\/stepienybarno.es\/blog\/wp-content\/uploads\/2019\/02\/stepienybarno-brutalmonday-palacio-pioneros-01-550x431.jpg 550w, https:\/\/stepienybarno.es\/blog\/wp-content\/uploads\/2019\/02\/stepienybarno-brutalmonday-palacio-pioneros-01-180x141.jpg 180w, https:\/\/stepienybarno.es\/blog\/wp-content\/uploads\/2019\/02\/stepienybarno-brutalmonday-palacio-pioneros-01-894x700.jpg 894w, https:\/\/stepienybarno.es\/blog\/wp-content\/uploads\/2019\/02\/stepienybarno-brutalmonday-palacio-pioneros-01-316x247.jpg 316w, https:\/\/stepienybarno.es\/blog\/wp-content\/uploads\/2019\/02\/stepienybarno-brutalmonday-palacio-pioneros-01.jpg 2000w\" sizes=\"(max-width: 550px) 100vw, 550px\" \/><p id=\"caption-attachment-34883\" class=\"wp-caption-text\">Foto: Edward Bilsky<\/p><\/div>\n<div id=\"attachment_34884\" style=\"width: 560px\" class=\"wp-caption aligncenter\"><img loading=\"lazy\" decoding=\"async\" aria-describedby=\"caption-attachment-34884\" class=\"wp-image-34884 size-medium\" src=\"https:\/\/stepienybarno.es\/blog\/wp-content\/uploads\/2019\/02\/stepienybarno-brutalmonday-palacio-pioneros-02-550x196.jpg\" alt=\"\" width=\"550\" height=\"196\" srcset=\"https:\/\/stepienybarno.es\/blog\/wp-content\/uploads\/2019\/02\/stepienybarno-brutalmonday-palacio-pioneros-02-550x196.jpg 550w, https:\/\/stepienybarno.es\/blog\/wp-content\/uploads\/2019\/02\/stepienybarno-brutalmonday-palacio-pioneros-02-180x64.jpg 180w, https:\/\/stepienybarno.es\/blog\/wp-content\/uploads\/2019\/02\/stepienybarno-brutalmonday-palacio-pioneros-02-316x112.jpg 316w, https:\/\/stepienybarno.es\/blog\/wp-content\/uploads\/2019\/02\/stepienybarno-brutalmonday-palacio-pioneros-02.jpg 900w\" sizes=\"(max-width: 550px) 100vw, 550px\" \/><p id=\"caption-attachment-34884\" class=\"wp-caption-text\">primeros dise\u00f1os &#8211; Foto: Edward Bilsky<\/p><\/div>\n<p>&nbsp;<\/p>\n<div id=\"attachment_34885\" style=\"width: 560px\" class=\"wp-caption aligncenter\"><img loading=\"lazy\" decoding=\"async\" aria-describedby=\"caption-attachment-34885\" class=\"wp-image-34885 size-medium\" src=\"https:\/\/stepienybarno.es\/blog\/wp-content\/uploads\/2019\/02\/stepienybarno-brutalmonday-palacio-pioneros-03-550x367.jpg\" alt=\"\" width=\"550\" height=\"367\" srcset=\"https:\/\/stepienybarno.es\/blog\/wp-content\/uploads\/2019\/02\/stepienybarno-brutalmonday-palacio-pioneros-03-550x367.jpg 550w, https:\/\/stepienybarno.es\/blog\/wp-content\/uploads\/2019\/02\/stepienybarno-brutalmonday-palacio-pioneros-03-180x120.jpg 180w, https:\/\/stepienybarno.es\/blog\/wp-content\/uploads\/2019\/02\/stepienybarno-brutalmonday-palacio-pioneros-03-1024x683.jpg 1024w, https:\/\/stepienybarno.es\/blog\/wp-content\/uploads\/2019\/02\/stepienybarno-brutalmonday-palacio-pioneros-03-316x211.jpg 316w, https:\/\/stepienybarno.es\/blog\/wp-content\/uploads\/2019\/02\/stepienybarno-brutalmonday-palacio-pioneros-03.jpg 1080w\" sizes=\"(max-width: 550px) 100vw, 550px\" \/><p id=\"caption-attachment-34885\" class=\"wp-caption-text\">Foto: www.kathmanduandbeyond.com<\/p><\/div>\n<p>&nbsp;<\/p>\n<p style=\"text-align: center;\">Acceder al Art\u00edculo <a href=\"http:\/\/bit.ly\/2WsgSRP\" target=\"_blank\" rel=\"noopener\">AQU\u00cd<\/a> (<a href=\"http:\/\/architectuul.com\" target=\"_blank\" rel=\"noopener\">architectuul<\/a>)<\/p>\n<p style=\"text-align: center;\">Acceder a fotograf\u00edas del interior <a href=\"http:\/\/bit.ly\/2Wj970g\" target=\"_blank\" rel=\"noopener\">AQU\u00cd<\/a> (<a href=\"http:\/\/www.kathmanduandbeyond.com\" target=\"_blank\" rel=\"noopener\">kathmanduandbeyond<\/a>)<\/p>\n<p>&nbsp;<\/p>\n<hr \/>\n<h2 class=\"gmail-gallery-slide-article__caption-header\">Estaci\u00f3n de autobuses de Casar de C\u00e1ceres<\/h2>\n<p>Por: <a href=\"http:\/\/www.justogarcia.com\/\" target=\"_blank\" rel=\"noopener\">Justo Garc\u00eda Rubio<\/a><\/p>\n<p>A\u00f1o: 2004<\/p>\n<div id=\"attachment_34872\" style=\"width: 560px\" class=\"wp-caption aligncenter\"><img loading=\"lazy\" decoding=\"async\" aria-describedby=\"caption-attachment-34872\" class=\"wp-image-34872 size-medium\" src=\"https:\/\/stepienybarno.es\/blog\/wp-content\/uploads\/2019\/02\/stepienybarno-brutalmonday-casar-caceres-juan-diaz-bernardo-01-550x304.jpg\" alt=\"\" width=\"550\" height=\"304\" srcset=\"https:\/\/stepienybarno.es\/blog\/wp-content\/uploads\/2019\/02\/stepienybarno-brutalmonday-casar-caceres-juan-diaz-bernardo-01-550x304.jpg 550w, https:\/\/stepienybarno.es\/blog\/wp-content\/uploads\/2019\/02\/stepienybarno-brutalmonday-casar-caceres-juan-diaz-bernardo-01-180x100.jpg 180w, https:\/\/stepienybarno.es\/blog\/wp-content\/uploads\/2019\/02\/stepienybarno-brutalmonday-casar-caceres-juan-diaz-bernardo-01-316x175.jpg 316w, https:\/\/stepienybarno.es\/blog\/wp-content\/uploads\/2019\/02\/stepienybarno-brutalmonday-casar-caceres-juan-diaz-bernardo-01.jpg 660w\" sizes=\"(max-width: 550px) 100vw, 550px\" \/><p id=\"caption-attachment-34872\" class=\"wp-caption-text\">\u00a9 Diputaci\u00f3n de C\u00e1ceres. Foto: Juan D\u00edaz Bernardo<\/p><\/div>\n<p>&nbsp;<\/p>\n<div id=\"attachment_34870\" style=\"width: 560px\" class=\"wp-caption aligncenter\"><img loading=\"lazy\" decoding=\"async\" aria-describedby=\"caption-attachment-34870\" class=\"size-medium wp-image-34870\" src=\"https:\/\/stepienybarno.es\/blog\/wp-content\/uploads\/2019\/02\/stepienybarno-brutalmonday-casar-caceres-amqr-02-550x317.jpg\" alt=\"\" width=\"550\" height=\"317\" srcset=\"https:\/\/stepienybarno.es\/blog\/wp-content\/uploads\/2019\/02\/stepienybarno-brutalmonday-casar-caceres-amqr-02-550x317.jpg 550w, https:\/\/stepienybarno.es\/blog\/wp-content\/uploads\/2019\/02\/stepienybarno-brutalmonday-casar-caceres-amqr-02-180x104.jpg 180w, https:\/\/stepienybarno.es\/blog\/wp-content\/uploads\/2019\/02\/stepienybarno-brutalmonday-casar-caceres-amqr-02-316x182.jpg 316w, https:\/\/stepienybarno.es\/blog\/wp-content\/uploads\/2019\/02\/stepienybarno-brutalmonday-casar-caceres-amqr-02.jpg 700w\" sizes=\"(max-width: 550px) 100vw, 550px\" \/><p id=\"caption-attachment-34870\" class=\"wp-caption-text\">Foto: http:\/\/amqr.blogspot.com<\/p><\/div>\n<p>&nbsp;<\/p>\n<div id=\"attachment_34871\" style=\"width: 560px\" class=\"wp-caption aligncenter\"><img loading=\"lazy\" decoding=\"async\" aria-describedby=\"caption-attachment-34871\" class=\"size-medium wp-image-34871\" src=\"https:\/\/stepienybarno.es\/blog\/wp-content\/uploads\/2019\/02\/stepienybarno-brutalmonday-casar-caceres-flickrmuffin-01-550x331.jpg\" alt=\"\" width=\"550\" height=\"331\" srcset=\"https:\/\/stepienybarno.es\/blog\/wp-content\/uploads\/2019\/02\/stepienybarno-brutalmonday-casar-caceres-flickrmuffin-01-550x331.jpg 550w, https:\/\/stepienybarno.es\/blog\/wp-content\/uploads\/2019\/02\/stepienybarno-brutalmonday-casar-caceres-flickrmuffin-01-180x108.jpg 180w, https:\/\/stepienybarno.es\/blog\/wp-content\/uploads\/2019\/02\/stepienybarno-brutalmonday-casar-caceres-flickrmuffin-01-316x190.jpg 316w, https:\/\/stepienybarno.es\/blog\/wp-content\/uploads\/2019\/02\/stepienybarno-brutalmonday-casar-caceres-flickrmuffin-01.jpg 665w\" sizes=\"(max-width: 550px) 100vw, 550px\" \/><p id=\"caption-attachment-34871\" class=\"wp-caption-text\">Foto: Muffin (flickr)<\/p><\/div>\n<div class=\"mceTemp\"><\/div>\n<h3 style=\"text-align: center;\">Acceder al Art\u00edculo\u00a0<a href=\"http:\/\/bit.ly\/2TnBLvh\" target=\"_blank\" rel=\"noopener\">AQU\u00cd<\/a><\/h3>\n<p style=\"text-align: center;\">Desde: <a href=\"https:\/\/www.eleconomista.es\/\" target=\"_blank\" rel=\"noopener\">El Economista<\/a><\/p>\n<p style=\"text-align: center;\">Autor del Art\u00edculo:\u00a0<a href=\"http:\/\/www.pedrotorrijos.com\/\" target=\"_blank\" rel=\"noopener\">Pedro Torrijos<\/a>)<\/p>\n<h2><\/h2>\n<hr \/>\n<h2 class=\"gmail-gallery-slide-article__caption-header\">Palmas 555<\/h2>\n<p>Por: <a href=\"http:\/\/www.sordomadaleno.com\" target=\"_blank\" rel=\"noopener\">Sordo Madaleno Arquitectos<\/a><\/p>\n<p>A\u00f1o: 1975<\/p>\n<div id=\"attachment_34856\" style=\"width: 560px\" class=\"wp-caption aligncenter\"><img loading=\"lazy\" decoding=\"async\" aria-describedby=\"caption-attachment-34856\" class=\"size-medium wp-image-34856\" src=\"https:\/\/stepienybarno.es\/blog\/wp-content\/uploads\/2019\/02\/stepienybarno-brutalmonday-palmas555-01-550x334.jpg\" alt=\"\" width=\"550\" height=\"334\" srcset=\"https:\/\/stepienybarno.es\/blog\/wp-content\/uploads\/2019\/02\/stepienybarno-brutalmonday-palmas555-01-550x334.jpg 550w, https:\/\/stepienybarno.es\/blog\/wp-content\/uploads\/2019\/02\/stepienybarno-brutalmonday-palmas555-01-180x109.jpg 180w, https:\/\/stepienybarno.es\/blog\/wp-content\/uploads\/2019\/02\/stepienybarno-brutalmonday-palmas555-01-316x192.jpg 316w, https:\/\/stepienybarno.es\/blog\/wp-content\/uploads\/2019\/02\/stepienybarno-brutalmonday-palmas555-01.jpg 1000w\" sizes=\"(max-width: 550px) 100vw, 550px\" \/><p id=\"caption-attachment-34856\" class=\"wp-caption-text\">Foto: Sordo Madaleno<\/p><\/div>\n<p>&nbsp;<\/p>\n<div id=\"attachment_34857\" style=\"width: 499px\" class=\"wp-caption aligncenter\"><img loading=\"lazy\" decoding=\"async\" aria-describedby=\"caption-attachment-34857\" class=\"size-medium wp-image-34857\" src=\"https:\/\/stepienybarno.es\/blog\/wp-content\/uploads\/2019\/02\/stepienybarno-brutalmonday-palmas555-02-489x550.jpg\" alt=\"\" width=\"489\" height=\"550\" srcset=\"https:\/\/stepienybarno.es\/blog\/wp-content\/uploads\/2019\/02\/stepienybarno-brutalmonday-palmas555-02-489x550.jpg 489w, https:\/\/stepienybarno.es\/blog\/wp-content\/uploads\/2019\/02\/stepienybarno-brutalmonday-palmas555-02-160x180.jpg 160w, https:\/\/stepienybarno.es\/blog\/wp-content\/uploads\/2019\/02\/stepienybarno-brutalmonday-palmas555-02-316x356.jpg 316w, https:\/\/stepienybarno.es\/blog\/wp-content\/uploads\/2019\/02\/stepienybarno-brutalmonday-palmas555-02.jpg 560w\" sizes=\"(max-width: 489px) 100vw, 489px\" \/><p id=\"caption-attachment-34857\" class=\"wp-caption-text\">Foto: Sordo Madaleno<\/p><\/div>\n<p>&nbsp;<\/p>\n<div id=\"attachment_34858\" style=\"width: 560px\" class=\"wp-caption aligncenter\"><img loading=\"lazy\" decoding=\"async\" aria-describedby=\"caption-attachment-34858\" class=\"size-medium wp-image-34858\" src=\"https:\/\/stepienybarno.es\/blog\/wp-content\/uploads\/2019\/02\/stepienybarno-brutalmonday-palmas555-03-550x333.jpg\" alt=\"\" width=\"550\" height=\"333\" srcset=\"https:\/\/stepienybarno.es\/blog\/wp-content\/uploads\/2019\/02\/stepienybarno-brutalmonday-palmas555-03-550x333.jpg 550w, https:\/\/stepienybarno.es\/blog\/wp-content\/uploads\/2019\/02\/stepienybarno-brutalmonday-palmas555-03-180x109.jpg 180w, https:\/\/stepienybarno.es\/blog\/wp-content\/uploads\/2019\/02\/stepienybarno-brutalmonday-palmas555-03-1024x620.jpg 1024w, https:\/\/stepienybarno.es\/blog\/wp-content\/uploads\/2019\/02\/stepienybarno-brutalmonday-palmas555-03-316x191.jpg 316w, https:\/\/stepienybarno.es\/blog\/wp-content\/uploads\/2019\/02\/stepienybarno-brutalmonday-palmas555-03.jpg 1664w\" sizes=\"(max-width: 550px) 100vw, 550px\" \/><p id=\"caption-attachment-34858\" class=\"wp-caption-text\">Foto: Sordo Madaleno<\/p><\/div>\n<p>&nbsp;<\/p>\n<p style=\"text-align: center;\">Acceder al Proyecto <a href=\"http:\/\/bit.ly\/2JtskLl\" target=\"_blank\" rel=\"noopener\">AQU\u00cd<\/a><\/p>\n<p>&nbsp;<\/p>\n<hr \/>\n<h2 class=\"gallery-slide-article__caption-header\">Chiesa del Santo Volto<\/h2>\n<p>Por: Mario Botta<\/p>\n<p>A\u00f1o: 2006<\/p>\n<p>Desde: <a href=\"http:\/\/www.infobuild.it\" target=\"_blank\" rel=\"noopener\">Infobuild<\/a><\/p>\n<div class=\"mceTemp\"><\/div>\n<div id=\"attachment_34832\" style=\"width: 560px\" class=\"wp-caption aligncenter\"><img loading=\"lazy\" decoding=\"async\" aria-describedby=\"caption-attachment-34832\" class=\"size-medium wp-image-34832\" src=\"https:\/\/stepienybarno.es\/blog\/wp-content\/uploads\/2019\/02\/stepienybarno-lunes-brutal-chiesa-santo-volto-infobuilt-03-550x367.jpg\" alt=\"\" width=\"550\" height=\"367\" srcset=\"https:\/\/stepienybarno.es\/blog\/wp-content\/uploads\/2019\/02\/stepienybarno-lunes-brutal-chiesa-santo-volto-infobuilt-03-550x367.jpg 550w, https:\/\/stepienybarno.es\/blog\/wp-content\/uploads\/2019\/02\/stepienybarno-lunes-brutal-chiesa-santo-volto-infobuilt-03-180x120.jpg 180w, https:\/\/stepienybarno.es\/blog\/wp-content\/uploads\/2019\/02\/stepienybarno-lunes-brutal-chiesa-santo-volto-infobuilt-03-316x211.jpg 316w, https:\/\/stepienybarno.es\/blog\/wp-content\/uploads\/2019\/02\/stepienybarno-lunes-brutal-chiesa-santo-volto-infobuilt-03.jpg 600w\" sizes=\"(max-width: 550px) 100vw, 550px\" \/><p id=\"caption-attachment-34832\" class=\"wp-caption-text\">Foto: Enrico Cano<\/p><\/div>\n<p>&nbsp;<\/p>\n<div id=\"attachment_34831\" style=\"width: 560px\" class=\"wp-caption aligncenter\"><img loading=\"lazy\" decoding=\"async\" aria-describedby=\"caption-attachment-34831\" class=\"size-medium wp-image-34831\" src=\"https:\/\/stepienybarno.es\/blog\/wp-content\/uploads\/2019\/02\/stepienybarno-lunes-brutal-chiesa-santo-volto-infobuilt-02-550x386.jpg\" alt=\"\" width=\"550\" height=\"386\" srcset=\"https:\/\/stepienybarno.es\/blog\/wp-content\/uploads\/2019\/02\/stepienybarno-lunes-brutal-chiesa-santo-volto-infobuilt-02-550x386.jpg 550w, https:\/\/stepienybarno.es\/blog\/wp-content\/uploads\/2019\/02\/stepienybarno-lunes-brutal-chiesa-santo-volto-infobuilt-02-180x126.jpg 180w, https:\/\/stepienybarno.es\/blog\/wp-content\/uploads\/2019\/02\/stepienybarno-lunes-brutal-chiesa-santo-volto-infobuilt-02-316x222.jpg 316w, https:\/\/stepienybarno.es\/blog\/wp-content\/uploads\/2019\/02\/stepienybarno-lunes-brutal-chiesa-santo-volto-infobuilt-02.jpg 600w\" sizes=\"(max-width: 550px) 100vw, 550px\" \/><p id=\"caption-attachment-34831\" class=\"wp-caption-text\">Foto: Enrico Cano<\/p><\/div>\n<p>&nbsp;<\/p>\n<div id=\"attachment_34830\" style=\"width: 560px\" class=\"wp-caption aligncenter\"><img loading=\"lazy\" decoding=\"async\" aria-describedby=\"caption-attachment-34830\" class=\"size-medium wp-image-34830\" src=\"https:\/\/stepienybarno.es\/blog\/wp-content\/uploads\/2019\/02\/stepienybarno-lunes-brutal-chiesa-santo-volto-infobuilt-01-550x369.jpg\" alt=\"\" width=\"550\" height=\"369\" srcset=\"https:\/\/stepienybarno.es\/blog\/wp-content\/uploads\/2019\/02\/stepienybarno-lunes-brutal-chiesa-santo-volto-infobuilt-01-550x369.jpg 550w, https:\/\/stepienybarno.es\/blog\/wp-content\/uploads\/2019\/02\/stepienybarno-lunes-brutal-chiesa-santo-volto-infobuilt-01-180x121.jpg 180w, https:\/\/stepienybarno.es\/blog\/wp-content\/uploads\/2019\/02\/stepienybarno-lunes-brutal-chiesa-santo-volto-infobuilt-01-316x212.jpg 316w, https:\/\/stepienybarno.es\/blog\/wp-content\/uploads\/2019\/02\/stepienybarno-lunes-brutal-chiesa-santo-volto-infobuilt-01.jpg 600w\" sizes=\"(max-width: 550px) 100vw, 550px\" \/><p id=\"caption-attachment-34830\" class=\"wp-caption-text\">Foto: Enrico Cano<\/p><\/div>\n<div class=\"mceTemp\"><\/div>\n<p style=\"text-align: center;\">Acceder al Proyecto <a href=\"http:\/\/bit.ly\/2HwrBXM\" target=\"_blank\" rel=\"noopener\">AQU\u00cd<\/a><\/p>\n<p>&nbsp;<\/p>\n<hr \/>\n<h2 class=\"gallery-slide-article__caption-header\">Centro de Exposiciones del Centro Administrativo de Bah\u00eda<\/h2>\n<p>Por:\u00a0Jo\u00e3o Filgueiras Lima<\/p>\n<p>A\u00f1o: 1974<\/p>\n<p>Desde: <a href=\"http:\/\/www.sosbrutalism.org\" target=\"_blank\" rel=\"noopener\">Sos Brutalism<\/a><\/p>\n<div id=\"attachment_34808\" style=\"width: 560px\" class=\"wp-caption aligncenter\"><img loading=\"lazy\" decoding=\"async\" aria-describedby=\"caption-attachment-34808\" class=\"size-medium wp-image-34808\" src=\"https:\/\/stepienybarno.es\/blog\/wp-content\/uploads\/2019\/02\/stepienybarno-brutal-monday-centro-exposiciones-bahia-filgueiras-lima-01-550x406.jpg\" alt=\"\" width=\"550\" height=\"406\" srcset=\"https:\/\/stepienybarno.es\/blog\/wp-content\/uploads\/2019\/02\/stepienybarno-brutal-monday-centro-exposiciones-bahia-filgueiras-lima-01-550x406.jpg 550w, https:\/\/stepienybarno.es\/blog\/wp-content\/uploads\/2019\/02\/stepienybarno-brutal-monday-centro-exposiciones-bahia-filgueiras-lima-01-180x133.jpg 180w, https:\/\/stepienybarno.es\/blog\/wp-content\/uploads\/2019\/02\/stepienybarno-brutal-monday-centro-exposiciones-bahia-filgueiras-lima-01-316x233.jpg 316w, https:\/\/stepienybarno.es\/blog\/wp-content\/uploads\/2019\/02\/stepienybarno-brutal-monday-centro-exposiciones-bahia-filgueiras-lima-01.jpg 821w\" sizes=\"(max-width: 550px) 100vw, 550px\" \/><p id=\"caption-attachment-34808\" class=\"wp-caption-text\">Foto: Jorn Konijn \u00a9<\/p><\/div>\n<div id=\"attachment_34809\" style=\"width: 560px\" class=\"wp-caption aligncenter\"><img loading=\"lazy\" decoding=\"async\" aria-describedby=\"caption-attachment-34809\" class=\"size-medium wp-image-34809\" src=\"https:\/\/stepienybarno.es\/blog\/wp-content\/uploads\/2019\/02\/stepienybarno-brutal-monday-centro-exposiciones-bahia-filgueiras-lima-03-550x370.jpg\" alt=\"\" width=\"550\" height=\"370\" srcset=\"https:\/\/stepienybarno.es\/blog\/wp-content\/uploads\/2019\/02\/stepienybarno-brutal-monday-centro-exposiciones-bahia-filgueiras-lima-03-550x370.jpg 550w, https:\/\/stepienybarno.es\/blog\/wp-content\/uploads\/2019\/02\/stepienybarno-brutal-monday-centro-exposiciones-bahia-filgueiras-lima-03-180x121.jpg 180w, https:\/\/stepienybarno.es\/blog\/wp-content\/uploads\/2019\/02\/stepienybarno-brutal-monday-centro-exposiciones-bahia-filgueiras-lima-03-316x212.jpg 316w, https:\/\/stepienybarno.es\/blog\/wp-content\/uploads\/2019\/02\/stepienybarno-brutal-monday-centro-exposiciones-bahia-filgueiras-lima-03.jpg 821w\" sizes=\"(max-width: 550px) 100vw, 550px\" \/><p id=\"caption-attachment-34809\" class=\"wp-caption-text\">Fotos: Jorn Konijn \u00a9<\/p><\/div>\n<div id=\"attachment_34807\" style=\"width: 560px\" class=\"wp-caption alignnone\"><img loading=\"lazy\" decoding=\"async\" aria-describedby=\"caption-attachment-34807\" class=\"wp-image-34807 size-medium\" src=\"https:\/\/stepienybarno.es\/blog\/wp-content\/uploads\/2019\/02\/stepienybarno-brutal-monday-centro-exposiciones-bahia-filgueiras-lima-02-550x316.jpg\" alt=\"\" width=\"550\" height=\"316\" srcset=\"https:\/\/stepienybarno.es\/blog\/wp-content\/uploads\/2019\/02\/stepienybarno-brutal-monday-centro-exposiciones-bahia-filgueiras-lima-02-550x316.jpg 550w, https:\/\/stepienybarno.es\/blog\/wp-content\/uploads\/2019\/02\/stepienybarno-brutal-monday-centro-exposiciones-bahia-filgueiras-lima-02-180x103.jpg 180w, https:\/\/stepienybarno.es\/blog\/wp-content\/uploads\/2019\/02\/stepienybarno-brutal-monday-centro-exposiciones-bahia-filgueiras-lima-02-316x182.jpg 316w, https:\/\/stepienybarno.es\/blog\/wp-content\/uploads\/2019\/02\/stepienybarno-brutal-monday-centro-exposiciones-bahia-filgueiras-lima-02.jpg 821w\" sizes=\"(max-width: 550px) 100vw, 550px\" \/><p id=\"caption-attachment-34807\" class=\"wp-caption-text\">Foto: Jorn Konijn \u00a9<\/p><\/div>\n<div class=\"mceTemp\"><\/div>\n<p>Acceder al Proyecto <a href=\"http:\/\/bit.ly\/2JnSb79\" target=\"_blank\" rel=\"noopener\">AQU\u00cd<\/a><\/p>\n<h2><\/h2>\n<hr \/>\n<h2>Corona de Espinas<\/h2>\n<p>Por: <a href=\"http:\/\/fernandohigueras.org\/\" target=\"_blank\" rel=\"noopener\">Fernando Higueras<\/a><\/p>\n<p>A\u00f1o: 1966<\/p>\n<p>Desde: <a href=\"http:\/\/caminandopormadrid.blogspot.com\" target=\"_blank\" rel=\"noopener\">Caminando por Madrid<\/a><\/p>\n<p><img loading=\"lazy\" decoding=\"async\" class=\"aligncenter size-medium wp-image-34800\" src=\"https:\/\/stepienybarno.es\/blog\/wp-content\/uploads\/2019\/02\/stepienybarno-lunes-brutal-coronadeespinas-higueras-02-550x309.jpg\" alt=\"\" width=\"550\" height=\"309\" srcset=\"https:\/\/stepienybarno.es\/blog\/wp-content\/uploads\/2019\/02\/stepienybarno-lunes-brutal-coronadeespinas-higueras-02-550x309.jpg 550w, https:\/\/stepienybarno.es\/blog\/wp-content\/uploads\/2019\/02\/stepienybarno-lunes-brutal-coronadeespinas-higueras-02-180x101.jpg 180w, https:\/\/stepienybarno.es\/blog\/wp-content\/uploads\/2019\/02\/stepienybarno-lunes-brutal-coronadeespinas-higueras-02-316x178.jpg 316w, https:\/\/stepienybarno.es\/blog\/wp-content\/uploads\/2019\/02\/stepienybarno-lunes-brutal-coronadeespinas-higueras-02.jpg 800w\" sizes=\"(max-width: 550px) 100vw, 550px\" \/><\/p>\n<p><img loading=\"lazy\" decoding=\"async\" class=\"aligncenter size-medium wp-image-34801\" src=\"https:\/\/stepienybarno.es\/blog\/wp-content\/uploads\/2019\/02\/stepienybarno-lunes-brutal-coronadeespinas-higueras-03-550x309.jpg\" alt=\"\" width=\"550\" height=\"309\" srcset=\"https:\/\/stepienybarno.es\/blog\/wp-content\/uploads\/2019\/02\/stepienybarno-lunes-brutal-coronadeespinas-higueras-03-550x309.jpg 550w, https:\/\/stepienybarno.es\/blog\/wp-content\/uploads\/2019\/02\/stepienybarno-lunes-brutal-coronadeespinas-higueras-03-180x101.jpg 180w, https:\/\/stepienybarno.es\/blog\/wp-content\/uploads\/2019\/02\/stepienybarno-lunes-brutal-coronadeespinas-higueras-03-316x178.jpg 316w, https:\/\/stepienybarno.es\/blog\/wp-content\/uploads\/2019\/02\/stepienybarno-lunes-brutal-coronadeespinas-higueras-03.jpg 800w\" sizes=\"(max-width: 550px) 100vw, 550px\" \/><\/p>\n<p><img loading=\"lazy\" decoding=\"async\" class=\"aligncenter size-medium wp-image-34802\" src=\"https:\/\/stepienybarno.es\/blog\/wp-content\/uploads\/2019\/02\/stepienybarno-lunes-brutal-coronadeespinas-higueras-550x309.jpg\" alt=\"\" width=\"550\" height=\"309\" srcset=\"https:\/\/stepienybarno.es\/blog\/wp-content\/uploads\/2019\/02\/stepienybarno-lunes-brutal-coronadeespinas-higueras-550x309.jpg 550w, https:\/\/stepienybarno.es\/blog\/wp-content\/uploads\/2019\/02\/stepienybarno-lunes-brutal-coronadeespinas-higueras-180x101.jpg 180w, https:\/\/stepienybarno.es\/blog\/wp-content\/uploads\/2019\/02\/stepienybarno-lunes-brutal-coronadeespinas-higueras-316x178.jpg 316w, https:\/\/stepienybarno.es\/blog\/wp-content\/uploads\/2019\/02\/stepienybarno-lunes-brutal-coronadeespinas-higueras.jpg 800w\" sizes=\"(max-width: 550px) 100vw, 550px\" \/><\/p>\n<p>&nbsp;<\/p>\n<p>Acceder al Proyecto <a href=\"http:\/\/bit.ly\/2UGEEZP\" target=\"_blank\" rel=\"noopener\">AQU\u00cd<\/a><\/p>\n<p>&nbsp;<\/p>\n<hr \/>\n<h2>Alexandra Road<\/h2>\n<p>Por: <a href=\"http:\/\/www.neavebrown.com\/\" target=\"_blank\" rel=\"noopener\">Neave Brown<\/a><\/p>\n<p>A\u00f1o: 1979<\/p>\n<p>Desde: <a href=\"https:\/\/es.wikiarquitectura.com\" target=\"_blank\" rel=\"noopener\">Wikiarquitectura<\/a><\/p>\n<p><img loading=\"lazy\" decoding=\"async\" class=\"aligncenter size-medium wp-image-34553\" src=\"https:\/\/stepienybarno.es\/blog\/wp-content\/uploads\/2019\/02\/Stepienybarno-alexandra-road-brutalmonday-PostDelDia-01-550x288.jpg\" alt=\"\" width=\"550\" height=\"288\" srcset=\"https:\/\/stepienybarno.es\/blog\/wp-content\/uploads\/2019\/02\/Stepienybarno-alexandra-road-brutalmonday-PostDelDia-01-550x288.jpg 550w, https:\/\/stepienybarno.es\/blog\/wp-content\/uploads\/2019\/02\/Stepienybarno-alexandra-road-brutalmonday-PostDelDia-01-180x94.jpg 180w, https:\/\/stepienybarno.es\/blog\/wp-content\/uploads\/2019\/02\/Stepienybarno-alexandra-road-brutalmonday-PostDelDia-01.jpg 1024w, https:\/\/stepienybarno.es\/blog\/wp-content\/uploads\/2019\/02\/Stepienybarno-alexandra-road-brutalmonday-PostDelDia-01-316x165.jpg 316w\" sizes=\"(max-width: 550px) 100vw, 550px\" \/><\/p>\n<p><img loading=\"lazy\" decoding=\"async\" class=\"aligncenter size-medium wp-image-34554\" src=\"https:\/\/stepienybarno.es\/blog\/wp-content\/uploads\/2019\/02\/Stepienybarno-alexandra-road-brutalmonday-PostDelDia-02-550x367.jpg\" alt=\"\" width=\"550\" height=\"367\" srcset=\"https:\/\/stepienybarno.es\/blog\/wp-content\/uploads\/2019\/02\/Stepienybarno-alexandra-road-brutalmonday-PostDelDia-02-550x367.jpg 550w, https:\/\/stepienybarno.es\/blog\/wp-content\/uploads\/2019\/02\/Stepienybarno-alexandra-road-brutalmonday-PostDelDia-02-180x120.jpg 180w, https:\/\/stepienybarno.es\/blog\/wp-content\/uploads\/2019\/02\/Stepienybarno-alexandra-road-brutalmonday-PostDelDia-02.jpg 1024w, https:\/\/stepienybarno.es\/blog\/wp-content\/uploads\/2019\/02\/Stepienybarno-alexandra-road-brutalmonday-PostDelDia-02-316x211.jpg 316w\" sizes=\"(max-width: 550px) 100vw, 550px\" \/><\/p>\n<p><img loading=\"lazy\" decoding=\"async\" class=\"aligncenter size-medium wp-image-34555\" src=\"https:\/\/stepienybarno.es\/blog\/wp-content\/uploads\/2019\/02\/Stepienybarno-alexandra-road-brutalmonday-PostDelDia-03-550x186.jpg\" alt=\"\" width=\"550\" height=\"186\" srcset=\"https:\/\/stepienybarno.es\/blog\/wp-content\/uploads\/2019\/02\/Stepienybarno-alexandra-road-brutalmonday-PostDelDia-03-550x186.jpg 550w, https:\/\/stepienybarno.es\/blog\/wp-content\/uploads\/2019\/02\/Stepienybarno-alexandra-road-brutalmonday-PostDelDia-03-180x61.jpg 180w, https:\/\/stepienybarno.es\/blog\/wp-content\/uploads\/2019\/02\/Stepienybarno-alexandra-road-brutalmonday-PostDelDia-03-316x107.jpg 316w, https:\/\/stepienybarno.es\/blog\/wp-content\/uploads\/2019\/02\/Stepienybarno-alexandra-road-brutalmonday-PostDelDia-03.jpg 576w\" sizes=\"(max-width: 550px) 100vw, 550px\" \/><\/p>\n<p>&nbsp;<\/p>\n<p style=\"text-align: center;\">Acceder al Proyecto <a href=\"http:\/\/bit.ly\/2Nxujwo\" target=\"_blank\" rel=\"noopener\">AQU\u00cd<\/a><\/p>\n<p>&nbsp;<\/p>\n<hr \/>\n<h2>Ayuntamiento de Boston<\/h2>\n<p>Por: Kallmann, McKinnell, &amp; Knowles<\/p>\n<p>A\u00f1o: 1968<\/p>\n<p>Desde: <a href=\"http:\/\/www.archdaily.com\" target=\"_blank\" rel=\"noopener\">Archdaily\u00a0<\/a><\/p>\n<p><img loading=\"lazy\" decoding=\"async\" class=\"aligncenter size-medium wp-image-34485\" src=\"https:\/\/stepienybarno.es\/blog\/wp-content\/uploads\/2019\/02\/Stepienybarno-boston-city-hall-mckinnell-knowles-kallmann-brutalmonday-PostDelDia-02-550x304.jpg\" alt=\"\" width=\"550\" height=\"304\" srcset=\"https:\/\/stepienybarno.es\/blog\/wp-content\/uploads\/2019\/02\/Stepienybarno-boston-city-hall-mckinnell-knowles-kallmann-brutalmonday-PostDelDia-02-550x304.jpg 550w, https:\/\/stepienybarno.es\/blog\/wp-content\/uploads\/2019\/02\/Stepienybarno-boston-city-hall-mckinnell-knowles-kallmann-brutalmonday-PostDelDia-02-180x99.jpg 180w, https:\/\/stepienybarno.es\/blog\/wp-content\/uploads\/2019\/02\/Stepienybarno-boston-city-hall-mckinnell-knowles-kallmann-brutalmonday-PostDelDia-02-1024x566.jpg 1024w, https:\/\/stepienybarno.es\/blog\/wp-content\/uploads\/2019\/02\/Stepienybarno-boston-city-hall-mckinnell-knowles-kallmann-brutalmonday-PostDelDia-02-316x175.jpg 316w, https:\/\/stepienybarno.es\/blog\/wp-content\/uploads\/2019\/02\/Stepienybarno-boston-city-hall-mckinnell-knowles-kallmann-brutalmonday-PostDelDia-02.jpg 1582w\" sizes=\"(max-width: 550px) 100vw, 550px\" \/><\/p>\n<p><img loading=\"lazy\" decoding=\"async\" class=\"aligncenter size-medium wp-image-34484\" src=\"https:\/\/stepienybarno.es\/blog\/wp-content\/uploads\/2019\/02\/Stepienybarno-boston-city-hall-mckinnell-knowles-kallmann-brutalmonday-PostDelDia-01-550x366.jpg\" alt=\"\" width=\"550\" height=\"366\" srcset=\"https:\/\/stepienybarno.es\/blog\/wp-content\/uploads\/2019\/02\/Stepienybarno-boston-city-hall-mckinnell-knowles-kallmann-brutalmonday-PostDelDia-01-550x366.jpg 550w, https:\/\/stepienybarno.es\/blog\/wp-content\/uploads\/2019\/02\/Stepienybarno-boston-city-hall-mckinnell-knowles-kallmann-brutalmonday-PostDelDia-01-180x120.jpg 180w, https:\/\/stepienybarno.es\/blog\/wp-content\/uploads\/2019\/02\/Stepienybarno-boston-city-hall-mckinnell-knowles-kallmann-brutalmonday-PostDelDia-01-316x210.jpg 316w, https:\/\/stepienybarno.es\/blog\/wp-content\/uploads\/2019\/02\/Stepienybarno-boston-city-hall-mckinnell-knowles-kallmann-brutalmonday-PostDelDia-01.jpg 937w\" sizes=\"(max-width: 550px) 100vw, 550px\" \/><\/p>\n<p><img loading=\"lazy\" decoding=\"async\" class=\"aligncenter size-medium wp-image-34486\" src=\"https:\/\/stepienybarno.es\/blog\/wp-content\/uploads\/2019\/02\/Stepienybarno-boston-city-hall-mckinnell-knowles-kallmann-brutalmonday-PostDelDia-03-360x550.jpg\" alt=\"\" width=\"360\" height=\"550\" srcset=\"https:\/\/stepienybarno.es\/blog\/wp-content\/uploads\/2019\/02\/Stepienybarno-boston-city-hall-mckinnell-knowles-kallmann-brutalmonday-PostDelDia-03-360x550.jpg 360w, https:\/\/stepienybarno.es\/blog\/wp-content\/uploads\/2019\/02\/Stepienybarno-boston-city-hall-mckinnell-knowles-kallmann-brutalmonday-PostDelDia-03-118x180.jpg 118w, https:\/\/stepienybarno.es\/blog\/wp-content\/uploads\/2019\/02\/Stepienybarno-boston-city-hall-mckinnell-knowles-kallmann-brutalmonday-PostDelDia-03-458x700.jpg 458w, https:\/\/stepienybarno.es\/blog\/wp-content\/uploads\/2019\/02\/Stepienybarno-boston-city-hall-mckinnell-knowles-kallmann-brutalmonday-PostDelDia-03-262x400.jpg 262w, https:\/\/stepienybarno.es\/blog\/wp-content\/uploads\/2019\/02\/Stepienybarno-boston-city-hall-mckinnell-knowles-kallmann-brutalmonday-PostDelDia-03.jpg 624w\" sizes=\"(max-width: 360px) 100vw, 360px\" \/><\/p>\n<p style=\"text-align: center;\">Acceder al Proyecto <a href=\"http:\/\/bit.ly\/2T0Lahc\" target=\"_blank\" rel=\"noopener\">AQU\u00cd<\/a><\/p>\n<p>&nbsp;<\/p>\n<hr \/>\n<h2>Conjunto Barbican<\/h2>\n<p>Por:\u00a0Chamberlin, Powell y Bon.<\/p>\n<p>A\u00f1o:\u00a01963-1976<\/p>\n<p>Desde: <a href=\"https:\/\/wiki.ead.pucv.cl\/Casiopea\" target=\"_blank\" rel=\"noopener\">Casiopea<\/a><\/p>\n<h2><img loading=\"lazy\" decoding=\"async\" class=\"aligncenter size-medium wp-image-34426\" src=\"https:\/\/stepienybarno.es\/blog\/wp-content\/uploads\/2019\/02\/Stepienybarno-barbican-state-brutalmonday-PostDelDia-01-550x368.jpg\" alt=\"\" width=\"550\" height=\"368\" srcset=\"https:\/\/stepienybarno.es\/blog\/wp-content\/uploads\/2019\/02\/Stepienybarno-barbican-state-brutalmonday-PostDelDia-01-550x368.jpg 550w, https:\/\/stepienybarno.es\/blog\/wp-content\/uploads\/2019\/02\/Stepienybarno-barbican-state-brutalmonday-PostDelDia-01-180x120.jpg 180w, https:\/\/stepienybarno.es\/blog\/wp-content\/uploads\/2019\/02\/Stepienybarno-barbican-state-brutalmonday-PostDelDia-01-316x211.jpg 316w, https:\/\/stepienybarno.es\/blog\/wp-content\/uploads\/2019\/02\/Stepienybarno-barbican-state-brutalmonday-PostDelDia-01.jpg 640w\" sizes=\"(max-width: 550px) 100vw, 550px\" \/><\/h2>\n<p>&nbsp;<\/p>\n<p><img loading=\"lazy\" decoding=\"async\" class=\"size-full wp-image-34424 aligncenter\" src=\"https:\/\/stepienybarno.es\/blog\/wp-content\/uploads\/2019\/02\/Stepienybarno-barbican-state-brutalmonday-PostDelDia-03.jpg\" alt=\"\" width=\"480\" height=\"392\" srcset=\"https:\/\/stepienybarno.es\/blog\/wp-content\/uploads\/2019\/02\/Stepienybarno-barbican-state-brutalmonday-PostDelDia-03.jpg 480w, https:\/\/stepienybarno.es\/blog\/wp-content\/uploads\/2019\/02\/Stepienybarno-barbican-state-brutalmonday-PostDelDia-03-180x147.jpg 180w, https:\/\/stepienybarno.es\/blog\/wp-content\/uploads\/2019\/02\/Stepienybarno-barbican-state-brutalmonday-PostDelDia-03-316x258.jpg 316w\" sizes=\"(max-width: 480px) 100vw, 480px\" \/><\/p>\n<p style=\"text-align: center;\"><img loading=\"lazy\" decoding=\"async\" class=\"aligncenter size-medium wp-image-34425\" src=\"https:\/\/stepienybarno.es\/blog\/wp-content\/uploads\/2019\/02\/Stepienybarno-barbican-state-brutalmonday-PostDelDia-02.jpg\" alt=\"\" width=\"460\" height=\"276\" srcset=\"https:\/\/stepienybarno.es\/blog\/wp-content\/uploads\/2019\/02\/Stepienybarno-barbican-state-brutalmonday-PostDelDia-02.jpg 460w, https:\/\/stepienybarno.es\/blog\/wp-content\/uploads\/2019\/02\/Stepienybarno-barbican-state-brutalmonday-PostDelDia-02-180x108.jpg 180w, https:\/\/stepienybarno.es\/blog\/wp-content\/uploads\/2019\/02\/Stepienybarno-barbican-state-brutalmonday-PostDelDia-02-316x190.jpg 316w\" sizes=\"(max-width: 460px) 100vw, 460px\" \/><\/p>\n<p style=\"text-align: center;\">Acceder al Proyecto <a href=\"http:\/\/bit.ly\/2SS5YXU\" target=\"_blank\" rel=\"noopener\">AQU\u00cd<\/a><\/p>\n<p>&nbsp;<\/p>\n<hr \/>\n<blockquote><p>&nbsp;<\/p>\n<p>&nbsp;<\/p>\n<p><img loading=\"lazy\" decoding=\"async\" class=\"alignnone size-full wp-image-34823\" src=\"https:\/\/stepienybarno.es\/blog\/wp-content\/uploads\/2019\/02\/arquitectura-brutalista-juego-arquiregalos-stepienybarno.png\" alt=\"\" width=\"841\" height=\"350\" srcset=\"https:\/\/stepienybarno.es\/blog\/wp-content\/uploads\/2019\/02\/arquitectura-brutalista-juego-arquiregalos-stepienybarno.png 841w, https:\/\/stepienybarno.es\/blog\/wp-content\/uploads\/2019\/02\/arquitectura-brutalista-juego-arquiregalos-stepienybarno-180x75.png 180w, https:\/\/stepienybarno.es\/blog\/wp-content\/uploads\/2019\/02\/arquitectura-brutalista-juego-arquiregalos-stepienybarno-550x229.png 550w, https:\/\/stepienybarno.es\/blog\/wp-content\/uploads\/2019\/02\/arquitectura-brutalista-juego-arquiregalos-stepienybarno-316x132.png 316w\" sizes=\"(max-width: 841px) 100vw, 841px\" \/><\/p>\n<h2 style=\"text-align: center;\"><a href=\"https:\/\/regalosarquitectos.com\/producto\/brutal-east-construye-tu-propia-ciudad-brutalista\/\" target=\"_blank\" rel=\"noopener\">Acceder al\u00a0\u00a0recortable<\/a><\/h2>\n<p>&nbsp;<\/p>\n<hr \/>\n<\/blockquote>\n<h2>Druzhba Holiday Center<\/h2>\n<p>Por:\u00a0Igor Vasilevsku<\/p>\n<p>A\u00f1o: 1984<\/p>\n<p>Desde: im\u00e1genes\u00a0<a href=\"http:\/\/bit.ly\/2NdzzoT\" target=\"_blank\" rel=\"noopener\">Satan is my Lord<\/a>\u00a0&#8211; informaci\u00f3n <a href=\"http:\/\/www.alluringworld.com\" target=\"_blank\" rel=\"noopener\">AlluringWorld<\/a><\/p>\n<p><img loading=\"lazy\" decoding=\"async\" class=\"aligncenter size-medium wp-image-34419\" src=\"https:\/\/stepienybarno.es\/blog\/wp-content\/uploads\/2019\/02\/Stepienybarno-druzba-center-brutalmonday-PostDelDia-01-550x517.jpg\" alt=\"\" width=\"550\" height=\"517\" srcset=\"https:\/\/stepienybarno.es\/blog\/wp-content\/uploads\/2019\/02\/Stepienybarno-druzba-center-brutalmonday-PostDelDia-01-550x517.jpg 550w, https:\/\/stepienybarno.es\/blog\/wp-content\/uploads\/2019\/02\/Stepienybarno-druzba-center-brutalmonday-PostDelDia-01-180x169.jpg 180w, https:\/\/stepienybarno.es\/blog\/wp-content\/uploads\/2019\/02\/Stepienybarno-druzba-center-brutalmonday-PostDelDia-01-745x700.jpg 745w, https:\/\/stepienybarno.es\/blog\/wp-content\/uploads\/2019\/02\/Stepienybarno-druzba-center-brutalmonday-PostDelDia-01-316x297.jpg 316w, https:\/\/stepienybarno.es\/blog\/wp-content\/uploads\/2019\/02\/Stepienybarno-druzba-center-brutalmonday-PostDelDia-01.jpg 1100w\" sizes=\"(max-width: 550px) 100vw, 550px\" \/><\/p>\n<p><img loading=\"lazy\" decoding=\"async\" class=\"aligncenter size-medium wp-image-34420\" src=\"https:\/\/stepienybarno.es\/blog\/wp-content\/uploads\/2019\/02\/Stepienybarno-druzba-center-brutalmonday-PostDelDia-02-550x550.jpg\" alt=\"\" width=\"550\" height=\"550\" srcset=\"https:\/\/stepienybarno.es\/blog\/wp-content\/uploads\/2019\/02\/Stepienybarno-druzba-center-brutalmonday-PostDelDia-02-550x550.jpg 550w, https:\/\/stepienybarno.es\/blog\/wp-content\/uploads\/2019\/02\/Stepienybarno-druzba-center-brutalmonday-PostDelDia-02-180x180.jpg 180w, https:\/\/stepienybarno.es\/blog\/wp-content\/uploads\/2019\/02\/Stepienybarno-druzba-center-brutalmonday-PostDelDia-02-699x700.jpg 699w, https:\/\/stepienybarno.es\/blog\/wp-content\/uploads\/2019\/02\/Stepienybarno-druzba-center-brutalmonday-PostDelDia-02-224x224.jpg 224w, https:\/\/stepienybarno.es\/blog\/wp-content\/uploads\/2019\/02\/Stepienybarno-druzba-center-brutalmonday-PostDelDia-02-316x316.jpg 316w, https:\/\/stepienybarno.es\/blog\/wp-content\/uploads\/2019\/02\/Stepienybarno-druzba-center-brutalmonday-PostDelDia-02.jpg 1000w\" sizes=\"(max-width: 550px) 100vw, 550px\" \/><\/p>\n<p><img loading=\"lazy\" decoding=\"async\" class=\"aligncenter size-medium wp-image-34421\" src=\"https:\/\/stepienybarno.es\/blog\/wp-content\/uploads\/2019\/02\/Stepienybarno-druzba-center-brutalmonday-PostDelDia-03-550x355.jpg\" alt=\"\" width=\"550\" height=\"355\" srcset=\"https:\/\/stepienybarno.es\/blog\/wp-content\/uploads\/2019\/02\/Stepienybarno-druzba-center-brutalmonday-PostDelDia-03-550x355.jpg 550w, https:\/\/stepienybarno.es\/blog\/wp-content\/uploads\/2019\/02\/Stepienybarno-druzba-center-brutalmonday-PostDelDia-03-180x116.jpg 180w, https:\/\/stepienybarno.es\/blog\/wp-content\/uploads\/2019\/02\/Stepienybarno-druzba-center-brutalmonday-PostDelDia-03-1024x662.jpg 1024w, https:\/\/stepienybarno.es\/blog\/wp-content\/uploads\/2019\/02\/Stepienybarno-druzba-center-brutalmonday-PostDelDia-03-316x204.jpg 316w, https:\/\/stepienybarno.es\/blog\/wp-content\/uploads\/2019\/02\/Stepienybarno-druzba-center-brutalmonday-PostDelDia-03.jpg 1492w\" sizes=\"(max-width: 550px) 100vw, 550px\" \/><\/p>\n<p style=\"text-align: center;\">Acceder al Proyecto <a href=\"http:\/\/bit.ly\/2NdzzoT\" target=\"_blank\" rel=\"noopener\">AQU\u00cd (im\u00e1genes)<\/a> o <a href=\"http:\/\/bit.ly\/2Xgcwyr\" target=\"_blank\" rel=\"noopener\">AQU\u00cd (informaci\u00f3n)<\/a><\/p>\n<h2><\/h2>\n<hr \/>\n<h2>Sesc Pompeia<\/h2>\n<p>Por: Lina Bo Bardi<\/p>\n<p>A\u00f1o: 1977<\/p>\n<p>Desde: <a href=\"http:\/\/www.plataformaarquitectura.cl\" target=\"_blank\" rel=\"noopener\">Plataforma Arquitectura<\/a><\/p>\n<h2><img loading=\"lazy\" decoding=\"async\" class=\"aligncenter size-medium wp-image-34394\" src=\"https:\/\/stepienybarno.es\/blog\/wp-content\/uploads\/2019\/02\/Stepienybarno-sesc-pompeia-lina-bo-bardi-brutalmonday-PostDelDia-04-550x436.jpg\" alt=\"\" width=\"550\" height=\"436\" srcset=\"https:\/\/stepienybarno.es\/blog\/wp-content\/uploads\/2019\/02\/Stepienybarno-sesc-pompeia-lina-bo-bardi-brutalmonday-PostDelDia-04-550x436.jpg 550w, https:\/\/stepienybarno.es\/blog\/wp-content\/uploads\/2019\/02\/Stepienybarno-sesc-pompeia-lina-bo-bardi-brutalmonday-PostDelDia-04-180x143.jpg 180w, https:\/\/stepienybarno.es\/blog\/wp-content\/uploads\/2019\/02\/Stepienybarno-sesc-pompeia-lina-bo-bardi-brutalmonday-PostDelDia-04-316x250.jpg 316w, https:\/\/stepienybarno.es\/blog\/wp-content\/uploads\/2019\/02\/Stepienybarno-sesc-pompeia-lina-bo-bardi-brutalmonday-PostDelDia-04.jpg 800w\" sizes=\"(max-width: 550px) 100vw, 550px\" \/><\/h2>\n<h2><img loading=\"lazy\" decoding=\"async\" class=\"aligncenter size-medium wp-image-34392\" src=\"https:\/\/stepienybarno.es\/blog\/wp-content\/uploads\/2019\/02\/Stepienybarno-sesc-pompeia-lina-bo-bardi-brutalmonday-PostDelDia-02-550x367.jpg\" alt=\"\" width=\"550\" height=\"367\" srcset=\"https:\/\/stepienybarno.es\/blog\/wp-content\/uploads\/2019\/02\/Stepienybarno-sesc-pompeia-lina-bo-bardi-brutalmonday-PostDelDia-02-550x367.jpg 550w, https:\/\/stepienybarno.es\/blog\/wp-content\/uploads\/2019\/02\/Stepienybarno-sesc-pompeia-lina-bo-bardi-brutalmonday-PostDelDia-02-180x120.jpg 180w, https:\/\/stepienybarno.es\/blog\/wp-content\/uploads\/2019\/02\/Stepienybarno-sesc-pompeia-lina-bo-bardi-brutalmonday-PostDelDia-02-1024x683.jpg 1024w, https:\/\/stepienybarno.es\/blog\/wp-content\/uploads\/2019\/02\/Stepienybarno-sesc-pompeia-lina-bo-bardi-brutalmonday-PostDelDia-02-316x211.jpg 316w, https:\/\/stepienybarno.es\/blog\/wp-content\/uploads\/2019\/02\/Stepienybarno-sesc-pompeia-lina-bo-bardi-brutalmonday-PostDelDia-02.jpg 1500w\" sizes=\"(max-width: 550px) 100vw, 550px\" \/><\/h2>\n<h2><img loading=\"lazy\" decoding=\"async\" class=\"aligncenter size-medium wp-image-34393\" src=\"https:\/\/stepienybarno.es\/blog\/wp-content\/uploads\/2019\/02\/Stepienybarno-sesc-pompeia-lina-bo-bardi-brutalmonday-PostDelDia-03-367x550.jpg\" alt=\"\" width=\"367\" height=\"550\" srcset=\"https:\/\/stepienybarno.es\/blog\/wp-content\/uploads\/2019\/02\/Stepienybarno-sesc-pompeia-lina-bo-bardi-brutalmonday-PostDelDia-03-367x550.jpg 367w, https:\/\/stepienybarno.es\/blog\/wp-content\/uploads\/2019\/02\/Stepienybarno-sesc-pompeia-lina-bo-bardi-brutalmonday-PostDelDia-03-120x180.jpg 120w, https:\/\/stepienybarno.es\/blog\/wp-content\/uploads\/2019\/02\/Stepienybarno-sesc-pompeia-lina-bo-bardi-brutalmonday-PostDelDia-03-468x700.jpg 468w, https:\/\/stepienybarno.es\/blog\/wp-content\/uploads\/2019\/02\/Stepienybarno-sesc-pompeia-lina-bo-bardi-brutalmonday-PostDelDia-03-224x336.jpg 224w, https:\/\/stepienybarno.es\/blog\/wp-content\/uploads\/2019\/02\/Stepienybarno-sesc-pompeia-lina-bo-bardi-brutalmonday-PostDelDia-03-267x400.jpg 267w, https:\/\/stepienybarno.es\/blog\/wp-content\/uploads\/2019\/02\/Stepienybarno-sesc-pompeia-lina-bo-bardi-brutalmonday-PostDelDia-03.jpg 668w\" sizes=\"(max-width: 367px) 100vw, 367px\" \/><\/h2>\n<p>&nbsp;<\/p>\n<hr \/>\n<h2>Habitat 67<\/h2>\n<p>Por: <a href=\"https:\/\/www.safdiearchitects.com\/\" target=\"_blank\" rel=\"noopener\">Safdie Architects<\/a><\/p>\n<p>A\u00f1o:\u00a01967<\/p>\n<p>Desde: <a href=\"http:\/\/www.archdaily.com\" target=\"_blank\" rel=\"noopener\">Archdaily<\/a><\/p>\n<p><img loading=\"lazy\" decoding=\"async\" class=\"aligncenter size-medium wp-image-34378\" src=\"https:\/\/stepienybarno.es\/blog\/wp-content\/uploads\/2019\/02\/Stepienybarno-habitat-67-archdaily-brutalmonday-PostDelDia-01-362x550.jpg\" alt=\"\" width=\"362\" height=\"550\" srcset=\"https:\/\/stepienybarno.es\/blog\/wp-content\/uploads\/2019\/02\/Stepienybarno-habitat-67-archdaily-brutalmonday-PostDelDia-01-362x550.jpg 362w, https:\/\/stepienybarno.es\/blog\/wp-content\/uploads\/2019\/02\/Stepienybarno-habitat-67-archdaily-brutalmonday-PostDelDia-01-118x180.jpg 118w, https:\/\/stepienybarno.es\/blog\/wp-content\/uploads\/2019\/02\/Stepienybarno-habitat-67-archdaily-brutalmonday-PostDelDia-01-460x700.jpg 460w, https:\/\/stepienybarno.es\/blog\/wp-content\/uploads\/2019\/02\/Stepienybarno-habitat-67-archdaily-brutalmonday-PostDelDia-01-263x400.jpg 263w, https:\/\/stepienybarno.es\/blog\/wp-content\/uploads\/2019\/02\/Stepienybarno-habitat-67-archdaily-brutalmonday-PostDelDia-01.jpg 488w\" sizes=\"(max-width: 362px) 100vw, 362px\" \/><\/p>\n<p><img loading=\"lazy\" decoding=\"async\" class=\"aligncenter size-medium wp-image-34379\" src=\"https:\/\/stepienybarno.es\/blog\/wp-content\/uploads\/2019\/02\/Stepienybarno-habitat-67-archdaily-brutalmonday-PostDelDia-02-550x350.jpg\" alt=\"\" width=\"550\" height=\"350\" srcset=\"https:\/\/stepienybarno.es\/blog\/wp-content\/uploads\/2019\/02\/Stepienybarno-habitat-67-archdaily-brutalmonday-PostDelDia-02-550x350.jpg 550w, https:\/\/stepienybarno.es\/blog\/wp-content\/uploads\/2019\/02\/Stepienybarno-habitat-67-archdaily-brutalmonday-PostDelDia-02-180x114.jpg 180w, https:\/\/stepienybarno.es\/blog\/wp-content\/uploads\/2019\/02\/Stepienybarno-habitat-67-archdaily-brutalmonday-PostDelDia-02-1024x651.jpg 1024w, https:\/\/stepienybarno.es\/blog\/wp-content\/uploads\/2019\/02\/Stepienybarno-habitat-67-archdaily-brutalmonday-PostDelDia-02-316x201.jpg 316w, https:\/\/stepienybarno.es\/blog\/wp-content\/uploads\/2019\/02\/Stepienybarno-habitat-67-archdaily-brutalmonday-PostDelDia-02.jpg 1573w\" sizes=\"(max-width: 550px) 100vw, 550px\" \/><\/p>\n<p><img loading=\"lazy\" decoding=\"async\" class=\"aligncenter size-medium wp-image-34380\" src=\"https:\/\/stepienybarno.es\/blog\/wp-content\/uploads\/2019\/02\/Stepienybarno-habitat-67-archdaily-brutalmonday-PostDelDia-03-550x379.jpg\" alt=\"\" width=\"550\" height=\"379\" srcset=\"https:\/\/stepienybarno.es\/blog\/wp-content\/uploads\/2019\/02\/Stepienybarno-habitat-67-archdaily-brutalmonday-PostDelDia-03-550x379.jpg 550w, https:\/\/stepienybarno.es\/blog\/wp-content\/uploads\/2019\/02\/Stepienybarno-habitat-67-archdaily-brutalmonday-PostDelDia-03-180x124.jpg 180w, https:\/\/stepienybarno.es\/blog\/wp-content\/uploads\/2019\/02\/Stepienybarno-habitat-67-archdaily-brutalmonday-PostDelDia-03-316x218.jpg 316w, https:\/\/stepienybarno.es\/blog\/wp-content\/uploads\/2019\/02\/Stepienybarno-habitat-67-archdaily-brutalmonday-PostDelDia-03.jpg 562w\" sizes=\"(max-width: 550px) 100vw, 550px\" \/><\/p>\n<p>&nbsp;<\/p>\n<p style=\"text-align: center;\">Acceder al Proyecto <a href=\"http:\/\/bit.ly\/2TUnck9\" target=\"_blank\" rel=\"noopener\">AQU\u00cd\u00a0<\/a><\/p>\n<h2><\/h2>\n<hr \/>\n<h2>Giesel Library<\/h2>\n<p>Por: William Pereira<\/p>\n<p>A\u00f1o:\u00a01968 -1970<\/p>\n<p>Desde: <a href=\"https:\/\/es.wikiarquitectura.com\" target=\"_blank\" rel=\"noopener\">Wikiarquitectura<\/a><\/p>\n<h2><img loading=\"lazy\" decoding=\"async\" class=\"size-medium wp-image-34325 aligncenter\" src=\"https:\/\/stepienybarno.es\/blog\/wp-content\/uploads\/2019\/02\/Stepienybarno-geisel-library-architectuul-brutalmonday-PostDelDia-01-550x550.jpg\" alt=\"\" width=\"550\" height=\"550\" srcset=\"https:\/\/stepienybarno.es\/blog\/wp-content\/uploads\/2019\/02\/Stepienybarno-geisel-library-architectuul-brutalmonday-PostDelDia-01-550x550.jpg 550w, https:\/\/stepienybarno.es\/blog\/wp-content\/uploads\/2019\/02\/Stepienybarno-geisel-library-architectuul-brutalmonday-PostDelDia-01-180x180.jpg 180w, https:\/\/stepienybarno.es\/blog\/wp-content\/uploads\/2019\/02\/Stepienybarno-geisel-library-architectuul-brutalmonday-PostDelDia-01-224x224.jpg 224w, https:\/\/stepienybarno.es\/blog\/wp-content\/uploads\/2019\/02\/Stepienybarno-geisel-library-architectuul-brutalmonday-PostDelDia-01-316x316.jpg 316w, https:\/\/stepienybarno.es\/blog\/wp-content\/uploads\/2019\/02\/Stepienybarno-geisel-library-architectuul-brutalmonday-PostDelDia-01.jpg 640w\" sizes=\"(max-width: 550px) 100vw, 550px\" \/><\/h2>\n<p><img loading=\"lazy\" decoding=\"async\" class=\"aligncenter size-medium wp-image-34377\" src=\"https:\/\/stepienybarno.es\/blog\/wp-content\/uploads\/2019\/02\/Stepienybarno-geisel-library-architectuul-brutalmonday-PostDelDia-02-1-550x319.jpg\" alt=\"\" width=\"550\" height=\"319\" srcset=\"https:\/\/stepienybarno.es\/blog\/wp-content\/uploads\/2019\/02\/Stepienybarno-geisel-library-architectuul-brutalmonday-PostDelDia-02-1-550x319.jpg 550w, https:\/\/stepienybarno.es\/blog\/wp-content\/uploads\/2019\/02\/Stepienybarno-geisel-library-architectuul-brutalmonday-PostDelDia-02-1-180x104.jpg 180w, https:\/\/stepienybarno.es\/blog\/wp-content\/uploads\/2019\/02\/Stepienybarno-geisel-library-architectuul-brutalmonday-PostDelDia-02-1.jpg 1024w, https:\/\/stepienybarno.es\/blog\/wp-content\/uploads\/2019\/02\/Stepienybarno-geisel-library-architectuul-brutalmonday-PostDelDia-02-1-316x183.jpg 316w\" sizes=\"(max-width: 550px) 100vw, 550px\" \/><\/p>\n<p>&nbsp;<\/p>\n<p style=\"text-align: center;\">Acceder al Proyecto <a href=\"http:\/\/bit.ly\/2SqnSRo\" target=\"_blank\" rel=\"noopener\">AQU\u00cd<\/a><\/p>\n<hr \/>\n<h5><strong>Autores del post:\u00a0<a href=\"https:\/\/stepienybarno.es\/blog\/2011\/09\/04\/las-fortalezas-del-arquitecto\/\">Stepienybarno<\/a>\u00a0_ Agnieszka Stepien y Lorenzo Barn\u00f3<\/strong><\/h5>\n<h5>Y como siempre, si te gust\u00f3 el post,\u00a0estar\u00eda genial que lo compartas\u00a0en tus redes sociales.<\/h5>\n<h5>A su vez, si todav\u00eda no est\u00e1s suscrito a nuestra Newsletter, te animamos a hacerlo en la casilla que tienes al terminar este art\u00edculo.<\/h5>\n<p>&nbsp;<\/p>\n<blockquote><p>Suscribirte a nuestro blog y recibe gratis nuestra gu\u00eda: 10 Ideas para vender m\u00e1s si eres arquitecto<\/p>\n<p>Acceder:\u00a0<a href=\"http:\/\/bit.ly\/2fkkTS7\">http:\/\/bit.ly\/2fkkTS7<\/a><\/p>\n<p>&nbsp;<\/p>\n<p>Si te interesa contactar con nosotros para que te ayudemos a mejorar tu visibilidad online y, en consecuencia, mejorar tus oportunidades laborales, no dudes en escribirnos a:\u00a0<a href=\"mailto:blog@stepienybarno.es\">blog@stepienybarno.es<\/a><\/p><\/blockquote>\n<p>&nbsp;<\/p>\n<p>&nbsp;<\/p>\n","protected":false},"excerpt":{"rendered":"<p>Nos encanta la arquitectura brutalista. Por esa raz\u00f3n, os presentamos<\/p>\n","protected":false},"author":10,"featured_media":34326,"comment_status":"open","ping_status":"closed","sticky":false,"template":"","format":"standard","meta":{"om_disable_all_campaigns":false,"_monsterinsights_skip_tracking":false,"_monsterinsights_sitenote_active":false,"_monsterinsights_sitenote_note":"","_monsterinsights_sitenote_category":0,"_uf_show_specific_survey":0,"_uf_disable_surveys":false,"episode_type":"","audio_file":"","cover_image":"","cover_image_id":"","duration":"","filesize":"","date_recorded":"","explicit":"","block":"","filesize_raw":"","footnotes":""},"categories":[244],"tags":[6100,7233,7089,7168,7298,2911,7055,2143,7037,7072,7056,7169,7227,7171,7214,7226,6976,7057,7186,4320,7134,7234,7254,3720,7253,7157,7248,7309,2662,7297,7296,7721,7184,7026,6978,7295,7007,4957,7235,3064,7247,7053,7149,7135,7315,7137,7073,7075,7310,7183,2056,3629,7025,2984,4327,7733,7074,7255,7232,7088,7158,5851,7228,7036,7316,7229,7335,7328,7042,7054,7049,7340,7278,7150,7136,7277,7732,4610,7027,7167],"series":[],"class_list":["post-34305","post","type-post","status-publish","format-standard","has-post-thumbnail","hentry","category-canal-de-arquitectura","tag-brutalmonday","tag-alan-waterhouse","tag-alexandra-road","tag-alfred-neumann","tag-alicia-cazzaniga","tag-alison-and-peter-smithson","tag-alluring-world","tag-archdaily","tag-arquitectura-brutalista","tag-ayuntamiento-de-boston","tag-barbican","tag-bat-yam-town-hall","tag-bdp","tag-bertrand-goldberg","tag-biscaretti-di-ruffia","tag-building-design-parnership","tag-buzludzha","tag-casiopea","tag-centro-investigacion-ibm","tag-clorindo-testa","tag-corona-de-espinas","tag-dennis-crompton","tag-dinko-kovacic","tag-domus-web","tag-edificio-brace-borozan","tag-edward-bilsky","tag-elara-fritzen-walden","tag-f-yuryev","tag-fernando-higueras","tag-francisco-bullrich","tag-gapp-architects-and-urban-designers","tag-georges-adilon","tag-gerard-grandval","tag-giesel-library","tag-goergi-stoilov","tag-grand-central-water-tower","tag-habitat-67","tag-hans-poelzig","tag-hayward-gallery","tag-herzog-de-meuron","tag-hospital-st-joseph","tag-igor-vasilevsku","tag-infobuild","tag-joao-filgueiras-lima","tag-jorge-montes-cordova","tag-jorn-konijn","tag-kallmann","tag-knowles","tag-l-novikov","tag-les-choux","tag-lina-bo-bardi","tag-luciano-kruk","tag-lunes-brutal","tag-marcel-breuer","tag-mario-botta","tag-max-abramovitz","tag-mckinnell","tag-mihajlo-zoric","tag-modern-architecture-london","tag-neave-brown","tag-palacio-pioneros","tag-pier-luigi-nervi","tag-preston-bus-station","tag-proyectos-de-arquitectura-brutalista","tag-raul-minondo","tag-reading-room-jinua","tag-reims-502","tag-robin-hood-gardens","tag-safdie-architects","tag-satan-is-my-lord","tag-sesc-pompeia","tag-sir-denys-lasdun","tag-sirius-building","tag-sordo-madaleno","tag-sos-brutalism","tag-tao-gofers","tag-wallace-kirkman-harrison","tag-wikiarquitectura","tag-william-pereira","tag-zvi-hecker-architects"],"aioseo_notices":[],"episode_featured_image":"https:\/\/stepienybarno.es\/blog\/wp-content\/uploads\/2019\/02\/Stepienybarno-arquitectura-brutalista-PostDelDia-01.jpg","episode_player_image":"https:\/\/stepienybarno.es\/blog\/wp-content\/uploads\/2020\/11\/stepienybarno-podcast-scaled.jpg","download_link":"","player_link":"","audio_player":false,"episode_data":{"playerMode":"dark","subscribeUrls":[],"rssFeedUrl":"https:\/\/stepienybarno.es\/blog\/feed\/podcast\/podcast-de-stepienybarno","embedCode":"<blockquote class=\"wp-embedded-content\" data-secret=\"bKYS7xA6FO\"><a href=\"https:\/\/stepienybarno.es\/blog\/2019\/02\/13\/proyectos-de-arquitectura-brutalista-brutalmonday\/\">Proyectos de Arquitectura Brutalista #BrutalMonday<\/a><\/blockquote><iframe sandbox=\"allow-scripts\" security=\"restricted\" src=\"https:\/\/stepienybarno.es\/blog\/2019\/02\/13\/proyectos-de-arquitectura-brutalista-brutalmonday\/embed\/#?secret=bKYS7xA6FO\" width=\"500\" height=\"350\" title=\"\u00abProyectos de Arquitectura Brutalista #BrutalMonday\u00bb \u2014 Blog de STEPIEN Y BARNO - publicaci\u00f3n digital sobre arquitectura\" data-secret=\"bKYS7xA6FO\" frameborder=\"0\" marginwidth=\"0\" marginheight=\"0\" scrolling=\"no\" class=\"wp-embedded-content\"><\/iframe><script type=\"text\/javascript\">\n\/* <![CDATA[ *\/\n\/*! This file is auto-generated *\/\n!function(d,l){\"use strict\";l.querySelector&&d.addEventListener&&\"undefined\"!=typeof URL&&(d.wp=d.wp||{},d.wp.receiveEmbedMessage||(d.wp.receiveEmbedMessage=function(e){var t=e.data;if((t||t.secret||t.message||t.value)&&!\/[^a-zA-Z0-9]\/.test(t.secret)){for(var s,r,n,a=l.querySelectorAll('iframe[data-secret=\"'+t.secret+'\"]'),o=l.querySelectorAll('blockquote[data-secret=\"'+t.secret+'\"]'),c=new RegExp(\"^https?:$\",\"i\"),i=0;i<o.length;i++)o[i].style.display=\"none\";for(i=0;i<a.length;i++)s=a[i],e.source===s.contentWindow&&(s.removeAttribute(\"style\"),\"height\"===t.message?(1e3<(r=parseInt(t.value,10))?r=1e3:~~r<200&&(r=200),s.height=r):\"link\"===t.message&&(r=new URL(s.getAttribute(\"src\")),n=new URL(t.value),c.test(n.protocol))&&n.host===r.host&&l.activeElement===s&&(d.top.location.href=t.value))}},d.addEventListener(\"message\",d.wp.receiveEmbedMessage,!1),l.addEventListener(\"DOMContentLoaded\",function(){for(var e,t,s=l.querySelectorAll(\"iframe.wp-embedded-content\"),r=0;r<s.length;r++)(t=(e=s[r]).getAttribute(\"data-secret\"))||(t=Math.random().toString(36).substring(2,12),e.src+=\"#?secret=\"+t,e.setAttribute(\"data-secret\",t)),e.contentWindow.postMessage({message:\"ready\",secret:t},\"*\")},!1)))}(window,document);\n\/* ]]> *\/\n<\/script>\n"},"_links":{"self":[{"href":"https:\/\/stepienybarno.es\/blog\/wp-json\/wp\/v2\/posts\/34305"}],"collection":[{"href":"https:\/\/stepienybarno.es\/blog\/wp-json\/wp\/v2\/posts"}],"about":[{"href":"https:\/\/stepienybarno.es\/blog\/wp-json\/wp\/v2\/types\/post"}],"author":[{"embeddable":true,"href":"https:\/\/stepienybarno.es\/blog\/wp-json\/wp\/v2\/users\/10"}],"replies":[{"embeddable":true,"href":"https:\/\/stepienybarno.es\/blog\/wp-json\/wp\/v2\/comments?post=34305"}],"version-history":[{"count":60,"href":"https:\/\/stepienybarno.es\/blog\/wp-json\/wp\/v2\/posts\/34305\/revisions"}],"predecessor-version":[{"id":36944,"href":"https:\/\/stepienybarno.es\/blog\/wp-json\/wp\/v2\/posts\/34305\/revisions\/36944"}],"wp:featuredmedia":[{"embeddable":true,"href":"https:\/\/stepienybarno.es\/blog\/wp-json\/wp\/v2\/media\/34326"}],"wp:attachment":[{"href":"https:\/\/stepienybarno.es\/blog\/wp-json\/wp\/v2\/media?parent=34305"}],"wp:term":[{"taxonomy":"category","embeddable":true,"href":"https:\/\/stepienybarno.es\/blog\/wp-json\/wp\/v2\/categories?post=34305"},{"taxonomy":"post_tag","embeddable":true,"href":"https:\/\/stepienybarno.es\/blog\/wp-json\/wp\/v2\/tags?post=34305"},{"taxonomy":"series","embeddable":true,"href":"https:\/\/stepienybarno.es\/blog\/wp-json\/wp\/v2\/series?post=34305"}],"curies":[{"name":"wp","href":"https:\/\/api.w.org\/{rel}","templated":true}]}}