{"id":34952,"date":"2019-03-29T13:00:10","date_gmt":"2019-03-29T11:00:10","guid":{"rendered":"https:\/\/www.stepienybarno.es\/blog\/?p=34952"},"modified":"2019-03-29T13:00:10","modified_gmt":"2019-03-29T11:00:10","slug":"madera-digital","status":"publish","type":"post","link":"https:\/\/stepienybarno.es\/blog\/2019\/03\/29\/madera-digital\/","title":{"rendered":"Madera Digital"},"content":{"rendered":"<p><img loading=\"lazy\" decoding=\"async\" class=\"aligncenter size-medium wp-image-34955\" src=\"https:\/\/stepienybarno.es\/blog\/wp-content\/uploads\/2019\/03\/Stepienybarno-madera-digital-ajo-maderayconstruccion-PostDelDia-01-550x364.jpg\" alt=\"\" width=\"550\" height=\"364\" srcset=\"https:\/\/stepienybarno.es\/blog\/wp-content\/uploads\/2019\/03\/Stepienybarno-madera-digital-ajo-maderayconstruccion-PostDelDia-01-550x364.jpg 550w, https:\/\/stepienybarno.es\/blog\/wp-content\/uploads\/2019\/03\/Stepienybarno-madera-digital-ajo-maderayconstruccion-PostDelDia-01-180x119.jpg 180w, https:\/\/stepienybarno.es\/blog\/wp-content\/uploads\/2019\/03\/Stepienybarno-madera-digital-ajo-maderayconstruccion-PostDelDia-01-316x209.jpg 316w, https:\/\/stepienybarno.es\/blog\/wp-content\/uploads\/2019\/03\/Stepienybarno-madera-digital-ajo-maderayconstruccion-PostDelDia-01.jpg 750w\" sizes=\"(max-width: 550px) 100vw, 550px\" \/><\/p>\n<h1>Por: <a href=\"https:\/\/www.enelajo.es\/\" target=\"_blank\" rel=\"noopener\">AJO taller de arquitectura<\/a><\/h1>\n<h2>Desde: <a href=\"https:\/\/maderayconstruccion.com\" target=\"_blank\" rel=\"noopener\">Madera y Construcci\u00f3n<\/a><\/h2>\n<p><!--more--><\/p>\n<p>\u00bb\u00a0En las \u00faltimas d\u00e9cadas se ha llevado a cabo una\u00a0<strong>revoluci\u00f3n tecnol\u00f3gica<\/strong>\u00a0que ha afectado a la\u00a0<strong>arquitectura y al dise\u00f1o<\/strong>. Se han desarrollado nuevos softwares, herramientas digitales y anal\u00f3gicas, que nos permiten trabajar con formas m\u00e1s complejas, como es el caso de las superficies param\u00e9tricas.<\/p>\n<p>El\u00a0<strong>dise\u00f1o param\u00e9trico<\/strong>\u00a0trabaja este tipo de superficies, creando su volumen a partirde secciones planas. Las principales ventajas de las superficies param\u00e9tricas son su\u00a0<strong>vistosidad y originalidad, as\u00ed como su facilidad y sencillez de montaje<\/strong>. Las piezas planas de las que est\u00e1n compuestas pueden elaborarse de forma sencilla gracias a las nuevas herramientas de\u00a0<strong>fabricaci\u00f3n digital<\/strong>. Adem\u00e1s, dependiendo de la maquinaria se utilice se pueden realizar con diferentes\u00a0<strong>materiales<\/strong>\u00a0como madera, pl\u00e1stico, metal, papel, cart\u00f3n, textil\u2026<\/p>\n<p>La\u00a0<a href=\"https:\/\/maderayconstruccion.com\/arquitectura-efimera-en-madera\/\" target=\"_blank\" rel=\"noopener\"><strong>arquitectura ef\u00edmera<\/strong><\/a>, debido a su car\u00e1cter temporal, siempre brinda una oportunidad para la experimentaci\u00f3n y para el testeo de estas innovaciones.<\/p>\n<p>Hoy en d\u00eda las t\u00e9cnicas digitales est\u00e1n cada vez m\u00e1s integradas en las\u00a0<strong>escuelas de arquitectura<\/strong>, que tienen muy presentes estas innovaciones. Las escuelas ofrecen con notable \u00e9xito asignaturas basadas en los procesos de dise\u00f1o param\u00e9trico y digital.<\/p>\n<p>En 2001 se cre\u00f3 una red internacional de laboratorios de\u00a0<strong>fabricaci\u00f3n digital<\/strong>, de experimentaci\u00f3n y de desarrollo de proyectos a nivel mundial llamados\u00a0<strong>FAB LABs<\/strong>. (&#8230;) \u00bb<\/p>\n<p>&nbsp;<\/p>\n<p style=\"text-align: center;\">Acceder al Art\u00edculo <a href=\"http:\/\/bit.ly\/2FHgNTA\" target=\"_blank\" rel=\"noopener\">AQU\u00cd<\/a><\/p>\n<p>&nbsp;<\/p>\n<p>&nbsp;<\/p>\n<p>&nbsp;<\/p>\n<hr \/>\n<p><em>Noticia seleccionada por el Canal de arquitectura STEPIENYBARNO.<\/em><\/p>\n<p><a href=\"https:\/\/twitter.com\/stepienybarno\" target=\"_blank\" rel=\"noopener\"><em>STEPIENYBARNO EN TWITTER _ @stepienybarno<\/em><\/a><\/p>\n<p><a href=\"http:\/\/www.linkedin.com\/company\/stepienybarno\" target=\"_blank\" rel=\"noopener\"><em>STEPIENYBARNO EN LINKEDIN<\/em><\/a><\/p>\n<p><a href=\"https:\/\/www.facebook.com\/pages\/BLOG-DE-STEPIENYBARNO\/78001079029\" target=\"_blank\" rel=\"noopener\"><em>STEPIENYBARNO EN FACEBOOK<\/em><\/a><\/p>\n<p><em>*Stepienybarno est\u00e1 formado por Agnieszka Stepien y Lorenzo Barn\u00f3 y desde mayo del 2009 estamos en la red con\u00a0 la presente publicaci\u00f3n digital (Blog) de arquitectura.<\/em><\/p>\n<p><em>Nuestra actividad se sustenta en tres pilares b\u00e1sicos: la investigaci\u00f3n, la publicaci\u00f3n (comunicaci\u00f3n y difusi\u00f3n) y la redacci\u00f3n de proyectos de arquitectura.<\/em><\/p>\n<p><em>A su vez, somos socios cofundadores de<\/em>\u00a0<a href=\"http:\/\/sinergiasostenible.org\/\" target=\"_blank\" rel=\"noopener\"><em>SINERGIA SOSTENIBLE<\/em><\/a><em>, redactores de<\/em>\u00a0<a href=\"http:\/\/www.laciudadviva.org\/blogs\/?author=45\" target=\"_blank\" rel=\"noopener\"><em>LA CIUDAD VIVA<\/em><\/a>\u00a0<em>y directores del blog de<\/em><a href=\"http:\/\/blogfundacion.arquia.es\/\" target=\"_blank\" rel=\"noopener\"><em>FUNDACI\u00d3N ARQUIA.<\/em><\/a><\/p>\n<p><em>* Los editores de esta publicaci\u00f3n digital no nos hacemos cargo de de los comentarios y\u00a0 conceptos vertidos en los textos firmados por otras personas, siendo \u00e9stos de responsabilidad exclusiva de sus autores.<\/em><\/p>\n<p><em>* Tu comentario podr\u00e1 ser moderado, por lo tanto, aunque aparezca inmediatamente al ser publicado en la entrada, los editores de esta publicaci\u00f3n digital nos reservamos el derecho tanto de editarlo (si fuera necesario, para hacerlo m\u00e1s legible) como de eliminarlo en el caso de que se usen expresiones incorrectas (descalificaciones, palabras malsonantes\u2026). A su vez, si quieres comentar desde el anonimato puedes hacerlo, aunque, nosotros personalmente, agradecemos que tod@s nos podamos identificar.<\/em><\/p>\n","protected":false},"excerpt":{"rendered":"<p>Por: AJO taller de arquitectura Desde: Madera y Construcci\u00f3n<\/p>\n","protected":false},"author":10,"featured_media":34955,"comment_status":"open","ping_status":"closed","sticky":false,"template":"","format":"standard","meta":{"om_disable_all_campaigns":false,"_monsterinsights_skip_tracking":false,"_monsterinsights_sitenote_active":false,"_monsterinsights_sitenote_note":"","_monsterinsights_sitenote_category":0,"_uf_show_specific_survey":0,"_uf_disable_surveys":false,"episode_type":"","audio_file":"","cover_image":"","cover_image_id":"","duration":"","filesize":"","date_recorded":"","explicit":"","block":"","filesize_raw":"","footnotes":""},"categories":[244],"tags":[6359,7179,7180,6043,6042],"series":[],"class_list":["post-34952","post","type-post","status-publish","format-standard","has-post-thumbnail","hentry","category-canal-de-arquitectura","tag-ajo-taller-de-arquitectura","tag-fablab","tag-fabricacion-digital","tag-madera","tag-madera-y-construccion"],"aioseo_notices":[],"episode_featured_image":"https:\/\/stepienybarno.es\/blog\/wp-content\/uploads\/2019\/03\/Stepienybarno-madera-digital-ajo-maderayconstruccion-PostDelDia-01.jpg","episode_player_image":"https:\/\/stepienybarno.es\/blog\/wp-content\/uploads\/2020\/11\/stepienybarno-podcast-scaled.jpg","download_link":"","player_link":"","audio_player":false,"episode_data":{"playerMode":"dark","subscribeUrls":[],"rssFeedUrl":"https:\/\/stepienybarno.es\/blog\/feed\/podcast\/podcast-de-stepienybarno","embedCode":"<blockquote class=\"wp-embedded-content\" data-secret=\"oll5ot7ubQ\"><a href=\"https:\/\/stepienybarno.es\/blog\/2019\/03\/29\/madera-digital\/\">Madera Digital<\/a><\/blockquote><iframe sandbox=\"allow-scripts\" security=\"restricted\" src=\"https:\/\/stepienybarno.es\/blog\/2019\/03\/29\/madera-digital\/embed\/#?secret=oll5ot7ubQ\" width=\"500\" height=\"350\" title=\"\u00abMadera Digital\u00bb \u2014 Blog de STEPIEN Y BARNO - publicaci\u00f3n digital sobre arquitectura\" data-secret=\"oll5ot7ubQ\" frameborder=\"0\" marginwidth=\"0\" marginheight=\"0\" scrolling=\"no\" class=\"wp-embedded-content\"><\/iframe><script type=\"text\/javascript\">\n\/* <![CDATA[ *\/\n\/*! This file is auto-generated *\/\n!function(d,l){\"use strict\";l.querySelector&&d.addEventListener&&\"undefined\"!=typeof URL&&(d.wp=d.wp||{},d.wp.receiveEmbedMessage||(d.wp.receiveEmbedMessage=function(e){var t=e.data;if((t||t.secret||t.message||t.value)&&!\/[^a-zA-Z0-9]\/.test(t.secret)){for(var s,r,n,a=l.querySelectorAll('iframe[data-secret=\"'+t.secret+'\"]'),o=l.querySelectorAll('blockquote[data-secret=\"'+t.secret+'\"]'),c=new RegExp(\"^https?:$\",\"i\"),i=0;i<o.length;i++)o[i].style.display=\"none\";for(i=0;i<a.length;i++)s=a[i],e.source===s.contentWindow&&(s.removeAttribute(\"style\"),\"height\"===t.message?(1e3<(r=parseInt(t.value,10))?r=1e3:~~r<200&&(r=200),s.height=r):\"link\"===t.message&&(r=new URL(s.getAttribute(\"src\")),n=new URL(t.value),c.test(n.protocol))&&n.host===r.host&&l.activeElement===s&&(d.top.location.href=t.value))}},d.addEventListener(\"message\",d.wp.receiveEmbedMessage,!1),l.addEventListener(\"DOMContentLoaded\",function(){for(var e,t,s=l.querySelectorAll(\"iframe.wp-embedded-content\"),r=0;r<s.length;r++)(t=(e=s[r]).getAttribute(\"data-secret\"))||(t=Math.random().toString(36).substring(2,12),e.src+=\"#?secret=\"+t,e.setAttribute(\"data-secret\",t)),e.contentWindow.postMessage({message:\"ready\",secret:t},\"*\")},!1)))}(window,document);\n\/* ]]> *\/\n<\/script>\n"},"_links":{"self":[{"href":"https:\/\/stepienybarno.es\/blog\/wp-json\/wp\/v2\/posts\/34952"}],"collection":[{"href":"https:\/\/stepienybarno.es\/blog\/wp-json\/wp\/v2\/posts"}],"about":[{"href":"https:\/\/stepienybarno.es\/blog\/wp-json\/wp\/v2\/types\/post"}],"author":[{"embeddable":true,"href":"https:\/\/stepienybarno.es\/blog\/wp-json\/wp\/v2\/users\/10"}],"replies":[{"embeddable":true,"href":"https:\/\/stepienybarno.es\/blog\/wp-json\/wp\/v2\/comments?post=34952"}],"version-history":[{"count":1,"href":"https:\/\/stepienybarno.es\/blog\/wp-json\/wp\/v2\/posts\/34952\/revisions"}],"predecessor-version":[{"id":34961,"href":"https:\/\/stepienybarno.es\/blog\/wp-json\/wp\/v2\/posts\/34952\/revisions\/34961"}],"wp:featuredmedia":[{"embeddable":true,"href":"https:\/\/stepienybarno.es\/blog\/wp-json\/wp\/v2\/media\/34955"}],"wp:attachment":[{"href":"https:\/\/stepienybarno.es\/blog\/wp-json\/wp\/v2\/media?parent=34952"}],"wp:term":[{"taxonomy":"category","embeddable":true,"href":"https:\/\/stepienybarno.es\/blog\/wp-json\/wp\/v2\/categories?post=34952"},{"taxonomy":"post_tag","embeddable":true,"href":"https:\/\/stepienybarno.es\/blog\/wp-json\/wp\/v2\/tags?post=34952"},{"taxonomy":"series","embeddable":true,"href":"https:\/\/stepienybarno.es\/blog\/wp-json\/wp\/v2\/series?post=34952"}],"curies":[{"name":"wp","href":"https:\/\/api.w.org\/{rel}","templated":true}]}}