{"id":34987,"date":"2019-04-01T09:20:19","date_gmt":"2019-04-01T07:20:19","guid":{"rendered":"https:\/\/www.stepienybarno.es\/blog\/?p=34987"},"modified":"2019-04-01T00:27:58","modified_gmt":"2019-03-31T22:27:58","slug":"lluvia-de-luz","status":"publish","type":"post","link":"https:\/\/stepienybarno.es\/blog\/2019\/04\/01\/lluvia-de-luz\/","title":{"rendered":"Lluvia de luz"},"content":{"rendered":"<p><img loading=\"lazy\" decoding=\"async\" class=\"aligncenter size-medium wp-image-34989\" src=\"https:\/\/stepienybarno.es\/blog\/wp-content\/uploads\/2019\/04\/Stepienybarno-lluvia-luz-garcia-odiaga-veredes-PostDelDia-01-550x336.jpg\" alt=\"\" width=\"550\" height=\"336\" srcset=\"https:\/\/stepienybarno.es\/blog\/wp-content\/uploads\/2019\/04\/Stepienybarno-lluvia-luz-garcia-odiaga-veredes-PostDelDia-01-550x336.jpg 550w, https:\/\/stepienybarno.es\/blog\/wp-content\/uploads\/2019\/04\/Stepienybarno-lluvia-luz-garcia-odiaga-veredes-PostDelDia-01-180x110.jpg 180w, https:\/\/stepienybarno.es\/blog\/wp-content\/uploads\/2019\/04\/Stepienybarno-lluvia-luz-garcia-odiaga-veredes-PostDelDia-01.jpg 1024w, https:\/\/stepienybarno.es\/blog\/wp-content\/uploads\/2019\/04\/Stepienybarno-lluvia-luz-garcia-odiaga-veredes-PostDelDia-01-316x193.jpg 316w\" sizes=\"(max-width: 550px) 100vw, 550px\" \/><\/p>\n<h1>Por: <a href=\"https:\/\/twitter.com\/iodiaga?lang=es\" target=\"_blank\" rel=\"noopener\">I\u00f1igo Garc\u00eda Odiaga<\/a><\/h1>\n<h2>Desde: <a href=\"http:\/\/veredes.es\" target=\"_blank\" rel=\"noopener\">Veredes<\/a><\/h2>\n<p><!--more--><\/p>\n<p>\u00bb Curiosamente el recuerdo m\u00e1s intenso que deja en nuestra memoria el Pante\u00f3n romano, es el de una ausencia, el de ese punto donde la materia desaparece para aligerar la membrana de hormig\u00f3n de su c\u00fapula, all\u00ed donde \u00e9sta es m\u00e1s esbelta. En ese c\u00e9nit, el \u00f3culo con sus nueve metros de di\u00e1metro, abre el espacio interior al cielo, dejando pasar el aire y tambi\u00e9n la lluvia. Cruzando el remate de bronce, los d\u00edas de precipitaci\u00f3n el agua cae dentro del espacio sagrado de la esfera, donde mediante una imperceptible curvatura del suelo y gracias a una serie de orificios estrat\u00e9gicamente colocados, las gotas de lluvia son llevadas al alcantarillado de Roma.<\/p>\n<p>Pero si algo atraviesa el \u00f3culo del Pante\u00f3n en abundancia es la luz, estrell\u00e1ndose contra sus paredes, suelo o los casetones de la c\u00fapula dibujando el continuo movimiento del sol. Una lluvia de luz inunda su interior a diario mostrando el momento del a\u00f1o y la hora del d\u00eda para aquellos que lo sepan leer, estableciendo as\u00ed una relaci\u00f3n casi m\u00e1gica entre el cosmos y ese espacio que es la casa de<strong>\u00a0\u201ctodos los dioses\u201d<\/strong>. Cuando la luz y la lluvia coinciden el suelo brilla, haciendo que el solado de m\u00e1rmol reverbere simulando emitir un luz imposible excepto para un lugar convertido en sagrado mediante la luz, la lluvia y la arquitectura. (&#8230;) \u00bb<\/p>\n<p>&nbsp;<\/p>\n<p style=\"text-align: center;\">Acceder al Art\u00edculo <a href=\"http:\/\/bit.ly\/2U73hCp\" target=\"_blank\" rel=\"noopener\">AQU\u00cd<\/a><\/p>\n<p>&nbsp;<\/p>\n<p>&nbsp;<\/p>\n<hr \/>\n<p><em>Noticia seleccionada por el Canal de arquitectura STEPIENYBARNO.<\/em><\/p>\n<p><a href=\"https:\/\/twitter.com\/stepienybarno\" target=\"_blank\" rel=\"noopener\"><em>STEPIENYBARNO EN TWITTER _ @stepienybarno<\/em><\/a><\/p>\n<p><a href=\"http:\/\/www.linkedin.com\/company\/stepienybarno\" target=\"_blank\" rel=\"noopener\"><em>STEPIENYBARNO EN LINKEDIN<\/em><\/a><\/p>\n<p><a href=\"https:\/\/www.facebook.com\/pages\/BLOG-DE-STEPIENYBARNO\/78001079029\" target=\"_blank\" rel=\"noopener\"><em>STEPIENYBARNO EN FACEBOOK<\/em><\/a><\/p>\n<p><em>*Stepienybarno est\u00e1 formado por Agnieszka Stepien y Lorenzo Barn\u00f3 y desde mayo del 2009 estamos en la red con\u00a0 la presente publicaci\u00f3n digital (Blog) de arquitectura.<\/em><\/p>\n<p><em>Nuestra actividad se sustenta en tres pilares b\u00e1sicos: la investigaci\u00f3n, la publicaci\u00f3n (comunicaci\u00f3n y difusi\u00f3n) y la redacci\u00f3n de proyectos de arquitectura.<\/em><\/p>\n<p><em>A su vez, somos socios cofundadores de<\/em>\u00a0<a href=\"http:\/\/sinergiasostenible.org\/\" target=\"_blank\" rel=\"noopener\"><em>SINERGIA SOSTENIBLE<\/em><\/a><em>, redactores de<\/em>\u00a0<a href=\"http:\/\/www.laciudadviva.org\/blogs\/?author=45\" target=\"_blank\" rel=\"noopener\"><em>LA CIUDAD VIVA<\/em><\/a>\u00a0<em>y directores del blog de<\/em><a href=\"http:\/\/blogfundacion.arquia.es\/\" target=\"_blank\" rel=\"noopener\"><em>FUNDACI\u00d3N ARQUIA.<\/em><\/a><\/p>\n<p><em>* Los editores de esta publicaci\u00f3n digital no nos hacemos cargo de de los comentarios y\u00a0 conceptos vertidos en los textos firmados por otras personas, siendo \u00e9stos de responsabilidad exclusiva de sus autores.<\/em><\/p>\n<p><em>* Tu comentario podr\u00e1 ser moderado, por lo tanto, aunque aparezca inmediatamente al ser publicado en la entrada, los editores de esta publicaci\u00f3n digital nos reservamos el derecho tanto de editarlo (si fuera necesario, para hacerlo m\u00e1s legible) como de eliminarlo en el caso de que se usen expresiones incorrectas (descalificaciones, palabras malsonantes\u2026). A su vez, si quieres comentar desde el anonimato puedes hacerlo, aunque, nosotros personalmente, agradecemos que tod@s nos podamos identificar.<\/em><\/p>\n","protected":false},"excerpt":{"rendered":"<p>Por: I\u00f1igo Garc\u00eda Odiaga Desde: Veredes<\/p>\n","protected":false},"author":10,"featured_media":34989,"comment_status":"open","ping_status":"closed","sticky":false,"template":"","format":"standard","meta":{"om_disable_all_campaigns":false,"_monsterinsights_skip_tracking":false,"_monsterinsights_sitenote_active":false,"_monsterinsights_sitenote_note":"","_monsterinsights_sitenote_category":0,"_uf_show_specific_survey":0,"_uf_disable_surveys":false,"episode_type":"","audio_file":"","cover_image":"","cover_image_id":"","duration":"","filesize":"","date_recorded":"","explicit":"","block":"","filesize_raw":"","footnotes":""},"categories":[244],"tags":[574,2765],"series":[],"class_list":["post-34987","post","type-post","status-publish","format-standard","has-post-thumbnail","hentry","category-canal-de-arquitectura","tag-inigo-garcia-odiaga","tag-veredes-arquitectura-y-divulgacion"],"aioseo_notices":[],"episode_featured_image":"https:\/\/stepienybarno.es\/blog\/wp-content\/uploads\/2019\/04\/Stepienybarno-lluvia-luz-garcia-odiaga-veredes-PostDelDia-01.jpg","episode_player_image":"https:\/\/stepienybarno.es\/blog\/wp-content\/uploads\/2020\/11\/stepienybarno-podcast-scaled.jpg","download_link":"","player_link":"","audio_player":false,"episode_data":{"playerMode":"dark","subscribeUrls":[],"rssFeedUrl":"https:\/\/stepienybarno.es\/blog\/feed\/podcast\/podcast-de-stepienybarno","embedCode":"<blockquote class=\"wp-embedded-content\" data-secret=\"RCel6bibRr\"><a href=\"https:\/\/stepienybarno.es\/blog\/2019\/04\/01\/lluvia-de-luz\/\">Lluvia de luz<\/a><\/blockquote><iframe sandbox=\"allow-scripts\" security=\"restricted\" src=\"https:\/\/stepienybarno.es\/blog\/2019\/04\/01\/lluvia-de-luz\/embed\/#?secret=RCel6bibRr\" width=\"500\" height=\"350\" title=\"\u00abLluvia de luz\u00bb \u2014 Blog de STEPIEN Y BARNO - publicaci\u00f3n digital sobre arquitectura\" data-secret=\"RCel6bibRr\" frameborder=\"0\" marginwidth=\"0\" marginheight=\"0\" scrolling=\"no\" class=\"wp-embedded-content\"><\/iframe><script type=\"text\/javascript\">\n\/* <![CDATA[ *\/\n\/*! This file is auto-generated *\/\n!function(d,l){\"use strict\";l.querySelector&&d.addEventListener&&\"undefined\"!=typeof URL&&(d.wp=d.wp||{},d.wp.receiveEmbedMessage||(d.wp.receiveEmbedMessage=function(e){var t=e.data;if((t||t.secret||t.message||t.value)&&!\/[^a-zA-Z0-9]\/.test(t.secret)){for(var s,r,n,a=l.querySelectorAll('iframe[data-secret=\"'+t.secret+'\"]'),o=l.querySelectorAll('blockquote[data-secret=\"'+t.secret+'\"]'),c=new RegExp(\"^https?:$\",\"i\"),i=0;i<o.length;i++)o[i].style.display=\"none\";for(i=0;i<a.length;i++)s=a[i],e.source===s.contentWindow&&(s.removeAttribute(\"style\"),\"height\"===t.message?(1e3<(r=parseInt(t.value,10))?r=1e3:~~r<200&&(r=200),s.height=r):\"link\"===t.message&&(r=new URL(s.getAttribute(\"src\")),n=new URL(t.value),c.test(n.protocol))&&n.host===r.host&&l.activeElement===s&&(d.top.location.href=t.value))}},d.addEventListener(\"message\",d.wp.receiveEmbedMessage,!1),l.addEventListener(\"DOMContentLoaded\",function(){for(var e,t,s=l.querySelectorAll(\"iframe.wp-embedded-content\"),r=0;r<s.length;r++)(t=(e=s[r]).getAttribute(\"data-secret\"))||(t=Math.random().toString(36).substring(2,12),e.src+=\"#?secret=\"+t,e.setAttribute(\"data-secret\",t)),e.contentWindow.postMessage({message:\"ready\",secret:t},\"*\")},!1)))}(window,document);\n\/* ]]> *\/\n<\/script>\n"},"_links":{"self":[{"href":"https:\/\/stepienybarno.es\/blog\/wp-json\/wp\/v2\/posts\/34987"}],"collection":[{"href":"https:\/\/stepienybarno.es\/blog\/wp-json\/wp\/v2\/posts"}],"about":[{"href":"https:\/\/stepienybarno.es\/blog\/wp-json\/wp\/v2\/types\/post"}],"author":[{"embeddable":true,"href":"https:\/\/stepienybarno.es\/blog\/wp-json\/wp\/v2\/users\/10"}],"replies":[{"embeddable":true,"href":"https:\/\/stepienybarno.es\/blog\/wp-json\/wp\/v2\/comments?post=34987"}],"version-history":[{"count":2,"href":"https:\/\/stepienybarno.es\/blog\/wp-json\/wp\/v2\/posts\/34987\/revisions"}],"predecessor-version":[{"id":34992,"href":"https:\/\/stepienybarno.es\/blog\/wp-json\/wp\/v2\/posts\/34987\/revisions\/34992"}],"wp:featuredmedia":[{"embeddable":true,"href":"https:\/\/stepienybarno.es\/blog\/wp-json\/wp\/v2\/media\/34989"}],"wp:attachment":[{"href":"https:\/\/stepienybarno.es\/blog\/wp-json\/wp\/v2\/media?parent=34987"}],"wp:term":[{"taxonomy":"category","embeddable":true,"href":"https:\/\/stepienybarno.es\/blog\/wp-json\/wp\/v2\/categories?post=34987"},{"taxonomy":"post_tag","embeddable":true,"href":"https:\/\/stepienybarno.es\/blog\/wp-json\/wp\/v2\/tags?post=34987"},{"taxonomy":"series","embeddable":true,"href":"https:\/\/stepienybarno.es\/blog\/wp-json\/wp\/v2\/series?post=34987"}],"curies":[{"name":"wp","href":"https:\/\/api.w.org\/{rel}","templated":true}]}}