{"id":35085,"date":"2019-04-09T09:54:33","date_gmt":"2019-04-09T07:54:33","guid":{"rendered":"https:\/\/www.stepienybarno.es\/blog\/?p=35085"},"modified":"2019-04-09T09:54:33","modified_gmt":"2019-04-09T07:54:33","slug":"ciudad-y-salud-urbana-ciudad-saludable-cuerpo-sano","status":"publish","type":"post","link":"https:\/\/stepienybarno.es\/blog\/2019\/04\/09\/ciudad-y-salud-urbana-ciudad-saludable-cuerpo-sano\/","title":{"rendered":"Ciudad y salud urbana: Ciudad saludable, cuerpo sano"},"content":{"rendered":"<p><img loading=\"lazy\" decoding=\"async\" class=\"aligncenter size-medium wp-image-35087\" src=\"https:\/\/stepienybarno.es\/blog\/wp-content\/uploads\/2019\/04\/Stepienybarno-gaudino-ciudad-salud-urbana-ProyectoDelDia-01-550x347.jpg\" alt=\"\" width=\"550\" height=\"347\" srcset=\"https:\/\/stepienybarno.es\/blog\/wp-content\/uploads\/2019\/04\/Stepienybarno-gaudino-ciudad-salud-urbana-ProyectoDelDia-01-550x347.jpg 550w, https:\/\/stepienybarno.es\/blog\/wp-content\/uploads\/2019\/04\/Stepienybarno-gaudino-ciudad-salud-urbana-ProyectoDelDia-01-180x113.jpg 180w, https:\/\/stepienybarno.es\/blog\/wp-content\/uploads\/2019\/04\/Stepienybarno-gaudino-ciudad-salud-urbana-ProyectoDelDia-01-316x199.jpg 316w, https:\/\/stepienybarno.es\/blog\/wp-content\/uploads\/2019\/04\/Stepienybarno-gaudino-ciudad-salud-urbana-ProyectoDelDia-01.jpg 900w\" sizes=\"(max-width: 550px) 100vw, 550px\" \/><\/p>\n<h1>Por: <a href=\"https:\/\/sabrinagaudino.com\" target=\"_blank\" rel=\"noopener\">Sabrina Gaudino<\/a><\/h1>\n<h2>Desde: <a href=\"http:\/\/www.arquitasa.com\" target=\"_blank\" rel=\"noopener\">Arquitasa<\/a><\/h2>\n<p><!--more--><\/p>\n<p>La contaminaci\u00f3n ambiental, la ausencia de itinerarios peatonales urbanos, la inaccesibilidad, la carencia de servicios, adem\u00e1s de los factores socioecon\u00f3micos como la pobreza son algunos vectores que inciden en la salud de las personas, al tiempo que determinan la salud de una ciudad. Tal y como afirma el epidemi\u00f3logo social Manuel Franco: \u00abel c\u00f3mo son nuestras ciudades es fruto de c\u00f3mo organizamos nuestras ciudades pol\u00edtica y econ\u00f3micamente, y eso tiene un efecto en la salud de nuestros ciudadanos\u00bb.<\/p>\n<p>En el a\u00f1o 2010, en ocasi\u00f3n del d\u00eda mundial de la salud, la OMS lanz\u00f3 la campa\u00f1a\u00a0\u00ab<a href=\"https:\/\/www.who.int\/world-health-day\/2010\/en\/\">1000 ciudades 1000 vidas<\/a>\u00bb enfocada a visibilizar la importancia de la planificaci\u00f3n urbana como instrumento para mejorar la salud de las personas. En ese mismo a\u00f1o tambi\u00e9n puso en marcha la iniciativa\u00a0\u00ab<a href=\"https:\/\/www.who.int\/mediacentre\/news\/releases\/2010\/age_friendly_cities_20100628\/es\/\">Red Mundial de ciudades adaptadas a las personas mayores<\/a>\u00bb, una red a la que se uni\u00f3 \u2014entre otras\u2014 la ciudad de New York en los tiempos de Bloomberg con lo que se consigui\u00f3 la transformaci\u00f3n (humanizaci\u00f3n) peatonal de gran parte del coraz\u00f3n de la manzana; ambas iniciativas puestas en marcha con la intenci\u00f3n de mejorar la salud y la calidad de vida. Y es que hace m\u00e1s de una d\u00e9cada que se tiene en consideraci\u00f3n la relaci\u00f3n entre ciudad y salud, al tiempo que se viene hablando de un incremento exponencial de la poblaci\u00f3n urbana a treinta a\u00f1os vista. Sin embargo, a pesar de la evidencia de que asistimos a la urbanizaci\u00f3n m\u00e1s r\u00e1pida nunca antes experimentada al comp\u00e1s del envejecimiento de la poblaci\u00f3n y al deshielo de los polos, ninguna de estas predicciones con fundamento cient\u00edfico se han tomado en serio \u2014o con responsabilidad\u2014 a la hora de accionar medidas para proyectar ciudades saludables o frenar el cambio clim\u00e1tico; ambas cuestiones inherentes y concomitantes. Acciones ciudadanas frente al problema del cambio clim\u00e1tico como las distintas organizaciones ecologistas y el reciente surgimiento del movimiento iniciado por la activista Greta Thunberg, as\u00ed como las decenas de asociaciones civiles con base en la b\u00fasqueda de mejorar la calidad de vida en las ciudades, nos dan pistas sobre la urgencia de integrar el cuidado integral de la salud en la planificaci\u00f3n urbana.<\/p>\n<p>&nbsp;<\/p>\n<p style=\"text-align: center;\">Acceder al Art\u00edculo <a href=\"http:\/\/bit.ly\/2GbSKNR\" target=\"_blank\" rel=\"noopener\">AQU\u00cd<\/a><\/p>\n<p>&nbsp;<\/p>\n<p>&nbsp;<\/p>\n<hr \/>\n<p><em>Noticia seleccionada por el Canal de arquitectura STEPIENYBARNO.<\/em><\/p>\n<p><a href=\"https:\/\/twitter.com\/stepienybarno\" target=\"_blank\" rel=\"noopener\"><em>STEPIENYBARNO EN TWITTER _ @stepienybarno<\/em><\/a><\/p>\n<p><a href=\"http:\/\/www.linkedin.com\/company\/stepienybarno\" target=\"_blank\" rel=\"noopener\"><em>STEPIENYBARNO EN LINKEDIN<\/em><\/a><\/p>\n<p><a href=\"https:\/\/www.facebook.com\/pages\/BLOG-DE-STEPIENYBARNO\/78001079029\" target=\"_blank\" rel=\"noopener\"><em>STEPIENYBARNO EN FACEBOOK<\/em><\/a><\/p>\n<p><em>*Stepienybarno est\u00e1 formado por Agnieszka Stepien y Lorenzo Barn\u00f3 y desde mayo del 2009 estamos en la red con\u00a0 la presente publicaci\u00f3n digital (Blog) de arquitectura.<\/em><\/p>\n<p><em>Nuestra actividad se sustenta en tres pilares b\u00e1sicos: la investigaci\u00f3n, la publicaci\u00f3n (comunicaci\u00f3n y difusi\u00f3n) y la redacci\u00f3n de proyectos de arquitectura.<\/em><\/p>\n<p><em>A su vez, somos socios cofundadores de<\/em>\u00a0<a href=\"http:\/\/sinergiasostenible.org\/\" target=\"_blank\" rel=\"noopener\"><em>SINERGIA SOSTENIBLE<\/em><\/a><em>, redactores de<\/em>\u00a0<a href=\"http:\/\/www.laciudadviva.org\/blogs\/?author=45\" target=\"_blank\" rel=\"noopener\"><em>LA CIUDAD VIVA<\/em><\/a>\u00a0<em>y directores del blog de<\/em><a href=\"http:\/\/blogfundacion.arquia.es\/\" target=\"_blank\" rel=\"noopener\"><em>FUNDACI\u00d3N ARQUIA.<\/em><\/a><\/p>\n<p><em>* Los editores de esta publicaci\u00f3n digital no nos hacemos cargo de de los comentarios y\u00a0 conceptos vertidos en los textos firmados por otras personas, siendo \u00e9stos de responsabilidad exclusiva de sus autores.<\/em><\/p>\n<p><em>* Tu comentario podr\u00e1 ser moderado, por lo tanto, aunque aparezca inmediatamente al ser publicado en la entrada, los editores de esta publicaci\u00f3n digital nos reservamos el derecho tanto de editarlo (si fuera necesario, para hacerlo m\u00e1s legible) como de eliminarlo en el caso de que se usen expresiones incorrectas (descalificaciones, palabras malsonantes\u2026). A su vez, si quieres comentar desde el anonimato puedes hacerlo, aunque, nosotros personalmente, agradecemos que tod@s nos podamos identificar.<\/em><\/p>\n","protected":false},"excerpt":{"rendered":"<p>Por: Sabrina Gaudino Desde: Arquitasa<\/p>\n","protected":false},"author":10,"featured_media":35087,"comment_status":"open","ping_status":"closed","sticky":false,"template":"","format":"standard","meta":{"om_disable_all_campaigns":false,"_monsterinsights_skip_tracking":false,"_monsterinsights_sitenote_active":false,"_monsterinsights_sitenote_note":"","_monsterinsights_sitenote_category":0,"_uf_show_specific_survey":0,"_uf_disable_surveys":false,"episode_type":"","audio_file":"","cover_image":"","cover_image_id":"","duration":"","filesize":"","date_recorded":"","explicit":"","block":"","filesize_raw":"","footnotes":""},"categories":[244],"tags":[3541,5483,7223],"series":[],"class_list":["post-35085","post","type-post","status-publish","format-standard","has-post-thumbnail","hentry","category-canal-de-arquitectura","tag-arquitasa","tag-sabrina-gaudino","tag-salud-urbana"],"aioseo_notices":[],"episode_featured_image":"https:\/\/stepienybarno.es\/blog\/wp-content\/uploads\/2019\/04\/Stepienybarno-gaudino-ciudad-salud-urbana-ProyectoDelDia-01.jpg","episode_player_image":"https:\/\/stepienybarno.es\/blog\/wp-content\/uploads\/2020\/11\/stepienybarno-podcast-scaled.jpg","download_link":"","player_link":"","audio_player":false,"episode_data":{"playerMode":"dark","subscribeUrls":[],"rssFeedUrl":"https:\/\/stepienybarno.es\/blog\/feed\/podcast\/podcast-de-stepienybarno","embedCode":"<blockquote class=\"wp-embedded-content\" data-secret=\"73yUnw4qdJ\"><a href=\"https:\/\/stepienybarno.es\/blog\/2019\/04\/09\/ciudad-y-salud-urbana-ciudad-saludable-cuerpo-sano\/\">Ciudad y salud urbana: Ciudad saludable, cuerpo sano<\/a><\/blockquote><iframe sandbox=\"allow-scripts\" security=\"restricted\" src=\"https:\/\/stepienybarno.es\/blog\/2019\/04\/09\/ciudad-y-salud-urbana-ciudad-saludable-cuerpo-sano\/embed\/#?secret=73yUnw4qdJ\" width=\"500\" height=\"350\" title=\"\u00abCiudad y salud urbana: Ciudad saludable, cuerpo sano\u00bb \u2014 Blog de STEPIEN Y BARNO - publicaci\u00f3n digital sobre arquitectura\" data-secret=\"73yUnw4qdJ\" frameborder=\"0\" marginwidth=\"0\" marginheight=\"0\" scrolling=\"no\" class=\"wp-embedded-content\"><\/iframe><script type=\"text\/javascript\">\n\/* <![CDATA[ *\/\n\/*! This file is auto-generated *\/\n!function(d,l){\"use strict\";l.querySelector&&d.addEventListener&&\"undefined\"!=typeof URL&&(d.wp=d.wp||{},d.wp.receiveEmbedMessage||(d.wp.receiveEmbedMessage=function(e){var t=e.data;if((t||t.secret||t.message||t.value)&&!\/[^a-zA-Z0-9]\/.test(t.secret)){for(var s,r,n,a=l.querySelectorAll('iframe[data-secret=\"'+t.secret+'\"]'),o=l.querySelectorAll('blockquote[data-secret=\"'+t.secret+'\"]'),c=new RegExp(\"^https?:$\",\"i\"),i=0;i<o.length;i++)o[i].style.display=\"none\";for(i=0;i<a.length;i++)s=a[i],e.source===s.contentWindow&&(s.removeAttribute(\"style\"),\"height\"===t.message?(1e3<(r=parseInt(t.value,10))?r=1e3:~~r<200&&(r=200),s.height=r):\"link\"===t.message&&(r=new URL(s.getAttribute(\"src\")),n=new URL(t.value),c.test(n.protocol))&&n.host===r.host&&l.activeElement===s&&(d.top.location.href=t.value))}},d.addEventListener(\"message\",d.wp.receiveEmbedMessage,!1),l.addEventListener(\"DOMContentLoaded\",function(){for(var e,t,s=l.querySelectorAll(\"iframe.wp-embedded-content\"),r=0;r<s.length;r++)(t=(e=s[r]).getAttribute(\"data-secret\"))||(t=Math.random().toString(36).substring(2,12),e.src+=\"#?secret=\"+t,e.setAttribute(\"data-secret\",t)),e.contentWindow.postMessage({message:\"ready\",secret:t},\"*\")},!1)))}(window,document);\n\/* ]]> *\/\n<\/script>\n"},"_links":{"self":[{"href":"https:\/\/stepienybarno.es\/blog\/wp-json\/wp\/v2\/posts\/35085"}],"collection":[{"href":"https:\/\/stepienybarno.es\/blog\/wp-json\/wp\/v2\/posts"}],"about":[{"href":"https:\/\/stepienybarno.es\/blog\/wp-json\/wp\/v2\/types\/post"}],"author":[{"embeddable":true,"href":"https:\/\/stepienybarno.es\/blog\/wp-json\/wp\/v2\/users\/10"}],"replies":[{"embeddable":true,"href":"https:\/\/stepienybarno.es\/blog\/wp-json\/wp\/v2\/comments?post=35085"}],"version-history":[{"count":1,"href":"https:\/\/stepienybarno.es\/blog\/wp-json\/wp\/v2\/posts\/35085\/revisions"}],"predecessor-version":[{"id":35093,"href":"https:\/\/stepienybarno.es\/blog\/wp-json\/wp\/v2\/posts\/35085\/revisions\/35093"}],"wp:featuredmedia":[{"embeddable":true,"href":"https:\/\/stepienybarno.es\/blog\/wp-json\/wp\/v2\/media\/35087"}],"wp:attachment":[{"href":"https:\/\/stepienybarno.es\/blog\/wp-json\/wp\/v2\/media?parent=35085"}],"wp:term":[{"taxonomy":"category","embeddable":true,"href":"https:\/\/stepienybarno.es\/blog\/wp-json\/wp\/v2\/categories?post=35085"},{"taxonomy":"post_tag","embeddable":true,"href":"https:\/\/stepienybarno.es\/blog\/wp-json\/wp\/v2\/tags?post=35085"},{"taxonomy":"series","embeddable":true,"href":"https:\/\/stepienybarno.es\/blog\/wp-json\/wp\/v2\/series?post=35085"}],"curies":[{"name":"wp","href":"https:\/\/api.w.org\/{rel}","templated":true}]}}