{"id":35340,"date":"2019-04-30T07:50:23","date_gmt":"2019-04-30T05:50:23","guid":{"rendered":"https:\/\/www.stepienybarno.es\/blog\/?p=35340"},"modified":"2019-04-30T01:32:33","modified_gmt":"2019-04-29T23:32:33","slug":"la-reinvencion-del-arquitecto","status":"publish","type":"post","link":"https:\/\/stepienybarno.es\/blog\/2019\/04\/30\/la-reinvencion-del-arquitecto\/","title":{"rendered":"La reinvenci\u00f3n del arquitecto"},"content":{"rendered":"<div id=\"attachment_35350\" style=\"width: 560px\" class=\"wp-caption aligncenter\"><img loading=\"lazy\" decoding=\"async\" aria-describedby=\"caption-attachment-35350\" class=\"size-medium wp-image-35350\" src=\"https:\/\/stepienybarno.es\/blog\/wp-content\/uploads\/2019\/04\/stepienybarno-ejeprime-reinvencion-arquitecto-anna-gener-postdeldia-01-550x261.jpg\" alt=\"\" width=\"550\" height=\"261\" srcset=\"https:\/\/stepienybarno.es\/blog\/wp-content\/uploads\/2019\/04\/stepienybarno-ejeprime-reinvencion-arquitecto-anna-gener-postdeldia-01-550x261.jpg 550w, https:\/\/stepienybarno.es\/blog\/wp-content\/uploads\/2019\/04\/stepienybarno-ejeprime-reinvencion-arquitecto-anna-gener-postdeldia-01-180x85.jpg 180w, https:\/\/stepienybarno.es\/blog\/wp-content\/uploads\/2019\/04\/stepienybarno-ejeprime-reinvencion-arquitecto-anna-gener-postdeldia-01-316x150.jpg 316w, https:\/\/stepienybarno.es\/blog\/wp-content\/uploads\/2019\/04\/stepienybarno-ejeprime-reinvencion-arquitecto-anna-gener-postdeldia-01.jpg 728w\" sizes=\"(max-width: 550px) 100vw, 550px\" \/><p id=\"caption-attachment-35350\" class=\"wp-caption-text\">Foto: ejeprime.com<\/p><\/div>\n<h1>Por: <a href=\"http:\/\/www.ejeprime.com\" target=\"_blank\" rel=\"noopener\">Eje Prime<\/a><\/h1>\n<h2>Desde: <a href=\"https:\/\/twitter.com\/agenersurrell\" target=\"_blank\" rel=\"noopener\">Anna Gener &#8211; La mirada de Artemisa<\/a><\/h2>\n<p><!--more--><\/p>\n<p>\u00bb\u00a0Pertenezco a la generaci\u00f3n de los\u00a0<em>baby boomers<\/em>\u00a0de mediados de los setenta. La circunstancia de nacer junto a tantos beb\u00e9s nos convirti\u00f3 en adultos luchadores y competitivos.<\/p>\n<p>Nuestra etapa universitaria se desarroll\u00f3 en la inquietante crisis post 1992, que vino a ser algo as\u00ed como \u201cnos cre\u00edamos ricos, pero en realidad \u00e9ramos pobres con pase VIP a la fiesta Ol\u00edmpica\u201d. \u00a0Esta segunda circunstancia nos inculc\u00f3 la cultura del esfuerzo y nos ense\u00f1\u00f3 a valorar el dinero como lo que es: un instrumento importante para obtener libertad e independencia.<\/p>\n<p>La d\u00e9cada de los noventa fue una \u00e9poca austera, en la que incluso el lujo, cuyo m\u00e1ximo exponente fue Armani, no quiso salir del gris y del azul marino.<\/p>\n<p>La sobriedad que defini\u00f3 esta etapa tuvo un maravilloso contrapunto en el mundo de la arquitectura, mejor dicho, en el mundo de los arquitectos en s\u00ed, que se erigieron en los profesionales m\u00e1s admirados del momento. (&#8230; ) \u00bb<\/p>\n<p>&nbsp;<\/p>\n<p style=\"text-align: center;\">Acceder al Art\u00edculo <a href=\"http:\/\/bit.ly\/2WeXk3w\" target=\"_blank\" rel=\"noopener\">AQU\u00cd<\/a><\/p>\n<p>&nbsp;<\/p>\n<p>&nbsp;<\/p>\n<hr \/>\n<p><em>Noticia seleccionada por el Canal de arquitectura STEPIENYBARNO.<\/em><\/p>\n<p><a href=\"https:\/\/twitter.com\/stepienybarno\" target=\"_blank\" rel=\"noopener\"><em>STEPIENYBARNO EN TWITTER _ @stepienybarno<\/em><\/a><\/p>\n<p><a href=\"http:\/\/www.linkedin.com\/company\/stepienybarno\" target=\"_blank\" rel=\"noopener\"><em>STEPIENYBARNO EN LINKEDIN<\/em><\/a><\/p>\n<p><a href=\"https:\/\/www.facebook.com\/pages\/BLOG-DE-STEPIENYBARNO\/78001079029\" target=\"_blank\" rel=\"noopener\"><em>STEPIENYBARNO EN FACEBOOK<\/em><\/a><\/p>\n<p><em>*Stepienybarno est\u00e1 formado por Agnieszka Stepien y Lorenzo Barn\u00f3 y desde mayo del 2009 estamos en la red con\u00a0 la presente publicaci\u00f3n digital (Blog) de arquitectura.<\/em><\/p>\n<p><em>Nuestra actividad se sustenta en tres pilares b\u00e1sicos: la investigaci\u00f3n, la publicaci\u00f3n (comunicaci\u00f3n y difusi\u00f3n) y la redacci\u00f3n de proyectos de arquitectura.<\/em><\/p>\n<p><em>A su vez, somos socios cofundadores de<\/em>\u00a0<a href=\"http:\/\/sinergiasostenible.org\/\" target=\"_blank\" rel=\"noopener\"><em>SINERGIA SOSTENIBLE<\/em><\/a><em>, redactores de<\/em>\u00a0<a href=\"http:\/\/www.laciudadviva.org\/blogs\/?author=45\" target=\"_blank\" rel=\"noopener\"><em>LA CIUDAD VIVA<\/em><\/a>\u00a0<em>y directores del blog de<\/em><a href=\"http:\/\/blogfundacion.arquia.es\/\" target=\"_blank\" rel=\"noopener\"><em>FUNDACI\u00d3N ARQUIA.<\/em><\/a><\/p>\n<p><em>* Los editores de esta publicaci\u00f3n digital no nos hacemos cargo de de los comentarios y\u00a0 conceptos vertidos en los textos firmados por otras personas, siendo \u00e9stos de responsabilidad exclusiva de sus autores.<\/em><\/p>\n<p><em>* Tu comentario podr\u00e1 ser moderado, por lo tanto, aunque aparezca inmediatamente al ser publicado en la entrada, los editores de esta publicaci\u00f3n digital nos reservamos el derecho tanto de editarlo (si fuera necesario, para hacerlo m\u00e1s legible) como de eliminarlo en el caso de que se usen expresiones incorrectas (descalificaciones, palabras malsonantes\u2026). A su vez, si quieres comentar desde el anonimato puedes hacerlo, aunque, nosotros personalmente, agradecemos que tod@s nos podamos identificar.<\/em><\/p>\n","protected":false},"excerpt":{"rendered":"<p>Por: Eje Prime Desde: Anna Gener &#8211; La mirada de<\/p>\n","protected":false},"author":10,"featured_media":35350,"comment_status":"open","ping_status":"closed","sticky":false,"template":"","format":"standard","meta":{"om_disable_all_campaigns":false,"_monsterinsights_skip_tracking":false,"_monsterinsights_sitenote_active":false,"_monsterinsights_sitenote_note":"","_monsterinsights_sitenote_category":0,"_uf_show_specific_survey":0,"_uf_disable_surveys":false,"episode_type":"","audio_file":"","cover_image":"","cover_image_id":"","duration":"","filesize":"","date_recorded":"","explicit":"","block":"","filesize_raw":"","footnotes":""},"categories":[244],"tags":[7301,7300,7302],"series":[],"class_list":["post-35340","post","type-post","status-publish","format-standard","has-post-thumbnail","hentry","category-canal-de-arquitectura","tag-anna-gener","tag-eje-prime","tag-la-mirada-de-artemisa"],"aioseo_notices":[],"episode_featured_image":"https:\/\/stepienybarno.es\/blog\/wp-content\/uploads\/2019\/04\/stepienybarno-ejeprime-reinvencion-arquitecto-anna-gener-postdeldia-01.jpg","episode_player_image":"https:\/\/stepienybarno.es\/blog\/wp-content\/uploads\/2020\/11\/stepienybarno-podcast-scaled.jpg","download_link":"","player_link":"","audio_player":false,"episode_data":{"playerMode":"dark","subscribeUrls":[],"rssFeedUrl":"https:\/\/stepienybarno.es\/blog\/feed\/podcast\/podcast-de-stepienybarno","embedCode":"<blockquote class=\"wp-embedded-content\" data-secret=\"T4rgGJMXXF\"><a href=\"https:\/\/stepienybarno.es\/blog\/2019\/04\/30\/la-reinvencion-del-arquitecto\/\">La reinvenci\u00f3n del arquitecto<\/a><\/blockquote><iframe sandbox=\"allow-scripts\" security=\"restricted\" src=\"https:\/\/stepienybarno.es\/blog\/2019\/04\/30\/la-reinvencion-del-arquitecto\/embed\/#?secret=T4rgGJMXXF\" width=\"500\" height=\"350\" title=\"\u00abLa reinvenci\u00f3n del arquitecto\u00bb \u2014 Blog de STEPIEN Y BARNO - publicaci\u00f3n digital sobre arquitectura\" data-secret=\"T4rgGJMXXF\" frameborder=\"0\" marginwidth=\"0\" marginheight=\"0\" scrolling=\"no\" class=\"wp-embedded-content\"><\/iframe><script type=\"text\/javascript\">\n\/* <![CDATA[ *\/\n\/*! This file is auto-generated *\/\n!function(d,l){\"use strict\";l.querySelector&&d.addEventListener&&\"undefined\"!=typeof URL&&(d.wp=d.wp||{},d.wp.receiveEmbedMessage||(d.wp.receiveEmbedMessage=function(e){var t=e.data;if((t||t.secret||t.message||t.value)&&!\/[^a-zA-Z0-9]\/.test(t.secret)){for(var s,r,n,a=l.querySelectorAll('iframe[data-secret=\"'+t.secret+'\"]'),o=l.querySelectorAll('blockquote[data-secret=\"'+t.secret+'\"]'),c=new RegExp(\"^https?:$\",\"i\"),i=0;i<o.length;i++)o[i].style.display=\"none\";for(i=0;i<a.length;i++)s=a[i],e.source===s.contentWindow&&(s.removeAttribute(\"style\"),\"height\"===t.message?(1e3<(r=parseInt(t.value,10))?r=1e3:~~r<200&&(r=200),s.height=r):\"link\"===t.message&&(r=new URL(s.getAttribute(\"src\")),n=new URL(t.value),c.test(n.protocol))&&n.host===r.host&&l.activeElement===s&&(d.top.location.href=t.value))}},d.addEventListener(\"message\",d.wp.receiveEmbedMessage,!1),l.addEventListener(\"DOMContentLoaded\",function(){for(var e,t,s=l.querySelectorAll(\"iframe.wp-embedded-content\"),r=0;r<s.length;r++)(t=(e=s[r]).getAttribute(\"data-secret\"))||(t=Math.random().toString(36).substring(2,12),e.src+=\"#?secret=\"+t,e.setAttribute(\"data-secret\",t)),e.contentWindow.postMessage({message:\"ready\",secret:t},\"*\")},!1)))}(window,document);\n\/* ]]> *\/\n<\/script>\n"},"_links":{"self":[{"href":"https:\/\/stepienybarno.es\/blog\/wp-json\/wp\/v2\/posts\/35340"}],"collection":[{"href":"https:\/\/stepienybarno.es\/blog\/wp-json\/wp\/v2\/posts"}],"about":[{"href":"https:\/\/stepienybarno.es\/blog\/wp-json\/wp\/v2\/types\/post"}],"author":[{"embeddable":true,"href":"https:\/\/stepienybarno.es\/blog\/wp-json\/wp\/v2\/users\/10"}],"replies":[{"embeddable":true,"href":"https:\/\/stepienybarno.es\/blog\/wp-json\/wp\/v2\/comments?post=35340"}],"version-history":[{"count":1,"href":"https:\/\/stepienybarno.es\/blog\/wp-json\/wp\/v2\/posts\/35340\/revisions"}],"predecessor-version":[{"id":35351,"href":"https:\/\/stepienybarno.es\/blog\/wp-json\/wp\/v2\/posts\/35340\/revisions\/35351"}],"wp:featuredmedia":[{"embeddable":true,"href":"https:\/\/stepienybarno.es\/blog\/wp-json\/wp\/v2\/media\/35350"}],"wp:attachment":[{"href":"https:\/\/stepienybarno.es\/blog\/wp-json\/wp\/v2\/media?parent=35340"}],"wp:term":[{"taxonomy":"category","embeddable":true,"href":"https:\/\/stepienybarno.es\/blog\/wp-json\/wp\/v2\/categories?post=35340"},{"taxonomy":"post_tag","embeddable":true,"href":"https:\/\/stepienybarno.es\/blog\/wp-json\/wp\/v2\/tags?post=35340"},{"taxonomy":"series","embeddable":true,"href":"https:\/\/stepienybarno.es\/blog\/wp-json\/wp\/v2\/series?post=35340"}],"curies":[{"name":"wp","href":"https:\/\/api.w.org\/{rel}","templated":true}]}}