{"id":35466,"date":"2019-05-08T10:52:58","date_gmt":"2019-05-08T08:52:58","guid":{"rendered":"https:\/\/www.stepienybarno.es\/blog\/?p=35466"},"modified":"2019-05-08T10:52:58","modified_gmt":"2019-05-08T08:52:58","slug":"los-tercios-rehabilitar-la-identidad","status":"publish","type":"post","link":"https:\/\/stepienybarno.es\/blog\/2019\/05\/08\/los-tercios-rehabilitar-la-identidad\/","title":{"rendered":"LOS TERCIOS \u2013 REHABILITAR LA IDENTIDAD"},"content":{"rendered":"<div id=\"attachment_35467\" style=\"width: 560px\" class=\"wp-caption aligncenter\"><img loading=\"lazy\" decoding=\"async\" aria-describedby=\"caption-attachment-35467\" class=\"size-medium wp-image-35467\" src=\"https:\/\/stepienybarno.es\/blog\/wp-content\/uploads\/2019\/05\/stepienybarno-maderayconstruccion-lostercios-ajo-postdeldia-01-550x367.jpg\" alt=\"\" width=\"550\" height=\"367\" srcset=\"https:\/\/stepienybarno.es\/blog\/wp-content\/uploads\/2019\/05\/stepienybarno-maderayconstruccion-lostercios-ajo-postdeldia-01-550x367.jpg 550w, https:\/\/stepienybarno.es\/blog\/wp-content\/uploads\/2019\/05\/stepienybarno-maderayconstruccion-lostercios-ajo-postdeldia-01-180x120.jpg 180w, https:\/\/stepienybarno.es\/blog\/wp-content\/uploads\/2019\/05\/stepienybarno-maderayconstruccion-lostercios-ajo-postdeldia-01-316x211.jpg 316w, https:\/\/stepienybarno.es\/blog\/wp-content\/uploads\/2019\/05\/stepienybarno-maderayconstruccion-lostercios-ajo-postdeldia-01.jpg 870w\" sizes=\"(max-width: 550px) 100vw, 550px\" \/><p id=\"caption-attachment-35467\" class=\"wp-caption-text\">Foto: AJO taller<\/p><\/div>\n<h1>Por: <a href=\"https:\/\/www.enelajo.es\/\" target=\"_blank\" rel=\"noopener\">AJO taller de arquitectura<\/a><\/h1>\n<h2>Desde: <a href=\"https:\/\/maderayconstruccion.com\" target=\"_blank\" rel=\"noopener\">Madera y Construcci\u00f3n<\/a><\/h2>\n<p><!--more--><\/p>\n<p><strong>\u00abCultura, identidad, pertenencia<\/strong>, son conceptos que hoy se difuminan y pierden, de alguna forma, su significado. El\u00a0<strong>desierto demogr\u00e1fico<\/strong>\u00a0en el que se ve sumido el \u00e1mbito rural est\u00e1 llevando a una redefinici\u00f3n del concepto de identidad, m\u00e1s por p\u00e9rdida del anterior que por una nueva necesidad. Esta p\u00e9rdida supone, ante todo, la desaparici\u00f3n de un saber que se ha ido conformando y depurando generaci\u00f3n tras generaci\u00f3n y que incluye tanto patrimonio inmaterial (oficios, m\u00fasica o literatura \u2026) como material, con la\u00a0<strong>arquitectura popular<\/strong>\u00a0y sus sistemas constructivos a la cabeza.<\/p>\n<p>El caso de\u00a0<strong><a href=\"https:\/\/losterciosdevillaveta.wordpress.com\/\" target=\"_blank\" rel=\"noopener noreferrer\">Los Tercios de Villaveta<\/a><\/strong>\u00a0es ejemplo, precisamente, de una\u00a0<strong>posici\u00f3n inconformista<\/strong>\u00a0frente a esto \u00faltimo.\u00a0<strong>La Fundaci\u00f3n \u201cLos Tercios de Villaveta\u201d lleva desde 2015 impulsando la recuperaci\u00f3n de este edificio<\/strong>, cuyo origen se remonta a finales del siglo XV o principios del XVI y que ha tenido una gran influencia en el d\u00eda a d\u00eda de la localidad, tanto por su situaci\u00f3n central, junto a la iglesia de la Inmaculada (BIC desde 1981), como por su nombre, probable alusi\u00f3n a su uso como\u00a0<strong>almac\u00e9n del impuesto en grano<\/strong>. (&#8230;) \u00bb<\/p>\n<p>&nbsp;<\/p>\n<p style=\"text-align: center;\">Acceder al Art\u00edculo <a href=\"http:\/\/bit.ly\/2V5p6y8\" target=\"_blank\" rel=\"noopener\">AQU\u00cd<\/a><\/p>\n<p>&nbsp;<\/p>\n<hr \/>\n<h5><strong>Autores del post:\u00a0<a href=\"https:\/\/stepienybarno.es\/blog\/2011\/09\/04\/las-fortalezas-del-arquitecto\/\">Stepienybarno<\/a>\u00a0_ Agnieszka Stepien y Lorenzo Barn\u00f3<\/strong><\/h5>\n<h5>Y como siempre, si te gust\u00f3 el post,\u00a0estar\u00eda genial que lo compartas\u00a0en tus redes sociales.<\/h5>\n<h5>A su vez, si todav\u00eda no est\u00e1s suscrito a nuestra Newsletter, te animamos a hacerlo en la casilla que tienes al terminar este art\u00edculo.<\/h5>\n<p>&nbsp;<\/p>\n<blockquote><p>Suscribirte a nuestro blog y recibe gratis nuestra gu\u00eda: 10 Ideas para vender m\u00e1s si eres arquitecto<\/p>\n<p>Acceder:\u00a0<a href=\"http:\/\/bit.ly\/2fkkTS7\">http:\/\/bit.ly\/2fkkTS7<\/a><\/p>\n<p>&nbsp;<\/p>\n<p>Si te interesa contactar con nosotros para que te ayudemos a mejorar tu visibilidad online y, en consecuencia, mejorar tus oportunidades laborales, no dudes en escribirnos a:\u00a0<a href=\"mailto:blog@stepienybarno.es\">blog@stepienybarno.es<\/a><\/p><\/blockquote>\n<p>&nbsp;<\/p>\n<p><em><a href=\"https:\/\/twitter.com\/stepienybarno\">Stepienybarno en TWITTER<\/a><\/em><\/p>\n<p><em><a href=\"https:\/\/twitter.com\/stepienybarno\">@stepienybarno (+ de 16.000 seguidores)<\/a><\/em><\/p>\n<p><em><a href=\"https:\/\/twitter.com\/stepienybarno?lang=es\">https:\/\/twitter.com\/stepienybarno?lang=es<\/a><\/em><\/p>\n<p><em><a href=\"https:\/\/www.facebook.com\/pages\/BLOG-DE-STEPIENYBARNO\/78001079029\">Stepienybarno en FACEBOOK (+ de 24<u>.000 seguidores)<\/u><\/a><\/em><\/p>\n<p><em><a href=\"https:\/\/www.facebook.com\/StepienyBarnoArquitecturaeIdentidadDigital\/\">https:\/\/www.facebook.com\/StepienyBarnoArquitecturaeIdentidadDigital\/<\/a><\/em><\/p>\n<p><em>Acceder a nuestro GRUPO CERRADO DE FACEBOOK sobre Identidad Digital para Arquitectos:<\/em><\/p>\n<p><em><a href=\"https:\/\/www.facebook.com\/groups\/IdentidadDigitalParaArquitectos\/\">https:\/\/www.facebook.com\/groups\/IdentidadDigitalParaArquitectos\/<\/a><\/em><\/p>\n<p><em>Suscr\u00edbete a nuestro canal de YOUTUBE:\u00a0<a href=\"http:\/\/bit.ly\/2A1UtAd\">http:\/\/bit.ly\/2A1UtAd<\/a><\/em><\/p>\n<p>&nbsp;<\/p>\n<p>*\u00a0<a href=\"https:\/\/stepienybarno.es\/blog\/2011\/09\/04\/las-fortalezas-del-arquitecto\/\">Stepienybarno<\/a>\u00a0est\u00e1 formado por Agnieszka Stepien y Lorenzo Barn\u00f3 y desde mayo del 2009 estamos en la red con\u00a0 la presente publicaci\u00f3n digital (Blog) de arquitectura.<\/p>\n<p>Nuestra actividad se sustenta en tres pilares b\u00e1sicos: la investigaci\u00f3n, la publicaci\u00f3n y la redacci\u00f3n de proyectos de arquitectura.<\/p>\n<p>A su vez, somos socios cofundadores de\u00a0<a href=\"http:\/\/sinergiasostenible.org\/\">SINERGIA SOSTENIBLE<\/a>\u00a0y directores del blog de FUNDACI\u00d3N ARQUIA.<\/p>\n","protected":false},"excerpt":{"rendered":"<p>Por: AJO taller de arquitectura Desde: Madera y Construcci\u00f3n<\/p>\n","protected":false},"author":10,"featured_media":35467,"comment_status":"open","ping_status":"closed","sticky":false,"template":"","format":"standard","meta":{"om_disable_all_campaigns":false,"_monsterinsights_skip_tracking":false,"_monsterinsights_sitenote_active":false,"_monsterinsights_sitenote_note":"","_monsterinsights_sitenote_category":0,"_uf_show_specific_survey":0,"_uf_disable_surveys":false,"episode_type":"","audio_file":"","cover_image":"","cover_image_id":"","duration":"","filesize":"","date_recorded":"","explicit":"","block":"","filesize_raw":"","footnotes":""},"categories":[244],"tags":[6359,6596,7321,6042],"series":[],"class_list":["post-35466","post","type-post","status-publish","format-standard","has-post-thumbnail","hentry","category-canal-de-arquitectura","tag-ajo-taller-de-arquitectura","tag-arquitectura-y-madera","tag-los-tercios","tag-madera-y-construccion"],"aioseo_notices":[],"episode_featured_image":"https:\/\/stepienybarno.es\/blog\/wp-content\/uploads\/2019\/05\/stepienybarno-maderayconstruccion-lostercios-ajo-postdeldia-01.jpg","episode_player_image":"https:\/\/stepienybarno.es\/blog\/wp-content\/uploads\/2020\/11\/stepienybarno-podcast-scaled.jpg","download_link":"","player_link":"","audio_player":false,"episode_data":{"playerMode":"dark","subscribeUrls":[],"rssFeedUrl":"https:\/\/stepienybarno.es\/blog\/feed\/podcast\/podcast-de-stepienybarno","embedCode":"<blockquote class=\"wp-embedded-content\" data-secret=\"CNAoLHXjMu\"><a href=\"https:\/\/stepienybarno.es\/blog\/2019\/05\/08\/los-tercios-rehabilitar-la-identidad\/\">LOS TERCIOS \u2013 REHABILITAR LA IDENTIDAD<\/a><\/blockquote><iframe sandbox=\"allow-scripts\" security=\"restricted\" src=\"https:\/\/stepienybarno.es\/blog\/2019\/05\/08\/los-tercios-rehabilitar-la-identidad\/embed\/#?secret=CNAoLHXjMu\" width=\"500\" height=\"350\" title=\"\u00abLOS TERCIOS \u2013 REHABILITAR LA IDENTIDAD\u00bb \u2014 Blog de STEPIEN Y BARNO - publicaci\u00f3n digital sobre arquitectura\" data-secret=\"CNAoLHXjMu\" frameborder=\"0\" marginwidth=\"0\" marginheight=\"0\" scrolling=\"no\" class=\"wp-embedded-content\"><\/iframe><script type=\"text\/javascript\">\n\/* <![CDATA[ *\/\n\/*! This file is auto-generated *\/\n!function(d,l){\"use strict\";l.querySelector&&d.addEventListener&&\"undefined\"!=typeof URL&&(d.wp=d.wp||{},d.wp.receiveEmbedMessage||(d.wp.receiveEmbedMessage=function(e){var t=e.data;if((t||t.secret||t.message||t.value)&&!\/[^a-zA-Z0-9]\/.test(t.secret)){for(var s,r,n,a=l.querySelectorAll('iframe[data-secret=\"'+t.secret+'\"]'),o=l.querySelectorAll('blockquote[data-secret=\"'+t.secret+'\"]'),c=new RegExp(\"^https?:$\",\"i\"),i=0;i<o.length;i++)o[i].style.display=\"none\";for(i=0;i<a.length;i++)s=a[i],e.source===s.contentWindow&&(s.removeAttribute(\"style\"),\"height\"===t.message?(1e3<(r=parseInt(t.value,10))?r=1e3:~~r<200&&(r=200),s.height=r):\"link\"===t.message&&(r=new URL(s.getAttribute(\"src\")),n=new URL(t.value),c.test(n.protocol))&&n.host===r.host&&l.activeElement===s&&(d.top.location.href=t.value))}},d.addEventListener(\"message\",d.wp.receiveEmbedMessage,!1),l.addEventListener(\"DOMContentLoaded\",function(){for(var e,t,s=l.querySelectorAll(\"iframe.wp-embedded-content\"),r=0;r<s.length;r++)(t=(e=s[r]).getAttribute(\"data-secret\"))||(t=Math.random().toString(36).substring(2,12),e.src+=\"#?secret=\"+t,e.setAttribute(\"data-secret\",t)),e.contentWindow.postMessage({message:\"ready\",secret:t},\"*\")},!1)))}(window,document);\n\/* ]]> *\/\n<\/script>\n"},"_links":{"self":[{"href":"https:\/\/stepienybarno.es\/blog\/wp-json\/wp\/v2\/posts\/35466"}],"collection":[{"href":"https:\/\/stepienybarno.es\/blog\/wp-json\/wp\/v2\/posts"}],"about":[{"href":"https:\/\/stepienybarno.es\/blog\/wp-json\/wp\/v2\/types\/post"}],"author":[{"embeddable":true,"href":"https:\/\/stepienybarno.es\/blog\/wp-json\/wp\/v2\/users\/10"}],"replies":[{"embeddable":true,"href":"https:\/\/stepienybarno.es\/blog\/wp-json\/wp\/v2\/comments?post=35466"}],"version-history":[{"count":1,"href":"https:\/\/stepienybarno.es\/blog\/wp-json\/wp\/v2\/posts\/35466\/revisions"}],"predecessor-version":[{"id":35468,"href":"https:\/\/stepienybarno.es\/blog\/wp-json\/wp\/v2\/posts\/35466\/revisions\/35468"}],"wp:featuredmedia":[{"embeddable":true,"href":"https:\/\/stepienybarno.es\/blog\/wp-json\/wp\/v2\/media\/35467"}],"wp:attachment":[{"href":"https:\/\/stepienybarno.es\/blog\/wp-json\/wp\/v2\/media?parent=35466"}],"wp:term":[{"taxonomy":"category","embeddable":true,"href":"https:\/\/stepienybarno.es\/blog\/wp-json\/wp\/v2\/categories?post=35466"},{"taxonomy":"post_tag","embeddable":true,"href":"https:\/\/stepienybarno.es\/blog\/wp-json\/wp\/v2\/tags?post=35466"},{"taxonomy":"series","embeddable":true,"href":"https:\/\/stepienybarno.es\/blog\/wp-json\/wp\/v2\/series?post=35466"}],"curies":[{"name":"wp","href":"https:\/\/api.w.org\/{rel}","templated":true}]}}