{"id":35581,"date":"2019-05-24T08:10:14","date_gmt":"2019-05-24T06:10:14","guid":{"rendered":"https:\/\/www.stepienybarno.es\/blog\/?p=35581"},"modified":"2019-05-23T09:42:10","modified_gmt":"2019-05-23T07:42:10","slug":"renovar-con-madera-reflexiones-en-torno-a-la-reconstruccion-de-notre-dame","status":"publish","type":"post","link":"https:\/\/stepienybarno.es\/blog\/2019\/05\/24\/renovar-con-madera-reflexiones-en-torno-a-la-reconstruccion-de-notre-dame\/","title":{"rendered":"RENOVAR CON MADERA. Reflexiones en torno a la reconstrucci\u00f3n de N\u00f4tre Dame."},"content":{"rendered":"<div id=\"attachment_35602\" style=\"width: 560px\" class=\"wp-caption aligncenter\"><img loading=\"lazy\" decoding=\"async\" aria-describedby=\"caption-attachment-35602\" class=\"size-medium wp-image-35602\" src=\"https:\/\/stepienybarno.es\/blog\/wp-content\/uploads\/2019\/05\/stepienybarno-reconstruccion-notre-dame-postdeldia-01-550x367.jpg\" alt=\"\" width=\"550\" height=\"367\" srcset=\"https:\/\/stepienybarno.es\/blog\/wp-content\/uploads\/2019\/05\/stepienybarno-reconstruccion-notre-dame-postdeldia-01-550x367.jpg 550w, https:\/\/stepienybarno.es\/blog\/wp-content\/uploads\/2019\/05\/stepienybarno-reconstruccion-notre-dame-postdeldia-01-180x120.jpg 180w, https:\/\/stepienybarno.es\/blog\/wp-content\/uploads\/2019\/05\/stepienybarno-reconstruccion-notre-dame-postdeldia-01-316x211.jpg 316w, https:\/\/stepienybarno.es\/blog\/wp-content\/uploads\/2019\/05\/stepienybarno-reconstruccion-notre-dame-postdeldia-01.jpg 870w\" sizes=\"(max-width: 550px) 100vw, 550px\" \/><p id=\"caption-attachment-35602\" class=\"wp-caption-text\">Foto: Bonsai Arquitectos<\/p><\/div>\n<h1>Por: <a href=\"https:\/\/www.bonsaiarquitectos.es\/\" target=\"_blank\" rel=\"noopener\">Bonsai Arquitectos<\/a><\/h1>\n<h2>Desde: <a href=\"http:\/\/maderayconstruccion.com\" target=\"_blank\" rel=\"noopener\">Madera y Construcci\u00f3n<\/a><\/h2>\n<p><!--more--><\/p>\n<h2>\u00abLo que nunca debi\u00f3 ocurrir.<\/h2>\n<p>El lunes 15 de abril de este a\u00f1o permanecer\u00e1 en nuestra memoria asociado al triste recuerdo del incendio de N\u00f4tre Dame de Par\u00eds \u2013atizado por la gran difusi\u00f3n de los medios de comunicaci\u00f3n al producirse en plena Semana Santa y recibir cobertura mundial en directo. Las im\u00e1genes tomadas en esos d\u00edas son impactantes y transmiten con fuerza el drama.<\/p>\n<p>Este recuerdo est\u00e1 estrechamente vinculado con la inmediata desaz\u00f3n de pensar en la repercusi\u00f3n de un gran incendio medi\u00e1tico para la imagen de la madera como material de construcci\u00f3n\u2026 Qu\u00e9 fatalidad, que una construcci\u00f3n que lleva ochocientos a\u00f1os en pie arda literalmente\u00a0<em>como una tea<\/em>\u00a0ante los at\u00f3nitos ojos del mundo, en s\u00f3lo unas horas! De inmediato, la reacci\u00f3n sucesiva es la indignaci\u00f3n: \u00bfc\u00f3mo es posible? \u00bfc\u00f3mo puede producirse un incendio tan desastroso en un edificio que es un icono medi\u00e1tico, en un pa\u00eds con infraestructura y con recursos econ\u00f3micos para proteger su patrimonio? Con la experiencia acumulada por incidentes en arquitectura monumental durante los \u00faltimos cincuenta a\u00f1os \u2013en muchos casos durante el proceso de restauraci\u00f3n- y con la tecnolog\u00eda disponible hoy en d\u00eda en materia de detecci\u00f3n y extinci\u00f3n de incendios parece surrealista que un drama como el de Par\u00eds pueda haberse producido. (&#8230;) \u00bb<\/p>\n<p>&nbsp;<\/p>\n<p style=\"text-align: center;\">Acceder al Art\u00edculo <a href=\"http:\/\/bit.ly\/2M3ToSt\" target=\"_blank\" rel=\"noopener\">AQU\u00cd<\/a><\/p>\n<p>&nbsp;<\/p>\n<p>&nbsp;<\/p>\n<hr \/>\n<h5><strong>Autores del post:\u00a0<a href=\"https:\/\/stepienybarno.es\/blog\/2011\/09\/04\/las-fortalezas-del-arquitecto\/\">Stepienybarno<\/a>\u00a0_ Agnieszka Stepien y Lorenzo Barn\u00f3<\/strong><\/h5>\n<h5>Y como siempre, si te gust\u00f3 el post,\u00a0estar\u00eda genial que lo compartas\u00a0en tus redes sociales.<\/h5>\n<h5>A su vez, si todav\u00eda no est\u00e1s suscrito a nuestra Newsletter, te animamos a hacerlo en la casilla que tienes al terminar este art\u00edculo.<\/h5>\n<p>&nbsp;<\/p>\n<blockquote><p>Suscribirte a nuestro blog y recibe gratis nuestra gu\u00eda: 10 Ideas para vender m\u00e1s si eres arquitecto<\/p>\n<p>Acceder:\u00a0<a href=\"http:\/\/bit.ly\/2fkkTS7\">http:\/\/bit.ly\/2fkkTS7<\/a><\/p>\n<p>&nbsp;<\/p>\n<p>Si te interesa contactar con nosotros para que te ayudemos a mejorar tu visibilidad online y, en consecuencia, mejorar tus oportunidades laborales, no dudes en escribirnos a:\u00a0<a href=\"mailto:blog@stepienybarno.es\">blog@stepienybarno.es<\/a><\/p><\/blockquote>\n<p>&nbsp;<\/p>\n<p><em><a href=\"https:\/\/twitter.com\/stepienybarno\">Stepienybarno en TWITTER<\/a><\/em><\/p>\n<p><em><a href=\"https:\/\/twitter.com\/stepienybarno\">@stepienybarno (+ de 16.000 seguidores)<\/a><\/em><\/p>\n<p><em><a href=\"https:\/\/twitter.com\/stepienybarno?lang=es\">https:\/\/twitter.com\/stepienybarno?lang=es<\/a><\/em><\/p>\n<p><em><a href=\"https:\/\/www.facebook.com\/pages\/BLOG-DE-STEPIENYBARNO\/78001079029\">Stepienybarno en FACEBOOK (+ de 24<u>.000 seguidores)<\/u><\/a><\/em><\/p>\n<p><em><a href=\"https:\/\/www.facebook.com\/StepienyBarnoArquitecturaeIdentidadDigital\/\">https:\/\/www.facebook.com\/StepienyBarnoArquitecturaeIdentidadDigital\/<\/a><\/em><\/p>\n<p><em>Acceder a nuestro GRUPO CERRADO DE FACEBOOK sobre Identidad Digital para Arquitectos:<\/em><\/p>\n<p><em><a href=\"https:\/\/www.facebook.com\/groups\/IdentidadDigitalParaArquitectos\/\">https:\/\/www.facebook.com\/groups\/IdentidadDigitalParaArquitectos\/<\/a><\/em><\/p>\n<p><em>Suscr\u00edbete a nuestro canal de YOUTUBE:\u00a0<a href=\"http:\/\/bit.ly\/2A1UtAd\">http:\/\/bit.ly\/2A1UtAd<\/a><\/em><\/p>\n<p>&nbsp;<\/p>\n<p>*\u00a0<a href=\"https:\/\/stepienybarno.es\/blog\/2011\/09\/04\/las-fortalezas-del-arquitecto\/\">Stepienybarno<\/a>\u00a0est\u00e1 formado por Agnieszka Stepien y Lorenzo Barn\u00f3 y desde mayo del 2009 estamos en la red con\u00a0 la presente publicaci\u00f3n digital (Blog) de arquitectura.<\/p>\n<p>Nuestra actividad se sustenta en tres pilares b\u00e1sicos: la investigaci\u00f3n, la publicaci\u00f3n y la redacci\u00f3n de proyectos de arquitectura.<\/p>\n<p>A su vez, somos socios cofundadores de\u00a0<a href=\"http:\/\/sinergiasostenible.org\/\">SINERGIA SOSTENIBLE<\/a>\u00a0y directores del blog de FUNDACI\u00d3N ARQUIA.<\/p>\n","protected":false},"excerpt":{"rendered":"<p>Por: Bonsai Arquitectos Desde: Madera y Construcci\u00f3n<\/p>\n","protected":false},"author":10,"featured_media":35602,"comment_status":"open","ping_status":"closed","sticky":false,"template":"","format":"standard","meta":{"om_disable_all_campaigns":false,"_monsterinsights_skip_tracking":false,"_monsterinsights_sitenote_active":false,"_monsterinsights_sitenote_note":"","_monsterinsights_sitenote_category":0,"_uf_show_specific_survey":0,"_uf_disable_surveys":false,"episode_type":"","audio_file":"","cover_image":"","cover_image_id":"","duration":"","filesize":"","date_recorded":"","explicit":"","block":"","filesize_raw":"","footnotes":""},"categories":[244],"tags":[2894,6042,7268,7352],"series":[],"class_list":["post-35581","post","type-post","status-publish","format-standard","has-post-thumbnail","hentry","category-canal-de-arquitectura","tag-bonsai-arquitectos","tag-madera-y-construccion","tag-notre-dame","tag-rehabilitacion-notre-dame"],"aioseo_notices":[],"episode_featured_image":"https:\/\/stepienybarno.es\/blog\/wp-content\/uploads\/2019\/05\/stepienybarno-reconstruccion-notre-dame-postdeldia-01.jpg","episode_player_image":"https:\/\/stepienybarno.es\/blog\/wp-content\/uploads\/2020\/11\/stepienybarno-podcast-scaled.jpg","download_link":"","player_link":"","audio_player":false,"episode_data":{"playerMode":"dark","subscribeUrls":[],"rssFeedUrl":"https:\/\/stepienybarno.es\/blog\/feed\/podcast\/podcast-de-stepienybarno","embedCode":"<blockquote class=\"wp-embedded-content\" data-secret=\"uIKnYZ2MdS\"><a href=\"https:\/\/stepienybarno.es\/blog\/2019\/05\/24\/renovar-con-madera-reflexiones-en-torno-a-la-reconstruccion-de-notre-dame\/\">RENOVAR CON MADERA. Reflexiones en torno a la reconstrucci\u00f3n de N\u00f4tre Dame.<\/a><\/blockquote><iframe sandbox=\"allow-scripts\" security=\"restricted\" src=\"https:\/\/stepienybarno.es\/blog\/2019\/05\/24\/renovar-con-madera-reflexiones-en-torno-a-la-reconstruccion-de-notre-dame\/embed\/#?secret=uIKnYZ2MdS\" width=\"500\" height=\"350\" title=\"\u00abRENOVAR CON MADERA. Reflexiones en torno a la reconstrucci\u00f3n de N\u00f4tre Dame.\u00bb \u2014 Blog de STEPIEN Y BARNO - publicaci\u00f3n digital sobre arquitectura\" data-secret=\"uIKnYZ2MdS\" frameborder=\"0\" marginwidth=\"0\" marginheight=\"0\" scrolling=\"no\" class=\"wp-embedded-content\"><\/iframe><script type=\"text\/javascript\">\n\/* <![CDATA[ *\/\n\/*! This file is auto-generated *\/\n!function(d,l){\"use strict\";l.querySelector&&d.addEventListener&&\"undefined\"!=typeof URL&&(d.wp=d.wp||{},d.wp.receiveEmbedMessage||(d.wp.receiveEmbedMessage=function(e){var t=e.data;if((t||t.secret||t.message||t.value)&&!\/[^a-zA-Z0-9]\/.test(t.secret)){for(var s,r,n,a=l.querySelectorAll('iframe[data-secret=\"'+t.secret+'\"]'),o=l.querySelectorAll('blockquote[data-secret=\"'+t.secret+'\"]'),c=new RegExp(\"^https?:$\",\"i\"),i=0;i<o.length;i++)o[i].style.display=\"none\";for(i=0;i<a.length;i++)s=a[i],e.source===s.contentWindow&&(s.removeAttribute(\"style\"),\"height\"===t.message?(1e3<(r=parseInt(t.value,10))?r=1e3:~~r<200&&(r=200),s.height=r):\"link\"===t.message&&(r=new URL(s.getAttribute(\"src\")),n=new URL(t.value),c.test(n.protocol))&&n.host===r.host&&l.activeElement===s&&(d.top.location.href=t.value))}},d.addEventListener(\"message\",d.wp.receiveEmbedMessage,!1),l.addEventListener(\"DOMContentLoaded\",function(){for(var e,t,s=l.querySelectorAll(\"iframe.wp-embedded-content\"),r=0;r<s.length;r++)(t=(e=s[r]).getAttribute(\"data-secret\"))||(t=Math.random().toString(36).substring(2,12),e.src+=\"#?secret=\"+t,e.setAttribute(\"data-secret\",t)),e.contentWindow.postMessage({message:\"ready\",secret:t},\"*\")},!1)))}(window,document);\n\/* ]]> *\/\n<\/script>\n"},"_links":{"self":[{"href":"https:\/\/stepienybarno.es\/blog\/wp-json\/wp\/v2\/posts\/35581"}],"collection":[{"href":"https:\/\/stepienybarno.es\/blog\/wp-json\/wp\/v2\/posts"}],"about":[{"href":"https:\/\/stepienybarno.es\/blog\/wp-json\/wp\/v2\/types\/post"}],"author":[{"embeddable":true,"href":"https:\/\/stepienybarno.es\/blog\/wp-json\/wp\/v2\/users\/10"}],"replies":[{"embeddable":true,"href":"https:\/\/stepienybarno.es\/blog\/wp-json\/wp\/v2\/comments?post=35581"}],"version-history":[{"count":2,"href":"https:\/\/stepienybarno.es\/blog\/wp-json\/wp\/v2\/posts\/35581\/revisions"}],"predecessor-version":[{"id":35603,"href":"https:\/\/stepienybarno.es\/blog\/wp-json\/wp\/v2\/posts\/35581\/revisions\/35603"}],"wp:featuredmedia":[{"embeddable":true,"href":"https:\/\/stepienybarno.es\/blog\/wp-json\/wp\/v2\/media\/35602"}],"wp:attachment":[{"href":"https:\/\/stepienybarno.es\/blog\/wp-json\/wp\/v2\/media?parent=35581"}],"wp:term":[{"taxonomy":"category","embeddable":true,"href":"https:\/\/stepienybarno.es\/blog\/wp-json\/wp\/v2\/categories?post=35581"},{"taxonomy":"post_tag","embeddable":true,"href":"https:\/\/stepienybarno.es\/blog\/wp-json\/wp\/v2\/tags?post=35581"},{"taxonomy":"series","embeddable":true,"href":"https:\/\/stepienybarno.es\/blog\/wp-json\/wp\/v2\/series?post=35581"}],"curies":[{"name":"wp","href":"https:\/\/api.w.org\/{rel}","templated":true}]}}