{"id":35823,"date":"2019-06-17T09:40:03","date_gmt":"2019-06-17T07:40:03","guid":{"rendered":"https:\/\/www.stepienybarno.es\/blog\/?p=35823"},"modified":"2019-06-19T16:09:28","modified_gmt":"2019-06-19T14:09:28","slug":"jornada-preparatoria-congreso-de-arquitectura-2020","status":"publish","type":"post","link":"https:\/\/stepienybarno.es\/blog\/2019\/06\/17\/jornada-preparatoria-congreso-de-arquitectura-2020\/","title":{"rendered":"Jornada Preparatoria Congreso de Arquitectura 2020"},"content":{"rendered":"<p><img loading=\"lazy\" decoding=\"async\" class=\"aligncenter size-medium wp-image-35824\" src=\"https:\/\/stepienybarno.es\/blog\/wp-content\/uploads\/2019\/06\/stepienybarno-congreso-arquitectura-aragon-postdeldia-01-550x205.png\" alt=\"\" width=\"550\" height=\"205\" srcset=\"https:\/\/stepienybarno.es\/blog\/wp-content\/uploads\/2019\/06\/stepienybarno-congreso-arquitectura-aragon-postdeldia-01-550x205.png 550w, https:\/\/stepienybarno.es\/blog\/wp-content\/uploads\/2019\/06\/stepienybarno-congreso-arquitectura-aragon-postdeldia-01-180x67.png 180w, https:\/\/stepienybarno.es\/blog\/wp-content\/uploads\/2019\/06\/stepienybarno-congreso-arquitectura-aragon-postdeldia-01-316x118.png 316w, https:\/\/stepienybarno.es\/blog\/wp-content\/uploads\/2019\/06\/stepienybarno-congreso-arquitectura-aragon-postdeldia-01.png 940w\" sizes=\"(max-width: 550px) 100vw, 550px\" \/><\/p>\n<div><\/div>\n<div><strong>En un contexto de cambio profundo para todos, en el que, citando a Zygmunt Bauman, nada es s\u00f3lido, sino l\u00edquido e incierto, y los problemas son tan complejos, que las soluciones de siempre ya no sirven,<\/strong> el <a href=\"http:\/\/www.cscae.com\/\">Congreso de Arquitectura que el Consejo Superior de los Colegios de Arquitectos de Espa\u00f1a (CSCAE)<\/a> celebrar\u00e1 en 2020 se plantea como un proyecto colectivo, necesariamente abierto a la ciudadan\u00eda, participativo, diverso y transversal, para contribuir a la redefinici\u00f3n de la profesi\u00f3n y de su misi\u00f3n, ofreciendo respuestas a los grandes desaf\u00edos que afronta nuestra sociedad, convencidos de que, redirigiendo nuestro futuro, ayudamos a mejorar el del conjunto de la ciudadan\u00eda.<\/div>\n<div>\n<h2><!--more--><\/h2>\n<h2>ZARAGOZA: Jornada Preparatoria<\/h2>\n<p>Coincidiendo con el centenario del primer congreso de Arquitectura celebrado en Zaragoza, la capital aragonesa acoger\u00e1, el 20 de junio, el primer acto del Congreso de Arquitectura 2020. Ser\u00e1 una jornada de trabajo preparatoria en la Escuela de Ingenier\u00eda y Arquitectura de Zaragoza (EINA)\u00a0que, con el lema\u00a0<strong>\u201cConstruir una visi\u00f3n colectiva de futuro\u201d<\/strong>, sentar\u00e1 las bases del debate que, en una segunda etapa, se desarrollar\u00e1, de forma abierta y participada con la ciudadan\u00eda en el seno de los colegios de arquitectos, antes de concluir\u00a0con el Congreso.<\/p>\n<p>Zaragoza ser\u00e1, por lo tanto, semilla; una puesta de cimientos. Para ello, la jornada se dividir\u00e1 en dos bloques: un primero en el que se abordar\u00e1 la situaci\u00f3n de los y las arquitectas en Espa\u00f1a y a nivel internacional y su futuro, y un segundo bloque con los principales retos sociales, econ\u00f3micos y medioambientales que afronta la sociedad actual y que est\u00e1n relacionados con la vivienda, la ciudad y el territorio.<\/p>\n<p>En definitiva, se trata de identificar, colectivamente, cu\u00e1les son las nuevas necesidades y demandas de la poblaci\u00f3n con el fin de renovar la misi\u00f3n de los arquitectos y arquitectas y seguir ofreciendo ese enfoque integral que la Arquitectura ha aportado a lo largo de la Historia y que es necesario para garantizar el inter\u00e9s general.<\/p>\n<p>&nbsp;<\/p>\n<\/div>\n<p style=\"text-align: center;\">M\u00e1s sobre la jornada <a href=\"http:\/\/bit.ly\/2Ip5eD7\" target=\"_blank\" rel=\"noopener\">AQU\u00cd<\/a><\/p>\n<p>&nbsp;<\/p>\n<p>&nbsp;<\/p>\n<hr \/>\n<h5><strong>Autores del post:\u00a0<a href=\"https:\/\/stepienybarno.es\/blog\/2011\/09\/04\/las-fortalezas-del-arquitecto\/\">Stepienybarno<\/a>\u00a0_ Agnieszka Stepien y Lorenzo Barn\u00f3<\/strong><\/h5>\n<h5>Y como siempre, si te gust\u00f3 el post,\u00a0estar\u00eda genial que lo compartas\u00a0en tus redes sociales.<\/h5>\n<h5>A su vez, si todav\u00eda no est\u00e1s suscrito a nuestra Newsletter, te animamos a hacerlo en la casilla que tienes al terminar este art\u00edculo.<\/h5>\n<p>&nbsp;<\/p>\n<blockquote><p>Suscribirte a nuestro blog y recibe gratis nuestra gu\u00eda: 10 Ideas para vender m\u00e1s si eres arquitecto<\/p>\n<p>Acceder:\u00a0<a href=\"http:\/\/bit.ly\/2fkkTS7\">http:\/\/bit.ly\/2fkkTS7<\/a><\/p>\n<p>&nbsp;<\/p>\n<p>Si te interesa contactar con nosotros para que te ayudemos a mejorar tu visibilidad online y, en consecuencia, mejorar tus oportunidades laborales, no dudes en escribirnos a:\u00a0<a href=\"mailto:blog@stepienybarno.es\">blog@stepienybarno.es<\/a><\/p><\/blockquote>\n<p>&nbsp;<\/p>\n<p><em><a href=\"https:\/\/twitter.com\/stepienybarno\">Stepienybarno en TWITTER<\/a><\/em><\/p>\n<p><em><a href=\"https:\/\/twitter.com\/stepienybarno\">@stepienybarno (+ de 16.000 seguidores)<\/a><\/em><\/p>\n<p><em><a href=\"https:\/\/twitter.com\/stepienybarno?lang=es\">https:\/\/twitter.com\/stepienybarno?lang=es<\/a><\/em><\/p>\n<p><em><a href=\"https:\/\/www.facebook.com\/pages\/BLOG-DE-STEPIENYBARNO\/78001079029\">Stepienybarno en FACEBOOK (+ de 24<u>.000 seguidores)<\/u><\/a><\/em><\/p>\n<p><em><a href=\"https:\/\/www.facebook.com\/StepienyBarnoArquitecturaeIdentidadDigital\/\">https:\/\/www.facebook.com\/StepienyBarnoArquitecturaeIdentidadDigital\/<\/a><\/em><\/p>\n<p><em>Acceder a nuestro GRUPO CERRADO DE FACEBOOK sobre Identidad Digital para Arquitectos:<\/em><\/p>\n<p><em><a href=\"https:\/\/www.facebook.com\/groups\/IdentidadDigitalParaArquitectos\/\">https:\/\/www.facebook.com\/groups\/IdentidadDigitalParaArquitectos\/<\/a><\/em><\/p>\n<p><em>Suscr\u00edbete a nuestro canal de YOUTUBE:\u00a0<a href=\"http:\/\/bit.ly\/2A1UtAd\">http:\/\/bit.ly\/2A1UtAd<\/a><\/em><\/p>\n<p>&nbsp;<\/p>\n<p>*\u00a0<a href=\"https:\/\/stepienybarno.es\/blog\/2011\/09\/04\/las-fortalezas-del-arquitecto\/\">Stepienybarno<\/a>\u00a0est\u00e1 formado por Agnieszka Stepien y Lorenzo Barn\u00f3 y desde mayo del 2009 estamos en la red con\u00a0 la presente publicaci\u00f3n digital (Blog) de arquitectura.<\/p>\n<p>Nuestra actividad se sustenta en tres pilares b\u00e1sicos: la investigaci\u00f3n, la publicaci\u00f3n y la redacci\u00f3n de proyectos de arquitectura.<\/p>\n<p>A su vez, somos socios cofundadores de\u00a0<a href=\"http:\/\/sinergiasostenible.org\/\">SINERGIA SOSTENIBLE<\/a>\u00a0y directores del blog de FUNDACI\u00d3N ARQUIA.<\/p>\n","protected":false},"excerpt":{"rendered":"<p>En un contexto de cambio profundo para todos, en el<\/p>\n","protected":false},"author":10,"featured_media":35824,"comment_status":"open","ping_status":"closed","sticky":false,"template":"","format":"standard","meta":{"om_disable_all_campaigns":false,"_monsterinsights_skip_tracking":false,"_monsterinsights_sitenote_active":false,"_monsterinsights_sitenote_note":"","_monsterinsights_sitenote_category":0,"_uf_show_specific_survey":0,"_uf_disable_surveys":false,"episode_type":"","audio_file":"","cover_image":"","cover_image_id":"","duration":"","filesize":"","date_recorded":"","explicit":"","block":"","filesize_raw":"","footnotes":""},"categories":[244],"tags":[7413,7412,1985,7411],"series":[],"class_list":["post-35823","post","type-post","status-publish","format-standard","has-post-thumbnail","hentry","category-canal-de-arquitectura","tag-coaa","tag-construir-una-vision-colectiva-de-futuro","tag-cscae","tag-eina"],"aioseo_notices":[],"episode_featured_image":"https:\/\/stepienybarno.es\/blog\/wp-content\/uploads\/2019\/06\/stepienybarno-congreso-arquitectura-aragon-postdeldia-01.png","episode_player_image":"https:\/\/stepienybarno.es\/blog\/wp-content\/uploads\/2020\/11\/stepienybarno-podcast-scaled.jpg","download_link":"","player_link":"","audio_player":false,"episode_data":{"playerMode":"dark","subscribeUrls":[],"rssFeedUrl":"https:\/\/stepienybarno.es\/blog\/feed\/podcast\/podcast-de-stepienybarno","embedCode":"<blockquote class=\"wp-embedded-content\" data-secret=\"CKL3uIQgns\"><a href=\"https:\/\/stepienybarno.es\/blog\/2019\/06\/17\/jornada-preparatoria-congreso-de-arquitectura-2020\/\">Jornada Preparatoria Congreso de Arquitectura 2020<\/a><\/blockquote><iframe sandbox=\"allow-scripts\" security=\"restricted\" src=\"https:\/\/stepienybarno.es\/blog\/2019\/06\/17\/jornada-preparatoria-congreso-de-arquitectura-2020\/embed\/#?secret=CKL3uIQgns\" width=\"500\" height=\"350\" title=\"\u00abJornada Preparatoria Congreso de Arquitectura 2020\u00bb \u2014 Blog de STEPIEN Y BARNO - publicaci\u00f3n digital sobre arquitectura\" data-secret=\"CKL3uIQgns\" frameborder=\"0\" marginwidth=\"0\" marginheight=\"0\" scrolling=\"no\" class=\"wp-embedded-content\"><\/iframe><script type=\"text\/javascript\">\n\/* <![CDATA[ *\/\n\/*! This file is auto-generated *\/\n!function(d,l){\"use strict\";l.querySelector&&d.addEventListener&&\"undefined\"!=typeof URL&&(d.wp=d.wp||{},d.wp.receiveEmbedMessage||(d.wp.receiveEmbedMessage=function(e){var t=e.data;if((t||t.secret||t.message||t.value)&&!\/[^a-zA-Z0-9]\/.test(t.secret)){for(var s,r,n,a=l.querySelectorAll('iframe[data-secret=\"'+t.secret+'\"]'),o=l.querySelectorAll('blockquote[data-secret=\"'+t.secret+'\"]'),c=new RegExp(\"^https?:$\",\"i\"),i=0;i<o.length;i++)o[i].style.display=\"none\";for(i=0;i<a.length;i++)s=a[i],e.source===s.contentWindow&&(s.removeAttribute(\"style\"),\"height\"===t.message?(1e3<(r=parseInt(t.value,10))?r=1e3:~~r<200&&(r=200),s.height=r):\"link\"===t.message&&(r=new URL(s.getAttribute(\"src\")),n=new URL(t.value),c.test(n.protocol))&&n.host===r.host&&l.activeElement===s&&(d.top.location.href=t.value))}},d.addEventListener(\"message\",d.wp.receiveEmbedMessage,!1),l.addEventListener(\"DOMContentLoaded\",function(){for(var e,t,s=l.querySelectorAll(\"iframe.wp-embedded-content\"),r=0;r<s.length;r++)(t=(e=s[r]).getAttribute(\"data-secret\"))||(t=Math.random().toString(36).substring(2,12),e.src+=\"#?secret=\"+t,e.setAttribute(\"data-secret\",t)),e.contentWindow.postMessage({message:\"ready\",secret:t},\"*\")},!1)))}(window,document);\n\/* ]]> *\/\n<\/script>\n"},"_links":{"self":[{"href":"https:\/\/stepienybarno.es\/blog\/wp-json\/wp\/v2\/posts\/35823"}],"collection":[{"href":"https:\/\/stepienybarno.es\/blog\/wp-json\/wp\/v2\/posts"}],"about":[{"href":"https:\/\/stepienybarno.es\/blog\/wp-json\/wp\/v2\/types\/post"}],"author":[{"embeddable":true,"href":"https:\/\/stepienybarno.es\/blog\/wp-json\/wp\/v2\/users\/10"}],"replies":[{"embeddable":true,"href":"https:\/\/stepienybarno.es\/blog\/wp-json\/wp\/v2\/comments?post=35823"}],"version-history":[{"count":1,"href":"https:\/\/stepienybarno.es\/blog\/wp-json\/wp\/v2\/posts\/35823\/revisions"}],"predecessor-version":[{"id":35825,"href":"https:\/\/stepienybarno.es\/blog\/wp-json\/wp\/v2\/posts\/35823\/revisions\/35825"}],"wp:featuredmedia":[{"embeddable":true,"href":"https:\/\/stepienybarno.es\/blog\/wp-json\/wp\/v2\/media\/35824"}],"wp:attachment":[{"href":"https:\/\/stepienybarno.es\/blog\/wp-json\/wp\/v2\/media?parent=35823"}],"wp:term":[{"taxonomy":"category","embeddable":true,"href":"https:\/\/stepienybarno.es\/blog\/wp-json\/wp\/v2\/categories?post=35823"},{"taxonomy":"post_tag","embeddable":true,"href":"https:\/\/stepienybarno.es\/blog\/wp-json\/wp\/v2\/tags?post=35823"},{"taxonomy":"series","embeddable":true,"href":"https:\/\/stepienybarno.es\/blog\/wp-json\/wp\/v2\/series?post=35823"}],"curies":[{"name":"wp","href":"https:\/\/api.w.org\/{rel}","templated":true}]}}