{"id":35855,"date":"2019-06-21T10:59:41","date_gmt":"2019-06-21T08:59:41","guid":{"rendered":"https:\/\/www.stepienybarno.es\/blog\/?p=35855"},"modified":"2019-06-21T11:00:40","modified_gmt":"2019-06-21T09:00:40","slug":"la-sostenibilidad-y-la-economia-circular-protagonistas-del-ultimo-proyecto-de-arquitectura-efimera-para-bbconstrumat-2019","status":"publish","type":"post","link":"https:\/\/stepienybarno.es\/blog\/2019\/06\/21\/la-sostenibilidad-y-la-economia-circular-protagonistas-del-ultimo-proyecto-de-arquitectura-efimera-para-bbconstrumat-2019\/","title":{"rendered":"La sostenibilidad y la econom\u00eda circular protagonistas del \u00faltimo proyecto de arquitectura ef\u00edmera para BBConstrumat 2019"},"content":{"rendered":"<div id=\"attachment_35861\" style=\"width: 560px\" class=\"wp-caption aligncenter\"><a href=\"https:\/\/stepienybarno.es\/blog\/2019\/06\/21\/la-sostenibilidad-y-la-economia-circular-protagonistas-del-ultimo-proyecto-de-arquitectura-efimera-para-bbconstrumat-2019\/stepienybarno-josepferrando-bbc-proyectodeldia-03\/\" rel=\"attachment wp-att-35861\"><img loading=\"lazy\" decoding=\"async\" aria-describedby=\"caption-attachment-35861\" class=\"size-medium wp-image-35861\" src=\"https:\/\/stepienybarno.es\/blog\/wp-content\/uploads\/2019\/06\/stepienybarno-JosepFerrando-BBC-proyectodeldia-03-550x273.png\" alt=\"\" width=\"550\" height=\"273\" srcset=\"https:\/\/stepienybarno.es\/blog\/wp-content\/uploads\/2019\/06\/stepienybarno-JosepFerrando-BBC-proyectodeldia-03-550x273.png 550w, https:\/\/stepienybarno.es\/blog\/wp-content\/uploads\/2019\/06\/stepienybarno-JosepFerrando-BBC-proyectodeldia-03-180x89.png 180w, https:\/\/stepienybarno.es\/blog\/wp-content\/uploads\/2019\/06\/stepienybarno-JosepFerrando-BBC-proyectodeldia-03-1024x509.png 1024w, https:\/\/stepienybarno.es\/blog\/wp-content\/uploads\/2019\/06\/stepienybarno-JosepFerrando-BBC-proyectodeldia-03-316x157.png 316w, https:\/\/stepienybarno.es\/blog\/wp-content\/uploads\/2019\/06\/stepienybarno-JosepFerrando-BBC-proyectodeldia-03.png 1055w\" sizes=\"(max-width: 550px) 100vw, 550px\" \/><\/a><p id=\"caption-attachment-35861\" class=\"wp-caption-text\">foto: Adri\u00e0 Goula<\/p><\/div>\n<h1>Por: <a href=\"https:\/\/josepferrando.com\/\" target=\"_blank\" rel=\"noopener\">Josep Ferrando Architecture<\/a><\/h1>\n<h2>Fotograf\u00eda: <a href=\"https:\/\/www.adriagoula.com\/\" target=\"_blank\" rel=\"noopener\">Adri\u00e0 Goula<\/a><\/h2>\n<p><!--more--><\/p>\n<div id=\"attachment_35858\" style=\"width: 560px\" class=\"wp-caption aligncenter\"><a href=\"https:\/\/stepienybarno.es\/blog\/2019\/06\/21\/la-sostenibilidad-y-la-economia-circular-protagonistas-del-ultimo-proyecto-de-arquitectura-efimera-para-bbconstrumat-2019\/stepienybarno-josepferrando-bbc-proyectodeldia-01\/\" rel=\"attachment wp-att-35858\"><img loading=\"lazy\" decoding=\"async\" aria-describedby=\"caption-attachment-35858\" class=\"size-medium wp-image-35858\" src=\"https:\/\/stepienybarno.es\/blog\/wp-content\/uploads\/2019\/06\/stepienybarno-JosepFerrando-BBC-proyectodeldia-01-550x298.png\" alt=\"\" width=\"550\" height=\"298\" srcset=\"https:\/\/stepienybarno.es\/blog\/wp-content\/uploads\/2019\/06\/stepienybarno-JosepFerrando-BBC-proyectodeldia-01-550x298.png 550w, https:\/\/stepienybarno.es\/blog\/wp-content\/uploads\/2019\/06\/stepienybarno-JosepFerrando-BBC-proyectodeldia-01-180x98.png 180w, https:\/\/stepienybarno.es\/blog\/wp-content\/uploads\/2019\/06\/stepienybarno-JosepFerrando-BBC-proyectodeldia-01-1024x555.png 1024w, https:\/\/stepienybarno.es\/blog\/wp-content\/uploads\/2019\/06\/stepienybarno-JosepFerrando-BBC-proyectodeldia-01-316x171.png 316w, https:\/\/stepienybarno.es\/blog\/wp-content\/uploads\/2019\/06\/stepienybarno-JosepFerrando-BBC-proyectodeldia-01.png 1054w\" sizes=\"(max-width: 550px) 100vw, 550px\" \/><\/a><p id=\"caption-attachment-35858\" class=\"wp-caption-text\">foto: Adri\u00e0 Goula<\/p><\/div>\n<p>&nbsp;<\/p>\n<div id=\"attachment_35859\" style=\"width: 560px\" class=\"wp-caption aligncenter\"><a href=\"https:\/\/stepienybarno.es\/blog\/2019\/06\/21\/la-sostenibilidad-y-la-economia-circular-protagonistas-del-ultimo-proyecto-de-arquitectura-efimera-para-bbconstrumat-2019\/stepienybarno-josepferrando-bbc-proyectodeldia-02\/\" rel=\"attachment wp-att-35859\"><img loading=\"lazy\" decoding=\"async\" aria-describedby=\"caption-attachment-35859\" class=\"size-medium wp-image-35859\" src=\"https:\/\/stepienybarno.es\/blog\/wp-content\/uploads\/2019\/06\/stepienybarno-JosepFerrando-BBC-proyectodeldia-02-550x255.png\" alt=\"\" width=\"550\" height=\"255\" srcset=\"https:\/\/stepienybarno.es\/blog\/wp-content\/uploads\/2019\/06\/stepienybarno-JosepFerrando-BBC-proyectodeldia-02-550x255.png 550w, https:\/\/stepienybarno.es\/blog\/wp-content\/uploads\/2019\/06\/stepienybarno-JosepFerrando-BBC-proyectodeldia-02-180x83.png 180w, https:\/\/stepienybarno.es\/blog\/wp-content\/uploads\/2019\/06\/stepienybarno-JosepFerrando-BBC-proyectodeldia-02-1024x475.png 1024w, https:\/\/stepienybarno.es\/blog\/wp-content\/uploads\/2019\/06\/stepienybarno-JosepFerrando-BBC-proyectodeldia-02-316x146.png 316w, https:\/\/stepienybarno.es\/blog\/wp-content\/uploads\/2019\/06\/stepienybarno-JosepFerrando-BBC-proyectodeldia-02.png 1029w\" sizes=\"(max-width: 550px) 100vw, 550px\" \/><\/a><p id=\"caption-attachment-35859\" class=\"wp-caption-text\">foto: Adri\u00e0 Goula<\/p><\/div>\n<p>&nbsp;<\/p>\n<div id=\"attachment_35860\" style=\"width: 377px\" class=\"wp-caption aligncenter\"><a href=\"https:\/\/stepienybarno.es\/blog\/2019\/06\/21\/la-sostenibilidad-y-la-economia-circular-protagonistas-del-ultimo-proyecto-de-arquitectura-efimera-para-bbconstrumat-2019\/stepienybarno-josepferrando-bbc-proyectodeldia-04\/\" rel=\"attachment wp-att-35860\"><img loading=\"lazy\" decoding=\"async\" aria-describedby=\"caption-attachment-35860\" class=\"size-medium wp-image-35860\" src=\"https:\/\/stepienybarno.es\/blog\/wp-content\/uploads\/2019\/06\/stepienybarno-JosepFerrando-BBC-proyectodeldia-04-367x550.png\" alt=\"\" width=\"367\" height=\"550\" srcset=\"https:\/\/stepienybarno.es\/blog\/wp-content\/uploads\/2019\/06\/stepienybarno-JosepFerrando-BBC-proyectodeldia-04-367x550.png 367w, https:\/\/stepienybarno.es\/blog\/wp-content\/uploads\/2019\/06\/stepienybarno-JosepFerrando-BBC-proyectodeldia-04-120x180.png 120w, https:\/\/stepienybarno.es\/blog\/wp-content\/uploads\/2019\/06\/stepienybarno-JosepFerrando-BBC-proyectodeldia-04-224x336.png 224w, https:\/\/stepienybarno.es\/blog\/wp-content\/uploads\/2019\/06\/stepienybarno-JosepFerrando-BBC-proyectodeldia-04-267x400.png 267w, https:\/\/stepienybarno.es\/blog\/wp-content\/uploads\/2019\/06\/stepienybarno-JosepFerrando-BBC-proyectodeldia-04.png 455w\" sizes=\"(max-width: 367px) 100vw, 367px\" \/><\/a><p id=\"caption-attachment-35860\" class=\"wp-caption-text\">foto: Adri\u00e0 Goula<\/p><\/div>\n<p>&nbsp;<\/p>\n<p style=\"text-align: center;\">Acceder al PDF res\u00famen\u00a0<a href=\"https:\/\/stepienybarno.es\/blog\/2019\/06\/21\/la-sostenibilidad-y-la-economia-circular-protagonistas-del-ultimo-proyecto-de-arquitectura-efimera-para-bbconstrumat-2019\/ndp_josep-ferrando_bbconstrumat19_cast-r\/\" target=\"_blank\" rel=\"attachment wp-att-35857 noopener\">AQU\u00cd<\/a><\/p>\n<p>&nbsp;<\/p>\n<p>&nbsp;<\/p>\n<hr \/>\n<h5><strong>Autores del post:\u00a0<a href=\"https:\/\/stepienybarno.es\/blog\/2011\/09\/04\/las-fortalezas-del-arquitecto\/\">Stepienybarno<\/a>\u00a0_ Agnieszka Stepien y Lorenzo Barn\u00f3<\/strong><\/h5>\n<h5>Y como siempre, si te gust\u00f3 el post,\u00a0estar\u00eda genial que lo compartas\u00a0en tus redes sociales.<\/h5>\n<h5>A su vez, si todav\u00eda no est\u00e1s suscrito a nuestra Newsletter, te animamos a hacerlo en la casilla que tienes al terminar este art\u00edculo.<\/h5>\n<p>&nbsp;<\/p>\n<blockquote><p>Suscribirte a nuestro blog y recibe gratis nuestra gu\u00eda: 10 Ideas para vender m\u00e1s si eres arquitecto<\/p>\n<p>Acceder:\u00a0<a href=\"http:\/\/bit.ly\/2fkkTS7\">http:\/\/bit.ly\/2fkkTS7<\/a><\/p>\n<p>&nbsp;<\/p>\n<p>Si te interesa contactar con nosotros para que te ayudemos a mejorar tu visibilidad online y, en consecuencia, mejorar tus oportunidades laborales, no dudes en escribirnos a:\u00a0<a href=\"mailto:blog@stepienybarno.es\">blog@stepienybarno.es<\/a><\/p><\/blockquote>\n<p>&nbsp;<\/p>\n<p><em><a href=\"https:\/\/twitter.com\/stepienybarno\">Stepienybarno en TWITTER<\/a><\/em><\/p>\n<p><em><a href=\"https:\/\/twitter.com\/stepienybarno\">@stepienybarno (+ de 16.000 seguidores)<\/a><\/em><\/p>\n<p><em><a href=\"https:\/\/twitter.com\/stepienybarno?lang=es\">https:\/\/twitter.com\/stepienybarno?lang=es<\/a><\/em><\/p>\n<p><em><a href=\"https:\/\/www.facebook.com\/pages\/BLOG-DE-STEPIENYBARNO\/78001079029\">Stepienybarno en FACEBOOK (+ de 24<u>.000 seguidores)<\/u><\/a><\/em><\/p>\n<p><em><a href=\"https:\/\/www.facebook.com\/StepienyBarnoArquitecturaeIdentidadDigital\/\">https:\/\/www.facebook.com\/StepienyBarnoArquitecturaeIdentidadDigital\/<\/a><\/em><\/p>\n<p><em>Acceder a nuestro GRUPO CERRADO DE FACEBOOK sobre Identidad Digital para Arquitectos:<\/em><\/p>\n<p><em><a href=\"https:\/\/www.facebook.com\/groups\/IdentidadDigitalParaArquitectos\/\">https:\/\/www.facebook.com\/groups\/IdentidadDigitalParaArquitectos\/<\/a><\/em><\/p>\n<p><em>Suscr\u00edbete a nuestro canal de YOUTUBE:\u00a0<a href=\"http:\/\/bit.ly\/2A1UtAd\">http:\/\/bit.ly\/2A1UtAd<\/a><\/em><\/p>\n<p>&nbsp;<\/p>\n<p>*\u00a0<a href=\"https:\/\/stepienybarno.es\/blog\/2011\/09\/04\/las-fortalezas-del-arquitecto\/\">Stepienybarno<\/a>\u00a0est\u00e1 formado por Agnieszka Stepien y Lorenzo Barn\u00f3 y desde mayo del 2009 estamos en la red con\u00a0 la presente publicaci\u00f3n digital (Blog) de arquitectura.<\/p>\n<p>Nuestra actividad se sustenta en tres pilares b\u00e1sicos: la investigaci\u00f3n, la publicaci\u00f3n y la redacci\u00f3n de proyectos de arquitectura.<\/p>\n<p>A su vez, somos socios cofundadores de\u00a0<a href=\"http:\/\/sinergiasostenible.org\/\">SINERGIA SOSTENIBLE<\/a>\u00a0y directores del blog de FUNDACI\u00d3N ARQUIA.<\/p>\n<p>&nbsp;<\/p>\n","protected":false},"excerpt":{"rendered":"<p>Por: Josep Ferrando Architecture Fotograf\u00eda: Adri\u00e0 Goula<\/p>\n","protected":false},"author":10,"featured_media":35861,"comment_status":"open","ping_status":"closed","sticky":false,"template":"","format":"standard","meta":{"om_disable_all_campaigns":false,"_monsterinsights_skip_tracking":false,"_monsterinsights_sitenote_active":false,"_monsterinsights_sitenote_note":"","_monsterinsights_sitenote_category":0,"_uf_show_specific_survey":0,"_uf_disable_surveys":false,"episode_type":"","audio_file":"","cover_image":"","cover_image_id":"","duration":"","filesize":"","date_recorded":"","explicit":"","block":"","filesize_raw":"","footnotes":""},"categories":[3197,244],"tags":[4277,2457,7420,6774,7419],"series":[],"class_list":["post-35855","post","type-post","status-publish","format-standard","has-post-thumbnail","hentry","category-proyectodeldia","category-canal-de-arquitectura","tag-proyecto-de-arquitectura-del-dia","tag-adria-goula","tag-bbc-construmat","tag-bbconstrumat2019","tag-josep-ferrando-architecture"],"aioseo_notices":[],"episode_featured_image":"https:\/\/stepienybarno.es\/blog\/wp-content\/uploads\/2019\/06\/stepienybarno-JosepFerrando-BBC-proyectodeldia-03.png","episode_player_image":"https:\/\/stepienybarno.es\/blog\/wp-content\/uploads\/2020\/11\/stepienybarno-podcast-scaled.jpg","download_link":"","player_link":"","audio_player":false,"episode_data":{"playerMode":"dark","subscribeUrls":[],"rssFeedUrl":"https:\/\/stepienybarno.es\/blog\/feed\/podcast\/podcast-de-stepienybarno","embedCode":"<blockquote class=\"wp-embedded-content\" data-secret=\"EkD6vqZkr0\"><a href=\"https:\/\/stepienybarno.es\/blog\/2019\/06\/21\/la-sostenibilidad-y-la-economia-circular-protagonistas-del-ultimo-proyecto-de-arquitectura-efimera-para-bbconstrumat-2019\/\">La sostenibilidad y la econom\u00eda circular protagonistas del \u00faltimo proyecto de arquitectura ef\u00edmera para BBConstrumat 2019<\/a><\/blockquote><iframe sandbox=\"allow-scripts\" security=\"restricted\" src=\"https:\/\/stepienybarno.es\/blog\/2019\/06\/21\/la-sostenibilidad-y-la-economia-circular-protagonistas-del-ultimo-proyecto-de-arquitectura-efimera-para-bbconstrumat-2019\/embed\/#?secret=EkD6vqZkr0\" width=\"500\" height=\"350\" title=\"\u00abLa sostenibilidad y la econom\u00eda circular protagonistas del \u00faltimo proyecto de arquitectura ef\u00edmera para BBConstrumat 2019\u00bb \u2014 Blog de STEPIEN Y BARNO - publicaci\u00f3n digital sobre arquitectura\" data-secret=\"EkD6vqZkr0\" frameborder=\"0\" marginwidth=\"0\" marginheight=\"0\" scrolling=\"no\" class=\"wp-embedded-content\"><\/iframe><script type=\"text\/javascript\">\n\/* <![CDATA[ *\/\n\/*! This file is auto-generated *\/\n!function(d,l){\"use strict\";l.querySelector&&d.addEventListener&&\"undefined\"!=typeof URL&&(d.wp=d.wp||{},d.wp.receiveEmbedMessage||(d.wp.receiveEmbedMessage=function(e){var t=e.data;if((t||t.secret||t.message||t.value)&&!\/[^a-zA-Z0-9]\/.test(t.secret)){for(var s,r,n,a=l.querySelectorAll('iframe[data-secret=\"'+t.secret+'\"]'),o=l.querySelectorAll('blockquote[data-secret=\"'+t.secret+'\"]'),c=new RegExp(\"^https?:$\",\"i\"),i=0;i<o.length;i++)o[i].style.display=\"none\";for(i=0;i<a.length;i++)s=a[i],e.source===s.contentWindow&&(s.removeAttribute(\"style\"),\"height\"===t.message?(1e3<(r=parseInt(t.value,10))?r=1e3:~~r<200&&(r=200),s.height=r):\"link\"===t.message&&(r=new URL(s.getAttribute(\"src\")),n=new URL(t.value),c.test(n.protocol))&&n.host===r.host&&l.activeElement===s&&(d.top.location.href=t.value))}},d.addEventListener(\"message\",d.wp.receiveEmbedMessage,!1),l.addEventListener(\"DOMContentLoaded\",function(){for(var e,t,s=l.querySelectorAll(\"iframe.wp-embedded-content\"),r=0;r<s.length;r++)(t=(e=s[r]).getAttribute(\"data-secret\"))||(t=Math.random().toString(36).substring(2,12),e.src+=\"#?secret=\"+t,e.setAttribute(\"data-secret\",t)),e.contentWindow.postMessage({message:\"ready\",secret:t},\"*\")},!1)))}(window,document);\n\/* ]]> *\/\n<\/script>\n"},"_links":{"self":[{"href":"https:\/\/stepienybarno.es\/blog\/wp-json\/wp\/v2\/posts\/35855"}],"collection":[{"href":"https:\/\/stepienybarno.es\/blog\/wp-json\/wp\/v2\/posts"}],"about":[{"href":"https:\/\/stepienybarno.es\/blog\/wp-json\/wp\/v2\/types\/post"}],"author":[{"embeddable":true,"href":"https:\/\/stepienybarno.es\/blog\/wp-json\/wp\/v2\/users\/10"}],"replies":[{"embeddable":true,"href":"https:\/\/stepienybarno.es\/blog\/wp-json\/wp\/v2\/comments?post=35855"}],"version-history":[{"count":2,"href":"https:\/\/stepienybarno.es\/blog\/wp-json\/wp\/v2\/posts\/35855\/revisions"}],"predecessor-version":[{"id":35863,"href":"https:\/\/stepienybarno.es\/blog\/wp-json\/wp\/v2\/posts\/35855\/revisions\/35863"}],"wp:featuredmedia":[{"embeddable":true,"href":"https:\/\/stepienybarno.es\/blog\/wp-json\/wp\/v2\/media\/35861"}],"wp:attachment":[{"href":"https:\/\/stepienybarno.es\/blog\/wp-json\/wp\/v2\/media?parent=35855"}],"wp:term":[{"taxonomy":"category","embeddable":true,"href":"https:\/\/stepienybarno.es\/blog\/wp-json\/wp\/v2\/categories?post=35855"},{"taxonomy":"post_tag","embeddable":true,"href":"https:\/\/stepienybarno.es\/blog\/wp-json\/wp\/v2\/tags?post=35855"},{"taxonomy":"series","embeddable":true,"href":"https:\/\/stepienybarno.es\/blog\/wp-json\/wp\/v2\/series?post=35855"}],"curies":[{"name":"wp","href":"https:\/\/api.w.org\/{rel}","templated":true}]}}