{"id":36064,"date":"2019-07-19T08:40:26","date_gmt":"2019-07-19T06:40:26","guid":{"rendered":"https:\/\/www.stepienybarno.es\/blog\/?p=36064"},"modified":"2019-07-18T21:31:17","modified_gmt":"2019-07-18T19:31:17","slug":"un-juez-reactiva-madrid-central-para-evitar-que-la-contaminacion-suba-sin-control-alguno","status":"publish","type":"post","link":"https:\/\/stepienybarno.es\/blog\/2019\/07\/19\/un-juez-reactiva-madrid-central-para-evitar-que-la-contaminacion-suba-sin-control-alguno\/","title":{"rendered":"Un juez reactiva Madrid Central para evitar que la contaminaci\u00f3n suba \u201csin control alguno\u201d"},"content":{"rendered":"<div id=\"attachment_36065\" style=\"width: 560px\" class=\"wp-caption aligncenter\"><a href=\"https:\/\/stepienybarno.es\/blog\/?attachment_id=36065\" rel=\"attachment wp-att-36065\"><img loading=\"lazy\" decoding=\"async\" aria-describedby=\"caption-attachment-36065\" class=\"size-medium wp-image-36065\" src=\"https:\/\/stepienybarno.es\/blog\/wp-content\/uploads\/2019\/07\/stepienybarno-madrid-central-postdeldia-01-550x310.jpg\" alt=\"\" width=\"550\" height=\"310\" srcset=\"https:\/\/stepienybarno.es\/blog\/wp-content\/uploads\/2019\/07\/stepienybarno-madrid-central-postdeldia-01-550x310.jpg 550w, https:\/\/stepienybarno.es\/blog\/wp-content\/uploads\/2019\/07\/stepienybarno-madrid-central-postdeldia-01-180x101.jpg 180w, https:\/\/stepienybarno.es\/blog\/wp-content\/uploads\/2019\/07\/stepienybarno-madrid-central-postdeldia-01-316x178.jpg 316w, https:\/\/stepienybarno.es\/blog\/wp-content\/uploads\/2019\/07\/stepienybarno-madrid-central-postdeldia-01.jpg 980w\" sizes=\"(max-width: 550px) 100vw, 550px\" \/><\/a><p id=\"caption-attachment-36065\" class=\"wp-caption-text\">foto: andrea comas<\/p><\/div>\n<h1>Por: <a href=\"https:\/\/twitter.com\/locodelpelorojo\" target=\"_blank\" rel=\"noopener\">Miguel \u00c1ngel Medina<\/a> y <a href=\"https:\/\/twitter.com\/Pablo_Lion\" target=\"_blank\" rel=\"noopener\">Pablo Le\u00f3n<\/a><\/h1>\n<h2>Desde: <a href=\"https:\/\/elpais.com\/ccaa\/madrid.html\" target=\"_blank\" rel=\"noopener\">El Pais &#8211; Madrid<\/a><\/h2>\n<p><!--more--><\/p>\n<p>\u00abVuelven las multas a Madrid Central.\u00a0<a href=\"https:\/\/elpais.com\/ccaa\/2019\/07\/01\/madrid\/1561963467_044171.html\">Cinco d\u00edas despu\u00e9s de la entrada en vigor de la moratoria<\/a>\u00a0aprobada por el alcalde Jos\u00e9 Luis Mart\u00ednez Almeida (PP) \u2014que gobierna la capital junto a Ciudadanos\u2014,\u00a0el Juzgado 24 de lo Contencioso-Administrativo de Madrid ha paralizado la medida. El auto impone como \u201cmedida cautelar provisional\u00edsima\u201d suspender la moratoria de multas, una decisi\u00f3n que no puede ser recurrida. Jes\u00fas Torres Mart\u00ednez, titular del juzgado, ha dado un plazo de tres d\u00edas h\u00e1biles al Ayuntamiento para presentar sus alegaciones por escrito, plazo tras el cual el juez dictar\u00e1 otro auto para levantar, mantener o modificar la medida. (&#8230;) \u00bb<\/p>\n<p>&nbsp;<\/p>\n<p style=\"text-align: center;\">Acceder al Art\u00edculo <a href=\"http:\/\/bit.ly\/2GvJzI3\" target=\"_blank\" rel=\"noopener\">AQU\u00cd<\/a><\/p>\n<p>&nbsp;<\/p>\n<p>&nbsp;<\/p>\n<hr \/>\n<h5><strong>Autores del post:\u00a0<a href=\"https:\/\/stepienybarno.es\/blog\/2011\/09\/04\/las-fortalezas-del-arquitecto\/\">Stepienybarno<\/a>\u00a0_ Agnieszka Stepien y Lorenzo Barn\u00f3<\/strong><\/h5>\n<h5>Y como siempre, si te gust\u00f3 el post,\u00a0estar\u00eda genial que lo compartas\u00a0en tus redes sociales.<\/h5>\n<h5>A su vez, si todav\u00eda no est\u00e1s suscrito a nuestra Newsletter, te animamos a hacerlo en la casilla que tienes al terminar este art\u00edculo.<\/h5>\n<p>&nbsp;<\/p>\n<blockquote><p>Suscribirte a nuestro blog y recibe gratis nuestra gu\u00eda: 10 Ideas para vender m\u00e1s si eres arquitecto<\/p>\n<p>Acceder:\u00a0<a href=\"http:\/\/bit.ly\/2fkkTS7\">http:\/\/bit.ly\/2fkkTS7<\/a><\/p>\n<p>&nbsp;<\/p>\n<p>Si te interesa contactar con nosotros para que te ayudemos a mejorar tu visibilidad online y, en consecuencia, mejorar tus oportunidades laborales, no dudes en escribirnos a:\u00a0<a href=\"mailto:blog@stepienybarno.es\">blog@stepienybarno.es<\/a><\/p><\/blockquote>\n<p>&nbsp;<\/p>\n<p><em><a href=\"https:\/\/twitter.com\/stepienybarno\">Stepienybarno en TWITTER<\/a><\/em><\/p>\n<p><em><a href=\"https:\/\/twitter.com\/stepienybarno\">@stepienybarno (+ de 16.000 seguidores)<\/a><\/em><\/p>\n<p><em><a href=\"https:\/\/twitter.com\/stepienybarno?lang=es\">https:\/\/twitter.com\/stepienybarno?lang=es<\/a><\/em><\/p>\n<p><em><a href=\"https:\/\/www.facebook.com\/pages\/BLOG-DE-STEPIENYBARNO\/78001079029\">Stepienybarno en FACEBOOK (+ de 24<u>.000 seguidores)<\/u><\/a><\/em><\/p>\n<p><em><a href=\"https:\/\/www.facebook.com\/StepienyBarnoArquitecturaeIdentidadDigital\/\">https:\/\/www.facebook.com\/StepienyBarnoArquitecturaeIdentidadDigital\/<\/a><\/em><\/p>\n<p><em>Acceder a nuestro GRUPO CERRADO DE FACEBOOK sobre Identidad Digital para Arquitectos:<\/em><\/p>\n<p><em><a href=\"https:\/\/www.facebook.com\/groups\/IdentidadDigitalParaArquitectos\/\">https:\/\/www.facebook.com\/groups\/IdentidadDigitalParaArquitectos\/<\/a><\/em><\/p>\n<p><em>Suscr\u00edbete a nuestro canal de YOUTUBE:\u00a0<a href=\"http:\/\/bit.ly\/2A1UtAd\">http:\/\/bit.ly\/2A1UtAd<\/a><\/em><\/p>\n<p>&nbsp;<\/p>\n<p>*\u00a0<a href=\"https:\/\/stepienybarno.es\/blog\/2011\/09\/04\/las-fortalezas-del-arquitecto\/\">Stepienybarno<\/a>\u00a0est\u00e1 formado por Agnieszka Stepien y Lorenzo Barn\u00f3 y desde mayo del 2009 estamos en la red con\u00a0 la presente publicaci\u00f3n digital (Blog) de arquitectura.<\/p>\n<p>Nuestra actividad se sustenta en tres pilares b\u00e1sicos: la investigaci\u00f3n, la publicaci\u00f3n y la redacci\u00f3n de proyectos de arquitectura.<\/p>\n<p>A su vez, somos socios cofundadores de\u00a0<a href=\"http:\/\/sinergiasostenible.org\/\">SINERGIA SOSTENIBLE<\/a>\u00a0y directores del blog de FUNDACI\u00d3N ARQUIA.<\/p>\n","protected":false},"excerpt":{"rendered":"<p>Por: Miguel \u00c1ngel Medina y Pablo Le\u00f3n Desde: El Pais<\/p>\n","protected":false},"author":10,"featured_media":36065,"comment_status":"open","ping_status":"closed","sticky":false,"template":"","format":"standard","meta":{"om_disable_all_campaigns":false,"_monsterinsights_skip_tracking":false,"_monsterinsights_sitenote_active":false,"_monsterinsights_sitenote_note":"","_monsterinsights_sitenote_category":0,"_uf_show_specific_survey":0,"_uf_disable_surveys":false,"episode_type":"","audio_file":"","cover_image":"","cover_image_id":"","duration":"","filesize":"","date_recorded":"","explicit":"","block":"","filesize_raw":"","footnotes":""},"categories":[244],"tags":[443,7493,7492,5423],"series":[],"class_list":["post-36064","post","type-post","status-publish","format-standard","has-post-thumbnail","hentry","category-canal-de-arquitectura","tag-el-pais","tag-madrid-central","tag-miguel-angel-medina","tag-pablo-leon"],"aioseo_notices":[],"episode_featured_image":"https:\/\/stepienybarno.es\/blog\/wp-content\/uploads\/2019\/07\/stepienybarno-madrid-central-postdeldia-01.jpg","episode_player_image":"https:\/\/stepienybarno.es\/blog\/wp-content\/uploads\/2020\/11\/stepienybarno-podcast-scaled.jpg","download_link":"","player_link":"","audio_player":false,"episode_data":{"playerMode":"dark","subscribeUrls":[],"rssFeedUrl":"https:\/\/stepienybarno.es\/blog\/feed\/podcast\/podcast-de-stepienybarno","embedCode":"<blockquote class=\"wp-embedded-content\" data-secret=\"4qW6f9iGnG\"><a href=\"https:\/\/stepienybarno.es\/blog\/2019\/07\/19\/un-juez-reactiva-madrid-central-para-evitar-que-la-contaminacion-suba-sin-control-alguno\/\">Un juez reactiva Madrid Central para evitar que la contaminaci\u00f3n suba \u201csin control alguno\u201d<\/a><\/blockquote><iframe sandbox=\"allow-scripts\" security=\"restricted\" src=\"https:\/\/stepienybarno.es\/blog\/2019\/07\/19\/un-juez-reactiva-madrid-central-para-evitar-que-la-contaminacion-suba-sin-control-alguno\/embed\/#?secret=4qW6f9iGnG\" width=\"500\" height=\"350\" title=\"\u00abUn juez reactiva Madrid Central para evitar que la contaminaci\u00f3n suba \u201csin control alguno\u201d\u00bb \u2014 Blog de STEPIEN Y BARNO - publicaci\u00f3n digital sobre arquitectura\" data-secret=\"4qW6f9iGnG\" frameborder=\"0\" marginwidth=\"0\" marginheight=\"0\" scrolling=\"no\" class=\"wp-embedded-content\"><\/iframe><script type=\"text\/javascript\">\n\/* <![CDATA[ *\/\n\/*! This file is auto-generated *\/\n!function(d,l){\"use strict\";l.querySelector&&d.addEventListener&&\"undefined\"!=typeof URL&&(d.wp=d.wp||{},d.wp.receiveEmbedMessage||(d.wp.receiveEmbedMessage=function(e){var t=e.data;if((t||t.secret||t.message||t.value)&&!\/[^a-zA-Z0-9]\/.test(t.secret)){for(var s,r,n,a=l.querySelectorAll('iframe[data-secret=\"'+t.secret+'\"]'),o=l.querySelectorAll('blockquote[data-secret=\"'+t.secret+'\"]'),c=new RegExp(\"^https?:$\",\"i\"),i=0;i<o.length;i++)o[i].style.display=\"none\";for(i=0;i<a.length;i++)s=a[i],e.source===s.contentWindow&&(s.removeAttribute(\"style\"),\"height\"===t.message?(1e3<(r=parseInt(t.value,10))?r=1e3:~~r<200&&(r=200),s.height=r):\"link\"===t.message&&(r=new URL(s.getAttribute(\"src\")),n=new URL(t.value),c.test(n.protocol))&&n.host===r.host&&l.activeElement===s&&(d.top.location.href=t.value))}},d.addEventListener(\"message\",d.wp.receiveEmbedMessage,!1),l.addEventListener(\"DOMContentLoaded\",function(){for(var e,t,s=l.querySelectorAll(\"iframe.wp-embedded-content\"),r=0;r<s.length;r++)(t=(e=s[r]).getAttribute(\"data-secret\"))||(t=Math.random().toString(36).substring(2,12),e.src+=\"#?secret=\"+t,e.setAttribute(\"data-secret\",t)),e.contentWindow.postMessage({message:\"ready\",secret:t},\"*\")},!1)))}(window,document);\n\/* ]]> *\/\n<\/script>\n"},"_links":{"self":[{"href":"https:\/\/stepienybarno.es\/blog\/wp-json\/wp\/v2\/posts\/36064"}],"collection":[{"href":"https:\/\/stepienybarno.es\/blog\/wp-json\/wp\/v2\/posts"}],"about":[{"href":"https:\/\/stepienybarno.es\/blog\/wp-json\/wp\/v2\/types\/post"}],"author":[{"embeddable":true,"href":"https:\/\/stepienybarno.es\/blog\/wp-json\/wp\/v2\/users\/10"}],"replies":[{"embeddable":true,"href":"https:\/\/stepienybarno.es\/blog\/wp-json\/wp\/v2\/comments?post=36064"}],"version-history":[{"count":1,"href":"https:\/\/stepienybarno.es\/blog\/wp-json\/wp\/v2\/posts\/36064\/revisions"}],"predecessor-version":[{"id":36070,"href":"https:\/\/stepienybarno.es\/blog\/wp-json\/wp\/v2\/posts\/36064\/revisions\/36070"}],"wp:featuredmedia":[{"embeddable":true,"href":"https:\/\/stepienybarno.es\/blog\/wp-json\/wp\/v2\/media\/36065"}],"wp:attachment":[{"href":"https:\/\/stepienybarno.es\/blog\/wp-json\/wp\/v2\/media?parent=36064"}],"wp:term":[{"taxonomy":"category","embeddable":true,"href":"https:\/\/stepienybarno.es\/blog\/wp-json\/wp\/v2\/categories?post=36064"},{"taxonomy":"post_tag","embeddable":true,"href":"https:\/\/stepienybarno.es\/blog\/wp-json\/wp\/v2\/tags?post=36064"},{"taxonomy":"series","embeddable":true,"href":"https:\/\/stepienybarno.es\/blog\/wp-json\/wp\/v2\/series?post=36064"}],"curies":[{"name":"wp","href":"https:\/\/api.w.org\/{rel}","templated":true}]}}