{"id":36274,"date":"2019-08-14T12:44:00","date_gmt":"2019-08-14T10:44:00","guid":{"rendered":"https:\/\/www.stepienybarno.es\/blog\/?p=36274"},"modified":"2019-08-14T13:00:19","modified_gmt":"2019-08-14T11:00:19","slug":"te-gustaria-colaborar-con-stepienybarno-2","status":"publish","type":"post","link":"https:\/\/stepienybarno.es\/blog\/2019\/08\/14\/te-gustaria-colaborar-con-stepienybarno-2\/","title":{"rendered":"\u00bfTE GUSTAR\u00cdA COLABORAR CON STEPIENYBARNO?"},"content":{"rendered":"<p align=\"CENTER\"><img loading=\"lazy\" decoding=\"async\" class=\"alignnone size-full wp-image-36275\" src=\"https:\/\/stepienybarno.es\/blog\/wp-content\/uploads\/2019\/08\/syb.png\" alt=\"\" width=\"400\" height=\"400\" srcset=\"https:\/\/stepienybarno.es\/blog\/wp-content\/uploads\/2019\/08\/syb.png 400w, https:\/\/stepienybarno.es\/blog\/wp-content\/uploads\/2019\/08\/syb-180x180.png 180w, https:\/\/stepienybarno.es\/blog\/wp-content\/uploads\/2019\/08\/syb-224x224.png 224w, https:\/\/stepienybarno.es\/blog\/wp-content\/uploads\/2019\/08\/syb-316x316.png 316w\" sizes=\"(max-width: 400px) 100vw, 400px\" \/><\/p>\n<p><span style=\"color: #000000;\"><span style=\"font-family: Arial, sans-serif;\"><span style=\"font-size: small;\">Con la llegada de la vuelta al cole, se prev\u00e9 que tendremos m\u00e1s tarea de la que, con la infraestructura actual, podemos llevar a cabo.<\/span><\/span><\/span><\/p>\n<p><span style=\"color: #000000;\"><span style=\"font-family: Arial, sans-serif;\"><span style=\"font-size: small;\">Nuevos retos se asoman por la puerta y queremos estar preparados.<\/span><\/span><\/span><\/p>\n<p><span style=\"color: #000000;\"><span style=\"font-family: Arial, sans-serif;\"><span style=\"font-size: small;\">As\u00ed que, si ves que te puede interesar <b>colaborar en remoto<\/b> con nosotros, te animamos a echar un ojo a este post.<\/span><\/span><\/span><\/p>\n<p><!--more--><\/p>\n<p align=\"CENTER\"><a name=\"more-29082\"><\/a> <span style=\"color: #000000;\">\u2026\u2026\u2026\u2026\u2026\u2026\u2026\u2026<span style=\"font-family: Arial, sans-serif;\"><span style=\"font-size: small;\">..<\/span><\/span><\/span><\/p>\n<p><span style=\"color: #000000;\"><span style=\"font-family: Arial, sans-serif;\"><span style=\"font-size: small;\">Desde hace varios a\u00f1os, en Stepienybarno contamos con colaboraciones habituales en funci\u00f3n de los proyectos o procesos en los que estamos metidos. <\/span><\/span><\/span><\/p>\n<p><span style=\"color: #000000;\"><span style=\"font-family: Arial, sans-serif;\"><span style=\"font-size: small;\">Como consecuencia de ello, han sido cuatro personas las que de manera puntual o constante han colaborado con nosotros. Por ahora, <b>no podemos estar m\u00e1s contentos con todas las colaboraciones.<\/b><\/span><\/span><\/span><\/p>\n<p><span style=\"color: #000000;\"><span style=\"font-family: Arial, sans-serif;\"><span style=\"font-size: small;\">Por ello, parece buen momento para<b> incorporar a otras dos personas, <\/b>a tiempo parcial, en nuestras colaboraciones.<\/span><\/span><\/span><\/p>\n<p><span style=\"color: #000000;\"><span style=\"font-family: Arial, sans-serif;\"><span style=\"font-size: small;\">Pero antes de entrar en materia, vamos a situar un poco qu\u00e9 es lo que hacemos desde Stepienybarno y as\u00ed veis por d\u00f3nde van los tiros.<\/span><\/span><\/span><\/p>\n<p><span style=\"color: #000000;\"><span style=\"font-family: Arial, sans-serif;\"><span style=\"font-size: small;\">Mucha gente piensa que s\u00f3lo tenemos un blog y punto, otros piensan que tambi\u00e9n tenemos un estudio de arquitectura, otros que nos dedicamos a temas de Identidad Digital o Productividad, pero tampoco termina de quedar muy claro el tema.<\/span><\/span><\/span><\/p>\n<p><span style=\"color: #000000;\"><span style=\"font-family: Arial, sans-serif;\"><span style=\"font-size: small;\">La realidad, simplificando mucho para no extendernos, es que actualmente nos concentramos en tres frentes.<\/span><\/span><\/span><\/p>\n<h4 class=\"western\"><span style=\"color: #666666;\"><span style=\"font-family: Verdana, sans-serif;\"><span style=\"font-size: medium;\"><b>1_ Blog<\/b><\/span><\/span><\/span><\/h4>\n<p><span style=\"color: #666666;\"><span style=\"font-family: Verdana, sans-serif;\"><span style=\"font-size: medium;\">Desde el 2009 somos directores del presente blog de Stepienybarno y es la principal fuente de generaci\u00f3n de oportunidades laborales que hemos tenido. Como siempre decimos, es muy dif\u00edcil vivir de un blog de arquitectura pero no tanto vivir a trav\u00e9s de \u00e9l.<\/span><\/span><\/span><\/p>\n<p><span style=\"color: #666666;\"><span style=\"font-family: Verdana, sans-serif;\"><span style=\"font-size: medium;\">Como bien sab\u00e9is por aqu\u00ed escribimos post bastante largos sobre temas que tienen que ver con el estado de la profesi\u00f3n y\/o con la Identidad Digital.<\/span><\/span><\/span><\/p>\n<p><span style=\"color: #666666;\"><span style=\"font-family: Verdana, sans-serif;\"><span style=\"font-size: medium;\">En paralelo, en nuestro canal (columna lateral) vamos recolectando lo que m\u00e1s nos va interesando de lo que vemos por la red.<\/span><\/span><\/span><\/p>\n<p><span style=\"color: #666666;\"><span style=\"font-family: Verdana, sans-serif;\"><span style=\"font-size: medium;\">A su vez, en la otra columna lateral, aparecen varios banners que hay que gestionar; as\u00ed como los post patrocinados que aparecen de vez en cuando.<\/span><\/span><\/span><\/p>\n<h4 class=\"western\"><span style=\"color: #666666;\"><span style=\"font-family: Verdana, sans-serif;\"><span style=\"font-size: medium;\"><b>2_ Charlas y cursos.<\/b><\/span><\/span><\/span><\/h4>\n<p><span style=\"color: #666666;\"><span style=\"font-family: Verdana, sans-serif;\"><span style=\"font-size: medium;\">Realizamos charlas y cursos tanto online como offline. Normalmente sobre temas de Identidad Digital; pero este a\u00f1o tambi\u00e9n daremos sobre productividad para arquitectos.<\/span><\/span><\/span><\/p>\n<h4 class=\"western\"><span style=\"color: #666666;\"><span style=\"font-family: Verdana, sans-serif;\"><span style=\"font-size: medium;\"><b>3_ Identidad Digital y Productividad<\/b><\/span><\/span><\/span><\/h4>\n<p><span style=\"color: #666666;\"><span style=\"font-family: Verdana, sans-serif;\"><span style=\"font-size: medium;\">Ayudamos a otros compa\u00f1eros, empresas y entidades a tener una mejor presencia en la red. Solemos conseguirlo con Proyectos de Identidad Digital personalizados, asesoramientos o ayud\u00e1ndoles, por ejemplo, a gestionar sus redes sociales.<\/span><\/span><\/span><\/p>\n<p><span style=\"color: #666666;\"><span style=\"font-family: Verdana, sans-serif;\"><span style=\"font-size: medium;\">A su vez, hacemos cursos tanto online como offline sobre productividad y eficiencia.<\/span><\/span><\/span><\/p>\n<p><span style=\"color: #666666;\"><span style=\"font-family: Verdana, sans-serif;\"><span style=\"font-size: medium;\">Tambi\u00e9n somos directores del blog de Fundaci\u00f3n Arquia, Madera y Construcci\u00f3n y Escuela de Arquitectura.<\/span><\/span><\/span><\/p>\n<p><span style=\"color: #666666;\"><span style=\"font-family: Verdana, sans-serif;\"><span style=\"font-size: medium;\">Hacemos webs y blogs y, sobre todo, intentamos transmitir nuestra visi\u00f3n global y transversal de c\u00f3mo se puede alcanzar una buena visibilidad en la red y, en consecuencia, aumentar posibilidades laborales.<\/span><\/span><\/span><\/p>\n<h2 class=\"western\"><span style=\"color: #004586;\"><span style=\"font-family: Verdana, sans-serif;\"><span style=\"font-size: medium;\"><b>1_Cualidades que buscamos en <a href=\"mailto:l@s\">l@s<\/a> dos nuev@s <a href=\"mailto:colaborador@s\">colaborador@s<\/a>.<\/b><\/span><\/span><\/span><\/h2>\n<p><span style=\"color: #000000;\"><span style=\"font-family: Verdana, sans-serif;\"><span style=\"font-size: medium;\">Evidentemente, no esperamos que una persona tenga todas las actitudes y aptitudes que pasamos a describir; se trata de mostrar lo que podemos valorar en este primer contacto. <\/span><\/span><\/span><\/p>\n<p><span style=\"color: #000000;\"><span style=\"font-family: Verdana, sans-serif;\"><span style=\"font-size: medium;\">Por ello, buscamos <b>dos personas<\/b>\u00a0asumiendo que una tendr\u00e1 unas cualidades y la segunda otras.<\/span><\/span><\/span><\/p>\n<p>&nbsp;<\/p>\n<h3><span style=\"color: #666666;\"><span style=\"font-family: Verdana, sans-serif;\"><span style=\"font-size: medium;\"><b>1.1_ Cualidades blandas buscadas:<\/b><\/span><\/span><\/span><\/h3>\n<p><span style=\"color: #666666;\"><span style=\"font-family: Verdana, sans-serif;\"><span style=\"font-size: medium;\">1_ Esp\u00edritu de equipo. Facilidad de comunicaci\u00f3n y escucha activa.<\/span><\/span><\/span><\/p>\n<p><span style=\"color: #666666;\"><span style=\"font-family: Verdana, sans-serif;\"><span style=\"font-size: medium;\">2_ Amabilidad, simpat\u00eda y cordialidad.<\/span><\/span><\/span><\/p>\n<p><span style=\"color: #666666;\"><span style=\"font-family: Verdana, sans-serif;\"><span style=\"font-size: medium;\">3_ Car\u00e1cter optimista y personalidad emp\u00e1tica.<\/span><\/span><\/span><\/p>\n<p><span style=\"color: #666666;\">\u00a0<\/span><\/p>\n<h3><span style=\"color: #666666;\"><span style=\"font-family: Verdana, sans-serif;\"><span style=\"font-size: medium;\"><b>1.2_ Cualidades concretas buscadas:<\/b><\/span><\/span><\/span><\/h3>\n<p><span style=\"color: #666666;\"><span style=\"font-family: Verdana, sans-serif;\"><span style=\"font-size: medium;\">1_ Manejo fluido de <b>WordPress.<\/b><\/span><\/span><\/span><\/p>\n<p><span style=\"color: #666666;\"><span style=\"font-family: Verdana, sans-serif;\"><span style=\"font-size: medium;\">2_ Conocimientos espec\u00edficos en funciones de <b>Community manager <\/b>(cursos online y\/o offline, m\u00e1ster en comunicaci\u00f3n\u2026).<\/span><\/span><\/span><\/p>\n<p><span style=\"color: #666666;\"><span style=\"font-family: Verdana, sans-serif;\"><span style=\"font-size: medium;\">3_Manejarse bien con <b>m\u00e9tricas web.<\/b> Controlar con soltura Google Analytics.<\/span><\/span><\/span><\/p>\n<p><span style=\"color: #666666;\"><span style=\"font-family: Verdana, sans-serif;\"><span style=\"font-size: medium;\">4_ Conocimiento del mundo de los <b>blogs <\/b>de arquitectura. Buen lector y estar familiarizado con la <b>edici\u00f3n de textos.<\/b><\/span><\/span><\/span><\/p>\n<p><span style=\"color: #666666;\"><span style=\"font-family: Verdana, sans-serif;\"><span style=\"font-size: medium;\">5_ Tener experiencia en<b> dise\u00f1o y edici\u00f3n de publicaciones.<\/b> Tambi\u00e9n en formato digital (ebooks).<\/span><\/span><\/span><\/p>\n<p><span style=\"color: #666666;\"><span style=\"font-family: Verdana, sans-serif;\"><span style=\"font-size: medium;\">6_ Ciertos conocimientos o habilidades comerciales para ayudarnos con la gesti\u00f3n de <b>publicidad <\/b>en nuestro blog de Stepienybarno.<\/span><\/span><\/span><\/p>\n<p><span style=\"color: #666666;\"><span style=\"font-family: Verdana, sans-serif;\"><span style=\"font-size: medium;\">7_ Nivel avanzado de <b>grabaci\u00f3n y edici\u00f3n de v\u00eddeo.<\/b><\/span><\/span><\/span><\/p>\n<p><span style=\"color: #666666;\"><span style=\"font-family: Verdana, sans-serif;\"><span style=\"font-size: medium;\">9_ Habilidad con <b>herramientas digitales.<\/b><\/span><\/span><\/span><\/p>\n<p><span style=\"color: #666666;\"><span style=\"font-family: Verdana, sans-serif;\"><span style=\"font-size: medium;\">Manejar con soltura gestores de tareas y\/o proyectos (Asana, Trello, FacileThing\u2026).<\/span><\/span><\/span><\/p>\n<p><span style=\"color: #666666;\"><span style=\"font-family: Verdana, sans-serif;\"><span style=\"font-size: medium;\">Estar habituado a gestores de informaci\u00f3n como Evernote, pocket o Feedly.<\/span><\/span><\/span><\/p>\n<p><span style=\"color: #666666;\"><span style=\"font-family: Verdana, sans-serif;\"><span style=\"font-size: medium;\">10_ Ser asiduo <b>lector del blog de Stepienybarno <\/b>o conocernos personalmente; es decir, implicaci\u00f3n con lo que es el proyecto de Stepienybarno. Si no nos caemos bien y hay afinidad no tiene mucho sentido ponerse a colaborar.<\/span><\/span><\/span><\/p>\n<p><span style=\"color: #666666;\"><span style=\"font-family: Verdana, sans-serif;\"><span style=\"font-size: medium;\"><b>Tambi\u00e9n podemos valorar:<\/b><\/span><\/span><\/span><\/p>\n<p><span style=\"color: #666666;\"><span style=\"font-family: Verdana, sans-serif;\"><span style=\"font-size: medium;\">1_ Haber hecho alg\u00fan<b> curso <\/b>con nosotros de Identidad Digital o productividad.<\/span><\/span><\/span><\/p>\n<p><span style=\"color: #666666;\"><span style=\"font-family: Verdana, sans-serif;\"><span style=\"font-size: medium;\">2_ Nivel medio\/avanzado en realizaci\u00f3n de <b>p\u00e1ginas webs<\/b>. Saber montar una Landing Page o una Squeeze page. Si has organizado alguna webinar mejor que mejor.<\/span><\/span><\/span><\/p>\n<p><span style=\"color: #666666;\"><span style=\"font-family: Verdana, sans-serif;\"><span style=\"font-size: medium;\">3_ Tener un <b>blog con cierta relevancia <\/b>dentro del mundo de la arquitectura.<\/span><\/span><\/span><\/p>\n<p><span style=\"color: #666666;\"><span style=\"font-family: Verdana, sans-serif;\"><span style=\"font-size: medium;\">4_ Buena presencia en <b>las redes sociales <\/b>a t\u00edtulo personal y conocimientos tecnol\u00f3gicos generales. Vaya\u2026 que todo lo que tenga que ver con el mundo 2.0 se le de bien.<\/span><\/span><\/span><\/p>\n<p><span style=\"color: #666666;\"><span style=\"font-family: Verdana, sans-serif;\"><span style=\"font-size: medium;\">5_ Conocimientos de <b>Facebook add<\/b> y similar.<\/span><\/span><\/span><\/p>\n<p><span style=\"color: #666666;\"><span style=\"font-family: Verdana, sans-serif;\"><span style=\"font-size: medium;\">6_ Adem\u00e1s de tener conocimientos de v\u00eddeo, estar familiarizado con temas de Streaming o emisi\u00f3n de v\u00eddeo en directo. <\/span><\/span><\/span><\/p>\n<p><span style=\"color: #666666;\"><span style=\"font-family: Verdana, sans-serif;\"><span style=\"font-size: medium;\"><b>Conocimiento profundo de Youtube.<\/b><\/span><\/span><\/span><\/p>\n<p><span style=\"color: #666666;\"><span style=\"font-family: Verdana, sans-serif;\"><span style=\"font-size: medium;\">7_ Formaci\u00f3n en <b>Marketing digital.<\/b> Conocimientos de ventas y embudos de ventas.<\/span><\/span><\/span><\/p>\n<p><span style=\"color: #666666;\"><span style=\"font-family: Verdana, sans-serif;\"><span style=\"font-size: medium;\">8_ Conocimientos fuertes de <b>Email Marketing<\/b> (NewsLetter, Lead Magnet, autoresponder\u2026).<\/span><\/span><\/span><\/p>\n<p><span style=\"color: #666666;\"><span style=\"font-family: Verdana, sans-serif;\"><span style=\"font-size: medium;\">Manejarse con soltura realizando NewsLetter (conocer como m\u00ednimo Mailchimp en profundidad).<\/span><\/span><\/span><\/p>\n<p><span style=\"color: #666666;\"><span style=\"font-family: Verdana, sans-serif;\"><span style=\"font-size: medium;\">9_ Conocimientos de <b>contabilidad y administraci\u00f3n.<\/b><\/span><\/span><\/span><\/p>\n<p><span style=\"color: #666666;\"><span style=\"font-family: Verdana, sans-serif;\"><span style=\"font-size: medium;\">10_ Ser arquitect@ o tener una <b>formaci\u00f3n cercana al mundo de la arquitectura.<\/b><\/span><\/span><\/span><\/p>\n<h2 class=\"western\"><span style=\"color: #004586;\"><span style=\"font-family: Verdana, sans-serif;\"><span style=\"font-size: medium;\"><b>2_ OFRECEMOS.<\/b><\/span><\/span><\/span><\/h2>\n<p><span style=\"color: #666666;\"><span style=\"font-family: Verdana, sans-serif;\"><span style=\"font-size: medium;\">1_ Una <b>justa <\/b>remuneraci\u00f3n y horario<b> flexible<\/b> (colaboraci\u00f3n online). <\/span><\/span><\/span><\/p>\n<p><span style=\"color: #666666;\"><span style=\"font-family: Verdana, sans-serif;\"><span style=\"font-size: medium;\">2_<b> Proyectos digitales interesantes <\/b>y, a veces, muy singulares. No estamos hablando de proyectos de arquitectura. <\/span><\/span><\/span><\/p>\n<p><span style=\"color: #666666;\"><span style=\"font-family: Verdana, sans-serif;\"><span style=\"font-size: medium;\">3_Aseguramos que el<b> trato <\/b>a recibir ser\u00e1 siempre cordial y amable.<\/span><\/span><\/span><\/p>\n<h2 class=\"western\"><strong><span style=\"color: #004586;\"><span style=\"font-family: Verdana, sans-serif;\"><span style=\"font-size: medium;\"><b>3_ CONTACTO<\/b><\/span><\/span><\/span><\/strong><\/h2>\n<p><span style=\"color: #666666;\"><span style=\"font-family: Verdana, sans-serif;\"><span style=\"font-size: medium;\">Si ves que te cuadra lo que contamos y piensas que puedes encajar en nuestro equipo, no tienes m\u00e1s que enviarnos un correo a la siguiente direcci\u00f3n: <span style=\"color: #0000ff;\"><strong>blog@stepienybarno.es<\/strong><\/span><\/span><\/span><\/span><\/p>\n<p align=\"CENTER\"><span style=\"font-size: medium;\"><strong><span style=\"color: #0000ff;\"><span style=\"font-family: Verdana, sans-serif;\">Asunto: Colaboraci\u00f3n con Stepienybarno 2019.<\/span><\/span><\/strong><\/span><\/p>\n<p><span style=\"color: #666666;\"><span style=\"font-family: Verdana, sans-serif;\"><span style=\"font-size: medium;\">A partir de ah\u00ed, nos pondremos en contacto para seguir hablando y, si vemos que puedes encajar, te propondremos hacer una video-entrevista <b>v\u00eda skype.<\/b><\/span><\/span><\/span><\/p>\n<p><span style=\"color: #666666;\"><span style=\"font-family: Verdana, sans-serif;\"><span style=\"font-size: medium;\">De hecho, la colaboraci\u00f3n siempre ser\u00e1<b> v\u00eda online<\/b>; es decir, es una colaboraci\u00f3n en remoto. <\/span><\/span><\/span><\/p>\n<p><span style=\"color: #666666;\"><span style=\"font-family: Verdana, sans-serif;\"><span style=\"font-size: medium;\">Las condiciones laborales concretas se valoraran y concretar\u00e1n en funci\u00f3n del trabajo espec\u00edfico a realizar.<\/span><\/span><\/span><\/p>\n<p>&nbsp;<\/p>\n<p><span style=\"color: #666666;\"><span style=\"font-family: Verdana, sans-serif;\"><span style=\"font-size: medium;\">En principio, se trata de una colaboraci\u00f3n que ser\u00e1 por proyectos y que, de momento, s\u00f3lo llevar\u00e1 unas\u00a0<\/span><\/span><\/span><strong><span style=\"color: #666666;\"><span style=\"font-family: Verdana, sans-serif;\"><span style=\"font-size: medium;\"><b>dos horas del d\u00eda a d\u00eda<\/b><\/span><\/span><\/span><\/strong><span style=\"color: #666666;\"><span style=\"font-family: Verdana, sans-serif;\"><span style=\"font-size: medium;\">\u00a0 a cada una de las dos personas elegidas.<\/span><\/span><\/span><\/p>\n<p><span style=\"color: #666666;\"><span style=\"font-family: Verdana, sans-serif;\"><span style=\"font-size: medium;\">Estamos hablando de trabajo 3.0; es decir, una persona trabaja en remoto para varios clientes y nosotros ser\u00edamos uno de ellos.<\/span><\/span><\/span><\/p>\n<p><span style=\"color: #666666;\"><span style=\"font-family: Verdana, sans-serif;\"><span style=\"font-size: medium;\">M\u00e1s adelante, no descartamos la incorporaci\u00f3n a nuestra empresa -en media jornada-.<\/span><\/span><\/span><\/p>\n<p><span style=\"color: #666666;\"><span style=\"font-family: Verdana, sans-serif;\"><span style=\"font-size: medium;\"><i>La fecha de comienzo de colaboraci\u00f3n prevista ser\u00e1 para el 1 de diciembre del 2019.<\/i><\/span><\/span><\/span><\/p>\n<p><span style=\"color: #666666;\"><span style=\"font-family: Verdana, sans-serif;\"><span style=\"font-size: medium;\"><i>Fecha de publicaci\u00f3n de la presente propuesta: 15 de agosto de 2019<\/i><\/span><\/span><\/span><\/p>\n<p><strong><span style=\"color: #c5000b;\"><span style=\"font-family: Verdana, sans-serif;\"><span style=\"font-size: medium;\"><i><b>Fecha l\u00edmite de contacto con nosotros: Antes del 15 de septiembre de 2019<\/b><\/i><\/span><\/span><\/span><\/strong><\/p>\n<blockquote><p><span style=\"color: #666666;\"><span style=\"font-family: Verdana, sans-serif;\"><span style=\"font-size: medium;\"><i>(s\u00f3lo tienes que mandar un correo mostrando tu inter\u00e9s en la colaboraci\u00f3n. <\/i><\/span><\/span><\/span><\/p><\/blockquote>\n<blockquote><p><span style=\"color: #666666;\"><span style=\"font-family: Verdana, sans-serif;\"><span style=\"font-size: medium;\"><i>De momento no mandar CV ni nada parecido).<\/i><\/span><\/span><\/span><\/p><\/blockquote>\n","protected":false},"excerpt":{"rendered":"<p>Con la llegada de la vuelta al cole, se prev\u00e9<\/p>\n","protected":false},"author":2,"featured_media":36275,"comment_status":"open","ping_status":"closed","sticky":false,"template":"","format":"standard","meta":{"om_disable_all_campaigns":false,"_monsterinsights_skip_tracking":false,"_monsterinsights_sitenote_active":false,"_monsterinsights_sitenote_note":"","_monsterinsights_sitenote_category":0,"_uf_show_specific_survey":0,"_uf_disable_surveys":false,"episode_type":"","audio_file":"","cover_image":"","cover_image_id":"","duration":"","filesize":"","date_recorded":"","explicit":"","block":"","filesize_raw":"","footnotes":""},"categories":[34],"tags":[35],"series":[],"class_list":["post-36274","post","type-post","status-publish","format-standard","has-post-thumbnail","hentry","category-actualidad","tag-stepienybarno"],"aioseo_notices":[],"episode_featured_image":"https:\/\/stepienybarno.es\/blog\/wp-content\/uploads\/2019\/08\/syb.png","episode_player_image":"https:\/\/stepienybarno.es\/blog\/wp-content\/uploads\/2020\/11\/stepienybarno-podcast-scaled.jpg","download_link":"","player_link":"","audio_player":false,"episode_data":{"playerMode":"dark","subscribeUrls":[],"rssFeedUrl":"https:\/\/stepienybarno.es\/blog\/feed\/podcast\/podcast-de-stepienybarno","embedCode":"<blockquote class=\"wp-embedded-content\" data-secret=\"NFofYXoLHh\"><a href=\"https:\/\/stepienybarno.es\/blog\/2019\/08\/14\/te-gustaria-colaborar-con-stepienybarno-2\/\">\u00bfTE GUSTAR\u00cdA COLABORAR CON STEPIENYBARNO?<\/a><\/blockquote><iframe sandbox=\"allow-scripts\" security=\"restricted\" src=\"https:\/\/stepienybarno.es\/blog\/2019\/08\/14\/te-gustaria-colaborar-con-stepienybarno-2\/embed\/#?secret=NFofYXoLHh\" width=\"500\" height=\"350\" title=\"\u00ab\u00bfTE GUSTAR\u00cdA COLABORAR CON STEPIENYBARNO?\u00bb \u2014 Blog de STEPIEN Y BARNO - publicaci\u00f3n digital sobre arquitectura\" data-secret=\"NFofYXoLHh\" frameborder=\"0\" marginwidth=\"0\" marginheight=\"0\" scrolling=\"no\" class=\"wp-embedded-content\"><\/iframe><script type=\"text\/javascript\">\n\/* <![CDATA[ *\/\n\/*! This file is auto-generated *\/\n!function(d,l){\"use strict\";l.querySelector&&d.addEventListener&&\"undefined\"!=typeof URL&&(d.wp=d.wp||{},d.wp.receiveEmbedMessage||(d.wp.receiveEmbedMessage=function(e){var t=e.data;if((t||t.secret||t.message||t.value)&&!\/[^a-zA-Z0-9]\/.test(t.secret)){for(var s,r,n,a=l.querySelectorAll('iframe[data-secret=\"'+t.secret+'\"]'),o=l.querySelectorAll('blockquote[data-secret=\"'+t.secret+'\"]'),c=new RegExp(\"^https?:$\",\"i\"),i=0;i<o.length;i++)o[i].style.display=\"none\";for(i=0;i<a.length;i++)s=a[i],e.source===s.contentWindow&&(s.removeAttribute(\"style\"),\"height\"===t.message?(1e3<(r=parseInt(t.value,10))?r=1e3:~~r<200&&(r=200),s.height=r):\"link\"===t.message&&(r=new URL(s.getAttribute(\"src\")),n=new URL(t.value),c.test(n.protocol))&&n.host===r.host&&l.activeElement===s&&(d.top.location.href=t.value))}},d.addEventListener(\"message\",d.wp.receiveEmbedMessage,!1),l.addEventListener(\"DOMContentLoaded\",function(){for(var e,t,s=l.querySelectorAll(\"iframe.wp-embedded-content\"),r=0;r<s.length;r++)(t=(e=s[r]).getAttribute(\"data-secret\"))||(t=Math.random().toString(36).substring(2,12),e.src+=\"#?secret=\"+t,e.setAttribute(\"data-secret\",t)),e.contentWindow.postMessage({message:\"ready\",secret:t},\"*\")},!1)))}(window,document);\n\/* ]]> *\/\n<\/script>\n"},"_links":{"self":[{"href":"https:\/\/stepienybarno.es\/blog\/wp-json\/wp\/v2\/posts\/36274"}],"collection":[{"href":"https:\/\/stepienybarno.es\/blog\/wp-json\/wp\/v2\/posts"}],"about":[{"href":"https:\/\/stepienybarno.es\/blog\/wp-json\/wp\/v2\/types\/post"}],"author":[{"embeddable":true,"href":"https:\/\/stepienybarno.es\/blog\/wp-json\/wp\/v2\/users\/2"}],"replies":[{"embeddable":true,"href":"https:\/\/stepienybarno.es\/blog\/wp-json\/wp\/v2\/comments?post=36274"}],"version-history":[{"count":4,"href":"https:\/\/stepienybarno.es\/blog\/wp-json\/wp\/v2\/posts\/36274\/revisions"}],"predecessor-version":[{"id":36279,"href":"https:\/\/stepienybarno.es\/blog\/wp-json\/wp\/v2\/posts\/36274\/revisions\/36279"}],"wp:featuredmedia":[{"embeddable":true,"href":"https:\/\/stepienybarno.es\/blog\/wp-json\/wp\/v2\/media\/36275"}],"wp:attachment":[{"href":"https:\/\/stepienybarno.es\/blog\/wp-json\/wp\/v2\/media?parent=36274"}],"wp:term":[{"taxonomy":"category","embeddable":true,"href":"https:\/\/stepienybarno.es\/blog\/wp-json\/wp\/v2\/categories?post=36274"},{"taxonomy":"post_tag","embeddable":true,"href":"https:\/\/stepienybarno.es\/blog\/wp-json\/wp\/v2\/tags?post=36274"},{"taxonomy":"series","embeddable":true,"href":"https:\/\/stepienybarno.es\/blog\/wp-json\/wp\/v2\/series?post=36274"}],"curies":[{"name":"wp","href":"https:\/\/api.w.org\/{rel}","templated":true}]}}