{"id":36456,"date":"2019-09-11T09:05:53","date_gmt":"2019-09-11T07:05:53","guid":{"rendered":"https:\/\/www.stepienybarno.es\/blog\/?p=36456"},"modified":"2019-09-10T23:32:18","modified_gmt":"2019-09-10T21:32:18","slug":"la-arquitectura-del-poder-y-el-poder-de-la-arquitectura","status":"publish","type":"post","link":"https:\/\/stepienybarno.es\/blog\/2019\/09\/11\/la-arquitectura-del-poder-y-el-poder-de-la-arquitectura\/","title":{"rendered":"La arquitectura del poder y el poder de la arquitectura"},"content":{"rendered":"<p><a href=\"https:\/\/stepienybarno.es\/blog\/?attachment_id=36465\" rel=\"attachment wp-att-36465\"><img loading=\"lazy\" decoding=\"async\" class=\"aligncenter size-medium wp-image-36465\" src=\"https:\/\/stepienybarno.es\/blog\/wp-content\/uploads\/2019\/09\/stepienybarno-redac-postdeldia-01-550x195.png\" alt=\"\" width=\"550\" height=\"195\" srcset=\"https:\/\/stepienybarno.es\/blog\/wp-content\/uploads\/2019\/09\/stepienybarno-redac-postdeldia-01-550x195.png 550w, https:\/\/stepienybarno.es\/blog\/wp-content\/uploads\/2019\/09\/stepienybarno-redac-postdeldia-01-180x64.png 180w, https:\/\/stepienybarno.es\/blog\/wp-content\/uploads\/2019\/09\/stepienybarno-redac-postdeldia-01-1024x363.png 1024w, https:\/\/stepienybarno.es\/blog\/wp-content\/uploads\/2019\/09\/stepienybarno-redac-postdeldia-01-316x112.png 316w, https:\/\/stepienybarno.es\/blog\/wp-content\/uploads\/2019\/09\/stepienybarno-redac-postdeldia-01.png 1196w\" sizes=\"(max-width: 550px) 100vw, 550px\" \/><\/a><\/p>\n<p>Por: Javier Ruiloba<\/p>\n<p>Desde: <a href=\"http:\/\/www.redac-coactfe.org\/\" target=\"_blank\" rel=\"noopener\">REDAC Revista Digital de Arquitectos de Canarias<\/a><\/p>\n<p><!--more--><\/p>\n<p>\u00abLa arquitectura ha estado siempre sometida como todas las artes al \u201cmecenazgo\u201d, y obediencia (arquitecturas concebidas como instrumento del poder u ostentaci\u00f3n de las clases dominantes). M\u00e1s a\u00fan, por ser la arquitectura un arte originariamente \u201cfuncional\u201d, la edificaci\u00f3n monumental, con otros fines de \u00a0escala superior a la humana, ha sido sede y ostentaci\u00f3n, utilizada preventivamente para el mantenimiento y crecimiento de los poderes socio-pol\u00edtico-econ\u00f3micos\u00a0 de los Estados o Imperios y la competici\u00f3n entre ellos para el dominio mundial. (&#8230;) \u00bb<\/p>\n<p>&nbsp;<\/p>\n<p style=\"text-align: center;\">Acceder al Art\u00edculo <a href=\"http:\/\/bit.ly\/2k8wZ9q\" target=\"_blank\" rel=\"noopener\">AQU\u00cd<\/a><\/p>\n<p>&nbsp;<\/p>\n<hr \/>\n<h5><strong>Autores del post:\u00a0<a href=\"https:\/\/stepienybarno.es\/blog\/2011\/09\/04\/las-fortalezas-del-arquitecto\/\">Stepienybarno<\/a>\u00a0_ Agnieszka Stepien y Lorenzo Barn\u00f3<\/strong><\/h5>\n<h5>Y como siempre, si te gust\u00f3 el post,\u00a0estar\u00eda genial que lo compartas\u00a0en tus redes sociales.<\/h5>\n<h5>A su vez, si todav\u00eda no est\u00e1s suscrito a nuestra Newsletter, te animamos a hacerlo en la casilla que tienes al terminar este art\u00edculo.<\/h5>\n<p>&nbsp;<\/p>\n<blockquote><p>Suscribirte a nuestro blog y recibe gratis nuestra gu\u00eda: 10 Ideas para vender m\u00e1s si eres arquitecto<\/p>\n<p>Acceder:\u00a0<a href=\"http:\/\/bit.ly\/2fkkTS7\">http:\/\/bit.ly\/2fkkTS7<\/a><\/p>\n<p>&nbsp;<\/p>\n<p>Si te interesa contactar con nosotros para que te ayudemos a mejorar tu visibilidad online y, en consecuencia, mejorar tus oportunidades laborales, no dudes en escribirnos a:\u00a0<a href=\"mailto:blog@stepienybarno.es\">blog@stepienybarno.es<\/a><\/p><\/blockquote>\n<p>&nbsp;<\/p>\n<p><em><a href=\"https:\/\/twitter.com\/stepienybarno\">Stepienybarno en TWITTER<\/a><\/em><\/p>\n<p><em><a href=\"https:\/\/twitter.com\/stepienybarno\">@stepienybarno (+ de 16.000 seguidores)<\/a><\/em><\/p>\n<p><em><a href=\"https:\/\/twitter.com\/stepienybarno?lang=es\">https:\/\/twitter.com\/stepienybarno?lang=es<\/a><\/em><\/p>\n<p><em><a href=\"https:\/\/www.facebook.com\/pages\/BLOG-DE-STEPIENYBARNO\/78001079029\">Stepienybarno en FACEBOOK (+ de 24<u>.000 seguidores)<\/u><\/a><\/em><\/p>\n<p><em><a href=\"https:\/\/www.facebook.com\/StepienyBarnoArquitecturaeIdentidadDigital\/\">https:\/\/www.facebook.com\/StepienyBarnoArquitecturaeIdentidadDigital\/<\/a><\/em><\/p>\n<p><em>Acceder a nuestro GRUPO CERRADO DE FACEBOOK sobre Identidad Digital para Arquitectos:<\/em><\/p>\n<p><em><a href=\"https:\/\/www.facebook.com\/groups\/IdentidadDigitalParaArquitectos\/\">https:\/\/www.facebook.com\/groups\/IdentidadDigitalParaArquitectos\/<\/a><\/em><\/p>\n<p><em>Suscr\u00edbete a nuestro canal de YOUTUBE:\u00a0<a href=\"http:\/\/bit.ly\/2A1UtAd\">http:\/\/bit.ly\/2A1UtAd<\/a><\/em><\/p>\n<p>&nbsp;<\/p>\n<p>*\u00a0<a href=\"https:\/\/stepienybarno.es\/blog\/2011\/09\/04\/las-fortalezas-del-arquitecto\/\">Stepienybarno<\/a>\u00a0est\u00e1 formado por Agnieszka Stepien y Lorenzo Barn\u00f3 y desde mayo del 2009 estamos en la red con\u00a0 la presente publicaci\u00f3n digital (Blog) de arquitectura.<\/p>\n<p>Nuestra actividad se sustenta en tres pilares b\u00e1sicos: la investigaci\u00f3n, la publicaci\u00f3n y la redacci\u00f3n de proyectos de arquitectura.<\/p>\n<p>A su vez, somos socios cofundadores de\u00a0<a href=\"http:\/\/sinergiasostenible.org\/\">SINERGIA SOSTENIBLE<\/a>\u00a0y directores del blog de FUNDACI\u00d3N ARQUIA.<\/p>\n","protected":false},"excerpt":{"rendered":"<p>Por: Javier Ruiloba Desde: REDAC Revista Digital de Arquitectos de<\/p>\n","protected":false},"author":10,"featured_media":36465,"comment_status":"open","ping_status":"closed","sticky":false,"template":"","format":"standard","meta":{"om_disable_all_campaigns":false,"_monsterinsights_skip_tracking":false,"_monsterinsights_sitenote_active":false,"_monsterinsights_sitenote_note":"","_monsterinsights_sitenote_category":0,"_uf_show_specific_survey":0,"_uf_disable_surveys":false,"episode_type":"","audio_file":"","cover_image":"","cover_image_id":"","duration":"","filesize":"","date_recorded":"","explicit":"","block":"","filesize_raw":"","footnotes":""},"categories":[244],"tags":[7615,7614,7616],"series":[],"class_list":["post-36456","post","type-post","status-publish","format-standard","has-post-thumbnail","hentry","category-canal-de-arquitectura","tag-javier-ruiloba","tag-redac","tag-revista-digital-de-arquitectos-de-canarias"],"aioseo_notices":[],"episode_featured_image":"https:\/\/stepienybarno.es\/blog\/wp-content\/uploads\/2019\/09\/stepienybarno-redac-postdeldia-01.png","episode_player_image":"https:\/\/stepienybarno.es\/blog\/wp-content\/uploads\/2020\/11\/stepienybarno-podcast-scaled.jpg","download_link":"","player_link":"","audio_player":false,"episode_data":{"playerMode":"dark","subscribeUrls":[],"rssFeedUrl":"https:\/\/stepienybarno.es\/blog\/feed\/podcast\/podcast-de-stepienybarno","embedCode":"<blockquote class=\"wp-embedded-content\" data-secret=\"nMSp1KSLdZ\"><a href=\"https:\/\/stepienybarno.es\/blog\/2019\/09\/11\/la-arquitectura-del-poder-y-el-poder-de-la-arquitectura\/\">La arquitectura del poder y el poder de la arquitectura<\/a><\/blockquote><iframe sandbox=\"allow-scripts\" security=\"restricted\" src=\"https:\/\/stepienybarno.es\/blog\/2019\/09\/11\/la-arquitectura-del-poder-y-el-poder-de-la-arquitectura\/embed\/#?secret=nMSp1KSLdZ\" width=\"500\" height=\"350\" title=\"\u00abLa arquitectura del poder y el poder de la arquitectura\u00bb \u2014 Blog de STEPIEN Y BARNO - publicaci\u00f3n digital sobre arquitectura\" data-secret=\"nMSp1KSLdZ\" frameborder=\"0\" marginwidth=\"0\" marginheight=\"0\" scrolling=\"no\" class=\"wp-embedded-content\"><\/iframe><script type=\"text\/javascript\">\n\/* <![CDATA[ *\/\n\/*! This file is auto-generated *\/\n!function(d,l){\"use strict\";l.querySelector&&d.addEventListener&&\"undefined\"!=typeof URL&&(d.wp=d.wp||{},d.wp.receiveEmbedMessage||(d.wp.receiveEmbedMessage=function(e){var t=e.data;if((t||t.secret||t.message||t.value)&&!\/[^a-zA-Z0-9]\/.test(t.secret)){for(var s,r,n,a=l.querySelectorAll('iframe[data-secret=\"'+t.secret+'\"]'),o=l.querySelectorAll('blockquote[data-secret=\"'+t.secret+'\"]'),c=new RegExp(\"^https?:$\",\"i\"),i=0;i<o.length;i++)o[i].style.display=\"none\";for(i=0;i<a.length;i++)s=a[i],e.source===s.contentWindow&&(s.removeAttribute(\"style\"),\"height\"===t.message?(1e3<(r=parseInt(t.value,10))?r=1e3:~~r<200&&(r=200),s.height=r):\"link\"===t.message&&(r=new URL(s.getAttribute(\"src\")),n=new URL(t.value),c.test(n.protocol))&&n.host===r.host&&l.activeElement===s&&(d.top.location.href=t.value))}},d.addEventListener(\"message\",d.wp.receiveEmbedMessage,!1),l.addEventListener(\"DOMContentLoaded\",function(){for(var e,t,s=l.querySelectorAll(\"iframe.wp-embedded-content\"),r=0;r<s.length;r++)(t=(e=s[r]).getAttribute(\"data-secret\"))||(t=Math.random().toString(36).substring(2,12),e.src+=\"#?secret=\"+t,e.setAttribute(\"data-secret\",t)),e.contentWindow.postMessage({message:\"ready\",secret:t},\"*\")},!1)))}(window,document);\n\/* ]]> *\/\n<\/script>\n"},"_links":{"self":[{"href":"https:\/\/stepienybarno.es\/blog\/wp-json\/wp\/v2\/posts\/36456"}],"collection":[{"href":"https:\/\/stepienybarno.es\/blog\/wp-json\/wp\/v2\/posts"}],"about":[{"href":"https:\/\/stepienybarno.es\/blog\/wp-json\/wp\/v2\/types\/post"}],"author":[{"embeddable":true,"href":"https:\/\/stepienybarno.es\/blog\/wp-json\/wp\/v2\/users\/10"}],"replies":[{"embeddable":true,"href":"https:\/\/stepienybarno.es\/blog\/wp-json\/wp\/v2\/comments?post=36456"}],"version-history":[{"count":2,"href":"https:\/\/stepienybarno.es\/blog\/wp-json\/wp\/v2\/posts\/36456\/revisions"}],"predecessor-version":[{"id":36466,"href":"https:\/\/stepienybarno.es\/blog\/wp-json\/wp\/v2\/posts\/36456\/revisions\/36466"}],"wp:featuredmedia":[{"embeddable":true,"href":"https:\/\/stepienybarno.es\/blog\/wp-json\/wp\/v2\/media\/36465"}],"wp:attachment":[{"href":"https:\/\/stepienybarno.es\/blog\/wp-json\/wp\/v2\/media?parent=36456"}],"wp:term":[{"taxonomy":"category","embeddable":true,"href":"https:\/\/stepienybarno.es\/blog\/wp-json\/wp\/v2\/categories?post=36456"},{"taxonomy":"post_tag","embeddable":true,"href":"https:\/\/stepienybarno.es\/blog\/wp-json\/wp\/v2\/tags?post=36456"},{"taxonomy":"series","embeddable":true,"href":"https:\/\/stepienybarno.es\/blog\/wp-json\/wp\/v2\/series?post=36456"}],"curies":[{"name":"wp","href":"https:\/\/api.w.org\/{rel}","templated":true}]}}