{"id":3655,"date":"2011-06-16T08:53:11","date_gmt":"2011-06-16T06:53:11","guid":{"rendered":"https:\/\/www.stepienybarno.es\/blog\/?p=3655"},"modified":"2011-06-16T08:53:11","modified_gmt":"2011-06-16T06:53:11","slug":"curso-de-arquitectura-paisaje-y-medio-ambiente","status":"publish","type":"post","link":"https:\/\/stepienybarno.es\/blog\/2011\/06\/16\/curso-de-arquitectura-paisaje-y-medio-ambiente\/","title":{"rendered":"CURSO DE ARQUITECTURA, PAISAJE Y MEDIO AMBIENTE."},"content":{"rendered":"<p style=\"text-align: center;\"><img loading=\"lazy\" decoding=\"async\" class=\"aligncenter size-full wp-image-3656\" title=\"CURSO DE ARQUITECTURA, PAISAJE Y MEDIO AMBIENTE. en stepienybarno 350\" src=\"https:\/\/stepienybarno.es\/blog\/wp-content\/uploads\/2011\/06\/CURSO-DE-ARQUITECTURA-PAISAJE-Y-MEDIO-AMBIENTE.-en-stepienybarno-350-.jpg\" alt=\"CURSO DE ARQUITECTURA, PAISAJE Y MEDIO AMBIENTE. en stepienybarno 350\" width=\"350\" height=\"107\" srcset=\"https:\/\/stepienybarno.es\/blog\/wp-content\/uploads\/2011\/06\/CURSO-DE-ARQUITECTURA-PAISAJE-Y-MEDIO-AMBIENTE.-en-stepienybarno-350-.jpg 350w, https:\/\/stepienybarno.es\/blog\/wp-content\/uploads\/2011\/06\/CURSO-DE-ARQUITECTURA-PAISAJE-Y-MEDIO-AMBIENTE.-en-stepienybarno-350--180x55.jpg 180w, https:\/\/stepienybarno.es\/blog\/wp-content\/uploads\/2011\/06\/CURSO-DE-ARQUITECTURA-PAISAJE-Y-MEDIO-AMBIENTE.-en-stepienybarno-350--316x97.jpg 316w\" sizes=\"(max-width: 350px) 100vw, 350px\" \/>\u00a0<\/p>\n<p>M\u00e1s que recomendable!<\/p>\n<p>\u00a0<!--more--><\/p>\n<p>\u00a0<\/p>\n<p>Cu\u00e1ndo: Lunes, 18 de julio a las 9:30\u00a0&#8211;\u00a022 de julio a las 12:30<\/p>\n<p>\u00a0<\/p>\n<p>D\u00f3nde: Palacio de Carlos V. Alhambra (Granada).<\/p>\n<p>\u00a0<\/p>\n<p>Organizado por: <a href=\"http:\/\/www.facebook.com\/profile.php?id=100000433574216\">\u00c1ngel Gij\u00f3n<\/a>\u00a0<\/p>\n<p>\u00a0<\/p>\n<p>\u00a0<\/p>\n<p>Evento en facebook:<a href=\"http:\/\/www.facebook.com\/event.php?eid=123679437713781\"> aqu\u00ed.<\/a><\/p>\n<p>\u00a0<\/p>\n<p>El programa tiene una pinta estupenda! <a href=\"http:\/\/bit.ly\/kOf15l\">Aqu\u00ed.<\/a><\/p>\n<p>\u00a0<\/p>\n<p><a href=\"http:\/\/accesit.org\/?p=7447\">Acceder a la noticia<\/a><\/p>\n<p>\u00a0<\/p>\n<p align=\"left\">\u00a0<\/p>\n<p>Noticia seleccionada por el Canal de arquitectura STEPIENYBARNO.<\/p>\n<p><a href=\"http:\/\/www.linkedin.com\/company\/stepienybarno\">STEPIENYBARNO EN LINKEDIN<\/a><\/p>\n<p><a href=\"http:\/\/twitter.com\/stepienybarno\/stepienybarno\">STEPIENYBARNO EN TWITTER<\/a><\/p>\n<p><a href=\"https:\/\/www.facebook.com\/StepienybarnoCANAL\">STEPIENYBARNO EN FACEBOOK<\/a><\/p>\n<p>\u00a0<\/p>\n<p>*Stepienybarno est\u00e1 formado por Agnieszka Stepien y Lorenzo Barn\u00f3. Nuestra actividad se sustenta en tres pilares b\u00e1sicos: la investigaci\u00f3n, la publicaci\u00f3n y la redacci\u00f3n de proyectos de arquitectura.<\/p>\n<p>A su vez, somos socios cofundadores de <a href=\"http:\/\/sinergiasostenible.org\/\">SINERGIA SOSTENIBLE<\/a> y redactores de <a href=\"http:\/\/www.laciudadviva.org\/blogs\/?author=45\">LA CIUDAD VIVA<\/a>.<\/p>\n","protected":false},"excerpt":{"rendered":"\n<p>M\u00e1s que recomendable!<\/p>\n","protected":false},"author":2,"featured_media":0,"comment_status":"open","ping_status":"closed","sticky":false,"template":"","format":"standard","meta":{"om_disable_all_campaigns":false,"_monsterinsights_skip_tracking":false,"_monsterinsights_sitenote_active":false,"_monsterinsights_sitenote_note":"","_monsterinsights_sitenote_category":0,"_uf_show_specific_survey":0,"_uf_disable_surveys":false,"episode_type":"","audio_file":"","cover_image":"","cover_image_id":"","duration":"","filesize":"","date_recorded":"","explicit":"","block":"","filesize_raw":"","footnotes":""},"categories":[34,244],"tags":[4274,1023,9,4271],"series":[],"class_list":["post-3655","post","type-post","status-publish","format-standard","hentry","category-actualidad","category-canal-de-arquitectura","tag-actualidad","tag-angel-gijon","tag-arquitectura","tag-sostenibilidad"],"aioseo_notices":[],"episode_featured_image":false,"episode_player_image":"https:\/\/stepienybarno.es\/blog\/wp-content\/uploads\/2020\/11\/stepienybarno-podcast-scaled.jpg","download_link":"","player_link":"","audio_player":false,"episode_data":{"playerMode":"dark","subscribeUrls":[],"rssFeedUrl":"https:\/\/stepienybarno.es\/blog\/feed\/podcast\/podcast-de-stepienybarno","embedCode":"<blockquote class=\"wp-embedded-content\" data-secret=\"lfAT1OztF8\"><a href=\"https:\/\/stepienybarno.es\/blog\/2011\/06\/16\/curso-de-arquitectura-paisaje-y-medio-ambiente\/\">CURSO DE ARQUITECTURA, PAISAJE Y MEDIO AMBIENTE.<\/a><\/blockquote><iframe sandbox=\"allow-scripts\" security=\"restricted\" src=\"https:\/\/stepienybarno.es\/blog\/2011\/06\/16\/curso-de-arquitectura-paisaje-y-medio-ambiente\/embed\/#?secret=lfAT1OztF8\" width=\"500\" height=\"350\" title=\"\u00abCURSO DE ARQUITECTURA, PAISAJE Y MEDIO AMBIENTE.\u00bb \u2014 Blog de STEPIEN Y BARNO - publicaci\u00f3n digital sobre arquitectura\" data-secret=\"lfAT1OztF8\" frameborder=\"0\" marginwidth=\"0\" marginheight=\"0\" scrolling=\"no\" class=\"wp-embedded-content\"><\/iframe><script type=\"text\/javascript\">\n\/* <![CDATA[ *\/\n\/*! This file is auto-generated *\/\n!function(d,l){\"use strict\";l.querySelector&&d.addEventListener&&\"undefined\"!=typeof URL&&(d.wp=d.wp||{},d.wp.receiveEmbedMessage||(d.wp.receiveEmbedMessage=function(e){var t=e.data;if((t||t.secret||t.message||t.value)&&!\/[^a-zA-Z0-9]\/.test(t.secret)){for(var s,r,n,a=l.querySelectorAll('iframe[data-secret=\"'+t.secret+'\"]'),o=l.querySelectorAll('blockquote[data-secret=\"'+t.secret+'\"]'),c=new RegExp(\"^https?:$\",\"i\"),i=0;i<o.length;i++)o[i].style.display=\"none\";for(i=0;i<a.length;i++)s=a[i],e.source===s.contentWindow&&(s.removeAttribute(\"style\"),\"height\"===t.message?(1e3<(r=parseInt(t.value,10))?r=1e3:~~r<200&&(r=200),s.height=r):\"link\"===t.message&&(r=new URL(s.getAttribute(\"src\")),n=new URL(t.value),c.test(n.protocol))&&n.host===r.host&&l.activeElement===s&&(d.top.location.href=t.value))}},d.addEventListener(\"message\",d.wp.receiveEmbedMessage,!1),l.addEventListener(\"DOMContentLoaded\",function(){for(var e,t,s=l.querySelectorAll(\"iframe.wp-embedded-content\"),r=0;r<s.length;r++)(t=(e=s[r]).getAttribute(\"data-secret\"))||(t=Math.random().toString(36).substring(2,12),e.src+=\"#?secret=\"+t,e.setAttribute(\"data-secret\",t)),e.contentWindow.postMessage({message:\"ready\",secret:t},\"*\")},!1)))}(window,document);\n\/* ]]> *\/\n<\/script>\n"},"_links":{"self":[{"href":"https:\/\/stepienybarno.es\/blog\/wp-json\/wp\/v2\/posts\/3655"}],"collection":[{"href":"https:\/\/stepienybarno.es\/blog\/wp-json\/wp\/v2\/posts"}],"about":[{"href":"https:\/\/stepienybarno.es\/blog\/wp-json\/wp\/v2\/types\/post"}],"author":[{"embeddable":true,"href":"https:\/\/stepienybarno.es\/blog\/wp-json\/wp\/v2\/users\/2"}],"replies":[{"embeddable":true,"href":"https:\/\/stepienybarno.es\/blog\/wp-json\/wp\/v2\/comments?post=3655"}],"version-history":[{"count":2,"href":"https:\/\/stepienybarno.es\/blog\/wp-json\/wp\/v2\/posts\/3655\/revisions"}],"predecessor-version":[{"id":3658,"href":"https:\/\/stepienybarno.es\/blog\/wp-json\/wp\/v2\/posts\/3655\/revisions\/3658"}],"wp:attachment":[{"href":"https:\/\/stepienybarno.es\/blog\/wp-json\/wp\/v2\/media?parent=3655"}],"wp:term":[{"taxonomy":"category","embeddable":true,"href":"https:\/\/stepienybarno.es\/blog\/wp-json\/wp\/v2\/categories?post=3655"},{"taxonomy":"post_tag","embeddable":true,"href":"https:\/\/stepienybarno.es\/blog\/wp-json\/wp\/v2\/tags?post=3655"},{"taxonomy":"series","embeddable":true,"href":"https:\/\/stepienybarno.es\/blog\/wp-json\/wp\/v2\/series?post=3655"}],"curies":[{"name":"wp","href":"https:\/\/api.w.org\/{rel}","templated":true}]}}