{"id":36838,"date":"2019-10-28T08:21:44","date_gmt":"2019-10-28T06:21:44","guid":{"rendered":"https:\/\/www.stepienybarno.es\/blog\/?p=36838"},"modified":"2020-02-25T10:25:28","modified_gmt":"2020-02-25T08:25:28","slug":"rocio-monasterio-arquitecto-desde-el-2003","status":"publish","type":"post","link":"https:\/\/stepienybarno.es\/blog\/2019\/10\/28\/rocio-monasterio-arquitecto-desde-el-2003\/","title":{"rendered":"ROC\u00cdO MONASTERIO, ARQUITECTO DESDE EL \u00bf2003?"},"content":{"rendered":"<p><img loading=\"lazy\" decoding=\"async\" class=\"alignnone size-medium wp-image-36847\" src=\"https:\/\/stepienybarno.es\/blog\/wp-content\/uploads\/2019\/10\/0.-Roc\u00edo-Monasterio-arquitecto-stepienybarno-loft-oficina-550x413.jpg\" alt=\"\" width=\"550\" height=\"413\" srcset=\"https:\/\/stepienybarno.es\/blog\/wp-content\/uploads\/2019\/10\/0.-Roc\u00edo-Monasterio-arquitecto-stepienybarno-loft-oficina-550x413.jpg 550w, https:\/\/stepienybarno.es\/blog\/wp-content\/uploads\/2019\/10\/0.-Roc\u00edo-Monasterio-arquitecto-stepienybarno-loft-oficina-180x135.jpg 180w, https:\/\/stepienybarno.es\/blog\/wp-content\/uploads\/2019\/10\/0.-Roc\u00edo-Monasterio-arquitecto-stepienybarno-loft-oficina-316x237.jpg 316w, https:\/\/stepienybarno.es\/blog\/wp-content\/uploads\/2019\/10\/0.-Roc\u00edo-Monasterio-arquitecto-stepienybarno-loft-oficina.jpg 750w\" sizes=\"(max-width: 550px) 100vw, 550px\" \/><\/p>\n<p>Hace unos d\u00edas ve\u00edamos en el diario El Pa\u00eds un art\u00edculo en el que pon\u00edan encima de la mesa varias presuntas irregularidades que ha cometido la \u00a0presidenta de Vox en Madrid y diputada auton\u00f3mica en esta comunidad, Roc\u00edo Monasterio.<\/p>\n<p>Parece ser que antes de tener el t\u00edtulo de arquitecto ya estaba firmando proyectos desde varios a\u00f1os antes. Tambi\u00e9n, observamos en su muro de Twitter la reacci\u00f3n ante la noticia y parec\u00eda que la cosa se pod\u00eda complicar bastante como no fuese capaz de explicarse mejor, m\u00e1s all\u00e1 de tirar balones fuera, concretamente a Catalu\u00f1a.<\/p>\n<p><!--more--><\/p>\n<p>Leyendo la noticia la verdad es que Monasterio sale muy mal parada de la misma. Seg\u00fan I\u00f1igo Dom\u00ednguez\u00a0 y Juan Diego Quesada, <a href=\"https:\/\/elpais.com\/politica\/2019\/10\/27\/actualidad\/1572201166_961787.html?ssm=TW_CC\" target=\"_blank\" rel=\"noopener noreferrer\">autores del art\u00edculo:<\/a><\/p>\n<p>\u201c(\u2026) En los planos de la obra realizada en 2004, la inscripci\u00f3n que aparece en la base es clara: \u201cArquitecto: Roc\u00edo Monasterio\u201d. Fueron presentados por Espinosa de los Monteros en una reuni\u00f3n de la comunidad de vecinos de ese a\u00f1o. Los compradores conocieron la oferta de venta de los inmuebles a trav\u00e9s del estudio de Monasterio.\u201d<\/p>\n<p>As\u00ed, entre otras cosas, parece que hay varios proyectos firmados desde el <strong>2003,<\/strong> cuando ella present\u00f3 su <strong>proyecto de fin de carrera (PFC),<\/strong> en octubre de<strong> 2009.<\/strong> De hecho, por lo que parece, la l\u00edder de Vox en Madrid llevaba desde el 2000 con la oficina Roc\u00edo Monasterio y Asociados.<\/p>\n<p><img loading=\"lazy\" decoding=\"async\" class=\"alignnone size-medium wp-image-36846\" src=\"https:\/\/stepienybarno.es\/blog\/wp-content\/uploads\/2019\/10\/1.-Roc\u00edo-Monasterio-arquitecto-stepienybarno-550x238.jpg\" alt=\"\" width=\"550\" height=\"238\" srcset=\"https:\/\/stepienybarno.es\/blog\/wp-content\/uploads\/2019\/10\/1.-Roc\u00edo-Monasterio-arquitecto-stepienybarno-550x238.jpg 550w, https:\/\/stepienybarno.es\/blog\/wp-content\/uploads\/2019\/10\/1.-Roc\u00edo-Monasterio-arquitecto-stepienybarno-180x78.jpg 180w, https:\/\/stepienybarno.es\/blog\/wp-content\/uploads\/2019\/10\/1.-Roc\u00edo-Monasterio-arquitecto-stepienybarno-316x137.jpg 316w, https:\/\/stepienybarno.es\/blog\/wp-content\/uploads\/2019\/10\/1.-Roc\u00edo-Monasterio-arquitecto-stepienybarno.jpg 750w\" sizes=\"(max-width: 550px) 100vw, 550px\" \/><\/p>\n<p>A su vez, podemos leer en La Sexta: \u00a0\u201cLas presuntas anomal\u00edas recogidas por el citado medio se suman a las que pesan sobre la propia vivienda del matrimonio, en cuyo s\u00f3tano Monasterio ten\u00eda su despacho de arquitectos y sobre la que el Ayuntamiento de Madrid emiti\u00f3\u00a0<a href=\"https:\/\/www.lasexta.com\/noticias\/nacional\/la-vivienda-de-espinosa-de-los-monteros-y-rocio-monasterio-estas-son-las-claves-para-entender-su-clausura_201909055d710dd80cf2845c13b48a1b.html\" target=\"_blank\" rel=\"noopener noreferrer\">una orden de clausura<\/a>\u00a0precisamente por no tener licencia de funcionamiento para esa actividad ni licencia de primera ocupaci\u00f3n.\u201d<\/p>\n<p><a href=\"https:\/\/twitter.com\/monasterioR\/status\/1188768372651155458\" target=\"_blank\" rel=\"noopener noreferrer\"><img loading=\"lazy\" decoding=\"async\" class=\"alignnone size-medium wp-image-36845\" src=\"https:\/\/stepienybarno.es\/blog\/wp-content\/uploads\/2019\/10\/2.-Roc\u00edo-Monasterio-arquitecto-stepienybarno-418x550.png\" alt=\"\" width=\"418\" height=\"550\" srcset=\"https:\/\/stepienybarno.es\/blog\/wp-content\/uploads\/2019\/10\/2.-Roc\u00edo-Monasterio-arquitecto-stepienybarno-418x550.png 418w, https:\/\/stepienybarno.es\/blog\/wp-content\/uploads\/2019\/10\/2.-Roc\u00edo-Monasterio-arquitecto-stepienybarno-137x180.png 137w, https:\/\/stepienybarno.es\/blog\/wp-content\/uploads\/2019\/10\/2.-Roc\u00edo-Monasterio-arquitecto-stepienybarno-531x700.png 531w, https:\/\/stepienybarno.es\/blog\/wp-content\/uploads\/2019\/10\/2.-Roc\u00edo-Monasterio-arquitecto-stepienybarno-304x400.png 304w, https:\/\/stepienybarno.es\/blog\/wp-content\/uploads\/2019\/10\/2.-Roc\u00edo-Monasterio-arquitecto-stepienybarno.png 750w\" sizes=\"(max-width: 418px) 100vw, 418px\" \/><\/a><\/p>\n<p>En fin, viendo c\u00f3mo ella se defiende en su muro de Twitter, de momento no parece que sus explicaciones sean demasiado halag\u00fce\u00f1as.<\/p>\n<p>Cuesta creer <strong>que no se acuerde, <a href=\"http:\/\/lasexta.com\/noticias\/nacional\/rocio-monasterio-habria-firmado-planos-como-arquitecta-antes-tener-titulo_201910285db6a56a0cf2c289dbcc5905.html\" target=\"_blank\" rel=\"noopener noreferrer\">seg\u00fan sus propias declaraciones<\/a>, cuando termin\u00f3 su Fin de Carrera,<\/strong> mientras en \u00a0su perfil de Twitter se define como \u201cconstructora de ideas y realidades\u201d.<\/p>\n<p>Seguramente, es momento de que el COAM, ponga voz en este asunto.<\/p>\n<p>A su vez, en el art\u00edculo firmado por F\u00e1tima Caballero en El diario.es\u00a0 (29.10.2019) aparece nuestra protagonista firmando direcciones de obra, supuestamente, sin tener t\u00edtulo habilitante: \u00ab(&#8230;) Una\u00a0certificaci\u00f3n de obra, como la que publica ahora eldiario.es, es un documento que acredita que se han ejecutado una serie de partidas (cimentaci\u00f3n, estructura, instalaciones, etc.) conforme a lo que figura en el proyecto de ejecuci\u00f3n y al presupuesto. La dirigente de la formaci\u00f3n de extrema derecha firm\u00f3 este certificado de obra que entreg\u00f3 a los clientes el 11 de marzo de 2004. Lo hizo como \u00abdirecci\u00f3n facultativa\u00bb, sin tener la cualificaci\u00f3n t\u00e9cnica para ello. Una certificaci\u00f3n de obra como direcci\u00f3n facultativa solo la puede firmar un arquitecto o un aparejador, apuntan los expertos consultados por este diario. En esos momentos, Monasterio no dispon\u00eda de ninguno de esos t\u00edtulos.\u00bb <a href=\"https:\/\/www.eldiario.es\/madrid\/Rocio-Monasterio-certificaciones-presupuestos-arquitecta_0_957504926.html?utm_source=KLOSHLETTER&amp;utm_campaign=5dd7f2466f-EMAIL_CAMPAIGN_2019_10_29_05_44&amp;utm_medium=email&amp;utm_term=0_597bc2b578-5dd7f2466f-56603149\" target=\"_blank\" rel=\"noopener noreferrer\">(ver aqu\u00ed)\u00a0<\/a><\/p>\n<p>Es decir, de ser cierto el documento, firma una certificaci\u00f3n como <strong>direcci\u00f3n facultativa<\/strong> en la que, adem\u00e1s se toca estructura met\u00e1lica. En este caso, sin ser arquitecto, no pod\u00eda ser direcci\u00f3n facultativa y mucho menos firmar esta <strong>certificaci\u00f3n.<\/strong><\/p>\n<p>&nbsp;<\/p>\n<blockquote>\n<p style=\"text-align: center;\">Y ahora en tu muro de Twitter (39.10.2019) saca sus notas. Que ni fr\u00edo ni calor, el tema no es si sacaba buenas notas, el tema es si era arquitecta cuando firm\u00f3 como tal.<\/p>\n<\/blockquote>\n<p style=\"text-align: center;\"><img loading=\"lazy\" decoding=\"async\" class=\"alignnone size-medium wp-image-36864\" src=\"https:\/\/stepienybarno.es\/blog\/wp-content\/uploads\/2019\/10\/notas-rocio-monasterio-stepienybarno-413x550.jpg\" alt=\"\" width=\"413\" height=\"550\" srcset=\"https:\/\/stepienybarno.es\/blog\/wp-content\/uploads\/2019\/10\/notas-rocio-monasterio-stepienybarno-413x550.jpg 413w, https:\/\/stepienybarno.es\/blog\/wp-content\/uploads\/2019\/10\/notas-rocio-monasterio-stepienybarno-135x180.jpg 135w, https:\/\/stepienybarno.es\/blog\/wp-content\/uploads\/2019\/10\/notas-rocio-monasterio-stepienybarno-525x700.jpg 525w, https:\/\/stepienybarno.es\/blog\/wp-content\/uploads\/2019\/10\/notas-rocio-monasterio-stepienybarno-300x400.jpg 300w, https:\/\/stepienybarno.es\/blog\/wp-content\/uploads\/2019\/10\/notas-rocio-monasterio-stepienybarno.jpg 750w\" sizes=\"(max-width: 413px) 100vw, 413px\" \/><\/p>\n<p>&nbsp;<\/p>\n<pre>Sigue el culebr\u00f3n (02.11.2019):<\/pre>\n<p>\u00abMonasterio aparece indebidamente como arquitecta o directora facultativa en al menos dos obras en Madrid, en 2003 y 2004. Entonces\u00a0<a href=\"https:\/\/elpais.com\/ccaa\/2019\/10\/28\/madrid\/1572259225_119519.html?rel=mas\" target=\"_blank\" rel=\"noopener noreferrer\">no hab\u00eda terminado la carrera de arquitectura ni estaba colegiada<\/a>\u00a0para ejercer la profesi\u00f3n, dos requisitos obligatorios para proyectos de esa envergadura.\u00a0<a href=\"https:\/\/elpais.com\/politica\/2019\/10\/27\/actualidad\/1572201166_961787.html?rel=mas\">El documento de 2003<\/a>\u00a0es un plano sobre la construcci\u00f3n de tres\u00a0<em>lofts<\/em>\u00a0en la calle Villafranca, 6. Su nombre aparece en un recuadro: \u201cArquitecto: Roc\u00edo Monasterio\u201d. Su esposo, Iv\u00e1n Espinosa de los Monteros, present\u00f3 ese plano a sus compradores.\u00a0<a href=\"https:\/\/elpais.com\/politica\/2019\/10\/30\/actualidad\/1572456283_979879.html\">El documento de 2004<\/a>\u00a0es una certificaci\u00f3n de obra para un proyecto en un local de la calle San Marcos, 24. Su firma aparece al pie debajo del t\u00edtulo \u201cdirecci\u00f3n facultativa\u201d. Este documento detalla operaciones como derribos de muros de carga que solo puede firmar un arquitecto.\u00bb<\/p>\n<p><a href=\"https:\/\/elpais.com\/ccaa\/2019\/10\/31\/madrid\/1572541930_983208.amp.html?__twitter_impression=true\" target=\"_blank\" rel=\"noopener noreferrer\">Acceder.<\/a><\/p>\n<pre>Os dejamos alg\u00fan pantallazo visto por\u00a0<strong>Twitter<\/strong> al hilo de la pol\u00e9mica levantada por el diario El Pa\u00eds.\r\n<a href=\"https:\/\/twitter.com\/j_echarte\/status\/1190703678359031823\" target=\"_blank\" rel=\"noopener noreferrer\">Hilo en Twitter del 02.11.2019<\/a><\/pre>\n<p><img loading=\"lazy\" decoding=\"async\" class=\"alignnone size-medium wp-image-36844\" src=\"https:\/\/stepienybarno.es\/blog\/wp-content\/uploads\/2019\/10\/3.1.-Roc\u00edo-Monasterio-arquitecto-stepienybarno-550x444.png\" alt=\"\" width=\"550\" height=\"444\" srcset=\"https:\/\/stepienybarno.es\/blog\/wp-content\/uploads\/2019\/10\/3.1.-Roc\u00edo-Monasterio-arquitecto-stepienybarno-550x444.png 550w, https:\/\/stepienybarno.es\/blog\/wp-content\/uploads\/2019\/10\/3.1.-Roc\u00edo-Monasterio-arquitecto-stepienybarno-180x145.png 180w, https:\/\/stepienybarno.es\/blog\/wp-content\/uploads\/2019\/10\/3.1.-Roc\u00edo-Monasterio-arquitecto-stepienybarno-316x255.png 316w, https:\/\/stepienybarno.es\/blog\/wp-content\/uploads\/2019\/10\/3.1.-Roc\u00edo-Monasterio-arquitecto-stepienybarno.png 750w\" sizes=\"(max-width: 550px) 100vw, 550px\" \/><\/p>\n<h4><a href=\"https:\/\/twitter.com\/j_echarte\/status\/1188798252424015872\" target=\"_blank\" rel=\"noopener noreferrer\">Ver hilo de Jose Mar\u00eda Echarte al respecto en su muro de Twitter.<\/a><\/h4>\n<h4><a href=\"https:\/\/cadenaser.com\/programa\/2019\/10\/29\/hoy_por_hoy\/1572342800_817306.html\" target=\"_blank\" rel=\"noopener noreferrer\">Jose Mar\u00eda Echarte p<\/a>oniendo puntos sobre las \u00edes en la cadera SER<\/h4>\n<p><img loading=\"lazy\" decoding=\"async\" class=\"alignnone size-medium wp-image-36852\" src=\"https:\/\/stepienybarno.es\/blog\/wp-content\/uploads\/2019\/10\/3.4.1.-Roc\u00edo-Monasterio-arquitecto-stepienybarno-550x300.png\" alt=\"\" width=\"550\" height=\"300\" srcset=\"https:\/\/stepienybarno.es\/blog\/wp-content\/uploads\/2019\/10\/3.4.1.-Roc\u00edo-Monasterio-arquitecto-stepienybarno-550x300.png 550w, https:\/\/stepienybarno.es\/blog\/wp-content\/uploads\/2019\/10\/3.4.1.-Roc\u00edo-Monasterio-arquitecto-stepienybarno-180x98.png 180w, https:\/\/stepienybarno.es\/blog\/wp-content\/uploads\/2019\/10\/3.4.1.-Roc\u00edo-Monasterio-arquitecto-stepienybarno-316x172.png 316w, https:\/\/stepienybarno.es\/blog\/wp-content\/uploads\/2019\/10\/3.4.1.-Roc\u00edo-Monasterio-arquitecto-stepienybarno.png 750w\" sizes=\"(max-width: 550px) 100vw, 550px\" \/><\/p>\n<p><img loading=\"lazy\" decoding=\"async\" class=\"alignnone size-medium wp-image-36843\" src=\"https:\/\/stepienybarno.es\/blog\/wp-content\/uploads\/2019\/10\/3.2.-Roc\u00edo-Monasterio-arquitecto-stepienybarno-550x158.png\" alt=\"\" width=\"550\" height=\"158\" srcset=\"https:\/\/stepienybarno.es\/blog\/wp-content\/uploads\/2019\/10\/3.2.-Roc\u00edo-Monasterio-arquitecto-stepienybarno-550x158.png 550w, https:\/\/stepienybarno.es\/blog\/wp-content\/uploads\/2019\/10\/3.2.-Roc\u00edo-Monasterio-arquitecto-stepienybarno-180x52.png 180w, https:\/\/stepienybarno.es\/blog\/wp-content\/uploads\/2019\/10\/3.2.-Roc\u00edo-Monasterio-arquitecto-stepienybarno-316x91.png 316w, https:\/\/stepienybarno.es\/blog\/wp-content\/uploads\/2019\/10\/3.2.-Roc\u00edo-Monasterio-arquitecto-stepienybarno.png 750w\" sizes=\"(max-width: 550px) 100vw, 550px\" \/><\/p>\n<p><img loading=\"lazy\" decoding=\"async\" class=\"alignnone size-medium wp-image-36842\" src=\"https:\/\/stepienybarno.es\/blog\/wp-content\/uploads\/2019\/10\/3.3.-Roc\u00edo-Monasterio-arquitecto-stepienybarno-550x430.png\" alt=\"\" width=\"550\" height=\"430\" srcset=\"https:\/\/stepienybarno.es\/blog\/wp-content\/uploads\/2019\/10\/3.3.-Roc\u00edo-Monasterio-arquitecto-stepienybarno-550x430.png 550w, https:\/\/stepienybarno.es\/blog\/wp-content\/uploads\/2019\/10\/3.3.-Roc\u00edo-Monasterio-arquitecto-stepienybarno-180x141.png 180w, https:\/\/stepienybarno.es\/blog\/wp-content\/uploads\/2019\/10\/3.3.-Roc\u00edo-Monasterio-arquitecto-stepienybarno-316x247.png 316w, https:\/\/stepienybarno.es\/blog\/wp-content\/uploads\/2019\/10\/3.3.-Roc\u00edo-Monasterio-arquitecto-stepienybarno.png 750w\" sizes=\"(max-width: 550px) 100vw, 550px\" \/><\/p>\n<p>&nbsp;<\/p>\n<p><img loading=\"lazy\" decoding=\"async\" class=\"alignnone size-medium wp-image-36839\" src=\"https:\/\/stepienybarno.es\/blog\/wp-content\/uploads\/2019\/10\/3.5.-Roc\u00edo-Monasterio-arquitecto-stepienybarno-550x214.png\" alt=\"\" width=\"550\" height=\"214\" srcset=\"https:\/\/stepienybarno.es\/blog\/wp-content\/uploads\/2019\/10\/3.5.-Roc\u00edo-Monasterio-arquitecto-stepienybarno-550x214.png 550w, https:\/\/stepienybarno.es\/blog\/wp-content\/uploads\/2019\/10\/3.5.-Roc\u00edo-Monasterio-arquitecto-stepienybarno-180x70.png 180w, https:\/\/stepienybarno.es\/blog\/wp-content\/uploads\/2019\/10\/3.5.-Roc\u00edo-Monasterio-arquitecto-stepienybarno-316x123.png 316w, https:\/\/stepienybarno.es\/blog\/wp-content\/uploads\/2019\/10\/3.5.-Roc\u00edo-Monasterio-arquitecto-stepienybarno.png 750w\" sizes=\"(max-width: 550px) 100vw, 550px\" \/><\/p>\n<p><img loading=\"lazy\" decoding=\"async\" class=\"alignnone size-medium wp-image-36841\" src=\"https:\/\/stepienybarno.es\/blog\/wp-content\/uploads\/2019\/10\/3.4.-Roc\u00edo-Monasterio-arquitecto-stepienybarno-459x550.png\" alt=\"\" width=\"459\" height=\"550\" srcset=\"https:\/\/stepienybarno.es\/blog\/wp-content\/uploads\/2019\/10\/3.4.-Roc\u00edo-Monasterio-arquitecto-stepienybarno-459x550.png 459w, https:\/\/stepienybarno.es\/blog\/wp-content\/uploads\/2019\/10\/3.4.-Roc\u00edo-Monasterio-arquitecto-stepienybarno-150x180.png 150w, https:\/\/stepienybarno.es\/blog\/wp-content\/uploads\/2019\/10\/3.4.-Roc\u00edo-Monasterio-arquitecto-stepienybarno-585x700.png 585w, https:\/\/stepienybarno.es\/blog\/wp-content\/uploads\/2019\/10\/3.4.-Roc\u00edo-Monasterio-arquitecto-stepienybarno-316x378.png 316w, https:\/\/stepienybarno.es\/blog\/wp-content\/uploads\/2019\/10\/3.4.-Roc\u00edo-Monasterio-arquitecto-stepienybarno.png 750w\" sizes=\"(max-width: 459px) 100vw, 459px\" \/><\/p>\n<p>&nbsp;<\/p>\n<h4 style=\"text-align: center;\"><a href=\"https:\/\/twitter.com\/monasterior\/status\/971695661631582208\" target=\"_blank\" rel=\"noopener noreferrer\">Imagen de portada publicada en el muro de nuestra protagonista<\/a><\/h4>\n<h3 style=\"text-align: center;\">Tambi\u00e9n te puede interesar:<\/h3>\n<ul>\n<li><a href=\"https:\/\/stepienybarno.es\/blog\/2020\/02\/25\/episodio-5-rocio-monasterio-el-caso-de-su-firma-como-arquitecto\/\"><strong>Episodio #5: Roc\u00edo Monasterio, el caso de su firma como arquitecto<\/strong><\/a><\/li>\n<\/ul>\n<ul>\n<li><strong>\u00abEl chalet\u00a0<\/strong>de los dirigentes de Vox en el\u00a0<strong>distrito de Chamart\u00edn:<\/strong><\/li>\n<\/ul>\n<p>Esta vivienda de cuatro plantas y 545 metros cuadrados carece de<strong>\u00a0licencia de primera ocupaci\u00f3n\u00a0<\/strong>-han hecho m\u00e1s obras de las declaradas \u2013<strong>y de actividad\u00a0<\/strong>-el s\u00f3tano serv\u00eda de un despacho de arquitectura sin permiso para ello y\u00a0<a href=\"https:\/\/elpais.com\/ccaa\/2019\/09\/28\/madrid\/1569683118_050909.html\">ya lo han cerrado<\/a>-. El proyecto que hizo la portavoz madrile\u00f1a sobrepas\u00f3 la licencia de obras. Tras la\u00a0<a href=\"https:\/\/www.eldiario.es\/madrid\/Ayuntamiento-Madrid-clausura-Espinosa-Monteros_0_935806657.html\">orden de clausura<\/a>\u00a0de la vivienda por parte del Ayuntamiento de Madrid, sobre la que inform\u00f3\u00a0<em>eldiario.es<\/em>\u00a0en septiembre, se les concedi\u00f3 despu\u00e9s un plazo de un a\u00f1o, seg\u00fan\u00a0<a href=\"https:\/\/elpais.com\/ccaa\/2019\/10\/08\/madrid\/1570521287_969266.html\"><em>El Pa\u00eds<\/em><\/a>, para ajustarse a la normativa y no cerrar la vivienda.\u00bb<\/p>\n<h3 style=\"text-align: center;\"><a href=\"https:\/\/www.newtral.es\/rocio-monasterio-arquitectura\/20191031\/\" target=\"_blank\" rel=\"noopener noreferrer\">En\u00a0newtral.es<\/a><\/h3>\n<h3 style=\"text-align: center;\"><a href=\"https:\/\/cadenaser.com\/emisora\/2019\/10\/29\/radio_madrid\/1572348444_822471.html\" target=\"_blank\" rel=\"noopener noreferrer\">En la SER: Roc\u00edo Monasterio recupera la memoria: admite que cuando firm\u00f3 los planos en 2003 no era arquitecta\u00a0<\/a><\/h3>\n<h3 style=\"text-align: center;\"><\/h3>\n<h3 class=\"pg-headline\" style=\"text-align: center;\"><a href=\"https:\/\/www.eldiario.es\/madrid\/Rocio-Monasterio-certificaciones-presupuestos-arquitecta_0_957504926.html?utm_source=KLOSHLETTER&amp;utm_campaign=5dd7f2466f-EMAIL_CAMPAIGN_2019_10_29_05_44&amp;utm_medium=email&amp;utm_term=0_597bc2b578-5dd7f2466f-56603149\" target=\"_blank\" rel=\"noopener noreferrer\">Roc\u00edo Monasterio, adem\u00e1s de planos, firm\u00f3 presupuestos y certificaciones de obra como arquitecta sin tener el t\u00edtulo<\/a><\/h3>\n<h3 style=\"text-align: center;\"><a href=\"https:\/\/www.elmundo.es\/elmundo\/2008\/04\/29\/suvivienda\/1209487215.html\" target=\"_blank\" rel=\"noopener noreferrer\">De taller mec\u00e1nico a &#8216;loft&#8217;-oficina<\/a><\/h3>\n<p style=\"text-align: center;\"><img loading=\"lazy\" decoding=\"async\" class=\"alignnone size-full wp-image-36840\" src=\"https:\/\/stepienybarno.es\/blog\/wp-content\/uploads\/2019\/10\/Roc\u00edo-Monasterio-arquitecto-stepienybarno-loft-oficina.jpg\" alt=\"\" width=\"300\" height=\"272\" srcset=\"https:\/\/stepienybarno.es\/blog\/wp-content\/uploads\/2019\/10\/Roc\u00edo-Monasterio-arquitecto-stepienybarno-loft-oficina.jpg 300w, https:\/\/stepienybarno.es\/blog\/wp-content\/uploads\/2019\/10\/Roc\u00edo-Monasterio-arquitecto-stepienybarno-loft-oficina-180x163.jpg 180w\" sizes=\"(max-width: 300px) 100vw, 300px\" \/><\/p>\n<p>&nbsp;<\/p>\n<p>Y como siempre, si te gust\u00f3 el post,\u00a0estar\u00eda genial que lo compartas\u00a0en tus redes sociales.<\/p>\n<p>A su vez, si todav\u00eda no est\u00e1s suscrito a nuestra Newsletter, te animamos a hacerlo en la casilla que tienes al terminar este art\u00edculo.<\/p>\n<p>&nbsp;<\/p>\n<h3 style=\"text-align: center;\">Suscribirte a nuestro blog y recibe gratis nuestra gu\u00eda:<\/h3>\n<h3 style=\"text-align: center;\"><strong>10 Ideas para vender m\u00e1s si eres arquitecto<\/strong><\/h3>\n<h3 style=\"text-align: center;\"><a href=\"http:\/\/bit.ly\/2fkkTS7\">http:\/\/bit.ly\/2fkkTS7<\/a><\/h3>\n<p>&nbsp;<\/p>\n<p>Si te interesa contactar con nosotros para que te ayudemos a mejorar tu visibilidad online y, en consecuencia, mejorar tus oportunidades laborales, no dudes en escribirnos a: <a href=\"mailto:blog@stepienybarno.es\">blog@stepienybarno.es<\/a><\/p>\n","protected":false},"excerpt":{"rendered":"<p>Hace unos d\u00edas ve\u00edamos en el diario El Pa\u00eds un<\/p>\n","protected":false},"author":2,"featured_media":36847,"comment_status":"open","ping_status":"closed","sticky":false,"template":"","format":"standard","meta":{"om_disable_all_campaigns":false,"_monsterinsights_skip_tracking":false,"_monsterinsights_sitenote_active":false,"_monsterinsights_sitenote_note":"","_monsterinsights_sitenote_category":0,"_uf_show_specific_survey":0,"_uf_disable_surveys":false,"episode_type":"audio","audio_file":"","cover_image":"","cover_image_id":"","duration":"9:15","filesize":"7.05M","date_recorded":"","explicit":"","block":"","filesize_raw":"7387935","footnotes":""},"categories":[244],"tags":[7715,7716,7701,281,7702,7717,7703,7287],"series":[],"class_list":["post-36838","post","type-post","status-publish","format-standard","has-post-thumbnail","hentry","category-canal-de-arquitectura","tag-chalet","tag-chamartin","tag-inigo-dominguez","tag-jose-maria-echarte","tag-juan-diego-quesada","tag-newtral","tag-rocio-monasterio","tag-vox"],"aioseo_notices":[],"episode_featured_image":"https:\/\/stepienybarno.es\/blog\/wp-content\/uploads\/2019\/10\/0.-Roc\u00edo-Monasterio-arquitecto-stepienybarno-loft-oficina.jpg","episode_player_image":"https:\/\/stepienybarno.es\/blog\/wp-content\/uploads\/2020\/11\/stepienybarno-podcast-scaled.jpg","download_link":"","player_link":"","audio_player":false,"episode_data":{"playerMode":"dark","subscribeUrls":[],"rssFeedUrl":"https:\/\/stepienybarno.es\/blog\/feed\/podcast\/podcast-de-stepienybarno","embedCode":"<blockquote class=\"wp-embedded-content\" data-secret=\"yUM3d6U4BN\"><a href=\"https:\/\/stepienybarno.es\/blog\/2019\/10\/28\/rocio-monasterio-arquitecto-desde-el-2003\/\">ROC\u00cdO MONASTERIO, ARQUITECTO DESDE EL \u00bf2003?<\/a><\/blockquote><iframe sandbox=\"allow-scripts\" security=\"restricted\" src=\"https:\/\/stepienybarno.es\/blog\/2019\/10\/28\/rocio-monasterio-arquitecto-desde-el-2003\/embed\/#?secret=yUM3d6U4BN\" width=\"500\" height=\"350\" title=\"\u00abROC\u00cdO MONASTERIO, ARQUITECTO DESDE EL \u00bf2003?\u00bb \u2014 Blog de STEPIEN Y BARNO - publicaci\u00f3n digital sobre arquitectura\" data-secret=\"yUM3d6U4BN\" frameborder=\"0\" marginwidth=\"0\" marginheight=\"0\" scrolling=\"no\" class=\"wp-embedded-content\"><\/iframe><script type=\"text\/javascript\">\n\/* <![CDATA[ *\/\n\/*! This file is auto-generated *\/\n!function(d,l){\"use strict\";l.querySelector&&d.addEventListener&&\"undefined\"!=typeof URL&&(d.wp=d.wp||{},d.wp.receiveEmbedMessage||(d.wp.receiveEmbedMessage=function(e){var t=e.data;if((t||t.secret||t.message||t.value)&&!\/[^a-zA-Z0-9]\/.test(t.secret)){for(var s,r,n,a=l.querySelectorAll('iframe[data-secret=\"'+t.secret+'\"]'),o=l.querySelectorAll('blockquote[data-secret=\"'+t.secret+'\"]'),c=new RegExp(\"^https?:$\",\"i\"),i=0;i<o.length;i++)o[i].style.display=\"none\";for(i=0;i<a.length;i++)s=a[i],e.source===s.contentWindow&&(s.removeAttribute(\"style\"),\"height\"===t.message?(1e3<(r=parseInt(t.value,10))?r=1e3:~~r<200&&(r=200),s.height=r):\"link\"===t.message&&(r=new URL(s.getAttribute(\"src\")),n=new URL(t.value),c.test(n.protocol))&&n.host===r.host&&l.activeElement===s&&(d.top.location.href=t.value))}},d.addEventListener(\"message\",d.wp.receiveEmbedMessage,!1),l.addEventListener(\"DOMContentLoaded\",function(){for(var e,t,s=l.querySelectorAll(\"iframe.wp-embedded-content\"),r=0;r<s.length;r++)(t=(e=s[r]).getAttribute(\"data-secret\"))||(t=Math.random().toString(36).substring(2,12),e.src+=\"#?secret=\"+t,e.setAttribute(\"data-secret\",t)),e.contentWindow.postMessage({message:\"ready\",secret:t},\"*\")},!1)))}(window,document);\n\/* ]]> *\/\n<\/script>\n"},"_links":{"self":[{"href":"https:\/\/stepienybarno.es\/blog\/wp-json\/wp\/v2\/posts\/36838"}],"collection":[{"href":"https:\/\/stepienybarno.es\/blog\/wp-json\/wp\/v2\/posts"}],"about":[{"href":"https:\/\/stepienybarno.es\/blog\/wp-json\/wp\/v2\/types\/post"}],"author":[{"embeddable":true,"href":"https:\/\/stepienybarno.es\/blog\/wp-json\/wp\/v2\/users\/2"}],"replies":[{"embeddable":true,"href":"https:\/\/stepienybarno.es\/blog\/wp-json\/wp\/v2\/comments?post=36838"}],"version-history":[{"count":23,"href":"https:\/\/stepienybarno.es\/blog\/wp-json\/wp\/v2\/posts\/36838\/revisions"}],"predecessor-version":[{"id":40038,"href":"https:\/\/stepienybarno.es\/blog\/wp-json\/wp\/v2\/posts\/36838\/revisions\/40038"}],"wp:featuredmedia":[{"embeddable":true,"href":"https:\/\/stepienybarno.es\/blog\/wp-json\/wp\/v2\/media\/36847"}],"wp:attachment":[{"href":"https:\/\/stepienybarno.es\/blog\/wp-json\/wp\/v2\/media?parent=36838"}],"wp:term":[{"taxonomy":"category","embeddable":true,"href":"https:\/\/stepienybarno.es\/blog\/wp-json\/wp\/v2\/categories?post=36838"},{"taxonomy":"post_tag","embeddable":true,"href":"https:\/\/stepienybarno.es\/blog\/wp-json\/wp\/v2\/tags?post=36838"},{"taxonomy":"series","embeddable":true,"href":"https:\/\/stepienybarno.es\/blog\/wp-json\/wp\/v2\/series?post=36838"}],"curies":[{"name":"wp","href":"https:\/\/api.w.org\/{rel}","templated":true}]}}