{"id":37018,"date":"2019-11-21T08:30:45","date_gmt":"2019-11-21T06:30:45","guid":{"rendered":"https:\/\/www.stepienybarno.es\/blog\/?p=37018"},"modified":"2019-11-18T17:44:08","modified_gmt":"2019-11-18T15:44:08","slug":"santa-maria-de-vilanova-de-la-barca-proyectodeldia","status":"publish","type":"post","link":"https:\/\/stepienybarno.es\/blog\/2019\/11\/21\/santa-maria-de-vilanova-de-la-barca-proyectodeldia\/","title":{"rendered":"Santa Mar\u00eda de Vilanova de la Barca #ProyectoDelD\u00eda"},"content":{"rendered":"<div id=\"attachment_37020\" style=\"width: 560px\" class=\"wp-caption aligncenter\"><img loading=\"lazy\" decoding=\"async\" aria-describedby=\"caption-attachment-37020\" class=\"wp-image-37020 size-medium\" src=\"https:\/\/stepienybarno.es\/blog\/wp-content\/uploads\/2019\/11\/stepienybarno-Santa-Mar\u00eda-de-Vilanova-de-la-Barca-ProyectoDelD\u00eda-01-550x285.jpg\" alt=\"\" width=\"550\" height=\"285\" srcset=\"https:\/\/stepienybarno.es\/blog\/wp-content\/uploads\/2019\/11\/stepienybarno-Santa-Mar\u00eda-de-Vilanova-de-la-Barca-ProyectoDelD\u00eda-01-550x285.jpg 550w, https:\/\/stepienybarno.es\/blog\/wp-content\/uploads\/2019\/11\/stepienybarno-Santa-Mar\u00eda-de-Vilanova-de-la-Barca-ProyectoDelD\u00eda-01-180x93.jpg 180w, https:\/\/stepienybarno.es\/blog\/wp-content\/uploads\/2019\/11\/stepienybarno-Santa-Mar\u00eda-de-Vilanova-de-la-Barca-ProyectoDelD\u00eda-01-316x163.jpg 316w, https:\/\/stepienybarno.es\/blog\/wp-content\/uploads\/2019\/11\/stepienybarno-Santa-Mar\u00eda-de-Vilanova-de-la-Barca-ProyectoDelD\u00eda-01.jpg 750w\" sizes=\"(max-width: 550px) 100vw, 550px\" \/><p id=\"caption-attachment-37020\" class=\"wp-caption-text\">Fotograf\u00eda: Adri\u00e0 Goula<\/p><\/div>\n<h1>Por: AleaOlea architecture &amp; landscape<\/h1>\n<h2>Fotograf\u00eda: <a href=\"http:\/\/www.adriagoula.com\/es\/\" target=\"_blank\" rel=\"noopener\">Adri\u00e0 Goula <\/a><\/h2>\n<h2>Desde: <a href=\"https:\/\/www.plataformaarquitectura.cl\/cl\/803623\/santa-maria-de-vilanova-de-la-barca-aleaolea-architecture-and-landscape\" target=\"_blank\" rel=\"noopener\">Plataforma de arquitectura<\/a><\/h2>\n<p><!--more--><\/p>\n<div id=\"attachment_37021\" style=\"width: 560px\" class=\"wp-caption aligncenter\"><img loading=\"lazy\" decoding=\"async\" aria-describedby=\"caption-attachment-37021\" class=\"size-medium wp-image-37021\" src=\"https:\/\/stepienybarno.es\/blog\/wp-content\/uploads\/2019\/11\/stepienybarno-Santa-Mar\u00eda-de-Vilanova-de-la-Barca-ProyectoDelD\u00eda-02-550x367.jpg\" alt=\"\" width=\"550\" height=\"367\" srcset=\"https:\/\/stepienybarno.es\/blog\/wp-content\/uploads\/2019\/11\/stepienybarno-Santa-Mar\u00eda-de-Vilanova-de-la-Barca-ProyectoDelD\u00eda-02-550x367.jpg 550w, https:\/\/stepienybarno.es\/blog\/wp-content\/uploads\/2019\/11\/stepienybarno-Santa-Mar\u00eda-de-Vilanova-de-la-Barca-ProyectoDelD\u00eda-02-180x120.jpg 180w, https:\/\/stepienybarno.es\/blog\/wp-content\/uploads\/2019\/11\/stepienybarno-Santa-Mar\u00eda-de-Vilanova-de-la-Barca-ProyectoDelD\u00eda-02-316x211.jpg 316w, https:\/\/stepienybarno.es\/blog\/wp-content\/uploads\/2019\/11\/stepienybarno-Santa-Mar\u00eda-de-Vilanova-de-la-Barca-ProyectoDelD\u00eda-02.jpg 750w\" sizes=\"(max-width: 550px) 100vw, 550px\" \/><p id=\"caption-attachment-37021\" class=\"wp-caption-text\">Fotograf\u00eda: Adri\u00e0 Goula<\/p><\/div>\n<p>&nbsp;<\/p>\n<div id=\"attachment_37023\" style=\"width: 560px\" class=\"wp-caption aligncenter\"><img loading=\"lazy\" decoding=\"async\" aria-describedby=\"caption-attachment-37023\" class=\"size-medium wp-image-37023\" src=\"https:\/\/stepienybarno.es\/blog\/wp-content\/uploads\/2019\/11\/stepienybarno-Santa-Mar\u00eda-de-Vilanova-de-la-Barca-ProyectoDelD\u00eda-03-550x543.jpg\" alt=\"\" width=\"550\" height=\"543\" srcset=\"https:\/\/stepienybarno.es\/blog\/wp-content\/uploads\/2019\/11\/stepienybarno-Santa-Mar\u00eda-de-Vilanova-de-la-Barca-ProyectoDelD\u00eda-03-550x543.jpg 550w, https:\/\/stepienybarno.es\/blog\/wp-content\/uploads\/2019\/11\/stepienybarno-Santa-Mar\u00eda-de-Vilanova-de-la-Barca-ProyectoDelD\u00eda-03-180x178.jpg 180w, https:\/\/stepienybarno.es\/blog\/wp-content\/uploads\/2019\/11\/stepienybarno-Santa-Mar\u00eda-de-Vilanova-de-la-Barca-ProyectoDelD\u00eda-03-709x700.jpg 709w, https:\/\/stepienybarno.es\/blog\/wp-content\/uploads\/2019\/11\/stepienybarno-Santa-Mar\u00eda-de-Vilanova-de-la-Barca-ProyectoDelD\u00eda-03-316x312.jpg 316w, https:\/\/stepienybarno.es\/blog\/wp-content\/uploads\/2019\/11\/stepienybarno-Santa-Mar\u00eda-de-Vilanova-de-la-Barca-ProyectoDelD\u00eda-03.jpg 750w\" sizes=\"(max-width: 550px) 100vw, 550px\" \/><p id=\"caption-attachment-37023\" class=\"wp-caption-text\">Fotograf\u00eda: Adri\u00e0 Goula<\/p><\/div>\n<p>&nbsp;<\/p>\n<p><img loading=\"lazy\" decoding=\"async\" class=\"size-medium wp-image-37024 aligncenter\" src=\"https:\/\/stepienybarno.es\/blog\/wp-content\/uploads\/2019\/11\/stepienybarno-Santa-Mar\u00eda-de-Vilanova-de-la-Barca-ProyectoDelD\u00eda-04-550x550.jpg\" alt=\"\" width=\"550\" height=\"550\" srcset=\"https:\/\/stepienybarno.es\/blog\/wp-content\/uploads\/2019\/11\/stepienybarno-Santa-Mar\u00eda-de-Vilanova-de-la-Barca-ProyectoDelD\u00eda-04-550x550.jpg 550w, https:\/\/stepienybarno.es\/blog\/wp-content\/uploads\/2019\/11\/stepienybarno-Santa-Mar\u00eda-de-Vilanova-de-la-Barca-ProyectoDelD\u00eda-04-180x180.jpg 180w, https:\/\/stepienybarno.es\/blog\/wp-content\/uploads\/2019\/11\/stepienybarno-Santa-Mar\u00eda-de-Vilanova-de-la-Barca-ProyectoDelD\u00eda-04-700x700.jpg 700w, https:\/\/stepienybarno.es\/blog\/wp-content\/uploads\/2019\/11\/stepienybarno-Santa-Mar\u00eda-de-Vilanova-de-la-Barca-ProyectoDelD\u00eda-04-224x224.jpg 224w, https:\/\/stepienybarno.es\/blog\/wp-content\/uploads\/2019\/11\/stepienybarno-Santa-Mar\u00eda-de-Vilanova-de-la-Barca-ProyectoDelD\u00eda-04-316x316.jpg 316w, https:\/\/stepienybarno.es\/blog\/wp-content\/uploads\/2019\/11\/stepienybarno-Santa-Mar\u00eda-de-Vilanova-de-la-Barca-ProyectoDelD\u00eda-04.jpg 750w\" sizes=\"(max-width: 550px) 100vw, 550px\" \/><\/p>\n<p style=\"text-align: center;\">Acceder al Proyecto <a href=\"http:\/\/bit.ly\/2mn0DFg\" target=\"_blank\" rel=\"noopener\">AQU\u00cd<\/a><\/p>\n<p>&nbsp;<\/p>\n<p>&nbsp;<\/p>\n<hr \/>\n<h5><strong>Autores del post: <a href=\"https:\/\/stepienybarno.es\/blog\/2011\/09\/04\/las-fortalezas-del-arquitecto\/\">Stepienybarno<\/a> _ Agnieszka Stepien y Lorenzo Barn\u00f3<\/strong><\/h5>\n<h5>Y como siempre, si te gust\u00f3 el post, estar\u00eda genial que lo compartas en tus redes sociales.<\/h5>\n<h5>A su vez, si todav\u00eda no est\u00e1s suscrito a nuestra Newsletter, te animamos a hacerlo en la casilla que tienes al terminar este art\u00edculo.<\/h5>\n<p>&nbsp;<\/p>\n<blockquote><p>Suscribirte a nuestro blog y recibe gratis nuestra gu\u00eda: 10 Ideas para vender m\u00e1s si eres arquitecto<\/p>\n<p>Acceder: <a href=\"http:\/\/bit.ly\/2fkkTS7\">http:\/\/bit.ly\/2fkkTS7<\/a><\/p>\n<p>&nbsp;<\/p>\n<p>Si te interesa contactar con nosotros para que te ayudemos a mejorar tu visibilidad online y, en consecuencia, mejorar tus oportunidades laborales, no dudes en escribirnos a: <a href=\"mailto:blog@stepienybarno.es\">blog@stepienybarno.es<\/a><\/p><\/blockquote>\n<p>&nbsp;<\/p>\n<p><em><a href=\"https:\/\/twitter.com\/stepienybarno\">Stepienybarno en TWITTER<\/a><\/em><\/p>\n<p><em><a href=\"https:\/\/twitter.com\/stepienybarno\">@stepienybarno (+ de 16.000 seguidores)<\/a><\/em><\/p>\n<p><em><a href=\"https:\/\/twitter.com\/stepienybarno?lang=es\">https:\/\/twitter.com\/stepienybarno?lang=es<\/a><\/em><\/p>\n<p><em><a href=\"https:\/\/www.facebook.com\/pages\/BLOG-DE-STEPIENYBARNO\/78001079029\">Stepienybarno en FACEBOOK (+ de 24<u>.000 seguidores)<\/u><\/a><\/em><\/p>\n<p><em><a href=\"https:\/\/www.facebook.com\/StepienyBarnoArquitecturaeIdentidadDigital\/\">https:\/\/www.facebook.com\/StepienyBarnoArquitecturaeIdentidadDigital\/<\/a><\/em><\/p>\n<p><em>Acceder a nuestro GRUPO CERRADO DE FACEBOOK sobre Identidad Digital para Arquitectos:<\/em><\/p>\n<p><em><a href=\"https:\/\/www.facebook.com\/groups\/IdentidadDigitalParaArquitectos\/\">https:\/\/www.facebook.com\/groups\/IdentidadDigitalParaArquitectos\/<\/a><\/em><\/p>\n<p><em>Suscr\u00edbete a nuestro canal de YOUTUBE: <a href=\"http:\/\/bit.ly\/2A1UtAd\">http:\/\/bit.ly\/2A1UtAd<\/a><\/em><\/p>\n<p>&nbsp;<\/p>\n<p>* <a href=\"https:\/\/stepienybarno.es\/blog\/2011\/09\/04\/las-fortalezas-del-arquitecto\/\">Stepienybarno<\/a> est\u00e1 formado por Agnieszka Stepien y Lorenzo Barn\u00f3 y desde mayo del 2009 estamos en la red con la presente publicaci\u00f3n digital (Blog) de arquitectura.<\/p>\n<p>Nuestra actividad se sustenta en tres pilares b\u00e1sicos: la investigaci\u00f3n, la publicaci\u00f3n y la redacci\u00f3n de proyectos de arquitectura.<\/p>\n<p>A su vez, somos socios cofundadores de <a href=\"http:\/\/sinergiasostenible.org\/\">SINERGIA SOSTENIBLE<\/a> y directores del blog de FUNDACI\u00d3N ARQUIA.<\/p>\n","protected":false},"excerpt":{"rendered":"<p>Por: AleaOlea architecture &amp; landscape Fotograf\u00eda: Adri\u00e0 Goula Desde: Plataforma<\/p>\n","protected":false},"author":2,"featured_media":37023,"comment_status":"open","ping_status":"closed","sticky":false,"template":"","format":"standard","meta":{"om_disable_all_campaigns":false,"_monsterinsights_skip_tracking":false,"_monsterinsights_sitenote_active":false,"_monsterinsights_sitenote_note":"","_monsterinsights_sitenote_category":0,"_uf_show_specific_survey":0,"_uf_disable_surveys":false,"episode_type":"","audio_file":"","cover_image":"","cover_image_id":"","duration":"","filesize":"","date_recorded":"","explicit":"","block":"","filesize_raw":"","footnotes":""},"categories":[3197,244],"tags":[2457,7749,6759,6174,6805,2910,921,6809],"series":[],"class_list":["post-37018","post","type-post","status-publish","format-standard","has-post-thumbnail","hentry","category-proyectodeldia","category-canal-de-arquitectura","tag-adria-goula","tag-aleaolea-architecture-landscape","tag-arquitectura-en-espana","tag-arquitectura-religiosa","tag-espana","tag-patrimonio","tag-plataforma-arquitectura","tag-rehabilitacion"],"aioseo_notices":[],"episode_featured_image":"https:\/\/stepienybarno.es\/blog\/wp-content\/uploads\/2019\/11\/stepienybarno-Santa-Mar\u00eda-de-Vilanova-de-la-Barca-ProyectoDelD\u00eda-03.jpg","episode_player_image":"https:\/\/stepienybarno.es\/blog\/wp-content\/uploads\/2020\/11\/stepienybarno-podcast-scaled.jpg","download_link":"","player_link":"","audio_player":false,"episode_data":{"playerMode":"dark","subscribeUrls":[],"rssFeedUrl":"https:\/\/stepienybarno.es\/blog\/feed\/podcast\/podcast-de-stepienybarno","embedCode":"<blockquote class=\"wp-embedded-content\" data-secret=\"dEQG74oiMp\"><a href=\"https:\/\/stepienybarno.es\/blog\/2019\/11\/21\/santa-maria-de-vilanova-de-la-barca-proyectodeldia\/\">Santa Mar\u00eda de Vilanova de la Barca #ProyectoDelD\u00eda<\/a><\/blockquote><iframe sandbox=\"allow-scripts\" security=\"restricted\" src=\"https:\/\/stepienybarno.es\/blog\/2019\/11\/21\/santa-maria-de-vilanova-de-la-barca-proyectodeldia\/embed\/#?secret=dEQG74oiMp\" width=\"500\" height=\"350\" title=\"\u00abSanta Mar\u00eda de Vilanova de la Barca #ProyectoDelD\u00eda\u00bb \u2014 Blog de STEPIEN Y BARNO - publicaci\u00f3n digital sobre arquitectura\" data-secret=\"dEQG74oiMp\" frameborder=\"0\" marginwidth=\"0\" marginheight=\"0\" scrolling=\"no\" class=\"wp-embedded-content\"><\/iframe><script type=\"text\/javascript\">\n\/* <![CDATA[ *\/\n\/*! This file is auto-generated *\/\n!function(d,l){\"use strict\";l.querySelector&&d.addEventListener&&\"undefined\"!=typeof URL&&(d.wp=d.wp||{},d.wp.receiveEmbedMessage||(d.wp.receiveEmbedMessage=function(e){var t=e.data;if((t||t.secret||t.message||t.value)&&!\/[^a-zA-Z0-9]\/.test(t.secret)){for(var s,r,n,a=l.querySelectorAll('iframe[data-secret=\"'+t.secret+'\"]'),o=l.querySelectorAll('blockquote[data-secret=\"'+t.secret+'\"]'),c=new RegExp(\"^https?:$\",\"i\"),i=0;i<o.length;i++)o[i].style.display=\"none\";for(i=0;i<a.length;i++)s=a[i],e.source===s.contentWindow&&(s.removeAttribute(\"style\"),\"height\"===t.message?(1e3<(r=parseInt(t.value,10))?r=1e3:~~r<200&&(r=200),s.height=r):\"link\"===t.message&&(r=new URL(s.getAttribute(\"src\")),n=new URL(t.value),c.test(n.protocol))&&n.host===r.host&&l.activeElement===s&&(d.top.location.href=t.value))}},d.addEventListener(\"message\",d.wp.receiveEmbedMessage,!1),l.addEventListener(\"DOMContentLoaded\",function(){for(var e,t,s=l.querySelectorAll(\"iframe.wp-embedded-content\"),r=0;r<s.length;r++)(t=(e=s[r]).getAttribute(\"data-secret\"))||(t=Math.random().toString(36).substring(2,12),e.src+=\"#?secret=\"+t,e.setAttribute(\"data-secret\",t)),e.contentWindow.postMessage({message:\"ready\",secret:t},\"*\")},!1)))}(window,document);\n\/* ]]> *\/\n<\/script>\n"},"_links":{"self":[{"href":"https:\/\/stepienybarno.es\/blog\/wp-json\/wp\/v2\/posts\/37018"}],"collection":[{"href":"https:\/\/stepienybarno.es\/blog\/wp-json\/wp\/v2\/posts"}],"about":[{"href":"https:\/\/stepienybarno.es\/blog\/wp-json\/wp\/v2\/types\/post"}],"author":[{"embeddable":true,"href":"https:\/\/stepienybarno.es\/blog\/wp-json\/wp\/v2\/users\/2"}],"replies":[{"embeddable":true,"href":"https:\/\/stepienybarno.es\/blog\/wp-json\/wp\/v2\/comments?post=37018"}],"version-history":[{"count":2,"href":"https:\/\/stepienybarno.es\/blog\/wp-json\/wp\/v2\/posts\/37018\/revisions"}],"predecessor-version":[{"id":37026,"href":"https:\/\/stepienybarno.es\/blog\/wp-json\/wp\/v2\/posts\/37018\/revisions\/37026"}],"wp:featuredmedia":[{"embeddable":true,"href":"https:\/\/stepienybarno.es\/blog\/wp-json\/wp\/v2\/media\/37023"}],"wp:attachment":[{"href":"https:\/\/stepienybarno.es\/blog\/wp-json\/wp\/v2\/media?parent=37018"}],"wp:term":[{"taxonomy":"category","embeddable":true,"href":"https:\/\/stepienybarno.es\/blog\/wp-json\/wp\/v2\/categories?post=37018"},{"taxonomy":"post_tag","embeddable":true,"href":"https:\/\/stepienybarno.es\/blog\/wp-json\/wp\/v2\/tags?post=37018"},{"taxonomy":"series","embeddable":true,"href":"https:\/\/stepienybarno.es\/blog\/wp-json\/wp\/v2\/series?post=37018"}],"curies":[{"name":"wp","href":"https:\/\/api.w.org\/{rel}","templated":true}]}}