{"id":37068,"date":"2024-05-08T06:00:19","date_gmt":"2024-05-08T04:00:19","guid":{"rendered":"https:\/\/www.stepienybarno.es\/blog\/?p=37068"},"modified":"2024-05-08T11:47:24","modified_gmt":"2024-05-08T09:47:24","slug":"todos-somos-arquitectos","status":"publish","type":"post","link":"https:\/\/stepienybarno.es\/blog\/2024\/05\/08\/todos-somos-arquitectos\/","title":{"rendered":"TODOS SOMOS ARQUITECTOS"},"content":{"rendered":"<p>Ser arquitecto tiene algo de ser entrenador. A nada que alguien sepa de f\u00fatbol ya se pone a hacer alineaciones. Igualmente, cuando alguien tiene que opinar de arquitectura, reduce toda la complejidad a si es<strong> feo o bonito<\/strong> y, desde ah\u00ed, todas las opiniones parecen v\u00e1lidas. Adem\u00e1s, hay gente que cree que tiene especialmente buen gusto; as\u00ed que, con eso y poco m\u00e1s, al fin del mundo.<\/p>\n<p>Todo ello, no es culpa de la sociedad a la que servimos, sino de nuestro colectivo que jam\u00e1s ha sabido<strong> transmitir nuestros valores y val\u00edas.<\/strong><\/p>\n<p>Por otro lado, en cuatro d\u00edas habr\u00e1<strong> IAs<\/strong> que har\u00e1 cosas parecidas a un buen proyecto de arquitectura.<\/p>\n<p>Si te interesa el tema, est\u00e1s en el lugar adecuado.<\/p>\n<p><!--more--><\/p>\n<p style=\"text-align: center;\">&#8230;<\/p>\n<p style=\"text-align: justify;\"><span style=\"font-weight: 400;\">Como decimos, odo el mundo es entrenador de f\u00fatbol y arquitecto.\u00a0 <\/span><span style=\"font-weight: 400;\">Lo del f\u00fatbol se ve muy claro a nada que te guste el tema. Todos saben qui\u00e9n tendr\u00eda que jugar y qu\u00e9 cambios se tendr\u00edan que dar en el partido.\u00a0 <\/span><span style=\"font-weight: 400;\">Eso s\u00ed, a ser posible con una cervecita fr\u00eda y conscientes de que sus palabras se las llevar\u00e1 el viento. Al poco tiempo se podr\u00e1 volver a decir cualquier barbaridad con la misma certeza de saber mucho m\u00e1s que el propio entrenador del equipo de tu pueblo o de la selecci\u00f3n; lo mismo da. Todos somos grandes entrenadores que nunca se equivocan. Adem\u00e1s, si no eres de los m\u00edos, mal rollo.<\/span><\/p>\n<p style=\"text-align: justify;\"><span style=\"font-weight: 400;\">Cuando se habla de arquitectura, pasa algo bastante parecido. Eso s\u00ed, dando por hecho que la t\u00edpica casita de toda la vida es la \u00fanica opci\u00f3n posible y todo lo que no se ajuste a esa imagen es feo. Feo: equivalente a caca. <\/span><span style=\"font-weight: 400;\">En realidad, la arquitectura, como tal, no interesa a casi nadie.<\/span><\/p>\n<p>Por suerte, profesionales como <strong>Jordi Mart\u00ed,<\/strong> hacen una labor de divulgaci\u00f3n casi insuperable<a href=\"https:\/\/www.instagram.com\/jordimartix\/\" target=\"_blank\" rel=\"noopener\"> (ver su IG).<\/a><\/p>\n<p><img loading=\"lazy\" decoding=\"async\" class=\"size-medium wp-image-37070 aligncenter\" src=\"https:\/\/stepienybarno.es\/blog\/wp-content\/uploads\/2019\/11\/0.-stepienybarno-ser-arquitecto-650-550x464.jpg\" alt=\"\" width=\"550\" height=\"464\" srcset=\"https:\/\/stepienybarno.es\/blog\/wp-content\/uploads\/2019\/11\/0.-stepienybarno-ser-arquitecto-650-550x464.jpg 550w, https:\/\/stepienybarno.es\/blog\/wp-content\/uploads\/2019\/11\/0.-stepienybarno-ser-arquitecto-650-180x152.jpg 180w, https:\/\/stepienybarno.es\/blog\/wp-content\/uploads\/2019\/11\/0.-stepienybarno-ser-arquitecto-650-316x266.jpg 316w, https:\/\/stepienybarno.es\/blog\/wp-content\/uploads\/2019\/11\/0.-stepienybarno-ser-arquitecto-650.jpg 650w\" sizes=\"(max-width: 550px) 100vw, 550px\" \/><\/p>\n<p style=\"text-align: justify;\"><span style=\"font-weight: 400;\">En estos nuevos tiempos, es f\u00e1cil creerse que somos lo que no somos. Muchos juegan a ser periodistas por tener un<strong> blog<\/strong>, otros se creen la bomba como fot\u00f3grafos por tener una cuenta en <strong>Instagram<\/strong> con cierto impacto y, finalmente, aparecen nuevas profesiones como youtuber o <\/span><i><span style=\"font-weight: 400;\">trafficker <\/span><\/i><span style=\"font-weight: 400;\">que hace cuatro d\u00edas ni estaban ni se les esperaba.<\/span><\/p>\n<p style=\"text-align: justify;\"><span style=\"font-weight: 400;\">A su vez, sobre arquitectura todo el mundo opina, lo cual no es que est\u00e9 mal; pero, tambi\u00e9n mucha gente piensa que esto de ser arquitecto es dibujar cuatro planos y poco m\u00e1s.\u00a0 <\/span><span style=\"font-weight: 400;\">A todos nos ha pasado<\/span><span style=\"font-weight: 400;\"> que un cliente llegue<\/span><span style=\"font-weight: 400;\"> con su casa dibujada en un papelito cuadriculado pensando que el proyecto pr\u00e1cticamente est\u00e1 listo.\u00a0 \u00a1Ah! \u00a1Y no <\/span><span style=\"font-weight: 400;\">nos <\/span><span style=\"font-weight: 400;\">olvidemos <\/span><span style=\"font-weight: 400;\">de<\/span><span style=\"font-weight: 400;\"> aquellos que <\/span><a href=\"https:\/\/stepienybarno.es\/blog\/2019\/10\/28\/rocio-monasterio-arquitecto-desde-el-2003\/\"><span style=\"font-weight: 400;\">firman como arquitectos cuando parece que no lo eran<\/span><\/a><span style=\"font-weight: 400;\">!<\/span><\/p>\n<p style=\"text-align: justify;\"><span style=\"font-weight: 400;\">Mientras tanto, otras profesiones son vistas como intocables. <\/span><strong>No nos da por jugar a ser dentista<\/strong><span style=\"font-weight: 400;\"><strong>.<\/strong> A los dentistas les tenemos miedo y, adem\u00e1s, les pagamos un past\u00f3n sin demasiado miramiento. Son lo m\u00e1s: no pasan presupuestos, no explican las facturas y cobran para vivir como marqueses. Pero a ser dentista\u00a0 nadie juega.<\/span><\/p>\n<p style=\"text-align: justify;\"><img loading=\"lazy\" decoding=\"async\" class=\"size-medium wp-image-37071 aligncenter\" src=\"https:\/\/stepienybarno.es\/blog\/wp-content\/uploads\/2019\/11\/1.LE-CORBUSIER-VILLA-BESNUS-363x550.png\" alt=\"\" width=\"363\" height=\"550\" srcset=\"https:\/\/stepienybarno.es\/blog\/wp-content\/uploads\/2019\/11\/1.LE-CORBUSIER-VILLA-BESNUS-363x550.png 363w, https:\/\/stepienybarno.es\/blog\/wp-content\/uploads\/2019\/11\/1.LE-CORBUSIER-VILLA-BESNUS-119x180.png 119w, https:\/\/stepienybarno.es\/blog\/wp-content\/uploads\/2019\/11\/1.LE-CORBUSIER-VILLA-BESNUS-462x700.png 462w, https:\/\/stepienybarno.es\/blog\/wp-content\/uploads\/2019\/11\/1.LE-CORBUSIER-VILLA-BESNUS-264x400.png 264w, https:\/\/stepienybarno.es\/blog\/wp-content\/uploads\/2019\/11\/1.LE-CORBUSIER-VILLA-BESNUS.png 650w\" sizes=\"(max-width: 363px) 100vw, 363px\" \/><\/p>\n<pre style=\"text-align: center;\">Desde el muro de Carlos Bento.<\/pre>\n<h3 style=\"text-align: justify;\"><b>1 ARQUITECTOS Y SOCIEDAD<\/b><\/h3>\n<p style=\"text-align: justify;\"><span style=\"font-weight: 400;\">Sin embargo, bajo el criterio de \u201cme gusta\u201d o \u201cno me gusta\u201d, se esconden grandes arquitectos que despotrican de mucho de lo que ven. En realidad, en este caso, quien lo hace est\u00e1 en su derecho, pero, normalmente, la apreciaci\u00f3n suele ir acompa\u00f1ada de un menoscabo para el autor del proyecto.\u00a0<\/span><\/p>\n<p style=\"text-align: justify;\"><span style=\"font-weight: 400;\">De hecho, no cuesta recordar a pol\u00edticos que piensan que a los arquitectos \u201c<\/span><b>habr\u00eda que matarlos<\/b><span style=\"font-weight: 400;\">\u201d (<\/span><a href=\"https:\/\/elpais.com\/ccaa\/2012\/09\/06\/madrid\/1346925789_644948.html\"><span style=\"font-weight: 400;\">ver aqu\u00ed<\/span><\/a><span style=\"font-weight: 400;\">).<\/span><\/p>\n<p style=\"text-align: justify;\"><div class=\"video-wrapper\"><iframe loading=\"lazy\" src=\"http:\/\/www.youtube.com\/embed\/2r47LAHhiyw\" width=\"560\" height=\"315\" frameborder=\"0\" allowfullscreen><\/iframe><\/div><\/p>\n<p style=\"text-align: justify;\"><span style=\"font-weight: 400;\">En este sentido, <\/span><b>es bastante triste que ni los propios arquitectos hayamos sabido transmitir para qu\u00e9 servimos <\/b><span style=\"font-weight: 400;\">(<\/span><a href=\"https:\/\/stepienybarno.es\/blog\/tag\/para-que-sirve-un-arquitectoa\/\"><span style=\"font-weight: 400;\">ver aqu\u00ed<\/span><\/a><span style=\"font-weight: 400;\">), ni tampoco queda claro el valor que aporta a la ciudad cuando aparece la buena arquitectura. Tenemos un problema estructural en <\/span><span style=\"font-weight: 400;\">cuanto a<\/span><span style=\"font-weight: 400;\"> nuestra comunicaci\u00f3n con todo aquel que no es arquitecto.<\/span><\/p>\n<p style=\"text-align: justify;\"><span style=\"font-weight: 400;\">Es m\u00e1s, hemos dejado en el aire la idea de que la arquitectura nace de<\/span><span style=\"font-weight: 400;\">l<\/span><span style=\"font-weight: 400;\"> garabato en una servilleta. La inspiraci\u00f3n, casi divina, pareciera que tiene que ver con el origen de los grandes proyectos de arquitectura. Sin embargo, en general, <\/span><b>la buena arquitectura nace como una respuesta directa a unas necesidades concretas<\/b><span style=\"font-weight: 400;\">. Este proceso, si se hace bien, no es tarea sencilla y es tan importante o m\u00e1s <\/span><span style=\"font-weight: 400;\">que<\/span><span style=\"font-weight: 400;\"> la respuesta que da la arquitectura a estas demandas. Si no est\u00e1n bien planteadas las preguntas, las respuestas, aunque parezcan muy efectistas, siempre ser\u00e1n dudosas.<\/span><\/p>\n<p style=\"text-align: justify;\"><span style=\"font-weight: 400;\">Ser arquitecto es algo bien complejo y que no se explica de manera sencilla. En su d\u00eda hicimos el intento <\/span><a href=\"https:\/\/stepienybarno.es\/blog\/2013\/09\/05\/ser-arquitecto\/\"><span style=\"font-weight: 400;\">por aqu\u00ed.<\/span><\/a><\/p>\n<p style=\"text-align: justify;\"><span style=\"font-weight: 400;\">Igualmente importante es, como comenta la arquitecta brit\u00e1nica <\/span><a href=\"https:\/\/elpais.com\/elpais\/2018\/04\/03\/eps\/1522778266_521247.html\"><b>Amanda Levete<\/b><\/a><span style=\"font-weight: 400;\">, reforzar la idea de que la arquitectura no es obra de un arquitecto, sino de un equipo.<\/span><\/p>\n<p style=\"text-align: justify;\"><span style=\"font-weight: 400;\">\u201c(&#8230;) Los arquitectos necesitan dinero para construir, pero la arquitectura es <\/span><b>una disciplina colaborativa<\/b><span style=\"font-weight: 400;\">, se basa en el consenso con clientes, ingenieros\u2026 <\/span><b>No existe el arquitecto-autor<\/b><span style=\"font-weight: 400;\">, el maestro que hace croquis geniales; eso es un mito: la arquitectura es un trabajo en equipo. La vida es m\u00e1s rica que el cerebro de un grupo de personas. Es mejor idear un lugar en el que los dem\u00e1s puedan tomar decisiones que imponer una manera de hacer las cosas. Cuando el p\u00fablico usa tu edificio de maneras que ni se te han pasado por la cabeza, aprendes que el cliente debe terminar la arquitectura.\u00a0 <\/span><span style=\"font-weight: 400;\">Los arquitectos tenemos tendencia a <\/span><b>querer controlarlo todo<\/b><span style=\"font-weight: 400;\">, requiere <\/span><span style=\"font-weight: 400;\">de<\/span><span style=\"font-weight: 400;\"> confianza <\/span><span style=\"font-weight: 400;\">el hecho de<\/span><span style=\"font-weight: 400;\"> dejar cosas inacabadas para que el usuario decida. <\/span><span style=\"font-weight: 400;\">As\u00ed, el arquitecto a lo sumo ser\u00e1 el director de orquesta del invento; pero nos vendr\u00eda muy bien replantearnos el tema de<\/span><span style=\"font-weight: 400;\"> la <\/span><span style=\"font-weight: 400;\">autor\u00eda y todo lo que conlleva.\u201d<\/span><\/p>\n<p style=\"text-align: justify;\"><span style=\"font-weight: 400;\">De hecho, en realidad, esta arquitectura no la tiene porque hacer una persona con el t\u00edtulo de arquitecto; son m\u00faltiples los casos de arquitectos estupendos que en realidad no tienen el t\u00edtulo de arquitecto (<\/span><a href=\"https:\/\/stepienybarno.es\/blog\/2016\/07\/04\/seis-arquitectos-sin-titulo\/\"><span style=\"font-weight: 400;\">ver aqu\u00ed<\/span><\/a><span style=\"font-weight: 400;\">).\u00a0 Pero bueno, este es otro tema que dar\u00eda para un buen post.<\/span><\/p>\n<p style=\"text-align: justify;\"><span style=\"font-weight: 400;\">A todo esto hay que sumar otro tema ya mentado en este blog: la dificultad que tenemos los arquitectos de hacernos entender con un lenguaje que llegue al com\u00fan de los mortales <\/span><a href=\"https:\/\/stepienybarno.es\/blog\/2017\/08\/03\/el-lenguaje-de-los-arquitectos-2\/\"><span style=\"font-weight: 400;\">(ver aqu\u00ed).<\/span><\/a><\/p>\n<h3 style=\"text-align: justify;\"><b>2 ARQUITECTURA DE FRONTERA<\/b><\/h3>\n<p style=\"text-align: justify;\"><span style=\"font-weight: 400;\">En paralelo a estas ideas surgen cada vez con m\u00e1s claridad much@s arquitect@s que tienen claro que\u00a0 ser arquitecto va mucho m\u00e1s all\u00e1 de construir edificios. En realidad, muchos de los edificios <\/span><span style=\"font-weight: 400;\">firmados <\/span><span style=\"font-weight: 400;\">por arquitectos, podr\u00edan firmarlos ingenieros sin mayor problema.<\/span><\/p>\n<p style=\"text-align: justify;\"><span style=\"font-weight: 400;\">Por desgracia, mucho de lo que se ha macizado en Espa\u00f1a es producto directo de una especulaci\u00f3n brutal. Los arquitectos, en muchas ocasiones, hemos sido <\/span><b>la mano ejecutora de este desprop\u00f3sito. <\/b><span style=\"font-weight: 400;\">No los principales culpables, pero algo de culpa s\u00ed que <\/span><span style=\"font-weight: 400;\">tenemos<\/span><span style=\"font-weight: 400;\">.<\/span><\/p>\n<p style=\"text-align: justify;\"><span style=\"font-weight: 400;\">En realidad, todo ello tambi\u00e9n suma a la hora de que la sociedad nos siga viendo como un mal necesario <\/span><span style=\"font-weight: 400;\">\u2014<\/span><span style=\"font-weight: 400;\">o una firma obligatoria que se les impone desde el ayuntamiento<\/span><span style=\"font-weight: 400;\">\u2014<\/span><span style=\"font-weight: 400;\"> en vez de <\/span><span style=\"font-weight: 400;\">como a<\/span><span style=\"font-weight: 400;\"> un profesional que mejora su calidad de vida.<\/span><\/p>\n<p style=\"text-align: justify;\"><span style=\"font-weight: 400;\">As\u00ed, <\/span><b>en los l\u00edmites de la arquitectura hay un trabajo enorme que hacer. Lo fronterizo es pasto de la creatividad.<\/b><span style=\"font-weight: 400;\"> Hace tiempo reflexion\u00e1bamos sobre 100 maneras de ser arquitecto (<\/span><a href=\"https:\/\/stepienybarno.es\/blog\/2014\/07\/23\/100-razones-por-las-que-contratar-a-un-arquitecto\/\"><span style=\"font-weight: 400;\">ver aqu\u00ed<\/span><\/a><span style=\"font-weight: 400;\">) y es algo que seguimos reivindicando. La periferia de la arquitectura es un lugar apto para seguir siendo arquitecto. O mejor dicho, como suele recordar <\/span><b>Quetglas<\/b><span style=\"font-weight: 400;\">: es un lugar para hacer arquitectura que es distinto de ser arquitecto. La palabra <\/span><b>ser<\/b><span style=\"font-weight: 400;\">, quiz\u00e1s se debiera reservar para palabras mayores.<\/span><\/p>\n<p style=\"text-align: justify;\"><span style=\"font-weight: 400;\">Siguiendo esta l\u00ednea de pensamiento, hace poco <\/span><a href=\"https:\/\/www.plataformaarquitectura.cl\/cl\/892214\/ser-arquitecto-y-no-disenar-edificios\"><span style=\"font-weight: 400;\">le\u00edamos a la editora de ArchDaily,\u00a0<\/span><b>M\u00f3nica Arellano<\/b><\/a><span style=\"font-weight: 400;\">, <\/span><span style=\"font-weight: 400;\">\u201c(\u2026) Yo estudi\u00e9 danza alg\u00fan tiempo y ah\u00ed todo se centra en el espacio y las sensaciones corporales. Esto es bastante similar a la arquitectura. Luego trabaj\u00e9 un tiempo e<\/span><span style=\"font-weight: 400;\">n<\/span><span style=\"font-weight: 400;\"> una fundaci\u00f3n que manejaba el acervo hist\u00f3rico de mi ciudad y parte de mi trabajo consist\u00eda en editar libros, escribir sobre arquitectura y hacer museograf\u00eda. Estos antecedentes ten\u00edan mucho que ver con la arquitectura pero no como me a hab\u00edan ense\u00f1ado en la escuela. Pas\u00e9 algunos meses trabajando como arquitecta en un despacho pero fue en el <\/span><b>\u00e1mbito editorial<\/b><span style=\"font-weight: 400;\"> en donde finalmente\u00a0encontr\u00e9 mi rama.\u201d<\/span><\/p>\n<p style=\"text-align: justify;\"><span style=\"font-weight: 400;\">En el estupendo blog de<\/span><b> Veredes<\/b><span style=\"font-weight: 400;\">, tambi\u00e9n <\/span><a href=\"https:\/\/veredes.es\/blog\/gl\/baliza\/\"><span style=\"font-weight: 400;\">pod\u00e9is ver m\u00faltiples entrevistas<\/span><\/a><span style=\"font-weight: 400;\"> a arquitectos que viven su pasi\u00f3n <\/span><span style=\"font-weight: 400;\">por la <\/span><span style=\"font-weight: 400;\">arquitectura sin necesidad de construir.\u00a0 <\/span><span style=\"font-weight: 400;\">Es m\u00e1s, hace un tiempo Paisaje Transversal nos regalaba un post con una reflexi\u00f3n muy en la l\u00ednea de lo que venimos hablando (<\/span><a href=\"http:\/\/blogfundacion.arquia.es\/2015\/06\/soy-arquitecto-y-no-construyo-bienvenidos-al-urbanismo-del-futuro\/\"><span style=\"font-weight: 400;\">ver aqu\u00ed).<\/span><\/a><\/p>\n<h3 style=\"text-align: justify;\"><b>3 LLEGAR AL GRAN P\u00daBLICO CON LA ARQUITECTURA<\/b><\/h3>\n<p style=\"text-align: justify;\"><span style=\"font-weight: 400;\">Mientras a los arquitectos se nos tiene en bastante poca estima y muchas veces se nos considera un tr\u00e1mite obligado, nos van \u201crobando\u201d la palabra de arquitecto para otros entornos laborales.\u00a0<\/span><\/p>\n<p style=\"text-align: justify;\"><span style=\"font-weight: 400;\">A d\u00eda de hoy <\/span><b>tenemos arquitectos de emociones, arquitectos de sue\u00f1os, arquitectos de sistemas, arquitectos de&#8230; Nuevamente, de repente, todo el mundo quiere ser arquitecto<\/b><span style=\"font-weight: 400;\">. Se lo ponen delante y a tirar millas. Mientras tanto, nosotros <\/span><span style=\"font-weight: 400;\">\u2014<\/span><span style=\"font-weight: 400;\">los verdaderos arquitectos<\/span><span style=\"font-weight: 400;\">\u2014<\/span><span style=\"font-weight: 400;\"> seguimos siendo ninguneados por casi todos, incluida la propia administraci\u00f3n.<\/span><\/p>\n<p style=\"text-align: justify;\"><span style=\"font-weight: 400;\">Para rematar la jugada, no ayuda nada que determinados arquitectos como <\/span><b>Joaqu\u00edn Torres<\/b><span style=\"font-weight: 400;\">, con una arquitectura banal a m\u00e1s no poder, sea lo que aparece en las pantallas de televisi\u00f3n.\u00a0 <\/span>Como vemos, desde fuera de la arquitectura, inlcuso el estudendo entrevistador <strong>Alex Fidalgo<\/strong>, lleva a su programa a Torres <a href=\"https:\/\/www.youtube.com\/watch?v=xiFgotjbO1E\" target=\"_blank\" rel=\"noopener\">(ver aqu\u00ed)<\/a><\/p>\n<p style=\"text-align: justify;\"><span style=\"font-weight: 400;\">Mientras tanto otras voces de nuestro panorama arquitect\u00f3nico, como <\/span><b>Patrick Schumacher<\/b><span style=\"font-weight: 400;\">, apuestan por una arquitectura que se convierte en vasalla de un <\/span><b>neoliberalismo desbordado<\/b><span style=\"font-weight: 400;\">, apostando por la privatizaci\u00f3n del espacio p\u00fablico o la eliminaci\u00f3n de la vivienda social. <\/span><a href=\"http:\/\/blogfundacion.arquia.es\/2018\/06\/victimismo-y-propaganda\/\"><span style=\"font-weight: 400;\">Ver aqu\u00ed el estupendo post que le dedica Jos\u00e9 Mar\u00eda Echarte en el blog de n+1. <\/span><\/a><span style=\"font-weight: 400;\">Un angelito que ha conseguido, adem\u00e1s de ser el sucesor de Zaha Hadid en la compa\u00f1\u00eda, mucha m\u00e1s repercusi\u00f3n de <\/span><span style=\"font-weight: 400;\">la <\/span><span style=\"font-weight: 400;\">que le tocar\u00eda por sus precarias ideas.<\/span><\/p>\n<p style=\"text-align: justify;\"><span style=\"font-weight: 400;\">As\u00ed, por nuestra parte, lo que siempre pensamos es que esta visi\u00f3n que se tiene de nosotros no desaparecer\u00e1 por s\u00ed sola. Conviene <\/span><b>trazar un plan<\/b><span style=\"font-weight: 400;\"> que acorte esta distancia que nos separa de la sociedad y, para ello, nuestras instituciones <\/span><span style=\"font-weight: 400;\">deber\u00edan <\/span><span style=\"font-weight: 400;\">tomar cartas en el asunto de manera seria.<\/span><\/p>\n<p style=\"text-align: justify;\"><span style=\"font-weight: 400;\">Una buena estrategia ser\u00eda conseguir que m\u00e1s espacios de los <\/span><b>medios generalistas<\/b><span style=\"font-weight: 400;\"> hablaran de arquitectura. Por suerte, ya son varias las firmas con presencia constante como <\/span><a href=\"https:\/\/www.ondacero.es\/temas\/david_garcia_asenjo-1\"><span style=\"font-weight: 400;\">David Garc\u00eda-Asenjo<\/span><\/a><span style=\"font-weight: 400;\">,\u00a0 <\/span><a href=\"https:\/\/elpais.com\/agr\/del_tirador_a_la_ciudad\/a\"><span style=\"font-weight: 400;\">Anatxu Zabalbeascoa<\/span><\/a><span style=\"font-weight: 400;\">, <\/span><a href=\"https:\/\/abcblogs.abc.es\/viga-en-el-ojo\/\"><span style=\"font-weight: 400;\">Fredy Massad<\/span><\/a><span style=\"font-weight: 400;\">, <\/span><a href=\"https:\/\/www.jotdown.es\/author\/pedro-torrijos\/\"><span style=\"font-weight: 400;\">Pedro Torrijos<\/span><\/a><span style=\"font-weight: 400;\">, <\/span><a href=\"https:\/\/www.revistadisenointerior.es\/tag\/miguel-barahona\/\"><span style=\"font-weight: 400;\">Miguel Barahona<\/span><\/a><span style=\"font-weight: 400;\"> o <\/span><a href=\"https:\/\/diario16.com\/author\/jaume-prat-ortells\/\"><span style=\"font-weight: 400;\">Jaume Prat<\/span><\/a><span style=\"font-weight: 400;\">.\u00a0 <\/span>!Qu\u00e9 bueno que tenemos alg\u00fan oasis entre tanto desierto!<\/p>\n<blockquote class=\"wp-embedded-content\" data-secret=\"bCybZt4DDI\"><p><a href=\"https:\/\/stepienybarno.es\/blog\/2024\/04\/11\/rtve-estrena-la-tercera-temporada-de-los-pilares-del-tiempo\/\">RTVE estrena la tercera temporada de \u2018Los pilares del tiempo\u2019<\/a><\/p><\/blockquote>\n<p><iframe loading=\"lazy\" class=\"wp-embedded-content\" sandbox=\"allow-scripts\" security=\"restricted\" style=\"position: absolute; clip: rect(1px, 1px, 1px, 1px);\" title=\"\u00abRTVE estrena la tercera temporada de \u2018Los pilares del tiempo\u2019\u00bb \u2014 Blog de STEPIEN Y BARNO - publicaci\u00f3n digital sobre arquitectura\" src=\"https:\/\/stepienybarno.es\/blog\/2024\/04\/11\/rtve-estrena-la-tercera-temporada-de-los-pilares-del-tiempo\/embed\/#?secret=fcNGVyIMUM#?secret=bCybZt4DDI\" data-secret=\"bCybZt4DDI\" width=\"600\" height=\"338\" frameborder=\"0\" marginwidth=\"0\" marginheight=\"0\" scrolling=\"no\"><\/iframe><\/p>\n<p style=\"text-align: justify;\"><span style=\"font-weight: 400;\">Al final, tanto arquitectos como no arquitectos, estamos rodeados de arquitectura y, si se cuenta bien, es un tema que puede interesar a todo tipo de p\u00fablico.<\/span><\/p>\n<p style=\"text-align: justify;\"><span style=\"font-weight: 400;\">A su vez,\u00a0 dentro de este discurso un poco catastr\u00f3fico que nos ha salido, no hay que olvidar que multitud de\u00a0 humildes arquitectos est\u00e1n aportando mucho. Todo lo conseguido por los <\/span><a href=\"https:\/\/stepienybarno.es\/blog\/2015\/01\/07\/colectivos-de-arquitectura-y-gestalt\/\"><b>colectivos de arquitectos<\/b><\/a><span style=\"font-weight: 400;\"> es digno de menci\u00f3n; as\u00ed como el gran trabajo que est\u00e1n haciendo decenas de arquitectos transmitiendo lo que es la arquitectura a l@s m\u00e1s peque\u00f1@s. <\/span><b>En la educaci\u00f3n est\u00e1 el futuro de todo; tambi\u00e9n de que la sociedad entienda que la gran mayor\u00eda de los arquitectos somos gente \u00fatil y con inter\u00e9s<\/b><b> por<\/b><b> hacer un mundo mejor.<\/b><\/p>\n<p style=\"text-align: justify;\"><span style=\"font-weight: 400;\">Mientras tanto, muchas Escuelas, <a href=\"https:\/\/escuelaarquitectura.es\/\" target=\"_blank\" rel=\"noopener\">salvo excepciones<\/a>, seguir\u00e1n formando arquitectos para salir en <\/span><i><span style=\"font-weight: 400;\">Croquis <\/span><\/i><span style=\"font-weight: 400;\">y, por desgracia, los arquitectos s\u00f3lo apareceremos en los grandes medios de informaci\u00f3n dentro de los programas de salsa rosa.<\/span><\/p>\n<p style=\"text-align: justify;\"><span style=\"font-weight: 400;\">De hecho, cuando escribes en google \u201c<\/span><b>arquitecto de&#8230;\u201d<\/b><span style=\"font-weight: 400;\"> lo primero que sale, muy a nuestro pesar,\u00a0 es \u201c<strong>arquitecto de los famosos<\/strong>\u201d, seguido muy de cerca por \u201carquitecto de Hitler\u201d.<\/span><\/p>\n<h3 style=\"text-align: center;\"><b>Autores del post: <\/b><a href=\"https:\/\/stepienybarno.es\/blog\/2011\/09\/04\/las-fortalezas-del-arquitecto\/\"><b>Stepienybarno<\/b><\/a><b> _ Agnieszka Stepien y Lorenzo Barn\u00f3<\/b><\/h3>\n<p style=\"text-align: center;\">&#8230;<\/p>\n<pre>Tambi\u00e9n te gustar\u00e1:<\/pre>\n<p><a href=\"https:\/\/stepienybarno.es\/blog\/2024\/04\/15\/arquitectos-de-segunda\/\" target=\"_blank\" rel=\"noopener\">Arquitectos de segunda<\/a><\/p>\n<blockquote class=\"wp-embedded-content\" data-secret=\"xvPlQVDrc3\"><p><a href=\"https:\/\/stepienybarno.es\/blog\/2024\/04\/15\/arquitectos-de-segunda\/\">\u00bfARQUITECTOS DE SEGUNDA?<\/a><\/p><\/blockquote>\n<p><iframe loading=\"lazy\" class=\"wp-embedded-content\" sandbox=\"allow-scripts\" security=\"restricted\" style=\"position: absolute; clip: rect(1px, 1px, 1px, 1px);\" title=\"\u00ab\u00bfARQUITECTOS DE SEGUNDA?\u00bb \u2014 Blog de STEPIEN Y BARNO - publicaci\u00f3n digital sobre arquitectura\" src=\"https:\/\/stepienybarno.es\/blog\/2024\/04\/15\/arquitectos-de-segunda\/embed\/#?secret=lhZod5J8rn#?secret=xvPlQVDrc3\" data-secret=\"xvPlQVDrc3\" width=\"600\" height=\"338\" frameborder=\"0\" marginwidth=\"0\" marginheight=\"0\" scrolling=\"no\"><\/iframe><\/p>\n<p>&nbsp;<\/p>\n<hr \/>\n<p>&nbsp;<\/p>\n","protected":false},"excerpt":{"rendered":"<p>Ser arquitecto tiene algo de ser entrenador. A nada que alguien sepa de f\u00fatbol ya se pone a hacer alineaciones. Igualmente, cuando alguien tiene que opinar de arquitectura, reduce toda la complejidad a si es feo o bonito y, desde ah\u00ed, todas las opiniones parecen v\u00e1lidas. Adem\u00e1s, hay gente que cree que tiene especialmente buen gusto; as\u00ed que, con eso y poco m\u00e1s, al fin del mundo.<br \/>\nTodo ello, no es culpa de la sociedad a la que servimos, sino de nuestro colectivo que jam\u00e1s ha sabido transmitir nuestros valores y val\u00edas.<br \/>\nPor otro lado, en cuatro d\u00edas habr\u00e1 IAs que har\u00e1 cosas parecidas a un buen proyecto de arquitectura. <\/p>\n<p>Si te interesa el tema, est\u00e1s en el lugar adecuado.<\/p>\n","protected":false},"author":2,"featured_media":37070,"comment_status":"open","ping_status":"closed","sticky":false,"template":"","format":"standard","meta":{"om_disable_all_campaigns":false,"_monsterinsights_skip_tracking":false,"_monsterinsights_sitenote_active":false,"_monsterinsights_sitenote_note":"","_monsterinsights_sitenote_category":0,"_uf_show_specific_survey":0,"_uf_disable_surveys":false,"episode_type":"audio","audio_file":"","cover_image":"","cover_image_id":"","duration":"","filesize":"","date_recorded":"","explicit":"","block":"","filesize_raw":"","footnotes":""},"categories":[34,4],"tags":[11,9,1367],"series":[],"class_list":["post-37068","post","type-post","status-publish","format-standard","has-post-thumbnail","hentry","category-actualidad","category-arquilectura","tag-arquitecto","tag-arquitectura","tag-el-estado-de-la-profesion"],"aioseo_notices":[],"episode_featured_image":"https:\/\/stepienybarno.es\/blog\/wp-content\/uploads\/2019\/11\/0.-stepienybarno-ser-arquitecto-650.jpg","episode_player_image":"https:\/\/stepienybarno.es\/blog\/wp-content\/uploads\/2020\/11\/stepienybarno-podcast-scaled.jpg","download_link":"","player_link":"","audio_player":false,"episode_data":{"playerMode":"dark","subscribeUrls":[],"rssFeedUrl":"https:\/\/stepienybarno.es\/blog\/feed\/podcast\/podcast-de-stepienybarno","embedCode":"<blockquote class=\"wp-embedded-content\" data-secret=\"G4HW3tHPMq\"><a href=\"https:\/\/stepienybarno.es\/blog\/2024\/05\/08\/todos-somos-arquitectos\/\">TODOS SOMOS ARQUITECTOS<\/a><\/blockquote><iframe sandbox=\"allow-scripts\" security=\"restricted\" src=\"https:\/\/stepienybarno.es\/blog\/2024\/05\/08\/todos-somos-arquitectos\/embed\/#?secret=G4HW3tHPMq\" width=\"500\" height=\"350\" title=\"\u00abTODOS SOMOS ARQUITECTOS\u00bb \u2014 Blog de STEPIEN Y BARNO - publicaci\u00f3n digital sobre arquitectura\" data-secret=\"G4HW3tHPMq\" frameborder=\"0\" marginwidth=\"0\" marginheight=\"0\" scrolling=\"no\" class=\"wp-embedded-content\"><\/iframe><script type=\"text\/javascript\">\n\/* <![CDATA[ *\/\n\/*! This file is auto-generated *\/\n!function(d,l){\"use strict\";l.querySelector&&d.addEventListener&&\"undefined\"!=typeof URL&&(d.wp=d.wp||{},d.wp.receiveEmbedMessage||(d.wp.receiveEmbedMessage=function(e){var t=e.data;if((t||t.secret||t.message||t.value)&&!\/[^a-zA-Z0-9]\/.test(t.secret)){for(var s,r,n,a=l.querySelectorAll('iframe[data-secret=\"'+t.secret+'\"]'),o=l.querySelectorAll('blockquote[data-secret=\"'+t.secret+'\"]'),c=new RegExp(\"^https?:$\",\"i\"),i=0;i<o.length;i++)o[i].style.display=\"none\";for(i=0;i<a.length;i++)s=a[i],e.source===s.contentWindow&&(s.removeAttribute(\"style\"),\"height\"===t.message?(1e3<(r=parseInt(t.value,10))?r=1e3:~~r<200&&(r=200),s.height=r):\"link\"===t.message&&(r=new URL(s.getAttribute(\"src\")),n=new URL(t.value),c.test(n.protocol))&&n.host===r.host&&l.activeElement===s&&(d.top.location.href=t.value))}},d.addEventListener(\"message\",d.wp.receiveEmbedMessage,!1),l.addEventListener(\"DOMContentLoaded\",function(){for(var e,t,s=l.querySelectorAll(\"iframe.wp-embedded-content\"),r=0;r<s.length;r++)(t=(e=s[r]).getAttribute(\"data-secret\"))||(t=Math.random().toString(36).substring(2,12),e.src+=\"#?secret=\"+t,e.setAttribute(\"data-secret\",t)),e.contentWindow.postMessage({message:\"ready\",secret:t},\"*\")},!1)))}(window,document);\n\/* ]]> *\/\n<\/script>\n"},"_links":{"self":[{"href":"https:\/\/stepienybarno.es\/blog\/wp-json\/wp\/v2\/posts\/37068"}],"collection":[{"href":"https:\/\/stepienybarno.es\/blog\/wp-json\/wp\/v2\/posts"}],"about":[{"href":"https:\/\/stepienybarno.es\/blog\/wp-json\/wp\/v2\/types\/post"}],"author":[{"embeddable":true,"href":"https:\/\/stepienybarno.es\/blog\/wp-json\/wp\/v2\/users\/2"}],"replies":[{"embeddable":true,"href":"https:\/\/stepienybarno.es\/blog\/wp-json\/wp\/v2\/comments?post=37068"}],"version-history":[{"count":18,"href":"https:\/\/stepienybarno.es\/blog\/wp-json\/wp\/v2\/posts\/37068\/revisions"}],"predecessor-version":[{"id":61594,"href":"https:\/\/stepienybarno.es\/blog\/wp-json\/wp\/v2\/posts\/37068\/revisions\/61594"}],"wp:featuredmedia":[{"embeddable":true,"href":"https:\/\/stepienybarno.es\/blog\/wp-json\/wp\/v2\/media\/37070"}],"wp:attachment":[{"href":"https:\/\/stepienybarno.es\/blog\/wp-json\/wp\/v2\/media?parent=37068"}],"wp:term":[{"taxonomy":"category","embeddable":true,"href":"https:\/\/stepienybarno.es\/blog\/wp-json\/wp\/v2\/categories?post=37068"},{"taxonomy":"post_tag","embeddable":true,"href":"https:\/\/stepienybarno.es\/blog\/wp-json\/wp\/v2\/tags?post=37068"},{"taxonomy":"series","embeddable":true,"href":"https:\/\/stepienybarno.es\/blog\/wp-json\/wp\/v2\/series?post=37068"}],"curies":[{"name":"wp","href":"https:\/\/api.w.org\/{rel}","templated":true}]}}