{"id":37793,"date":"2019-12-11T08:01:01","date_gmt":"2019-12-11T06:01:01","guid":{"rendered":"https:\/\/www.stepienybarno.es\/blog\/?p=37793"},"modified":"2019-12-12T17:33:17","modified_gmt":"2019-12-12T15:33:17","slug":"el-ladrillo-en-la-obra-de-kahn","status":"publish","type":"post","link":"https:\/\/stepienybarno.es\/blog\/2019\/12\/11\/el-ladrillo-en-la-obra-de-kahn\/","title":{"rendered":"El ladrillo en la obra de Kahn #miercolesenladrillado"},"content":{"rendered":"<div id=\"attachment_37797\" style=\"width: 560px\" class=\"wp-caption aligncenter\"><img loading=\"lazy\" decoding=\"async\" aria-describedby=\"caption-attachment-37797\" class=\" wp-image-37797\" src=\"https:\/\/stepienybarno.es\/blog\/wp-content\/uploads\/2019\/12\/stepienybarno-El-ladrillo-en-la-obra-de-Kahn-postdeld\u00eda-0-360x550.jpg\" alt=\"\" width=\"550\" height=\"841\" srcset=\"https:\/\/stepienybarno.es\/blog\/wp-content\/uploads\/2019\/12\/stepienybarno-El-ladrillo-en-la-obra-de-Kahn-postdeld\u00eda-0-360x550.jpg 360w, https:\/\/stepienybarno.es\/blog\/wp-content\/uploads\/2019\/12\/stepienybarno-El-ladrillo-en-la-obra-de-Kahn-postdeld\u00eda-0-458x700.jpg 458w, https:\/\/stepienybarno.es\/blog\/wp-content\/uploads\/2019\/12\/stepienybarno-El-ladrillo-en-la-obra-de-Kahn-postdeld\u00eda-0-118x180.jpg 118w, https:\/\/stepienybarno.es\/blog\/wp-content\/uploads\/2019\/12\/stepienybarno-El-ladrillo-en-la-obra-de-Kahn-postdeld\u00eda-0-262x400.jpg 262w, https:\/\/stepienybarno.es\/blog\/wp-content\/uploads\/2019\/12\/stepienybarno-El-ladrillo-en-la-obra-de-Kahn-postdeld\u00eda-0.jpg 959w\" sizes=\"(max-width: 550px) 100vw, 550px\" \/><p id=\"caption-attachment-37797\" class=\"wp-caption-text\">Louis Kahn, 13 February 1967 | Author: Gerhard Richter | Fuente: wikipedia.com<\/p><\/div>\n<p>Hoy nos animamos a esbozar un tema que ten\u00edamos en la cabeza desde hace tiempo, pero que no hab\u00edamos bajado a tierra todav\u00eda. Con esta entrada, recordamos a uno de los grandes maestros de la arquitectura, por su manejo de la<strong> materialidad y la luz<\/strong>, pero en esta ocasi\u00f3n nos centramos solo en el ladrillo del estonio nacionalizado estadounidense, Louis Isadore Kahn.<\/p>\n<p>Estas son las tres arquitecturas que creemos que mejor representan su concepto arquitecto, y, como siempre, esperamos vuestros comentarios y sugerencias al respecto.<\/p>\n<p><!--more--><\/p>\n<div id=\"attachment_37798\" style=\"width: 560px\" class=\"wp-caption aligncenter\"><img loading=\"lazy\" decoding=\"async\" aria-describedby=\"caption-attachment-37798\" class=\"wp-image-37798 size-medium\" src=\"https:\/\/stepienybarno.es\/blog\/wp-content\/uploads\/2019\/12\/stepienybarno-El-ladrillo-en-la-obra-de-Kahn-postdeld\u00eda-2-550x413.jpg\" alt=\"\" width=\"550\" height=\"413\" srcset=\"https:\/\/stepienybarno.es\/blog\/wp-content\/uploads\/2019\/12\/stepienybarno-El-ladrillo-en-la-obra-de-Kahn-postdeld\u00eda-2-550x413.jpg 550w, https:\/\/stepienybarno.es\/blog\/wp-content\/uploads\/2019\/12\/stepienybarno-El-ladrillo-en-la-obra-de-Kahn-postdeld\u00eda-2-180x135.jpg 180w, https:\/\/stepienybarno.es\/blog\/wp-content\/uploads\/2019\/12\/stepienybarno-El-ladrillo-en-la-obra-de-Kahn-postdeld\u00eda-2-316x237.jpg 316w, https:\/\/stepienybarno.es\/blog\/wp-content\/uploads\/2019\/12\/stepienybarno-El-ladrillo-en-la-obra-de-Kahn-postdeld\u00eda-2.jpg 640w\" sizes=\"(max-width: 550px) 100vw, 550px\" \/><p id=\"caption-attachment-37798\" class=\"wp-caption-text\">Laboratorios de Investigaci\u00f3n Alfred Newton Richards, 3700 Hamilton Walk, Philadelphia, PA, United States, 1957-1961 | Fotograf\u00eda: Emily Geoff | Fuente: louiskahn.es<\/p><\/div>\n<p>&nbsp;<\/p>\n<div id=\"attachment_37796\" style=\"width: 560px\" class=\"wp-caption aligncenter\"><img loading=\"lazy\" decoding=\"async\" aria-describedby=\"caption-attachment-37796\" class=\"wp-image-37796 size-medium\" src=\"https:\/\/stepienybarno.es\/blog\/wp-content\/uploads\/2019\/12\/stepienybarno-El-ladrillo-en-la-obra-de-Kahn-postdeld\u00eda-1-550x309.jpg\" alt=\"\" width=\"550\" height=\"309\" srcset=\"https:\/\/stepienybarno.es\/blog\/wp-content\/uploads\/2019\/12\/stepienybarno-El-ladrillo-en-la-obra-de-Kahn-postdeld\u00eda-1-550x309.jpg 550w, https:\/\/stepienybarno.es\/blog\/wp-content\/uploads\/2019\/12\/stepienybarno-El-ladrillo-en-la-obra-de-Kahn-postdeld\u00eda-1-180x101.jpg 180w, https:\/\/stepienybarno.es\/blog\/wp-content\/uploads\/2019\/12\/stepienybarno-El-ladrillo-en-la-obra-de-Kahn-postdeld\u00eda-1-316x178.jpg 316w, https:\/\/stepienybarno.es\/blog\/wp-content\/uploads\/2019\/12\/stepienybarno-El-ladrillo-en-la-obra-de-Kahn-postdeld\u00eda-1.jpg 800w\" sizes=\"(max-width: 550px) 100vw, 550px\" \/><p id=\"caption-attachment-37796\" class=\"wp-caption-text\">Indian Institute of Ahmedabad (IIMA), 1962-1974 | Autor: Lauri Kym\u00e4l\u00e4inen | Fuente: wikipedia.com<\/p><\/div>\n<blockquote><p><span style=\"color: #000000;\">\u00abKahn concibi\u00f3 el Institute of Management de Ahmedabad (1962-1967) como una fortaleza compacta y cerrada, en la que puede apreciarse con claridad el tema de \u00ab<em>la casa dentro de la casa<\/em>\u00ab, que tanto gustaba a Kahn.\u00bb Extracto de <a href=\"http:\/\/louiskahn.es\/\" target=\"_blank\" rel=\"noopener noreferrer\">louiskahn.es<\/a><br \/>\n<\/span><\/p><\/blockquote>\n<div id=\"attachment_37800\" style=\"width: 560px\" class=\"wp-caption aligncenter\"><img loading=\"lazy\" decoding=\"async\" aria-describedby=\"caption-attachment-37800\" class=\"size-medium wp-image-37800\" src=\"https:\/\/stepienybarno.es\/blog\/wp-content\/uploads\/2019\/12\/stepienybarno-El-ladrillo-en-la-obra-de-Kahn-postdeld\u00eda-3-550x364.jpg\" alt=\"\" width=\"550\" height=\"364\" srcset=\"https:\/\/stepienybarno.es\/blog\/wp-content\/uploads\/2019\/12\/stepienybarno-El-ladrillo-en-la-obra-de-Kahn-postdeld\u00eda-3-550x364.jpg 550w, https:\/\/stepienybarno.es\/blog\/wp-content\/uploads\/2019\/12\/stepienybarno-El-ladrillo-en-la-obra-de-Kahn-postdeld\u00eda-3-180x119.jpg 180w, https:\/\/stepienybarno.es\/blog\/wp-content\/uploads\/2019\/12\/stepienybarno-El-ladrillo-en-la-obra-de-Kahn-postdeld\u00eda-3-316x209.jpg 316w, https:\/\/stepienybarno.es\/blog\/wp-content\/uploads\/2019\/12\/stepienybarno-El-ladrillo-en-la-obra-de-Kahn-postdeld\u00eda-3.jpg 800w\" sizes=\"(max-width: 550px) 100vw, 550px\" \/><p id=\"caption-attachment-37800\" class=\"wp-caption-text\">National Assembly Building, Dhaka, Bangladesh. | AKTC | Fuente: akdn.org<\/p><\/div>\n<p>Para finalizar, como siempre os dejamos nuestra recomendaci\u00f3n en este caso el post.<\/p>\n<blockquote>\n<h3><a href=\"http:\/\/bit.ly\/2YA5Xrp\" target=\"_blank\" rel=\"noopener noreferrer\">\u201cEl ladrillo en la obra de Kahn\u201d.<\/a><\/h3>\n<p>\u201c\u00bfqu\u00e9 es esto?\u201d sosteniendo en su mano un ladrillo, contin\u00faa: \u201cLouis Kahn dijo: incluso un ladrillo quiere ser algo m\u00e1s. Un ladrillo quiere ser mucho m\u00e1s. Tiene ambiciones. Incluso un simple y ordinario ladrillo quiere ser algo mejor que esto. As\u00ed debemos ser todos\u201d.<\/p>\n<pre>Extracto de La arquitectura de Kahn: \u00bfQu\u00e9 quiere ser un ladrillo? <a href=\"http:\/\/esdima.com\/la-arquitectura-de-kahn-que-quiere-ser-un-ladrillo\/\" target=\"_blank\" rel=\"noopener noreferrer\">Acceder<\/a><\/pre>\n<p>&nbsp;<\/p><\/blockquote>\n<hr \/>\n<h5 style=\"text-align: center;\"><strong>Autores del post: <a href=\"https:\/\/stepienybarno.es\/blog\/2011\/09\/04\/las-fortalezas-del-arquitecto\/\">Stepienybarno<\/a> _ Agnieszka Stepien y Lorenzo Barn\u00f3<\/strong><\/h5>\n<h5>Y como siempre, si te gust\u00f3 el post, estar\u00eda genial que lo compartas en tus redes sociales.<\/h5>\n<h5>A su vez, si todav\u00eda no est\u00e1s suscrito a nuestra Newsletter, te animamos a hacerlo en la casilla que tienes al terminar este art\u00edculo.<\/h5>\n<blockquote><p>Suscribirte a nuestro blog y recibe gratis nuestra gu\u00eda: 10 Ideas para vender m\u00e1s si eres arquitecto<\/p>\n<p>Acceder: <a href=\"http:\/\/bit.ly\/2fkkTS7\">http:\/\/bit.ly\/2fkkTS7<\/a><\/p>\n<p>Si te interesa contactar con nosotros para que te ayudemos a mejorar tu visibilidad online y, en consecuencia, mejorar tus oportunidades laborales, no dudes en escribirnos a: <a href=\"mailto:blog@stepienybarno.es\">blog@stepienybarno.es<\/a><\/p><\/blockquote>\n<p><em><a href=\"https:\/\/twitter.com\/stepienybarno\">Stepienybarno en TWITTER<\/a><\/em><\/p>\n<p><em><a href=\"https:\/\/twitter.com\/stepienybarno\">@stepienybarno (+ de 16.000 seguidores)<\/a><\/em><\/p>\n<p><em><a href=\"https:\/\/twitter.com\/stepienybarno?lang=es\">https:\/\/twitter.com\/stepienybarno?lang=es<\/a><\/em><\/p>\n<p><em><a href=\"https:\/\/www.facebook.com\/pages\/BLOG-DE-STEPIENYBARNO\/78001079029\">Stepienybarno en FACEBOOK (+ de 24<u>.000 seguidores)<\/u><\/a><\/em><\/p>\n<p><em><a href=\"https:\/\/www.facebook.com\/StepienyBarnoArquitecturaeIdentidadDigital\/\">https:\/\/www.facebook.com\/StepienyBarnoArquitecturaeIdentidadDigital\/<\/a><\/em><\/p>\n<p><em>Acceder a nuestro GRUPO CERRADO DE FACEBOOK sobre Identidad Digital para Arquitectos:<\/em><\/p>\n<p><em><a href=\"https:\/\/www.facebook.com\/groups\/IdentidadDigitalParaArquitectos\/\">https:\/\/www.facebook.com\/groups\/IdentidadDigitalParaArquitectos\/<\/a><\/em><\/p>\n<p><em>Suscr\u00edbete a nuestro canal de YOUTUBE: <a href=\"http:\/\/bit.ly\/2A1UtAd\">http:\/\/bit.ly\/2A1UtAd<\/a><\/em><\/p>\n<p>* <a href=\"https:\/\/stepienybarno.es\/blog\/2011\/09\/04\/las-fortalezas-del-arquitecto\/\">Stepienybarno<\/a> est\u00e1 formado por Agnieszka Stepien y Lorenzo Barn\u00f3 y desde mayo del 2009 estamos en la red con la presente publicaci\u00f3n digital (Blog) de arquitectura.<\/p>\n<p>Nuestra actividad se sustenta en tres pilares b\u00e1sicos: la investigaci\u00f3n, la publicaci\u00f3n y la redacci\u00f3n de proyectos de arquitectura.<\/p>\n<p>A su vez, somos socios cofundadores de <a href=\"http:\/\/sinergiasostenible.org\/\">SINERGIA SOSTENIBLE<\/a> y directores del blog de FUNDACI\u00d3N ARQUIA.<\/p>\n","protected":false},"excerpt":{"rendered":"<p>Hoy nos animamos a esbozar un tema que ten\u00edamos en<\/p>\n","protected":false},"author":2,"featured_media":37800,"comment_status":"open","ping_status":"closed","sticky":false,"template":"","format":"standard","meta":{"om_disable_all_campaigns":false,"_monsterinsights_skip_tracking":false,"_monsterinsights_sitenote_active":false,"_monsterinsights_sitenote_note":"","_monsterinsights_sitenote_category":0,"_uf_show_specific_survey":0,"_uf_disable_surveys":false,"episode_type":"","audio_file":"","cover_image":"","cover_image_id":"","duration":"","filesize":"","date_recorded":"","explicit":"","block":"","filesize_raw":"","footnotes":""},"categories":[244],"tags":[5951,5173],"series":[],"class_list":["post-37793","post","type-post","status-publish","format-standard","has-post-thumbnail","hentry","category-canal-de-arquitectura","tag-miercolesenladrillado","tag-louis-isadore-kahn"],"aioseo_notices":[],"episode_featured_image":"https:\/\/stepienybarno.es\/blog\/wp-content\/uploads\/2019\/12\/stepienybarno-El-ladrillo-en-la-obra-de-Kahn-postdeld\u00eda-3.jpg","episode_player_image":"https:\/\/stepienybarno.es\/blog\/wp-content\/uploads\/2020\/11\/stepienybarno-podcast-scaled.jpg","download_link":"","player_link":"","audio_player":false,"episode_data":{"playerMode":"dark","subscribeUrls":[],"rssFeedUrl":"https:\/\/stepienybarno.es\/blog\/feed\/podcast\/podcast-de-stepienybarno","embedCode":"<blockquote class=\"wp-embedded-content\" data-secret=\"KLpYbrXhsE\"><a href=\"https:\/\/stepienybarno.es\/blog\/2019\/12\/11\/el-ladrillo-en-la-obra-de-kahn\/\">El ladrillo en la obra de Kahn #miercolesenladrillado<\/a><\/blockquote><iframe sandbox=\"allow-scripts\" security=\"restricted\" src=\"https:\/\/stepienybarno.es\/blog\/2019\/12\/11\/el-ladrillo-en-la-obra-de-kahn\/embed\/#?secret=KLpYbrXhsE\" width=\"500\" height=\"350\" title=\"\u00abEl ladrillo en la obra de Kahn #miercolesenladrillado\u00bb \u2014 Blog de STEPIEN Y BARNO - publicaci\u00f3n digital sobre arquitectura\" data-secret=\"KLpYbrXhsE\" frameborder=\"0\" marginwidth=\"0\" marginheight=\"0\" scrolling=\"no\" class=\"wp-embedded-content\"><\/iframe><script type=\"text\/javascript\">\n\/* <![CDATA[ *\/\n\/*! This file is auto-generated *\/\n!function(d,l){\"use strict\";l.querySelector&&d.addEventListener&&\"undefined\"!=typeof URL&&(d.wp=d.wp||{},d.wp.receiveEmbedMessage||(d.wp.receiveEmbedMessage=function(e){var t=e.data;if((t||t.secret||t.message||t.value)&&!\/[^a-zA-Z0-9]\/.test(t.secret)){for(var s,r,n,a=l.querySelectorAll('iframe[data-secret=\"'+t.secret+'\"]'),o=l.querySelectorAll('blockquote[data-secret=\"'+t.secret+'\"]'),c=new RegExp(\"^https?:$\",\"i\"),i=0;i<o.length;i++)o[i].style.display=\"none\";for(i=0;i<a.length;i++)s=a[i],e.source===s.contentWindow&&(s.removeAttribute(\"style\"),\"height\"===t.message?(1e3<(r=parseInt(t.value,10))?r=1e3:~~r<200&&(r=200),s.height=r):\"link\"===t.message&&(r=new URL(s.getAttribute(\"src\")),n=new URL(t.value),c.test(n.protocol))&&n.host===r.host&&l.activeElement===s&&(d.top.location.href=t.value))}},d.addEventListener(\"message\",d.wp.receiveEmbedMessage,!1),l.addEventListener(\"DOMContentLoaded\",function(){for(var e,t,s=l.querySelectorAll(\"iframe.wp-embedded-content\"),r=0;r<s.length;r++)(t=(e=s[r]).getAttribute(\"data-secret\"))||(t=Math.random().toString(36).substring(2,12),e.src+=\"#?secret=\"+t,e.setAttribute(\"data-secret\",t)),e.contentWindow.postMessage({message:\"ready\",secret:t},\"*\")},!1)))}(window,document);\n\/* ]]> *\/\n<\/script>\n"},"_links":{"self":[{"href":"https:\/\/stepienybarno.es\/blog\/wp-json\/wp\/v2\/posts\/37793"}],"collection":[{"href":"https:\/\/stepienybarno.es\/blog\/wp-json\/wp\/v2\/posts"}],"about":[{"href":"https:\/\/stepienybarno.es\/blog\/wp-json\/wp\/v2\/types\/post"}],"author":[{"embeddable":true,"href":"https:\/\/stepienybarno.es\/blog\/wp-json\/wp\/v2\/users\/2"}],"replies":[{"embeddable":true,"href":"https:\/\/stepienybarno.es\/blog\/wp-json\/wp\/v2\/comments?post=37793"}],"version-history":[{"count":7,"href":"https:\/\/stepienybarno.es\/blog\/wp-json\/wp\/v2\/posts\/37793\/revisions"}],"predecessor-version":[{"id":37841,"href":"https:\/\/stepienybarno.es\/blog\/wp-json\/wp\/v2\/posts\/37793\/revisions\/37841"}],"wp:featuredmedia":[{"embeddable":true,"href":"https:\/\/stepienybarno.es\/blog\/wp-json\/wp\/v2\/media\/37800"}],"wp:attachment":[{"href":"https:\/\/stepienybarno.es\/blog\/wp-json\/wp\/v2\/media?parent=37793"}],"wp:term":[{"taxonomy":"category","embeddable":true,"href":"https:\/\/stepienybarno.es\/blog\/wp-json\/wp\/v2\/categories?post=37793"},{"taxonomy":"post_tag","embeddable":true,"href":"https:\/\/stepienybarno.es\/blog\/wp-json\/wp\/v2\/tags?post=37793"},{"taxonomy":"series","embeddable":true,"href":"https:\/\/stepienybarno.es\/blog\/wp-json\/wp\/v2\/series?post=37793"}],"curies":[{"name":"wp","href":"https:\/\/api.w.org\/{rel}","templated":true}]}}