{"id":3787,"date":"2011-07-18T09:39:58","date_gmt":"2011-07-18T07:39:58","guid":{"rendered":"https:\/\/www.stepienybarno.es\/blog\/?p=3787"},"modified":"2011-07-18T09:43:39","modified_gmt":"2011-07-18T07:43:39","slug":"imaginar-lo-domestico-en-tiempo-de-redes","status":"publish","type":"post","link":"https:\/\/stepienybarno.es\/blog\/2011\/07\/18\/imaginar-lo-domestico-en-tiempo-de-redes\/","title":{"rendered":"IMAGINAR LO DOM\u00c9STICO (EN TIEMPO DE REDES)"},"content":{"rendered":"<p align=\"center\"><img loading=\"lazy\" decoding=\"async\" class=\"aligncenter size-full wp-image-3790\" title=\"Imaginar lo dom\u00e9stico (en tiempo de redes) EN STEPIENYBARNO\" src=\"https:\/\/stepienybarno.es\/blog\/wp-content\/uploads\/2011\/07\/Imaginar-lo-dom\u00e9stico-en-tiempo-de-redes-EN-STEPIENYBARNO1.jpg\" alt=\"Imaginar lo dom\u00e9stico (en tiempo de redes) EN STEPIENYBARNO\" width=\"350\" height=\"247\" srcset=\"https:\/\/stepienybarno.es\/blog\/wp-content\/uploads\/2011\/07\/Imaginar-lo-dom\u00e9stico-en-tiempo-de-redes-EN-STEPIENYBARNO1.jpg 350w, https:\/\/stepienybarno.es\/blog\/wp-content\/uploads\/2011\/07\/Imaginar-lo-dom\u00e9stico-en-tiempo-de-redes-EN-STEPIENYBARNO1-180x127.jpg 180w, https:\/\/stepienybarno.es\/blog\/wp-content\/uploads\/2011\/07\/Imaginar-lo-dom\u00e9stico-en-tiempo-de-redes-EN-STEPIENYBARNO1-316x223.jpg 316w\" sizes=\"(max-width: 350px) 100vw, 350px\" \/><\/p>\n<p>Desde el espacio-red de Pr\u00e1cticas y Culturas Digitales.<\/p>\n<p>Interesant\u00edsimo taller para los d\u00edas 19 &#8211; 23 de septiembre de 2011, en M\u00e1laga.<\/p>\n<p><!--more--><\/p>\n<p>\u201c<span style=\"color: #000000;\"><strong><span style=\"text-decoration: underline;\">Presentaci\u00f3n<\/span><\/strong><\/span><\/p>\n<p><strong>\u201c<\/strong>Imaginar lo dom\u00e9stico\u00bb es un taller de innovaci\u00f3n y emergencia programado por el <a href=\"http:\/\/practicasdigitales.unia.es\/intro\/sobre-el-proyecto.html\" target=\"_blank\">Espacio-Red de Pr\u00e1cticas y Culturas Digitales de la Universidad Internacional de Andaluc\u00eda (UNIA<\/a> <a href=\"http:\/\/practicasdigitales.unia.es\/intro\/sobre-el-proyecto.html\" target=\"_blank\">)<\/a>. En \u00e9l, utilizando los m\u00e9todos de organizaci\u00f3n de estos grupos de colaboraci\u00f3n, se afronta colectivamente el prototipado de la casa contempor\u00e1nea, la vivienda actual que corresponde a la incipiente sociedad informacional digitalizada. Se estructura sobre un objetivo colectivo com\u00fan: hacer un proyecto de unidad habitacional que contemple e integre las tecnolog\u00edas digitales, as\u00ed como, las conductas y comportamientos sociales<strong> <\/strong>asociados. (\u2026)\u201d<\/p>\n<p><strong><span style=\"text-decoration: underline;\">&#8211; Profesorado<\/span><\/strong><\/p>\n<p>Javier Fern\u00e1ndez Garc\u00eda (Director)<\/p>\n<p>Leandro Morillas Romero. Arquitecto. <a href=\"http:\/\/citywiki.ugr.es\/lab\/\" target=\"_blank\">CWLab<\/a>.<\/p>\n<p>Jos\u00e9 P\u00e9rez de Lama. Doctor en Arquitectura. Profesor en la <a href=\"http:\/\/www.etsa.us.es\/escuela\" target=\"_blank\">Etsas<\/a>.<\/p>\n<p>Miguel Roser Ballester. Doctor en Ingenier\u00eda de la Telecomunicaci\u00f3n. Telefonica.<\/p>\n<p>Integrantes del <em>Jury<\/em>:<\/p>\n<p>Juan Domingo Santos. Doctor en Arquitectura. Profesor titular en la Etsag.<\/p>\n<p>Juan Freire. Doctor en Biolog\u00eda. Profesor titular. Universidad de La Coru\u00f1a.<\/p>\n<p><strong><span style=\"text-decoration: underline;\">&#8211; Contenidos del taller<\/span><\/strong><\/p>\n<p><strong>\u201cImaginar lo dom\u00e9stico\u00bb<\/strong> es un taller de innovaci\u00f3n y emergencia programado por el <a href=\"http:\/\/practicasdigitales.unia.es\/intro\/sobre-el-proyecto.html\" target=\"_blank\">Espacio-Red de Pr\u00e1cticas y Culturas Digitales de la Universidad Internacional de Andaluc\u00eda (UNIA)<\/a>. En \u00e9l, utilizando los m\u00e9todos de organizaci\u00f3n de estos grupos de colaboraci\u00f3n, se afronta colectivamente el prototipado de la casa contempor\u00e1nea, la vivienda actual que corresponde a la incipiente sociedad informacional digitalizada. Se estructura sobre un objetivo colectivo com\u00fan: hacer un proyecto de unidad habitacional que contemple e integre las tecnolog\u00edas digitales, as\u00ed como, las conductas y comportamientos sociales asociados. (\u2026)\u201d<\/p>\n<p><strong><span style=\"text-decoration: underline;\">&#8211; Programa y horarios<\/span><\/strong><\/p>\n<p><strong>TP: <\/strong>sesi\u00f3n te\u00f3rica presencial<\/p>\n<p><strong>PP:<\/strong> sesi\u00f3n practica presencial<\/p>\n<p><strong>PNP: <\/strong>sesi\u00f3n pr\u00e1ctica no presencial<\/p>\n<p><a href=\"http:\/\/citywiki.ugr.es\/\" target=\"_blank\">CityWiki<\/a><\/p>\n<p><a href=\"http:\/\/citywiki.ugr.es\/lab\/primscity3\/\" target=\"_blank\">PrimsCity<\/a><\/p>\n<p>El taller tendr\u00e1 un total de 25 horas lectivas repartidas de las siguiente manera.<\/p>\n<p><strong>&#8211; Lunes 19 <\/strong><\/p>\n<p><strong>16.30. <\/strong>Acto oficial de presentaci\u00f3n del taller (UNIA, PCD, UGR)<\/p>\n<p><strong>17.00.<\/strong> Estilos de vida y dise\u00f1o del entorno (TP) Paco Gonz\u00e1lez<\/p>\n<p><strong>18.00.<\/strong> Taller: Herramientas y organizaci\u00f3n del espacio de trabajo del taller (PP) Paco Gonz\u00e1lez, Javier<\/p>\n<p>Fern\u00e1ndez y Leandro Morillas. CWLab<\/p>\n<p><strong>19.30. <\/strong>Fin de la sesi\u00f3n<\/p>\n<p><strong>1 H. <\/strong>Configuraci\u00f3n de las herramientas de trabajo (PNP)<\/p>\n<p><strong>&#8211; Martes 20 <\/strong><\/p>\n<p><strong>16.30<\/strong>. Hogar digital: bus, sensores y redes (TP) Miguel Roser<\/p>\n<p><strong>17.30.<\/strong> Taller: Tormenta de ideas. Inventario y folcsonom\u00eda (PP) Miguel Roser, Javier Fern\u00e1ndez y Leandro Morillas. CWLab<\/p>\n<p><strong>19.30.<\/strong> Fin de la sesi\u00f3n<\/p>\n<p><strong>1 H. <\/strong>Comprobaci\u00f3n, selecci\u00f3n, integraci\u00f3n y remezcla. Publicaci\u00f3n folcsonom\u00eda. (PNP)<\/p>\n<p><strong>&#8211; Mi\u00e9rcoles 21 <\/strong><\/p>\n<p><strong>16.30. <\/strong>DoItYourSelf y Fab-Lab (TP) Javier Fern\u00e1ndez Garc\u00eda<\/p>\n<p><strong>17.30.<\/strong> Taller: Verificaci\u00f3n, formulaci\u00f3n y maquetaci\u00f3n de ideas (PP) Javier Fern\u00e1ndez y Leandro Morillas. CWLab<\/p>\n<p><strong>19.30. <\/strong>Fin de la sesi\u00f3n<\/p>\n<p><strong>1 H. <\/strong> Publicaci\u00f3n de ideas maquetadas (PNP)<\/p>\n<p><strong>&#8211; Jueves 22 <\/strong><\/p>\n<p><strong>16.30. <\/strong>Taller: Producci\u00f3n de prototipos (PP) Javier Fern\u00e1ndez y Leandro Morillas. CWLab<\/p>\n<p><strong>19.30. <\/strong>Fin de la sesi\u00f3n<\/p>\n<p><strong>1 H. <\/strong>Publicaci\u00f3n del prototipo(s) (PNP)<\/p>\n<p><strong>&#8211; Viernes 23 <\/strong><\/p>\n<p><strong>16.30. <\/strong>Presentaci\u00f3n del trabajo y prototipo(s). Evaluaci\u00f3n y conclusiones (TP). Jury: Juan Freire, Juan Domingo Santos y otros invitados<\/p>\n<p><strong>19.30.<\/strong> Fin de la sesi\u00f3n y del taller<\/p>\n<p><strong>1 H. <\/strong> Publicaci\u00f3n de conclusiones (PNP)<\/p>\n<p>El t\u00edtulo de las conferencia es a modo indicativo y descriptivo del tema que interesa tratar.<\/p>\n<p><strong>TP:<\/strong> sesi\u00f3n te\u00f3rica presencial<\/p>\n<p><strong>PP:<\/strong> sesi\u00f3n practica presencial<\/p>\n<p><strong>PNP: <\/strong>sesi\u00f3n pr\u00e1ctica no presencial (online)<\/p>\n<p>Aqu\u00ed puedes descargarte el <a title=\"folleto\" href=\"http:\/\/practicasdigitales.unia.es\/images\/stories\/folletos_en_pdf\/folleto_imaginar_lo_domstico.pdf\" target=\"_blank\">folleto<\/a> del taller en pdf.<\/p>\n<p><strong><span style=\"color: #000000;\"><span style=\"text-decoration: underline;\">&#8211; Lugar de celebraci\u00f3n (c\u00f3mo llegar)<\/span><\/span><\/strong><\/p>\n<p>Sede Tecnol\u00f3gica de la UNIA<\/p>\n<p>Av\/ Severo Ochoa 16-20, planta 1\u00aa. M\u00e1laga Business &#8211; Park, Edificio Estepona,<br \/>\nParque Tecnol\u00f3gico de Andaluc\u00eda &#8211; Campanillas M\u00e1laga 29590.<\/p>\n<p>La l\u00ednea n\u00ba 25 de autobuses municipales conecta el Parque Tecnol\u00f3gico de Andaluc\u00eda (PTA) con el centro de M\u00e1laga, con una frecuencia de aproximadamente cada 20 minutos. <a href=\"http:\/\/www.emtmalaga.es\/\" target=\"_blank\">Horarios y tarifas<\/a>.<\/p>\n<p>La empresa privada Autocares Olmedo tambi\u00e9n realiza trayectos hasta el PTA. <a href=\"http:\/\/www.autocaresolmedo.com\/\" target=\"_blank\">Horarios y tarifas<\/a>.<\/p>\n<p><strong><span style=\"text-decoration: underline;\">&#8211; Matriculaci\u00f3n y becas<\/span><\/strong><\/p>\n<p><span style=\"text-decoration: underline;\">Importante:<\/span><\/p>\n<p>Matr\u00edcula y pago online <a href=\"http:\/\/www.unia.es\/component\/option,com_hotproperty\/task,view\/id,590\/Itemid,445\/\" target=\"_blank\">aqu\u00ed<\/a>. Precio: 60 \u20ac.<\/p>\n<p>La Universidad Internacional de Andaluc\u00eda ofrece becas por el 50% del importe del taller.<\/p>\n<p>Requisitos para la solicitud de beca:<\/p>\n<p>Impreso normalizado, disponible en: <a href=\"http:\/\/www.unia.es\/impresos\" target=\"_blank\">www.unia.es\/impresos<\/a>, y en cualquiera de las sedes de la UNIA.<\/p>\n<p>Fotocopia de la certificaci\u00f3n acad\u00e9mica personal u hoja informativa del expediente acad\u00e9mico.<\/p>\n<p>Fotocopia de la Declaraci\u00f3n de la Renta, del ejercicio 2009 o, en su defecto, declaraci\u00f3n jurada de los ingresos totales de la unidad familiar.<\/p>\n<p><strong>Plazo solicitud de beca:<\/strong> el plazo finaliza el pr\u00f3ximo <strong><span style=\"text-decoration: underline;\">5 de septiembre de 2011<\/span><\/strong>. En ning\u00fan caso las becas concedidas incluir\u00e1n las tasas de secretar\u00eda (8 \u20ac) que deber\u00e1n serabonadas por los alumnos. Una vez resueltas las becas, la UNIA se pondr\u00e1 en contacto con los interesados para comunicarles la resoluci\u00f3n. M\u00e1s informaci\u00f3n sobre matriculaci\u00f3n y becas en <a href=\"mailto:malaga@unia.es\">malaga@unia.es<\/a><\/p>\n<p><a href=\"http:\/\/practicasdigitales.unia.es\/talleres\/imaginar-lo-domestico-en-tiempo-de-redes.html#1%20Presentaci%C3%B3n\">Acceder a la noticia<\/a><\/p>\n<p>Noticia seleccionada por el Canal de arquitectura STEPIENYBARNO.<\/p>\n<p><a href=\"http:\/\/www.linkedin.com\/company\/stepienybarno\">STEPIENYBARNO EN LINKEDIN<\/a><\/p>\n<p><a href=\"http:\/\/twitter.com\/stepienybarno\/stepienybarno\">STEPIENYBARNO EN TWITTER<\/a><\/p>\n<p><a href=\"https:\/\/www.facebook.com\/StepienybarnoCANAL\">STEPIENYBARNO EN FACEBOOK<\/a><\/p>\n<p>*Stepienybarno est\u00e1 formado por Agnieszka Stepien y Lorenzo Barn\u00f3 y desde mayo del 2009 estamos en la red con\u00a0 la presente publicaci\u00f3n digital (Blog) de arquitectura.<\/p>\n<p>Nuestra actividad se sustenta en tres pilares b\u00e1sicos: la investigaci\u00f3n, la publicaci\u00f3n (comunicaci\u00f3n y difusi\u00f3n) y la redacci\u00f3n de proyectos de arquitectura.<\/p>\n<p>A su vez, somos socios cofundadores de <a href=\"http:\/\/sinergiasostenible.org\/\">SINERGIA SOSTENIBLE<\/a> y redactores de <a href=\"http:\/\/www.laciudadviva.org\/blogs\/?author=45\">LA CIUDAD VIVA<\/a>.<\/p>\n","protected":false},"excerpt":{"rendered":"<p>Desde el espacio-red de Pr\u00e1cticas y Culturas Digitales.<\/p>\n<p>Interesant\u00edsimo taller para los d\u00edas 19 &#8211; 23 de septiembre de 2011, en M\u00e1laga.<\/p>\n","protected":false},"author":2,"featured_media":0,"comment_status":"open","ping_status":"closed","sticky":false,"template":"","format":"standard","meta":{"om_disable_all_campaigns":false,"_monsterinsights_skip_tracking":false,"_monsterinsights_sitenote_active":false,"_monsterinsights_sitenote_note":"","_monsterinsights_sitenote_category":0,"_uf_show_specific_survey":0,"_uf_disable_surveys":false,"episode_type":"","audio_file":"","cover_image":"","cover_image_id":"","duration":"","filesize":"","date_recorded":"","explicit":"","block":"","filesize_raw":"","footnotes":""},"categories":[34,244],"tags":[1101,1100,1103,1105,648,514,1104,1106,1102],"series":[],"class_list":["post-3787","post","type-post","status-publish","format-standard","hentry","category-actualidad","category-canal-de-arquitectura","tag-culturas-digitales","tag-imaginar-lo-domestico","tag-javier-fernandez-garcia","tag-jose-perez-de-lama","tag-juan-domingo-santos","tag-juan-freire","tag-leandro-morillas-romero","tag-miguel-roser-ballester","tag-unia"],"aioseo_notices":[],"episode_featured_image":false,"episode_player_image":"https:\/\/stepienybarno.es\/blog\/wp-content\/uploads\/2020\/11\/stepienybarno-podcast-scaled.jpg","download_link":"","player_link":"","audio_player":false,"episode_data":{"playerMode":"dark","subscribeUrls":[],"rssFeedUrl":"https:\/\/stepienybarno.es\/blog\/feed\/podcast\/podcast-de-stepienybarno","embedCode":"<blockquote class=\"wp-embedded-content\" data-secret=\"9nvjhrHlsf\"><a href=\"https:\/\/stepienybarno.es\/blog\/2011\/07\/18\/imaginar-lo-domestico-en-tiempo-de-redes\/\">IMAGINAR LO DOM\u00c9STICO (EN TIEMPO DE REDES)<\/a><\/blockquote><iframe sandbox=\"allow-scripts\" security=\"restricted\" src=\"https:\/\/stepienybarno.es\/blog\/2011\/07\/18\/imaginar-lo-domestico-en-tiempo-de-redes\/embed\/#?secret=9nvjhrHlsf\" width=\"500\" height=\"350\" title=\"\u00abIMAGINAR LO DOM\u00c9STICO (EN TIEMPO DE REDES)\u00bb \u2014 Blog de STEPIEN Y BARNO - publicaci\u00f3n digital sobre arquitectura\" data-secret=\"9nvjhrHlsf\" frameborder=\"0\" marginwidth=\"0\" marginheight=\"0\" scrolling=\"no\" class=\"wp-embedded-content\"><\/iframe><script type=\"text\/javascript\">\n\/* <![CDATA[ *\/\n\/*! This file is auto-generated *\/\n!function(d,l){\"use strict\";l.querySelector&&d.addEventListener&&\"undefined\"!=typeof URL&&(d.wp=d.wp||{},d.wp.receiveEmbedMessage||(d.wp.receiveEmbedMessage=function(e){var t=e.data;if((t||t.secret||t.message||t.value)&&!\/[^a-zA-Z0-9]\/.test(t.secret)){for(var s,r,n,a=l.querySelectorAll('iframe[data-secret=\"'+t.secret+'\"]'),o=l.querySelectorAll('blockquote[data-secret=\"'+t.secret+'\"]'),c=new RegExp(\"^https?:$\",\"i\"),i=0;i<o.length;i++)o[i].style.display=\"none\";for(i=0;i<a.length;i++)s=a[i],e.source===s.contentWindow&&(s.removeAttribute(\"style\"),\"height\"===t.message?(1e3<(r=parseInt(t.value,10))?r=1e3:~~r<200&&(r=200),s.height=r):\"link\"===t.message&&(r=new URL(s.getAttribute(\"src\")),n=new URL(t.value),c.test(n.protocol))&&n.host===r.host&&l.activeElement===s&&(d.top.location.href=t.value))}},d.addEventListener(\"message\",d.wp.receiveEmbedMessage,!1),l.addEventListener(\"DOMContentLoaded\",function(){for(var e,t,s=l.querySelectorAll(\"iframe.wp-embedded-content\"),r=0;r<s.length;r++)(t=(e=s[r]).getAttribute(\"data-secret\"))||(t=Math.random().toString(36).substring(2,12),e.src+=\"#?secret=\"+t,e.setAttribute(\"data-secret\",t)),e.contentWindow.postMessage({message:\"ready\",secret:t},\"*\")},!1)))}(window,document);\n\/* ]]> *\/\n<\/script>\n"},"_links":{"self":[{"href":"https:\/\/stepienybarno.es\/blog\/wp-json\/wp\/v2\/posts\/3787"}],"collection":[{"href":"https:\/\/stepienybarno.es\/blog\/wp-json\/wp\/v2\/posts"}],"about":[{"href":"https:\/\/stepienybarno.es\/blog\/wp-json\/wp\/v2\/types\/post"}],"author":[{"embeddable":true,"href":"https:\/\/stepienybarno.es\/blog\/wp-json\/wp\/v2\/users\/2"}],"replies":[{"embeddable":true,"href":"https:\/\/stepienybarno.es\/blog\/wp-json\/wp\/v2\/comments?post=3787"}],"version-history":[{"count":5,"href":"https:\/\/stepienybarno.es\/blog\/wp-json\/wp\/v2\/posts\/3787\/revisions"}],"predecessor-version":[{"id":3793,"href":"https:\/\/stepienybarno.es\/blog\/wp-json\/wp\/v2\/posts\/3787\/revisions\/3793"}],"wp:attachment":[{"href":"https:\/\/stepienybarno.es\/blog\/wp-json\/wp\/v2\/media?parent=3787"}],"wp:term":[{"taxonomy":"category","embeddable":true,"href":"https:\/\/stepienybarno.es\/blog\/wp-json\/wp\/v2\/categories?post=3787"},{"taxonomy":"post_tag","embeddable":true,"href":"https:\/\/stepienybarno.es\/blog\/wp-json\/wp\/v2\/tags?post=3787"},{"taxonomy":"series","embeddable":true,"href":"https:\/\/stepienybarno.es\/blog\/wp-json\/wp\/v2\/series?post=3787"}],"curies":[{"name":"wp","href":"https:\/\/api.w.org\/{rel}","templated":true}]}}