{"id":3795,"date":"2011-07-19T09:19:29","date_gmt":"2011-07-19T07:19:29","guid":{"rendered":"https:\/\/www.stepienybarno.es\/blog\/?p=3795"},"modified":"2014-05-15T20:45:51","modified_gmt":"2014-05-15T18:45:51","slug":"%e2%80%9c%c2%bfhay-que-dar-a-la-gente-la-arquitectura-que-se-merece%e2%80%9d","status":"publish","type":"post","link":"https:\/\/stepienybarno.es\/blog\/2011\/07\/19\/%e2%80%9c%c2%bfhay-que-dar-a-la-gente-la-arquitectura-que-se-merece%e2%80%9d\/","title":{"rendered":"\u201c\u00bfHAY QUE DAR  A LA GENTE LA ARQUITECTURA QUE SE MERECE?\u201d"},"content":{"rendered":"<p align=\"center\"><img loading=\"lazy\" decoding=\"async\" class=\"aligncenter size-medium wp-image-3798\" title=\"hay que dar a la gente la arquitectura que se merece. Santiago Molina. La ciudad viva. Stepienybarno\" src=\"https:\/\/stepienybarno.es\/blog\/wp-content\/uploads\/2011\/07\/hay-que-dar-a-la-gente-la-arquitectura-que-se-merece.-Santiago-Molina.-La-ciudad-viva.-Stepienybarno1-348x350.jpg\" alt=\"hay que dar a la gente la arquitectura que se merece. Santiago Molina. La ciudad viva. Stepienybarno\" width=\"348\" height=\"350\" \/><\/p>\n<p style=\"text-align: -webkit-center;\">\n<p>Hoy rescatamos este bonito post de Santiago de Molina para La ciudad viva.<\/p>\n<p><!--more--><\/p>\n<p>\u201c(\u2026) la arquitectura tambi\u00e9n encuentra rentabilidad, de un modo m\u00e1s profundo, en las huellas que las obras dejan en la ciudad y la cultura (\u2026)\u201d<\/p>\n<p>\u201c(\u2026) Frente a una arquitectura que depositaba sus energ\u00edas en la imagen, y en la aceptaci\u00f3n devota por parte de la ciudadan\u00eda, peque\u00f1as intervenciones de rehabilitaci\u00f3n, de reactivaci\u00f3n de usos o reaprovechamiento de\u00a0 edificios existentes, se muestran hoy con una capacidad inusitada de activaci\u00f3n de zonas degradadas de la ciudad. (\u2026) Procesos que la alimentan y que son una fuente de oportunidades para la activaci\u00f3n no solo de la forma, sino de los ciudadanos y su compromiso con la arquitectura\u00bb.<\/p>\n<p><a href=\"http:\/\/www.laciudadviva.org\/blogs\/?p=10015\"><\/a><\/p>\n<p><a href=\"http:\/\/www.laciudadviva.org\/blogs\/?p=10015\">Acceder al art\u00edculo.<\/a><\/p>\n<p>Art\u00edculo seleccionado por el Canal de arquitectura STEPIENYBARNO.<\/p>\n<p><a href=\"http:\/\/www.linkedin.com\/company\/stepienybarno\">STEPIENYBARNO EN LINKEDIN<\/a><\/p>\n<p><a href=\"http:\/\/twitter.com\/stepienybarno\/stepienybarno\">STEPIENYBARNO EN TWITTER<\/a><\/p>\n<p><a href=\"https:\/\/www.facebook.com\/StepienybarnoCANAL\">STEPIENYBARNO EN FACEBOOK<\/a><\/p>\n<p>*Stepienybarno est\u00e1 formado por Agnieszka Stepien y Lorenzo Barn\u00f3 y desde mayo del 2009 estamos en la red con\u00a0 la presente publicaci\u00f3n digital (Blog) de arquitectura.<\/p>\n<p>Nuestra actividad se sustenta en tres pilares b\u00e1sicos: la investigaci\u00f3n, la publicaci\u00f3n (comunicaci\u00f3n y difusi\u00f3n) y la redacci\u00f3n de proyectos de arquitectura.<\/p>\n<p>A su vez, somos socios cofundadores de <a href=\"http:\/\/sinergiasostenible.org\/\">SINERGIA SOSTENIBLE<\/a> y redactores de <a href=\"http:\/\/www.laciudadviva.org\/blogs\/?author=45\">LA CIUDAD VIVA<\/a>.<\/p>\n","protected":false},"excerpt":{"rendered":"<p>Hoy rescatamos este bonito post de Santiago de Molina para La ciudad viva.<\/p>\n","protected":false},"author":2,"featured_media":0,"comment_status":"open","ping_status":"closed","sticky":false,"template":"","format":"standard","meta":{"om_disable_all_campaigns":false,"_monsterinsights_skip_tracking":false,"_monsterinsights_sitenote_active":false,"_monsterinsights_sitenote_note":"","_monsterinsights_sitenote_category":0,"_uf_show_specific_survey":0,"_uf_disable_surveys":false,"episode_type":"","audio_file":"","cover_image":"","cover_image_id":"","duration":"","filesize":"","date_recorded":"","explicit":"","block":"","filesize_raw":"","footnotes":""},"categories":[34,244,2976],"tags":[978,4274,132,187,54],"series":[],"class_list":["post-3795","post","type-post","status-publish","format-standard","hentry","category-actualidad","category-canal-de-arquitectura","category-profesion-arquitecto","tag-urbanismorealya","tag-actualidad","tag-la-ciudad-viva","tag-santiago-de-molina","tag-urbanismo-sostenible"],"aioseo_notices":[],"episode_featured_image":false,"episode_player_image":"https:\/\/stepienybarno.es\/blog\/wp-content\/uploads\/2020\/11\/stepienybarno-podcast-scaled.jpg","download_link":"","player_link":"","audio_player":false,"episode_data":{"playerMode":"dark","subscribeUrls":[],"rssFeedUrl":"https:\/\/stepienybarno.es\/blog\/feed\/podcast\/podcast-de-stepienybarno","embedCode":"<blockquote class=\"wp-embedded-content\" data-secret=\"VXTukH3ZwF\"><a href=\"https:\/\/stepienybarno.es\/blog\/2011\/07\/19\/%e2%80%9c%c2%bfhay-que-dar-a-la-gente-la-arquitectura-que-se-merece%e2%80%9d\/\">\u201c\u00bfHAY QUE DAR  A LA GENTE LA ARQUITECTURA QUE SE MERECE?\u201d<\/a><\/blockquote><iframe sandbox=\"allow-scripts\" security=\"restricted\" src=\"https:\/\/stepienybarno.es\/blog\/2011\/07\/19\/%e2%80%9c%c2%bfhay-que-dar-a-la-gente-la-arquitectura-que-se-merece%e2%80%9d\/embed\/#?secret=VXTukH3ZwF\" width=\"500\" height=\"350\" title=\"\u00ab\u201c\u00bfHAY QUE DAR  A LA GENTE LA ARQUITECTURA QUE SE MERECE?\u201d\u00bb \u2014 Blog de STEPIEN Y BARNO - publicaci\u00f3n digital sobre arquitectura\" data-secret=\"VXTukH3ZwF\" frameborder=\"0\" marginwidth=\"0\" marginheight=\"0\" scrolling=\"no\" class=\"wp-embedded-content\"><\/iframe><script type=\"text\/javascript\">\n\/* <![CDATA[ *\/\n\/*! This file is auto-generated *\/\n!function(d,l){\"use strict\";l.querySelector&&d.addEventListener&&\"undefined\"!=typeof URL&&(d.wp=d.wp||{},d.wp.receiveEmbedMessage||(d.wp.receiveEmbedMessage=function(e){var t=e.data;if((t||t.secret||t.message||t.value)&&!\/[^a-zA-Z0-9]\/.test(t.secret)){for(var s,r,n,a=l.querySelectorAll('iframe[data-secret=\"'+t.secret+'\"]'),o=l.querySelectorAll('blockquote[data-secret=\"'+t.secret+'\"]'),c=new RegExp(\"^https?:$\",\"i\"),i=0;i<o.length;i++)o[i].style.display=\"none\";for(i=0;i<a.length;i++)s=a[i],e.source===s.contentWindow&&(s.removeAttribute(\"style\"),\"height\"===t.message?(1e3<(r=parseInt(t.value,10))?r=1e3:~~r<200&&(r=200),s.height=r):\"link\"===t.message&&(r=new URL(s.getAttribute(\"src\")),n=new URL(t.value),c.test(n.protocol))&&n.host===r.host&&l.activeElement===s&&(d.top.location.href=t.value))}},d.addEventListener(\"message\",d.wp.receiveEmbedMessage,!1),l.addEventListener(\"DOMContentLoaded\",function(){for(var e,t,s=l.querySelectorAll(\"iframe.wp-embedded-content\"),r=0;r<s.length;r++)(t=(e=s[r]).getAttribute(\"data-secret\"))||(t=Math.random().toString(36).substring(2,12),e.src+=\"#?secret=\"+t,e.setAttribute(\"data-secret\",t)),e.contentWindow.postMessage({message:\"ready\",secret:t},\"*\")},!1)))}(window,document);\n\/* ]]> *\/\n<\/script>\n"},"_links":{"self":[{"href":"https:\/\/stepienybarno.es\/blog\/wp-json\/wp\/v2\/posts\/3795"}],"collection":[{"href":"https:\/\/stepienybarno.es\/blog\/wp-json\/wp\/v2\/posts"}],"about":[{"href":"https:\/\/stepienybarno.es\/blog\/wp-json\/wp\/v2\/types\/post"}],"author":[{"embeddable":true,"href":"https:\/\/stepienybarno.es\/blog\/wp-json\/wp\/v2\/users\/2"}],"replies":[{"embeddable":true,"href":"https:\/\/stepienybarno.es\/blog\/wp-json\/wp\/v2\/comments?post=3795"}],"version-history":[{"count":5,"href":"https:\/\/stepienybarno.es\/blog\/wp-json\/wp\/v2\/posts\/3795\/revisions"}],"predecessor-version":[{"id":3801,"href":"https:\/\/stepienybarno.es\/blog\/wp-json\/wp\/v2\/posts\/3795\/revisions\/3801"}],"wp:attachment":[{"href":"https:\/\/stepienybarno.es\/blog\/wp-json\/wp\/v2\/media?parent=3795"}],"wp:term":[{"taxonomy":"category","embeddable":true,"href":"https:\/\/stepienybarno.es\/blog\/wp-json\/wp\/v2\/categories?post=3795"},{"taxonomy":"post_tag","embeddable":true,"href":"https:\/\/stepienybarno.es\/blog\/wp-json\/wp\/v2\/tags?post=3795"},{"taxonomy":"series","embeddable":true,"href":"https:\/\/stepienybarno.es\/blog\/wp-json\/wp\/v2\/series?post=3795"}],"curies":[{"name":"wp","href":"https:\/\/api.w.org\/{rel}","templated":true}]}}