{"id":38008,"date":"2019-12-23T08:02:59","date_gmt":"2019-12-23T06:02:59","guid":{"rendered":"https:\/\/www.stepienybarno.es\/blog\/?p=38008"},"modified":"2019-12-21T01:02:38","modified_gmt":"2019-12-20T23:02:38","slug":"el-arquitecto-esta-desnudo","status":"publish","type":"post","link":"https:\/\/stepienybarno.es\/blog\/2019\/12\/23\/el-arquitecto-esta-desnudo\/","title":{"rendered":"El arquitecto est\u00e1 desnudo"},"content":{"rendered":"<p><img loading=\"lazy\" decoding=\"async\" class=\"size-full wp-image-38009 aligncenter\" src=\"https:\/\/stepienybarno.es\/blog\/wp-content\/uploads\/2019\/12\/stepienybarno-El-arquitecto-est\u00e1-desnudo-postdeldia.jpg\" alt=\"\" width=\"1400\" height=\"1442\" srcset=\"https:\/\/stepienybarno.es\/blog\/wp-content\/uploads\/2019\/12\/stepienybarno-El-arquitecto-est\u00e1-desnudo-postdeldia.jpg 1400w, https:\/\/stepienybarno.es\/blog\/wp-content\/uploads\/2019\/12\/stepienybarno-El-arquitecto-est\u00e1-desnudo-postdeldia-534x550.jpg 534w, https:\/\/stepienybarno.es\/blog\/wp-content\/uploads\/2019\/12\/stepienybarno-El-arquitecto-est\u00e1-desnudo-postdeldia-680x700.jpg 680w, https:\/\/stepienybarno.es\/blog\/wp-content\/uploads\/2019\/12\/stepienybarno-El-arquitecto-est\u00e1-desnudo-postdeldia-175x180.jpg 175w, https:\/\/stepienybarno.es\/blog\/wp-content\/uploads\/2019\/12\/stepienybarno-El-arquitecto-est\u00e1-desnudo-postdeldia-316x325.jpg 316w\" sizes=\"(max-width: 1400px) 100vw, 1400px\" \/><\/p>\n<h1>Por: Jaume Prat<\/h1>\n<h2>Fotograf\u00eda: Jaume Prat<\/h2>\n<h2>Desde: Fundaci\u00f3n Caja de Arquitectos<\/h2>\n<p><!--more--><\/p>\n<p>La arquitectura que hist\u00f3ricamente ha sido llamada y estudiada como tal es la representativa: grandes proyectos oficialistas y caros. De estos no hay tantos, as\u00ed que r\u00e1pidamente<sup data-num=\"1\">1<\/sup><strong>lleg\u00f3 el momento en que hubo m\u00e1s arquitectos que proyectos.<\/strong> En ese momento, la representaci\u00f3n y la cr\u00edtica de arquitectura se convierten en instrumentos de poder que ayuden a imponer la arquitectura elegida, y, m\u00e1s importante, al arquitecto de turno, a las mentes de los promotores que se la puedan pagar.<\/p>\n<p>Despu\u00e9s lleg\u00f3 la oposici\u00f3n: publicaciones con distribuciones limitad\u00edsimas. La oposici\u00f3n era (en pasado) minoritaria. La \u00fanica arma con la que cuenta (en presente) para imponer su criterio es <strong>el tiempo.<\/strong> \u00c9ste es el esquema actual. Todav\u00eda.<\/p>\n<p>&nbsp;<\/p>\n<p style=\"text-align: center;\">Acceder al Art\u00edculo <a href=\"http:\/\/bit.ly\/34Ovr60\" target=\"_blank\" rel=\"noopener noreferrer\">AQU\u00cd<\/a><\/p>\n<hr \/>\n<h5><strong>Autores del post: <a href=\"https:\/\/stepienybarno.es\/blog\/2011\/09\/04\/las-fortalezas-del-arquitecto\/\">Stepienybarno<\/a> _ Agnieszka Stepien y Lorenzo Barn\u00f3<\/strong><\/h5>\n<h5>Y como siempre, si te gust\u00f3 el post, estar\u00eda genial que lo compartas en tus redes sociales.<\/h5>\n<h5>A su vez, si todav\u00eda no est\u00e1s suscrito a nuestra Newsletter, te animamos a hacerlo en la casilla que tienes al terminar este art\u00edculo.<\/h5>\n<blockquote><p>Suscribirte a nuestro blog y recibe gratis nuestra gu\u00eda: 10 Ideas para vender m\u00e1s si eres arquitecto<\/p>\n<p>Acceder: <a href=\"http:\/\/bit.ly\/2fkkTS7\">http:\/\/bit.ly\/2fkkTS7<\/a><\/p>\n<p>Si te interesa contactar con nosotros para que te ayudemos a mejorar tu visibilidad online y, en consecuencia, mejorar tus oportunidades laborales, no dudes en escribirnos a: <a href=\"mailto:blog@stepienybarno.es\">blog@stepienybarno.es<\/a><\/p><\/blockquote>\n<p><em><a href=\"https:\/\/twitter.com\/stepienybarno\">Stepienybarno en TWITTER<\/a><\/em><\/p>\n<p><em><a href=\"https:\/\/twitter.com\/stepienybarno\">@stepienybarno (+ de 16.000 seguidores)<\/a><\/em><\/p>\n<p><em><a href=\"https:\/\/twitter.com\/stepienybarno?lang=es\">https:\/\/twitter.com\/stepienybarno?lang=es<\/a><\/em><\/p>\n<p><em><a href=\"https:\/\/www.facebook.com\/pages\/BLOG-DE-STEPIENYBARNO\/78001079029\">Stepienybarno en FACEBOOK (+ de 24<u>.000 seguidores)<\/u><\/a><\/em><\/p>\n<p><em><a href=\"https:\/\/www.facebook.com\/StepienyBarnoArquitecturaeIdentidadDigital\/\">https:\/\/www.facebook.com\/StepienyBarnoArquitecturaeIdentidadDigital\/<\/a><\/em><\/p>\n<p><em>Acceder a nuestro GRUPO CERRADO DE FACEBOOK sobre Identidad Digital para Arquitectos:<\/em><\/p>\n<p><em><a href=\"https:\/\/www.facebook.com\/groups\/IdentidadDigitalParaArquitectos\/\">https:\/\/www.facebook.com\/groups\/IdentidadDigitalParaArquitectos\/<\/a><\/em><\/p>\n<p><em>Suscr\u00edbete a nuestro canal de YOUTUBE: <a href=\"http:\/\/bit.ly\/2A1UtAd\">http:\/\/bit.ly\/2A1UtAd<\/a><\/em><\/p>\n<p>* <a href=\"https:\/\/stepienybarno.es\/blog\/2011\/09\/04\/las-fortalezas-del-arquitecto\/\">Stepienybarno<\/a> est\u00e1 formado por Agnieszka Stepien y Lorenzo Barn\u00f3 y desde mayo del 2009 estamos en la red con la presente publicaci\u00f3n digital (Blog) de arquitectura.<\/p>\n<p>Nuestra actividad se sustenta en tres pilares b\u00e1sicos: la investigaci\u00f3n, la publicaci\u00f3n y la redacci\u00f3n de proyectos de arquitectura.<\/p>\n<p>A su vez, somos socios cofundadores de <a href=\"http:\/\/sinergiasostenible.org\/\">SINERGIA SOSTENIBLE<\/a> y directores del blog de FUNDACI\u00d3N ARQUIA.<\/p>\n","protected":false},"excerpt":{"rendered":"<p>Por: Jaume Prat Fotograf\u00eda: Jaume Prat Desde: Fundaci\u00f3n Caja de<\/p>\n","protected":false},"author":2,"featured_media":38009,"comment_status":"open","ping_status":"closed","sticky":false,"template":"","format":"standard","meta":{"om_disable_all_campaigns":false,"_monsterinsights_skip_tracking":false,"_monsterinsights_sitenote_active":false,"_monsterinsights_sitenote_note":"","_monsterinsights_sitenote_category":0,"_uf_show_specific_survey":0,"_uf_disable_surveys":false,"episode_type":"","audio_file":"","cover_image":"","cover_image_id":"","duration":"","filesize":"","date_recorded":"","explicit":"","block":"","filesize_raw":"","footnotes":""},"categories":[244],"tags":[1375],"series":[],"class_list":["post-38008","post","type-post","status-publish","format-standard","has-post-thumbnail","hentry","category-canal-de-arquitectura","tag-jaume-prat-ortells"],"aioseo_notices":[],"episode_featured_image":"https:\/\/stepienybarno.es\/blog\/wp-content\/uploads\/2019\/12\/stepienybarno-El-arquitecto-est\u00e1-desnudo-postdeldia.jpg","episode_player_image":"https:\/\/stepienybarno.es\/blog\/wp-content\/uploads\/2020\/11\/stepienybarno-podcast-scaled.jpg","download_link":"","player_link":"","audio_player":false,"episode_data":{"playerMode":"dark","subscribeUrls":[],"rssFeedUrl":"https:\/\/stepienybarno.es\/blog\/feed\/podcast\/podcast-de-stepienybarno","embedCode":"<blockquote class=\"wp-embedded-content\" data-secret=\"yrJwcpbAyu\"><a href=\"https:\/\/stepienybarno.es\/blog\/2019\/12\/23\/el-arquitecto-esta-desnudo\/\">El arquitecto est\u00e1 desnudo<\/a><\/blockquote><iframe sandbox=\"allow-scripts\" security=\"restricted\" src=\"https:\/\/stepienybarno.es\/blog\/2019\/12\/23\/el-arquitecto-esta-desnudo\/embed\/#?secret=yrJwcpbAyu\" width=\"500\" height=\"350\" title=\"\u00abEl arquitecto est\u00e1 desnudo\u00bb \u2014 Blog de STEPIEN Y BARNO - publicaci\u00f3n digital sobre arquitectura\" data-secret=\"yrJwcpbAyu\" frameborder=\"0\" marginwidth=\"0\" marginheight=\"0\" scrolling=\"no\" class=\"wp-embedded-content\"><\/iframe><script type=\"text\/javascript\">\n\/* <![CDATA[ *\/\n\/*! This file is auto-generated *\/\n!function(d,l){\"use strict\";l.querySelector&&d.addEventListener&&\"undefined\"!=typeof URL&&(d.wp=d.wp||{},d.wp.receiveEmbedMessage||(d.wp.receiveEmbedMessage=function(e){var t=e.data;if((t||t.secret||t.message||t.value)&&!\/[^a-zA-Z0-9]\/.test(t.secret)){for(var s,r,n,a=l.querySelectorAll('iframe[data-secret=\"'+t.secret+'\"]'),o=l.querySelectorAll('blockquote[data-secret=\"'+t.secret+'\"]'),c=new RegExp(\"^https?:$\",\"i\"),i=0;i<o.length;i++)o[i].style.display=\"none\";for(i=0;i<a.length;i++)s=a[i],e.source===s.contentWindow&&(s.removeAttribute(\"style\"),\"height\"===t.message?(1e3<(r=parseInt(t.value,10))?r=1e3:~~r<200&&(r=200),s.height=r):\"link\"===t.message&&(r=new URL(s.getAttribute(\"src\")),n=new URL(t.value),c.test(n.protocol))&&n.host===r.host&&l.activeElement===s&&(d.top.location.href=t.value))}},d.addEventListener(\"message\",d.wp.receiveEmbedMessage,!1),l.addEventListener(\"DOMContentLoaded\",function(){for(var e,t,s=l.querySelectorAll(\"iframe.wp-embedded-content\"),r=0;r<s.length;r++)(t=(e=s[r]).getAttribute(\"data-secret\"))||(t=Math.random().toString(36).substring(2,12),e.src+=\"#?secret=\"+t,e.setAttribute(\"data-secret\",t)),e.contentWindow.postMessage({message:\"ready\",secret:t},\"*\")},!1)))}(window,document);\n\/* ]]> *\/\n<\/script>\n"},"_links":{"self":[{"href":"https:\/\/stepienybarno.es\/blog\/wp-json\/wp\/v2\/posts\/38008"}],"collection":[{"href":"https:\/\/stepienybarno.es\/blog\/wp-json\/wp\/v2\/posts"}],"about":[{"href":"https:\/\/stepienybarno.es\/blog\/wp-json\/wp\/v2\/types\/post"}],"author":[{"embeddable":true,"href":"https:\/\/stepienybarno.es\/blog\/wp-json\/wp\/v2\/users\/2"}],"replies":[{"embeddable":true,"href":"https:\/\/stepienybarno.es\/blog\/wp-json\/wp\/v2\/comments?post=38008"}],"version-history":[{"count":1,"href":"https:\/\/stepienybarno.es\/blog\/wp-json\/wp\/v2\/posts\/38008\/revisions"}],"predecessor-version":[{"id":38010,"href":"https:\/\/stepienybarno.es\/blog\/wp-json\/wp\/v2\/posts\/38008\/revisions\/38010"}],"wp:featuredmedia":[{"embeddable":true,"href":"https:\/\/stepienybarno.es\/blog\/wp-json\/wp\/v2\/media\/38009"}],"wp:attachment":[{"href":"https:\/\/stepienybarno.es\/blog\/wp-json\/wp\/v2\/media?parent=38008"}],"wp:term":[{"taxonomy":"category","embeddable":true,"href":"https:\/\/stepienybarno.es\/blog\/wp-json\/wp\/v2\/categories?post=38008"},{"taxonomy":"post_tag","embeddable":true,"href":"https:\/\/stepienybarno.es\/blog\/wp-json\/wp\/v2\/tags?post=38008"},{"taxonomy":"series","embeddable":true,"href":"https:\/\/stepienybarno.es\/blog\/wp-json\/wp\/v2\/series?post=38008"}],"curies":[{"name":"wp","href":"https:\/\/api.w.org\/{rel}","templated":true}]}}