{"id":38110,"date":"2019-12-24T08:01:52","date_gmt":"2019-12-24T06:01:52","guid":{"rendered":"https:\/\/www.stepienybarno.es\/blog\/?p=38110"},"modified":"2019-12-29T17:58:06","modified_gmt":"2019-12-29T15:58:06","slug":"menos-coches-menos-edificios-modernistas-mas-ciudades-para-la-gente","status":"publish","type":"post","link":"https:\/\/stepienybarno.es\/blog\/2019\/12\/24\/menos-coches-menos-edificios-modernistas-mas-ciudades-para-la-gente\/","title":{"rendered":"Menos coches. Menos edificios modernistas. M\u00e1s ciudades para la gente"},"content":{"rendered":"<div id=\"attachment_38111\" style=\"width: 730px\" class=\"wp-caption aligncenter\"><img loading=\"lazy\" decoding=\"async\" aria-describedby=\"caption-attachment-38111\" class=\"size-full wp-image-38111\" src=\"https:\/\/stepienybarno.es\/blog\/wp-content\/uploads\/2019\/12\/stepienybarno-Menos-coches.-Menos-edificios-modernistas.-M\u00e1s-ciudades-para-la-gente-postdeld\u00eda.jpg\" alt=\"\" width=\"720\" height=\"480\" srcset=\"https:\/\/stepienybarno.es\/blog\/wp-content\/uploads\/2019\/12\/stepienybarno-Menos-coches.-Menos-edificios-modernistas.-M\u00e1s-ciudades-para-la-gente-postdeld\u00eda.jpg 720w, https:\/\/stepienybarno.es\/blog\/wp-content\/uploads\/2019\/12\/stepienybarno-Menos-coches.-Menos-edificios-modernistas.-M\u00e1s-ciudades-para-la-gente-postdeld\u00eda-550x367.jpg 550w, https:\/\/stepienybarno.es\/blog\/wp-content\/uploads\/2019\/12\/stepienybarno-Menos-coches.-Menos-edificios-modernistas.-M\u00e1s-ciudades-para-la-gente-postdeld\u00eda-180x120.jpg 180w, https:\/\/stepienybarno.es\/blog\/wp-content\/uploads\/2019\/12\/stepienybarno-Menos-coches.-Menos-edificios-modernistas.-M\u00e1s-ciudades-para-la-gente-postdeld\u00eda-316x211.jpg 316w\" sizes=\"(max-width: 720px) 100vw, 720px\" \/><p id=\"caption-attachment-38111\" class=\"wp-caption-text\">Fotograf\u00eda: Jan Gehl en la calle de Alcal\u00e1, Madrid. Sebasti\u00e1n Ruiz<\/p><\/div>\n<h1>Por: Fernando Casado Ca\u00f1eque<\/h1>\n<h2>Fotograf\u00eda: Jan Gehl en la calle de Alcal\u00e1, Madrid. Sebasti\u00e1n Ruiz<\/h2>\n<h2>Desde: El Pa\u00eds<\/h2>\n<p><!--more--><\/p>\n<p>En los a\u00f1os cincuenta, un joven arquitecto dan\u00e9s casado con una psic\u00f3loga organizaba frecuentes cenas con sus respectivos colegas de profesi\u00f3n.<\/p>\n<p style=\"padding-left: 40px;\">\u00ab\u00bfC\u00f3mo es posible que ninguno de vosotros piense de que manera las estructuras f\u00edsicas de las ciudades influyen en el comportamiento humano?\u201d,<\/p>\n<p>preguntaban unos a otros. El intento de responder a esta pregunta deriv\u00f3 en una tesis doctoral, que a su vez origin\u00f3 una de las investigaciones m\u00e1s relevantes para entender c\u00f3mo dise\u00f1ar ciudades humanas.<\/p>\n<p><a href=\"https:\/\/en.wikipedia.org\/wiki\/Jan_Gehl\">Jan Gehl<\/a> dedic\u00f3 sus siguientes 50 a\u00f1os a mejorar la calidad de vida urbana rompiendo las fronteras entre la sociolog\u00eda, la psicolog\u00eda, la arquitectura y la planificaci\u00f3n urbana para proponer nuevos modelos de ciudad, m\u00e1s humanas, m\u00e1s articuladas, pensando en la gente como eje integrador. De ese proceso surgieron publicaciones que se han convertido en aut\u00e9nticas referencias del urbanismo humanista, como \u201c<a href=\"https:\/\/islandpress.org\/book\/life-between-buildings\">La vida entre edificios: usando el espacio p\u00fablico<\/a>\u201d o \u201c<a href=\"https:\/\/www.amazon.es\/Ciudades-para-gente-Jan-Gehl\/dp\/9879393805\">Ciudades para la Gente<\/a>\u201d.<\/p>\n<p>&nbsp;<\/p>\n<p style=\"text-align: center;\">Acceder al Art\u00edculo <a href=\"http:\/\/bit.ly\/2ZAgB1R\" target=\"_blank\" rel=\"noopener noreferrer\">AQU\u00cd<\/a><\/p>\n<hr \/>\n<h5><strong>Autores del post: <a href=\"https:\/\/stepienybarno.es\/blog\/2011\/09\/04\/las-fortalezas-del-arquitecto\/\">Stepienybarno<\/a> _ Agnieszka Stepien y Lorenzo Barn\u00f3<\/strong><\/h5>\n<h5>Y como siempre, si te gust\u00f3 el post, estar\u00eda genial que lo compartas en tus redes sociales.<\/h5>\n<h5>A su vez, si todav\u00eda no est\u00e1s suscrito a nuestra Newsletter, te animamos a hacerlo en la casilla que tienes al terminar este art\u00edculo.<\/h5>\n<blockquote><p>Suscribirte a nuestro blog y recibe gratis nuestra gu\u00eda: 10 Ideas para vender m\u00e1s si eres arquitecto<\/p>\n<p>Acceder: <a href=\"http:\/\/bit.ly\/2fkkTS7\">http:\/\/bit.ly\/2fkkTS7<\/a><\/p>\n<p>Si te interesa contactar con nosotros para que te ayudemos a mejorar tu visibilidad online y, en consecuencia, mejorar tus oportunidades laborales, no dudes en escribirnos a: <a href=\"mailto:blog@stepienybarno.es\">blog@stepienybarno.es<\/a><\/p><\/blockquote>\n<p><em><a href=\"https:\/\/twitter.com\/stepienybarno\">Stepienybarno en TWITTER<\/a><\/em><\/p>\n<p><em><a href=\"https:\/\/twitter.com\/stepienybarno\">@stepienybarno (+ de 16.000 seguidores)<\/a><\/em><\/p>\n<p><em><a href=\"https:\/\/twitter.com\/stepienybarno?lang=es\">https:\/\/twitter.com\/stepienybarno?lang=es<\/a><\/em><\/p>\n<p><em><a href=\"https:\/\/www.facebook.com\/pages\/BLOG-DE-STEPIENYBARNO\/78001079029\">Stepienybarno en FACEBOOK (+ de 24<u>.000 seguidores)<\/u><\/a><\/em><\/p>\n<p><em><a href=\"https:\/\/www.facebook.com\/StepienyBarnoArquitecturaeIdentidadDigital\/\">https:\/\/www.facebook.com\/StepienyBarnoArquitecturaeIdentidadDigital\/<\/a><\/em><\/p>\n<p><em>Acceder a nuestro GRUPO CERRADO DE FACEBOOK sobre Identidad Digital para Arquitectos:<\/em><\/p>\n<p><em><a href=\"https:\/\/www.facebook.com\/groups\/IdentidadDigitalParaArquitectos\/\">https:\/\/www.facebook.com\/groups\/IdentidadDigitalParaArquitectos\/<\/a><\/em><\/p>\n<p><em>Suscr\u00edbete a nuestro canal de YOUTUBE: <a href=\"http:\/\/bit.ly\/2A1UtAd\">http:\/\/bit.ly\/2A1UtAd<\/a><\/em><\/p>\n<p>* <a href=\"https:\/\/stepienybarno.es\/blog\/2011\/09\/04\/las-fortalezas-del-arquitecto\/\">Stepienybarno<\/a> est\u00e1 formado por Agnieszka Stepien y Lorenzo Barn\u00f3 y desde mayo del 2009 estamos en la red con la presente publicaci\u00f3n digital (Blog) de arquitectura.<\/p>\n<p>Nuestra actividad se sustenta en tres pilares b\u00e1sicos: la investigaci\u00f3n, la publicaci\u00f3n y la redacci\u00f3n de proyectos de arquitectura.<\/p>\n<p>A su vez, somos socios cofundadores de <a href=\"http:\/\/sinergiasostenible.org\/\">SINERGIA SOSTENIBLE<\/a> y directores del blog de FUNDACI\u00d3N ARQUIA.<\/p>\n","protected":false},"excerpt":{"rendered":"<p>Por: Fernando Casado Ca\u00f1eque Fotograf\u00eda: Jan Gehl en la calle<\/p>\n","protected":false},"author":2,"featured_media":38111,"comment_status":"open","ping_status":"closed","sticky":false,"template":"","format":"standard","meta":{"om_disable_all_campaigns":false,"_monsterinsights_skip_tracking":false,"_monsterinsights_sitenote_active":false,"_monsterinsights_sitenote_note":"","_monsterinsights_sitenote_category":0,"_uf_show_specific_survey":0,"_uf_disable_surveys":false,"episode_type":"","audio_file":"","cover_image":"","cover_image_id":"","duration":"","filesize":"","date_recorded":"","explicit":"","block":"","filesize_raw":"","footnotes":""},"categories":[244],"tags":[6401],"series":[],"class_list":["post-38110","post","type-post","status-publish","format-standard","has-post-thumbnail","hentry","category-canal-de-arquitectura","tag-jan-gehl"],"aioseo_notices":[],"episode_featured_image":"https:\/\/stepienybarno.es\/blog\/wp-content\/uploads\/2019\/12\/stepienybarno-Menos-coches.-Menos-edificios-modernistas.-M\u00e1s-ciudades-para-la-gente-postdeld\u00eda.jpg","episode_player_image":"https:\/\/stepienybarno.es\/blog\/wp-content\/uploads\/2020\/11\/stepienybarno-podcast-scaled.jpg","download_link":"","player_link":"","audio_player":false,"episode_data":{"playerMode":"dark","subscribeUrls":[],"rssFeedUrl":"https:\/\/stepienybarno.es\/blog\/feed\/podcast\/podcast-de-stepienybarno","embedCode":"<blockquote class=\"wp-embedded-content\" data-secret=\"cNqZ4AX6CF\"><a href=\"https:\/\/stepienybarno.es\/blog\/2019\/12\/24\/menos-coches-menos-edificios-modernistas-mas-ciudades-para-la-gente\/\">Menos coches. Menos edificios modernistas. M\u00e1s ciudades para la gente<\/a><\/blockquote><iframe sandbox=\"allow-scripts\" security=\"restricted\" src=\"https:\/\/stepienybarno.es\/blog\/2019\/12\/24\/menos-coches-menos-edificios-modernistas-mas-ciudades-para-la-gente\/embed\/#?secret=cNqZ4AX6CF\" width=\"500\" height=\"350\" title=\"\u00abMenos coches. Menos edificios modernistas. M\u00e1s ciudades para la gente\u00bb \u2014 Blog de STEPIEN Y BARNO - publicaci\u00f3n digital sobre arquitectura\" data-secret=\"cNqZ4AX6CF\" frameborder=\"0\" marginwidth=\"0\" marginheight=\"0\" scrolling=\"no\" class=\"wp-embedded-content\"><\/iframe><script type=\"text\/javascript\">\n\/* <![CDATA[ *\/\n\/*! This file is auto-generated *\/\n!function(d,l){\"use strict\";l.querySelector&&d.addEventListener&&\"undefined\"!=typeof URL&&(d.wp=d.wp||{},d.wp.receiveEmbedMessage||(d.wp.receiveEmbedMessage=function(e){var t=e.data;if((t||t.secret||t.message||t.value)&&!\/[^a-zA-Z0-9]\/.test(t.secret)){for(var s,r,n,a=l.querySelectorAll('iframe[data-secret=\"'+t.secret+'\"]'),o=l.querySelectorAll('blockquote[data-secret=\"'+t.secret+'\"]'),c=new RegExp(\"^https?:$\",\"i\"),i=0;i<o.length;i++)o[i].style.display=\"none\";for(i=0;i<a.length;i++)s=a[i],e.source===s.contentWindow&&(s.removeAttribute(\"style\"),\"height\"===t.message?(1e3<(r=parseInt(t.value,10))?r=1e3:~~r<200&&(r=200),s.height=r):\"link\"===t.message&&(r=new URL(s.getAttribute(\"src\")),n=new URL(t.value),c.test(n.protocol))&&n.host===r.host&&l.activeElement===s&&(d.top.location.href=t.value))}},d.addEventListener(\"message\",d.wp.receiveEmbedMessage,!1),l.addEventListener(\"DOMContentLoaded\",function(){for(var e,t,s=l.querySelectorAll(\"iframe.wp-embedded-content\"),r=0;r<s.length;r++)(t=(e=s[r]).getAttribute(\"data-secret\"))||(t=Math.random().toString(36).substring(2,12),e.src+=\"#?secret=\"+t,e.setAttribute(\"data-secret\",t)),e.contentWindow.postMessage({message:\"ready\",secret:t},\"*\")},!1)))}(window,document);\n\/* ]]> *\/\n<\/script>\n"},"_links":{"self":[{"href":"https:\/\/stepienybarno.es\/blog\/wp-json\/wp\/v2\/posts\/38110"}],"collection":[{"href":"https:\/\/stepienybarno.es\/blog\/wp-json\/wp\/v2\/posts"}],"about":[{"href":"https:\/\/stepienybarno.es\/blog\/wp-json\/wp\/v2\/types\/post"}],"author":[{"embeddable":true,"href":"https:\/\/stepienybarno.es\/blog\/wp-json\/wp\/v2\/users\/2"}],"replies":[{"embeddable":true,"href":"https:\/\/stepienybarno.es\/blog\/wp-json\/wp\/v2\/comments?post=38110"}],"version-history":[{"count":2,"href":"https:\/\/stepienybarno.es\/blog\/wp-json\/wp\/v2\/posts\/38110\/revisions"}],"predecessor-version":[{"id":38839,"href":"https:\/\/stepienybarno.es\/blog\/wp-json\/wp\/v2\/posts\/38110\/revisions\/38839"}],"wp:featuredmedia":[{"embeddable":true,"href":"https:\/\/stepienybarno.es\/blog\/wp-json\/wp\/v2\/media\/38111"}],"wp:attachment":[{"href":"https:\/\/stepienybarno.es\/blog\/wp-json\/wp\/v2\/media?parent=38110"}],"wp:term":[{"taxonomy":"category","embeddable":true,"href":"https:\/\/stepienybarno.es\/blog\/wp-json\/wp\/v2\/categories?post=38110"},{"taxonomy":"post_tag","embeddable":true,"href":"https:\/\/stepienybarno.es\/blog\/wp-json\/wp\/v2\/tags?post=38110"},{"taxonomy":"series","embeddable":true,"href":"https:\/\/stepienybarno.es\/blog\/wp-json\/wp\/v2\/series?post=38110"}],"curies":[{"name":"wp","href":"https:\/\/api.w.org\/{rel}","templated":true}]}}