{"id":3828,"date":"2011-07-25T09:31:42","date_gmt":"2011-07-25T07:31:42","guid":{"rendered":"https:\/\/www.stepienybarno.es\/blog\/?p=3828"},"modified":"2011-07-25T09:32:19","modified_gmt":"2011-07-25T07:32:19","slug":"siza-abrira-una-nueva-puerta-en-la-alhambra","status":"publish","type":"post","link":"https:\/\/stepienybarno.es\/blog\/2011\/07\/25\/siza-abrira-una-nueva-puerta-en-la-alhambra\/","title":{"rendered":"SIZA ABRIR\u00c1 UNA NUEVA PUERTA EN LA ALHAMBRA"},"content":{"rendered":"<p align=\"center\"><img loading=\"lazy\" decoding=\"async\" class=\"aligncenter size-full wp-image-3831\" title=\"Alvaro_Siza.Francisco Seco.Elpais.Stepienybarno\" src=\"https:\/\/stepienybarno.es\/blog\/wp-content\/uploads\/2011\/07\/Alvaro_Siza.Francisco-Seco.Elpais.Stepienybarno1.jpg\" alt=\"Alvaro_Siza.Francisco Seco.Elpais.Stepienybarno\" width=\"220\" height=\"329\" srcset=\"https:\/\/stepienybarno.es\/blog\/wp-content\/uploads\/2011\/07\/Alvaro_Siza.Francisco-Seco.Elpais.Stepienybarno1.jpg 220w, https:\/\/stepienybarno.es\/blog\/wp-content\/uploads\/2011\/07\/Alvaro_Siza.Francisco-Seco.Elpais.Stepienybarno1-120x180.jpg 120w\" sizes=\"(max-width: 220px) 100vw, 220px\" \/><\/p>\n<p>Aprovechando que hoy \u00c1varo Siza,\u00a0 nuestro arquitecto vivo m\u00e1s admirado, cumple 78 a\u00f1os, rescatamos este art\u00edculo del Pa\u00eds.<\/p>\n<p><!--more--><\/p>\n<p>\u00abAcept\u00e9 porque era un trabajo muy estimulante, incluso por las dificultades que entra\u00f1a\u00bb \u00c1lvaro Siza<\/p>\n<p>\u00abLa luz es uno de los elementos m\u00e1s importantes en la arquitectura. En la arquitectura isl\u00e1mica es un elemento tratado con una gran sabidur\u00eda. Tiene la funci\u00f3n de proporcionar confort t\u00e9rmico. En la Alhambra, la luz entra por el patio, sin grandes ventanas, para proteger de una iluminaci\u00f3n excesiva y del calor. La luz pasa a otro complejo o sala, donde es m\u00e1s controlada, y llega a zonas de penumbra. La iluminaci\u00f3n se desv\u00eda de una forma sabia y estimulante. La luz est\u00e1 muy controlada en las \u00e1reas de reposo. En nuestro trabajo trataremos la luz con el mismo cuidado\u00bb. \u00c1lvaro Siza<\/p>\n<p><a href=\"http:\/\/www.elpais.com\/articulo\/portada\/Siza\/abrira\/nueva\/puerta\/Alhambra\/elpepuculbab\/20110507elpbabpor_49\/Tes\">Acceder al art\u00edculo<\/a><\/p>\n<p>Por Francesc Relea V\u00eda_ El pa\u00eds<\/p>\n<p>Art\u00edculo seleccionado por el Canal de arquitectura STEPIENYBARNO.<\/p>\n<p><a href=\"http:\/\/www.linkedin.com\/company\/stepienybarno\">STEPIENYBARNO EN LINKEDIN<\/a><\/p>\n<p><a href=\"http:\/\/twitter.com\/stepienybarno\/stepienybarno\">STEPIENYBARNO EN TWITTER<\/a><\/p>\n<p><a href=\"https:\/\/www.facebook.com\/StepienybarnoCANAL\">STEPIENYBARNO EN FACEBOOK<\/a><\/p>\n<p>*Stepienybarno est\u00e1 formado por Agnieszka Stepien y Lorenzo Barn\u00f3 y desde mayo del 2009 estamos en la red con\u00a0 la presente publicaci\u00f3n digital (Blog) de arquitectura.<\/p>\n<p>Nuestra actividad se sustenta en tres pilares b\u00e1sicos: la investigaci\u00f3n, la publicaci\u00f3n (comunicaci\u00f3n y difusi\u00f3n) y la redacci\u00f3n de proyectos de arquitectura.<\/p>\n<p>A su vez, somos socios cofundadores de <a href=\"http:\/\/sinergiasostenible.org\/\">SINERGIA SOSTENIBLE<\/a> y redactores de <a href=\"http:\/\/www.laciudadviva.org\/blogs\/?author=45\">LA CIUDAD VIVA<\/a>.<\/p>\n","protected":false},"excerpt":{"rendered":"\n<p>Aprovechando que hoy \u00c1varo Siza,  nuestro arquitecto vivo m\u00e1s admirado, cumple 78 a\u00f1os, rescatamos este art\u00edculo del Pa\u00eds.<\/p>\n","protected":false},"author":2,"featured_media":0,"comment_status":"open","ping_status":"closed","sticky":false,"template":"","format":"standard","meta":{"om_disable_all_campaigns":false,"_monsterinsights_skip_tracking":false,"_monsterinsights_sitenote_active":false,"_monsterinsights_sitenote_note":"","_monsterinsights_sitenote_category":0,"_uf_show_specific_survey":0,"_uf_disable_surveys":false,"episode_type":"","audio_file":"","cover_image":"","cover_image_id":"","duration":"","filesize":"","date_recorded":"","explicit":"","block":"","filesize_raw":"","footnotes":""},"categories":[34,244],"tags":[4274,9,1115,1114],"series":[],"class_list":["post-3828","post","type-post","status-publish","format-standard","hentry","category-actualidad","category-canal-de-arquitectura","tag-actualidad","tag-arquitectura","tag-avaro-siza","tag-puerta-en-la-alhambra"],"aioseo_notices":[],"episode_featured_image":false,"episode_player_image":"https:\/\/stepienybarno.es\/blog\/wp-content\/uploads\/2020\/11\/stepienybarno-podcast-scaled.jpg","download_link":"","player_link":"","audio_player":false,"episode_data":{"playerMode":"dark","subscribeUrls":[],"rssFeedUrl":"https:\/\/stepienybarno.es\/blog\/feed\/podcast\/podcast-de-stepienybarno","embedCode":"<blockquote class=\"wp-embedded-content\" data-secret=\"cd55msN8tP\"><a href=\"https:\/\/stepienybarno.es\/blog\/2011\/07\/25\/siza-abrira-una-nueva-puerta-en-la-alhambra\/\">SIZA ABRIR\u00c1 UNA NUEVA PUERTA EN LA ALHAMBRA<\/a><\/blockquote><iframe sandbox=\"allow-scripts\" security=\"restricted\" src=\"https:\/\/stepienybarno.es\/blog\/2011\/07\/25\/siza-abrira-una-nueva-puerta-en-la-alhambra\/embed\/#?secret=cd55msN8tP\" width=\"500\" height=\"350\" title=\"\u00abSIZA ABRIR\u00c1 UNA NUEVA PUERTA EN LA ALHAMBRA\u00bb \u2014 Blog de STEPIEN Y BARNO - publicaci\u00f3n digital sobre arquitectura\" data-secret=\"cd55msN8tP\" frameborder=\"0\" marginwidth=\"0\" marginheight=\"0\" scrolling=\"no\" class=\"wp-embedded-content\"><\/iframe><script type=\"text\/javascript\">\n\/* <![CDATA[ *\/\n\/*! This file is auto-generated *\/\n!function(d,l){\"use strict\";l.querySelector&&d.addEventListener&&\"undefined\"!=typeof URL&&(d.wp=d.wp||{},d.wp.receiveEmbedMessage||(d.wp.receiveEmbedMessage=function(e){var t=e.data;if((t||t.secret||t.message||t.value)&&!\/[^a-zA-Z0-9]\/.test(t.secret)){for(var s,r,n,a=l.querySelectorAll('iframe[data-secret=\"'+t.secret+'\"]'),o=l.querySelectorAll('blockquote[data-secret=\"'+t.secret+'\"]'),c=new RegExp(\"^https?:$\",\"i\"),i=0;i<o.length;i++)o[i].style.display=\"none\";for(i=0;i<a.length;i++)s=a[i],e.source===s.contentWindow&&(s.removeAttribute(\"style\"),\"height\"===t.message?(1e3<(r=parseInt(t.value,10))?r=1e3:~~r<200&&(r=200),s.height=r):\"link\"===t.message&&(r=new URL(s.getAttribute(\"src\")),n=new URL(t.value),c.test(n.protocol))&&n.host===r.host&&l.activeElement===s&&(d.top.location.href=t.value))}},d.addEventListener(\"message\",d.wp.receiveEmbedMessage,!1),l.addEventListener(\"DOMContentLoaded\",function(){for(var e,t,s=l.querySelectorAll(\"iframe.wp-embedded-content\"),r=0;r<s.length;r++)(t=(e=s[r]).getAttribute(\"data-secret\"))||(t=Math.random().toString(36).substring(2,12),e.src+=\"#?secret=\"+t,e.setAttribute(\"data-secret\",t)),e.contentWindow.postMessage({message:\"ready\",secret:t},\"*\")},!1)))}(window,document);\n\/* ]]> *\/\n<\/script>\n"},"_links":{"self":[{"href":"https:\/\/stepienybarno.es\/blog\/wp-json\/wp\/v2\/posts\/3828"}],"collection":[{"href":"https:\/\/stepienybarno.es\/blog\/wp-json\/wp\/v2\/posts"}],"about":[{"href":"https:\/\/stepienybarno.es\/blog\/wp-json\/wp\/v2\/types\/post"}],"author":[{"embeddable":true,"href":"https:\/\/stepienybarno.es\/blog\/wp-json\/wp\/v2\/users\/2"}],"replies":[{"embeddable":true,"href":"https:\/\/stepienybarno.es\/blog\/wp-json\/wp\/v2\/comments?post=3828"}],"version-history":[{"count":2,"href":"https:\/\/stepienybarno.es\/blog\/wp-json\/wp\/v2\/posts\/3828\/revisions"}],"predecessor-version":[{"id":3832,"href":"https:\/\/stepienybarno.es\/blog\/wp-json\/wp\/v2\/posts\/3828\/revisions\/3832"}],"wp:attachment":[{"href":"https:\/\/stepienybarno.es\/blog\/wp-json\/wp\/v2\/media?parent=3828"}],"wp:term":[{"taxonomy":"category","embeddable":true,"href":"https:\/\/stepienybarno.es\/blog\/wp-json\/wp\/v2\/categories?post=3828"},{"taxonomy":"post_tag","embeddable":true,"href":"https:\/\/stepienybarno.es\/blog\/wp-json\/wp\/v2\/tags?post=3828"},{"taxonomy":"series","embeddable":true,"href":"https:\/\/stepienybarno.es\/blog\/wp-json\/wp\/v2\/series?post=3828"}],"curies":[{"name":"wp","href":"https:\/\/api.w.org\/{rel}","templated":true}]}}