{"id":3833,"date":"2011-07-26T09:01:24","date_gmt":"2011-07-26T07:01:24","guid":{"rendered":"https:\/\/www.stepienybarno.es\/blog\/?p=3833"},"modified":"2011-07-26T09:02:10","modified_gmt":"2011-07-26T07:02:10","slug":"4%c2%ba-numero-de-la-revista-iluminaciones","status":"publish","type":"post","link":"https:\/\/stepienybarno.es\/blog\/2011\/07\/26\/4%c2%ba-numero-de-la-revista-iluminaciones\/","title":{"rendered":"4\u00ba N\u00daMERO DE LA REVISTA ILUMINACIONES"},"content":{"rendered":"<p align=\"center\"><img loading=\"lazy\" decoding=\"async\" class=\"aligncenter size-medium wp-image-3836\" title=\"Portada_Iluminaciones 4 en stepienybarno fundaci\u00f3n arquitectura y sociedad\" src=\"https:\/\/stepienybarno.es\/blog\/wp-content\/uploads\/2011\/07\/Portada_Iluminaciones-4-en-stepienybarno-fundaci\u00f3n-arquitectura-y-sociedad-1-243x350.jpg\" alt=\"Portada_Iluminaciones 4 en stepienybarno fundaci\u00f3n arquitectura y sociedad\" width=\"243\" height=\"350\" \/><\/p>\n<p>Hace unos d\u00edas nos lleg\u00f3 el cuarto n\u00famero de la revista \u201c<em>Iluminaciones<\/em>\u201d donde se rinde homenaje a Walter Benjam\u00edn. Damos fe de que el ejemplar no tiene desperdicio y su lectura es m\u00e1s que recomendable.<\/p>\n<p><!--more--><\/p>\n<p>Desde la Fundaci\u00f3n Arquitectura y sociedad:<\/p>\n<p><em>\u201cSale a la calle el \u00faltimo n\u00famero de la revista de arquitectura y pensamiento, Iluminaciones, dedicado a la figura de Walter Benjamin<\/em>. <em>Ocho art\u00edculos de destacadas firmas internacionales rinden homenaje al te\u00f3rico alem\u00e1n.<\/em><\/p>\n<p><em>19.07.2011<\/em><\/p>\n<p>El cuarto n\u00famero de Iluminaciones se centra en la figura del escritor, te\u00f3rico y fil\u00f3sofo alem\u00e1n Walter Benjamin, que sobresali\u00f3 como reconocido ensayista. Algunos de sus textos m\u00e1s destacados son <em>El autor como productor<\/em>, <em>La obra de arte en la era de la reproducci\u00f3n mec\u00e1nica<\/em> e <em>Iluminaciones<\/em>, t\u00edtulo que homenajea la publicaci\u00f3n editada por la Fundaci\u00f3n Arquitectura y Sociedad.<\/p>\n<p>Como asegura en el editorial de la revista Juan Miguel Hern\u00e1ndez Le\u00f3n, director de la publicaci\u00f3n, era inevitable dedicar un n\u00famero a Walter Benjamin, \u201csin duda uno de los pensadores que mejor han sabido entender y explicar la arquitectura en el interior del entramado hist\u00f3rico, la arquitectura como el testimonio de un aut\u00e9ntico sue\u00f1o colectivo, como imagen y expresi\u00f3n de la realidad social\u201d.<\/p>\n<p>Destacan en este \u00faltimo n\u00famero las colaboraciones de Javier Calatrava, Juan Barja, Ana Lamata, Vincenzo Vitiello, Winfried Nerdinger, Patxi Lanceros, Eduardo Prieto y del propio Juan Miguel Hern\u00e1ndez Le\u00f3n.<\/p>\n<p>Iluminaciones es una revista cuatrimestral, coeditada por la Fundaci\u00f3n Arquitectura y Sociedad y el C\u00edrculo de Bellas Artes de Madrid, y cuyos ejes tem\u00e1ticos son la arquitectura, el pensamiento y la teor\u00eda de las artes y el urbanismo.<\/p>\n<p>Se trata de una publicaci\u00f3n que desde sus inicios ha apostado por la amplitud de miras, y por el debate riguroso y multidireccional de destacadas firmas de todo el mundo.<\/p>\n<p>Pod\u00e9is encontrar el editorial y el sumario del cuarto n\u00famero de <em>Iluminaciones<\/em> en <a href=\"http:\/\/www.arquitecturaysociedad.com\/revista-iluminaciones\/revista-iluminaciones-2\">la web de la fundaci\u00f3n Arquitectura y Sociedad. <\/a> \u201c<\/p>\n<p>Noticia seleccionada por el Canal de arquitectura STEPIENYBARNO.<\/p>\n<p><a href=\"http:\/\/www.linkedin.com\/company\/stepienybarno\">STEPIENYBARNO EN LINKEDIN<\/a><\/p>\n<p><a href=\"http:\/\/twitter.com\/stepienybarno\/stepienybarno\">STEPIENYBARNO EN TWITTER<\/a><\/p>\n<p><a href=\"https:\/\/www.facebook.com\/StepienybarnoCANAL\">STEPIENYBARNO EN FACEBOOK<\/a><\/p>\n<p>*Stepienybarno est\u00e1 formado por Agnieszka Stepien y Lorenzo Barn\u00f3 y desde mayo del 2009 estamos en la red con\u00a0 la presente publicaci\u00f3n digital (Blog) de arquitectura.<\/p>\n<p>Nuestra actividad se sustenta en tres pilares b\u00e1sicos: la investigaci\u00f3n, la publicaci\u00f3n (comunicaci\u00f3n y difusi\u00f3n) y la redacci\u00f3n de proyectos de arquitectura.<\/p>\n<p>A su vez, somos socios cofundadores de <a href=\"http:\/\/sinergiasostenible.org\/\">SINERGIA SOSTENIBLE<\/a> y redactores de <a href=\"http:\/\/www.laciudadviva.org\/blogs\/?author=45\">LA CIUDAD VIVA<\/a>.<\/p>\n","protected":false},"excerpt":{"rendered":"\n<p>Hace unos d\u00edas nos lleg\u00f3 el cuarto n\u00famero de la revista \u201cIluminaciones\u201d donde se rinde homenaje a Walter Benjam\u00edn. Damos fe de que el ejemplar no tiene desperdicio y su lectura es m\u00e1s que recomendable.<\/p>\n","protected":false},"author":2,"featured_media":0,"comment_status":"open","ping_status":"closed","sticky":false,"template":"","format":"standard","meta":{"om_disable_all_campaigns":false,"_monsterinsights_skip_tracking":false,"_monsterinsights_sitenote_active":false,"_monsterinsights_sitenote_note":"","_monsterinsights_sitenote_category":0,"_uf_show_specific_survey":0,"_uf_disable_surveys":false,"episode_type":"","audio_file":"","cover_image":"","cover_image_id":"","duration":"","filesize":"","date_recorded":"","explicit":"","block":"","filesize_raw":"","footnotes":""},"categories":[34,244],"tags":[4274,9,1025,1116],"series":[],"class_list":["post-3833","post","type-post","status-publish","format-standard","hentry","category-actualidad","category-canal-de-arquitectura","tag-actualidad","tag-arquitectura","tag-fundacion-arquitectura-y-sociedad","tag-revista-iluminaciones"],"aioseo_notices":[],"episode_featured_image":false,"episode_player_image":"https:\/\/stepienybarno.es\/blog\/wp-content\/uploads\/2020\/11\/stepienybarno-podcast-scaled.jpg","download_link":"","player_link":"","audio_player":false,"episode_data":{"playerMode":"dark","subscribeUrls":[],"rssFeedUrl":"https:\/\/stepienybarno.es\/blog\/feed\/podcast\/podcast-de-stepienybarno","embedCode":"<blockquote class=\"wp-embedded-content\" data-secret=\"xCtXSbzoBZ\"><a href=\"https:\/\/stepienybarno.es\/blog\/2011\/07\/26\/4%c2%ba-numero-de-la-revista-iluminaciones\/\">4\u00ba N\u00daMERO DE LA REVISTA ILUMINACIONES<\/a><\/blockquote><iframe sandbox=\"allow-scripts\" security=\"restricted\" src=\"https:\/\/stepienybarno.es\/blog\/2011\/07\/26\/4%c2%ba-numero-de-la-revista-iluminaciones\/embed\/#?secret=xCtXSbzoBZ\" width=\"500\" height=\"350\" title=\"\u00ab4\u00ba N\u00daMERO DE LA REVISTA ILUMINACIONES\u00bb \u2014 Blog de STEPIEN Y BARNO - publicaci\u00f3n digital sobre arquitectura\" data-secret=\"xCtXSbzoBZ\" frameborder=\"0\" marginwidth=\"0\" marginheight=\"0\" scrolling=\"no\" class=\"wp-embedded-content\"><\/iframe><script type=\"text\/javascript\">\n\/* <![CDATA[ *\/\n\/*! This file is auto-generated *\/\n!function(d,l){\"use strict\";l.querySelector&&d.addEventListener&&\"undefined\"!=typeof URL&&(d.wp=d.wp||{},d.wp.receiveEmbedMessage||(d.wp.receiveEmbedMessage=function(e){var t=e.data;if((t||t.secret||t.message||t.value)&&!\/[^a-zA-Z0-9]\/.test(t.secret)){for(var s,r,n,a=l.querySelectorAll('iframe[data-secret=\"'+t.secret+'\"]'),o=l.querySelectorAll('blockquote[data-secret=\"'+t.secret+'\"]'),c=new RegExp(\"^https?:$\",\"i\"),i=0;i<o.length;i++)o[i].style.display=\"none\";for(i=0;i<a.length;i++)s=a[i],e.source===s.contentWindow&&(s.removeAttribute(\"style\"),\"height\"===t.message?(1e3<(r=parseInt(t.value,10))?r=1e3:~~r<200&&(r=200),s.height=r):\"link\"===t.message&&(r=new URL(s.getAttribute(\"src\")),n=new URL(t.value),c.test(n.protocol))&&n.host===r.host&&l.activeElement===s&&(d.top.location.href=t.value))}},d.addEventListener(\"message\",d.wp.receiveEmbedMessage,!1),l.addEventListener(\"DOMContentLoaded\",function(){for(var e,t,s=l.querySelectorAll(\"iframe.wp-embedded-content\"),r=0;r<s.length;r++)(t=(e=s[r]).getAttribute(\"data-secret\"))||(t=Math.random().toString(36).substring(2,12),e.src+=\"#?secret=\"+t,e.setAttribute(\"data-secret\",t)),e.contentWindow.postMessage({message:\"ready\",secret:t},\"*\")},!1)))}(window,document);\n\/* ]]> *\/\n<\/script>\n"},"_links":{"self":[{"href":"https:\/\/stepienybarno.es\/blog\/wp-json\/wp\/v2\/posts\/3833"}],"collection":[{"href":"https:\/\/stepienybarno.es\/blog\/wp-json\/wp\/v2\/posts"}],"about":[{"href":"https:\/\/stepienybarno.es\/blog\/wp-json\/wp\/v2\/types\/post"}],"author":[{"embeddable":true,"href":"https:\/\/stepienybarno.es\/blog\/wp-json\/wp\/v2\/users\/2"}],"replies":[{"embeddable":true,"href":"https:\/\/stepienybarno.es\/blog\/wp-json\/wp\/v2\/comments?post=3833"}],"version-history":[{"count":2,"href":"https:\/\/stepienybarno.es\/blog\/wp-json\/wp\/v2\/posts\/3833\/revisions"}],"predecessor-version":[{"id":3837,"href":"https:\/\/stepienybarno.es\/blog\/wp-json\/wp\/v2\/posts\/3833\/revisions\/3837"}],"wp:attachment":[{"href":"https:\/\/stepienybarno.es\/blog\/wp-json\/wp\/v2\/media?parent=3833"}],"wp:term":[{"taxonomy":"category","embeddable":true,"href":"https:\/\/stepienybarno.es\/blog\/wp-json\/wp\/v2\/categories?post=3833"},{"taxonomy":"post_tag","embeddable":true,"href":"https:\/\/stepienybarno.es\/blog\/wp-json\/wp\/v2\/tags?post=3833"},{"taxonomy":"series","embeddable":true,"href":"https:\/\/stepienybarno.es\/blog\/wp-json\/wp\/v2\/series?post=3833"}],"curies":[{"name":"wp","href":"https:\/\/api.w.org\/{rel}","templated":true}]}}