{"id":3855,"date":"2011-07-29T08:57:50","date_gmt":"2011-07-29T06:57:50","guid":{"rendered":"https:\/\/www.stepienybarno.es\/blog\/?p=3855"},"modified":"2021-03-28T22:02:28","modified_gmt":"2021-03-28T20:02:28","slug":"expectativas-laborales-para-jovenes-arquitectos","status":"publish","type":"post","link":"https:\/\/stepienybarno.es\/blog\/2011\/07\/29\/expectativas-laborales-para-jovenes-arquitectos\/","title":{"rendered":"EXPECTATIVAS LABORALES PARA J\u00d3VENES ARQUITECTOS."},"content":{"rendered":"<p align=\"center\"><img loading=\"lazy\" decoding=\"async\" class=\"aligncenter size-medium wp-image-3856\" title=\"Expectativas laborales para jovenes arquitectos _ burbuja_by_mzorotov1 _ stepienybarno 500\" src=\"https:\/\/stepienybarno.es\/blog\/wp-content\/uploads\/2011\/07\/Expectativas-laborales-para-jovenes-arquitectos-_-burbuja_by_mzorotov1-_-stepienybarno-500--350x266.jpg\" alt=\"Expectativas laborales para jovenes arquitectos _ burbuja_by_mzorotov1 _ stepienybarno 500\" width=\"350\" height=\"266\" \/><\/p>\n<p>&nbsp;<\/p>\n<div class=\"blog\">No es la primera vez que desde\u00a0<i><a href=\"http:\/\/www.stepienybarno.es\/blog\/\">Stepienybarno<\/a>\u00a0<\/i>nos adentramos en ese complicado punto de inflexi\u00f3n que se produce cuando el alumno de arquitectura termina la carrera y prepara su desembarco en el d\u00eda a d\u00eda de la profesi\u00f3n. Pero hoy, si os anim\u00e1is,\u00a0vamos a dar un pasito m\u00e1s y veremos qu\u00e9 puede hacer cuando ya est\u00e1 en la calle y tiene que entrar en la jaur\u00eda laboral que se produce a la hora de conseguir un encargo de arquitectura.<\/div>\n<p><!--more--><\/p>\n<div class=\"blog\">Tantos a\u00f1os estudiando, tanto dinero invertido por sus familias y, supuestamente, tener un titulo de cierto prestigio, deber\u00eda dar cierta seguridad laboral o, por lo menos, alg\u00fan tipo de expectativa.<\/div>\n<h1>1 Encargos<\/h1>\n<div class=\"blog\">La realidad creemos que es bien distinta pues a d\u00eda de hoy, seguramente, estamos hablando de una de las carreras con menos salidas laborales que existe, por lo menos en territorio nacional.<\/div>\n<div class=\"blog\">Est\u00e9s comenzando o no,\u00a0<b>conseguir hoy un encargo de un proyecto de arquitectura,<\/b>\u00a0<b>no es tarea f\u00e1cil.<\/b>\u00a0<b>Como dice un amigo nuestro, quiz\u00e1s \u201csean tiempos de conformarse, simplemente, con flotar\u201d.\u00a0<\/b>Aunque la ilusi\u00f3n es lo \u00faltimo que hay que perder, conviene ser conscientes de c\u00f3mo est\u00e1 el patio, para no aspirar a logros que, realmente, son imposibles.<b><\/b><\/div>\n<div class=\"blog\">La realidad que nos han vendido en las escuelas est\u00e1 bastante alejada de la misma. La ense\u00f1anza en la mayor\u00eda de las ocasiones no ha cambiado desde hace 20 a\u00f1os, y ni la crisis ni las nuevas formas de habitar est\u00e1n muy presentes en los planes de estudio de nuestras universidades de arquitectura. Los programas de las asignaturas siguen retomando viejos\u00a0<i>clich\u00e9s<\/i>\u00a0y se siguen proponiendo proyectos de museos y unifamiliares. Creemos que hace falta un cambio de ra\u00edz, y que una asignatura que facilit\u00e9 el desembarco al mundo profesional, es m\u00e1s necesaria que nunca.<\/div>\n<div class=\"blog\">Pero si, en cambio, seguimos pensando que la salida mayoritaria sigue siendo ganar concursos y conseguir encargos privados para hacer casitas, cueste lo que cueste, vamos dados.<\/div>\n<div class=\"blog\">Aun as\u00ed, seguro que m\u00e1s de uno dir\u00e1 \u201csiempre quedar\u00e1n los primos y esos amigos de nuestros padres que nos han elogiado sin cesar durante la carrera.\u201d \u00bfAlguno de ellos querr\u00e1 hacerse algo?\u00a0<b>Seguramente quieren, pero\u2026 simplemente no tienen dinero.\u00a0<\/b>De hecho, si tienen alg\u00fan euro guardado en el calcet\u00edn, vemos complicado que sea empleado para pagar los justos honorarios del arquitecto. De hecho, es probable, que le intenten dar la vuelta a la tortilla y \u201c<b>ya que el joven arquitecto est\u00e1 empezando casi que le hacemos un favor dej\u00e1ndole que coja un poco de experiencia\u201d.\u00a0<\/b>En cuatro d\u00edas nos van a pedir pagar por proyectar, y si no, al tiempo.<\/div>\n<h1>2 El d\u00eda a d\u00eda de la profesi\u00f3n<\/h1>\n<div class=\"blog\">De hecho,\u00a0<b>lo de pagar es lo que no te quita nadie<\/b>. En cuanto levantes el dedo avisando que ya eres uno m\u00e1s del colectivo y tienes intenci\u00f3n de firmar cualquier cosa, cuando menos tendr\u00e1s que preparar un montoncito de euros para la\u00a0<b><i>hermandad\u00a0<\/i><\/b>(equivalente a la seguridad social), otro para\u00a0<b><i>Asemas\u00a0<\/i><\/b>(para que duermas tranquilo, en caso de que construyas algo), otro para las\u00a0<b>cuotas de colegiaci\u00f3n<\/b>\u00a0y, si te animas a ponerte en condiciones, no te olvides de prever los\u00a0<b>gastos<\/b>\u00a0del estudio, alquiler del mismo, material, equipos y dem\u00e1s zarandajas.<\/div>\n<div class=\"blog\">Solo echar cuentas de lo que supone subir la persiana cada mes, ya puede quitar el hipo a m\u00e1s de uno. Todo un fest\u00edn para los tiempos que corren. Pero si en vez de esta opci\u00f3n, buscas trabajo en alg\u00fan estudio, puede que tengas suerte o\u00a0<i><a href=\"http:\/\/www.elpais.com\/articulo\/sociedad\/Han\/destrozado\/todas\/expectativas\/elpepusoc\/20100728elpepusoc_1\/Tes\">puede que no<\/a><\/i>. De momento, es f\u00e1cil que te ofrezcan trabajar miles de horas por una cantidad m\u00e1s bien m\u00f3dica. Demasiados estudios tienen malas costumbres. Como comenta\u00a0<b><i>Kazuyo Sejima<\/i><\/b>, \u201ctrabajamos quince horas al d\u00eda. Comemos, cenamos y, a veces, dormimos en el estudio\u201d, con la sospecha puesta en que este plural, m\u00e1s de una vez, ser\u00e1 un plural mayest\u00e1tico.<\/div>\n<div class=\"blog\">Aqu\u00ed tambi\u00e9n son tiempos, realmente, complicados. As\u00ed que, si viendo c\u00f3mo esta el percal, finalmente te animas a<b>\u00a0seguir estudiando\u00a0<\/b>y \u201cdurante los a\u00f1os de crisis hacer algo de provecho\u201d. Pues m\u00e1s dinero al canto. Ver\u00e1s un maremagnun de Masters que pueden costarte desde m\u00f3dicas cantidades hasta varios miles de euros al a\u00f1o la broma.<\/div>\n<div class=\"blog\"><\/div>\n<div class=\"blog\">Pero bueno,\u00a0<b>os extra\u00f1ar\u00e1 que no hablemos de<\/b>\u00a0<b>promotores<\/b>. Seguro que s\u00ed. Pues no lo hemos hecho, ni lo vamos a hacer, porque entendemos que, por lo menos, en los pr\u00f3ximos a\u00f1os van a estar bastante contenidos, y lo poco que hagan lo har\u00e1n con arquitectos de su confianza.<\/div>\n<h1><strong>3 ventas y marketing.<\/strong><\/h1>\n<div class=\"blog\">Por todo ello (y mucho m\u00e1s), pensamos que en las\u00a0<b>escuelas de arquitectura<\/b>\u00a0<b>se tiene que abordar el tema de lleno.\u00a0<\/b>Por un lado,\u00a0<b>realizando un<\/b>\u00a0<b>cambio de mentalidad en el pleno de las asignaturas<\/b>, no podemos seguir haciendo solo edificios p\u00fablicos (tipo icono) en la asignatura de proyectos. No se puede seguir dejando a los alumnos al borde del precipicio para que se las apa\u00f1en como puedan. Si no somos capaces de darles un paraca\u00eddas, por lo menos ense\u00f1\u00e9mosles a construirlo. Como nombre, para esta asignatura de la que habl\u00e1bamos al principio del art\u00edculo que ayude en el desembarco profesional al joven arquitecto, no vemos mal el t\u00edtulo del post de Jos\u00e9 Javier Quintana: \u00bf<a href=\"http:\/\/bsarethinkingarchitecture.com\/2011\/04\/18\/como-ser-un-arquitecto-del-siglo-xxi-y-no-morir-en-el-intento\/\">c\u00f3mo ser arquitecto y no morir en el intento<\/a>? As\u00ed que, esperando el apoyo de m\u00e1s de uno, la\u00a0<b>proponemos como materia de estudio obligatoria\u00a0<\/b>(pensada como un manual b\u00e1sico de supervivencia), y, por supuesto, sin ninguna pretensi\u00f3n de ser una \u201c<i>mar\u00eda<\/i>\u201d. A su vez, damos por hecho que nuestra petici\u00f3n no va a ser tomada muy en cuenta, pero bueno, as\u00ed entre nosotros\u2026 \u00bfcre\u00e9is, realmente, que se pudiera incorporar en los nuevos planes de estudios de la carrera?<\/div>\n<div>Con todo ello, creemos que debemos apostar por una formaci\u00f3n mucho m\u00e1s pr\u00e1ctica y en la que los reci\u00e9n titulados salgan al mercado laboral sabiendo tambi\u00e9n de otras \u00e1reas como<strong> ventas y marketing.<\/strong><\/div>\n<p><iframe loading=\"lazy\" title=\"YouTube video player\" src=\"https:\/\/www.youtube.com\/embed\/FFs7IU0AxDk\" width=\"1366\" height=\"480\" frameborder=\"0\" allowfullscreen=\"allowfullscreen\"><\/iframe><\/p>\n<div class=\"blog\">Si veis que hemos sido demasiado derrotistas, hac\u00e9rnoslo saber y estaremos encantados de que nos deis una visi\u00f3n de la jugada un poco m\u00e1s alegre para que entre todos podamos levantar un poco el \u00e1nimo!<\/div>\n","protected":false},"excerpt":{"rendered":"\n<p>Hoy os animamos a echar el ojo  al art\u00edculo que hemos publicado en exclusiva, desde Stepienybarno,  para la joven y prometedora publicaci\u00f3n digital de arquitectura: Arkitiriteros. Se trata de un blog colaborativo que va a dar mucho que hablar en breve.<\/p>\n<p>Desde aqu\u00ed agradecer, nuevamente, la invitaci\u00f3n que nos hicieron para poder colaborar con ellos. \u00a1Ojal\u00e1 os guste!<\/p>\n","protected":false},"author":2,"featured_media":0,"comment_status":"open","ping_status":"closed","sticky":false,"template":"","format":"standard","meta":{"om_disable_all_campaigns":false,"_monsterinsights_skip_tracking":false,"_monsterinsights_sitenote_active":false,"_monsterinsights_sitenote_note":"","_monsterinsights_sitenote_category":0,"_uf_show_specific_survey":0,"_uf_disable_surveys":false,"episode_type":"audio","audio_file":"","cover_image":"","cover_image_id":"","duration":"","filesize":"","date_recorded":"","explicit":"","block":"","filesize_raw":"","footnotes":""},"categories":[34,4,27,2976],"tags":[4274,9,65,104],"series":[],"class_list":["post-3855","post","type-post","status-publish","format-standard","hentry","category-actualidad","category-arquilectura","category-nueva-era-digital","category-profesion-arquitecto","tag-actualidad","tag-arquitectura","tag-educacion","tag-ensenanza-de-arquitectura"],"aioseo_notices":[],"episode_featured_image":false,"episode_player_image":"https:\/\/stepienybarno.es\/blog\/wp-content\/uploads\/2020\/11\/stepienybarno-podcast-scaled.jpg","download_link":"","player_link":"","audio_player":false,"episode_data":{"playerMode":"dark","subscribeUrls":[],"rssFeedUrl":"https:\/\/stepienybarno.es\/blog\/feed\/podcast\/podcast-de-stepienybarno","embedCode":"<blockquote class=\"wp-embedded-content\" data-secret=\"WgV7z7srTc\"><a href=\"https:\/\/stepienybarno.es\/blog\/2011\/07\/29\/expectativas-laborales-para-jovenes-arquitectos\/\">EXPECTATIVAS LABORALES PARA J\u00d3VENES ARQUITECTOS.<\/a><\/blockquote><iframe sandbox=\"allow-scripts\" security=\"restricted\" src=\"https:\/\/stepienybarno.es\/blog\/2011\/07\/29\/expectativas-laborales-para-jovenes-arquitectos\/embed\/#?secret=WgV7z7srTc\" width=\"500\" height=\"350\" title=\"\u00abEXPECTATIVAS LABORALES PARA J\u00d3VENES ARQUITECTOS.\u00bb \u2014 Blog de STEPIEN Y BARNO - publicaci\u00f3n digital sobre arquitectura\" data-secret=\"WgV7z7srTc\" frameborder=\"0\" marginwidth=\"0\" marginheight=\"0\" scrolling=\"no\" class=\"wp-embedded-content\"><\/iframe><script type=\"text\/javascript\">\n\/* <![CDATA[ *\/\n\/*! This file is auto-generated *\/\n!function(d,l){\"use strict\";l.querySelector&&d.addEventListener&&\"undefined\"!=typeof URL&&(d.wp=d.wp||{},d.wp.receiveEmbedMessage||(d.wp.receiveEmbedMessage=function(e){var t=e.data;if((t||t.secret||t.message||t.value)&&!\/[^a-zA-Z0-9]\/.test(t.secret)){for(var s,r,n,a=l.querySelectorAll('iframe[data-secret=\"'+t.secret+'\"]'),o=l.querySelectorAll('blockquote[data-secret=\"'+t.secret+'\"]'),c=new RegExp(\"^https?:$\",\"i\"),i=0;i<o.length;i++)o[i].style.display=\"none\";for(i=0;i<a.length;i++)s=a[i],e.source===s.contentWindow&&(s.removeAttribute(\"style\"),\"height\"===t.message?(1e3<(r=parseInt(t.value,10))?r=1e3:~~r<200&&(r=200),s.height=r):\"link\"===t.message&&(r=new URL(s.getAttribute(\"src\")),n=new URL(t.value),c.test(n.protocol))&&n.host===r.host&&l.activeElement===s&&(d.top.location.href=t.value))}},d.addEventListener(\"message\",d.wp.receiveEmbedMessage,!1),l.addEventListener(\"DOMContentLoaded\",function(){for(var e,t,s=l.querySelectorAll(\"iframe.wp-embedded-content\"),r=0;r<s.length;r++)(t=(e=s[r]).getAttribute(\"data-secret\"))||(t=Math.random().toString(36).substring(2,12),e.src+=\"#?secret=\"+t,e.setAttribute(\"data-secret\",t)),e.contentWindow.postMessage({message:\"ready\",secret:t},\"*\")},!1)))}(window,document);\n\/* ]]> *\/\n<\/script>\n"},"_links":{"self":[{"href":"https:\/\/stepienybarno.es\/blog\/wp-json\/wp\/v2\/posts\/3855"}],"collection":[{"href":"https:\/\/stepienybarno.es\/blog\/wp-json\/wp\/v2\/posts"}],"about":[{"href":"https:\/\/stepienybarno.es\/blog\/wp-json\/wp\/v2\/types\/post"}],"author":[{"embeddable":true,"href":"https:\/\/stepienybarno.es\/blog\/wp-json\/wp\/v2\/users\/2"}],"replies":[{"embeddable":true,"href":"https:\/\/stepienybarno.es\/blog\/wp-json\/wp\/v2\/comments?post=3855"}],"version-history":[{"count":10,"href":"https:\/\/stepienybarno.es\/blog\/wp-json\/wp\/v2\/posts\/3855\/revisions"}],"predecessor-version":[{"id":46989,"href":"https:\/\/stepienybarno.es\/blog\/wp-json\/wp\/v2\/posts\/3855\/revisions\/46989"}],"wp:attachment":[{"href":"https:\/\/stepienybarno.es\/blog\/wp-json\/wp\/v2\/media?parent=3855"}],"wp:term":[{"taxonomy":"category","embeddable":true,"href":"https:\/\/stepienybarno.es\/blog\/wp-json\/wp\/v2\/categories?post=3855"},{"taxonomy":"post_tag","embeddable":true,"href":"https:\/\/stepienybarno.es\/blog\/wp-json\/wp\/v2\/tags?post=3855"},{"taxonomy":"series","embeddable":true,"href":"https:\/\/stepienybarno.es\/blog\/wp-json\/wp\/v2\/series?post=3855"}],"curies":[{"name":"wp","href":"https:\/\/api.w.org\/{rel}","templated":true}]}}