{"id":3864,"date":"2011-08-02T08:55:29","date_gmt":"2011-08-02T06:55:29","guid":{"rendered":"https:\/\/www.stepienybarno.es\/blog\/?p=3864"},"modified":"2011-08-02T08:56:11","modified_gmt":"2011-08-02T06:56:11","slug":"residencia-la-cristalera-de-alejandro-de-la-sota","status":"publish","type":"post","link":"https:\/\/stepienybarno.es\/blog\/2011\/08\/02\/residencia-la-cristalera-de-alejandro-de-la-sota\/","title":{"rendered":"RESIDENCIA LA CRISTALERA DE ALEJANDRO DE LA SOTA."},"content":{"rendered":"<p align=\"left\">\n<p align=\"center\"><img loading=\"lazy\" decoding=\"async\" class=\"aligncenter size-full wp-image-3865\" title=\"RESIDENCIA LA CRISTALERA  alejandro de la sota en stepienybarno 350\" src=\"https:\/\/stepienybarno.es\/blog\/wp-content\/uploads\/2011\/08\/RESIDENCIA-LA-CRISTALERA-alejandro-de-la-sota-en-stepienybarno-350.jpg\" alt=\"RESIDENCIA LA CRISTALERA  alejandro de la sota en stepienybarno 350\" width=\"350\" height=\"245\" srcset=\"https:\/\/stepienybarno.es\/blog\/wp-content\/uploads\/2011\/08\/RESIDENCIA-LA-CRISTALERA-alejandro-de-la-sota-en-stepienybarno-350.jpg 350w, https:\/\/stepienybarno.es\/blog\/wp-content\/uploads\/2011\/08\/RESIDENCIA-LA-CRISTALERA-alejandro-de-la-sota-en-stepienybarno-350-180x126.jpg 180w, https:\/\/stepienybarno.es\/blog\/wp-content\/uploads\/2011\/08\/RESIDENCIA-LA-CRISTALERA-alejandro-de-la-sota-en-stepienybarno-350-316x221.jpg 316w\" sizes=\"(max-width: 350px) 100vw, 350px\" \/><\/p>\n<p align=\"left\">\n<p align=\"left\">Hoy os animamos a visitar el excelente art\u00edculo que hemos le\u00eddo en el blog de\u00a0 \u201cseleccionarte\u201d. En \u00e9l se analiza esta estupenda obra del arquitecto gallego y sus posteriores modificaciones.<\/p>\n<p align=\"left\"><!--more--><\/p>\n<p align=\"left\">\n<p align=\"left\">\n<p align=\"left\">\n<p>\u201cLa gran duda, el punto filipino, est\u00e1 en el c\u00f3mo. \u00bfSe pod\u00eda haber hecho mejor? \u00bfLa intervenci\u00f3n podr\u00eda haber sido m\u00e1s respetuosa con el original? El arquitecto que reform\u00f3 aquello \u00bfpodr\u00eda haber sido m\u00e1s sensible con lo que ten\u00eda entre manos?\u201d<\/p>\n<p align=\"left\">\n<p align=\"left\">\n<p align=\"left\"><a href=\"http:\/\/seleccionarte.blogspot.com\/2009\/05\/residencia-la-cristalera-de-alejandro.html\">Acceder a la noticia<\/a><\/p>\n<p align=\"left\">\n<p align=\"left\">Noticia seleccionada por el Canal de arquitectura STEPIENYBARNO.<\/p>\n<p align=\"left\"><a href=\"http:\/\/www.linkedin.com\/company\/stepienybarno\">STEPIENYBARNO EN LINKEDIN<\/a><\/p>\n<p align=\"left\"><a href=\"http:\/\/twitter.com\/stepienybarno\/stepienybarno\">STEPIENYBARNO EN TWITTER<\/a><\/p>\n<p align=\"left\"><a href=\"https:\/\/www.facebook.com\/StepienybarnoCANAL\">STEPIENYBARNO EN FACEBOOK<\/a><\/p>\n<p align=\"left\">\n<p align=\"left\">*Stepienybarno est\u00e1 formado por Agnieszka Stepien y Lorenzo Barn\u00f3 y desde mayo del 2009 estamos en la red con\u00a0 la presente publicaci\u00f3n digital (Blog) de arquitectura.<\/p>\n<p align=\"left\">Nuestra actividad se sustenta en tres pilares b\u00e1sicos: la investigaci\u00f3n, la publicaci\u00f3n (comunicaci\u00f3n y difusi\u00f3n) y la redacci\u00f3n de proyectos de arquitectura.<\/p>\n<p align=\"left\">A su vez, somos socios cofundadores de <a href=\"http:\/\/sinergiasostenible.org\/\">SINERGIA SOSTENIBLE<\/a> y redactores de <a href=\"http:\/\/www.laciudadviva.org\/blogs\/?author=45\">LA CIUDAD VIVA<\/a>.<\/p>\n<p align=\"left\">\n<p align=\"left\">\n<p align=\"left\">\n<p align=\"left\">\n","protected":false},"excerpt":{"rendered":"<p>Hoy os animamos a visitar el excelente art\u00edculo que hemos le\u00eddo en el blog de  \u201cseleccionarte\u201d. En \u00e9l se analiza esta estupenda obra del arquitecto gallego y sus posteriores modificaciones.<\/p>\n","protected":false},"author":2,"featured_media":0,"comment_status":"open","ping_status":"closed","sticky":false,"template":"","format":"standard","meta":{"om_disable_all_campaigns":false,"_monsterinsights_skip_tracking":false,"_monsterinsights_sitenote_active":false,"_monsterinsights_sitenote_note":"","_monsterinsights_sitenote_category":0,"_uf_show_specific_survey":0,"_uf_disable_surveys":false,"episode_type":"","audio_file":"","cover_image":"","cover_image_id":"","duration":"","filesize":"","date_recorded":"","explicit":"","block":"","filesize_raw":"","footnotes":""},"categories":[34,244],"tags":[4274,598,9,1129],"series":[],"class_list":["post-3864","post","type-post","status-publish","format-standard","hentry","category-actualidad","category-canal-de-arquitectura","tag-actualidad","tag-alejandro-de-la-sota","tag-arquitectura","tag-residencia-la-cristalera"],"aioseo_notices":[],"episode_featured_image":false,"episode_player_image":"https:\/\/stepienybarno.es\/blog\/wp-content\/uploads\/2020\/11\/stepienybarno-podcast-scaled.jpg","download_link":"","player_link":"","audio_player":false,"episode_data":{"playerMode":"dark","subscribeUrls":[],"rssFeedUrl":"https:\/\/stepienybarno.es\/blog\/feed\/podcast\/podcast-de-stepienybarno","embedCode":"<blockquote class=\"wp-embedded-content\" data-secret=\"cp5MEdbyr8\"><a href=\"https:\/\/stepienybarno.es\/blog\/2011\/08\/02\/residencia-la-cristalera-de-alejandro-de-la-sota\/\">RESIDENCIA LA CRISTALERA DE ALEJANDRO DE LA SOTA.<\/a><\/blockquote><iframe sandbox=\"allow-scripts\" security=\"restricted\" src=\"https:\/\/stepienybarno.es\/blog\/2011\/08\/02\/residencia-la-cristalera-de-alejandro-de-la-sota\/embed\/#?secret=cp5MEdbyr8\" width=\"500\" height=\"350\" title=\"\u00abRESIDENCIA LA CRISTALERA DE ALEJANDRO DE LA SOTA.\u00bb \u2014 Blog de STEPIEN Y BARNO - publicaci\u00f3n digital sobre arquitectura\" data-secret=\"cp5MEdbyr8\" frameborder=\"0\" marginwidth=\"0\" marginheight=\"0\" scrolling=\"no\" class=\"wp-embedded-content\"><\/iframe><script type=\"text\/javascript\">\n\/* <![CDATA[ *\/\n\/*! This file is auto-generated *\/\n!function(d,l){\"use strict\";l.querySelector&&d.addEventListener&&\"undefined\"!=typeof URL&&(d.wp=d.wp||{},d.wp.receiveEmbedMessage||(d.wp.receiveEmbedMessage=function(e){var t=e.data;if((t||t.secret||t.message||t.value)&&!\/[^a-zA-Z0-9]\/.test(t.secret)){for(var s,r,n,a=l.querySelectorAll('iframe[data-secret=\"'+t.secret+'\"]'),o=l.querySelectorAll('blockquote[data-secret=\"'+t.secret+'\"]'),c=new RegExp(\"^https?:$\",\"i\"),i=0;i<o.length;i++)o[i].style.display=\"none\";for(i=0;i<a.length;i++)s=a[i],e.source===s.contentWindow&&(s.removeAttribute(\"style\"),\"height\"===t.message?(1e3<(r=parseInt(t.value,10))?r=1e3:~~r<200&&(r=200),s.height=r):\"link\"===t.message&&(r=new URL(s.getAttribute(\"src\")),n=new URL(t.value),c.test(n.protocol))&&n.host===r.host&&l.activeElement===s&&(d.top.location.href=t.value))}},d.addEventListener(\"message\",d.wp.receiveEmbedMessage,!1),l.addEventListener(\"DOMContentLoaded\",function(){for(var e,t,s=l.querySelectorAll(\"iframe.wp-embedded-content\"),r=0;r<s.length;r++)(t=(e=s[r]).getAttribute(\"data-secret\"))||(t=Math.random().toString(36).substring(2,12),e.src+=\"#?secret=\"+t,e.setAttribute(\"data-secret\",t)),e.contentWindow.postMessage({message:\"ready\",secret:t},\"*\")},!1)))}(window,document);\n\/* ]]> *\/\n<\/script>\n"},"_links":{"self":[{"href":"https:\/\/stepienybarno.es\/blog\/wp-json\/wp\/v2\/posts\/3864"}],"collection":[{"href":"https:\/\/stepienybarno.es\/blog\/wp-json\/wp\/v2\/posts"}],"about":[{"href":"https:\/\/stepienybarno.es\/blog\/wp-json\/wp\/v2\/types\/post"}],"author":[{"embeddable":true,"href":"https:\/\/stepienybarno.es\/blog\/wp-json\/wp\/v2\/users\/2"}],"replies":[{"embeddable":true,"href":"https:\/\/stepienybarno.es\/blog\/wp-json\/wp\/v2\/comments?post=3864"}],"version-history":[{"count":3,"href":"https:\/\/stepienybarno.es\/blog\/wp-json\/wp\/v2\/posts\/3864\/revisions"}],"predecessor-version":[{"id":3871,"href":"https:\/\/stepienybarno.es\/blog\/wp-json\/wp\/v2\/posts\/3864\/revisions\/3871"}],"wp:attachment":[{"href":"https:\/\/stepienybarno.es\/blog\/wp-json\/wp\/v2\/media?parent=3864"}],"wp:term":[{"taxonomy":"category","embeddable":true,"href":"https:\/\/stepienybarno.es\/blog\/wp-json\/wp\/v2\/categories?post=3864"},{"taxonomy":"post_tag","embeddable":true,"href":"https:\/\/stepienybarno.es\/blog\/wp-json\/wp\/v2\/tags?post=3864"},{"taxonomy":"series","embeddable":true,"href":"https:\/\/stepienybarno.es\/blog\/wp-json\/wp\/v2\/series?post=3864"}],"curies":[{"name":"wp","href":"https:\/\/api.w.org\/{rel}","templated":true}]}}