{"id":38976,"date":"2020-01-16T08:01:01","date_gmt":"2020-01-16T06:01:01","guid":{"rendered":"https:\/\/www.stepienybarno.es\/blog\/?p=38976"},"modified":"2020-01-09T17:33:41","modified_gmt":"2020-01-09T15:33:41","slug":"historia-de-un-arquitecto","status":"publish","type":"post","link":"https:\/\/stepienybarno.es\/blog\/2020\/01\/16\/historia-de-un-arquitecto\/","title":{"rendered":"Historia de un arquitecto"},"content":{"rendered":"<div id=\"attachment_38995\" style=\"width: 560px\" class=\"wp-caption aligncenter\"><img loading=\"lazy\" decoding=\"async\" aria-describedby=\"caption-attachment-38995\" class=\"size-medium wp-image-38995\" src=\"https:\/\/stepienybarno.es\/blog\/wp-content\/uploads\/2020\/01\/stepienybarno-historia-de-un-arquitecto-arturo-franco-historia-de-un-arquitecto-postdeld\u00eda-550x250.jpg\" alt=\"\" width=\"550\" height=\"250\" srcset=\"https:\/\/stepienybarno.es\/blog\/wp-content\/uploads\/2020\/01\/stepienybarno-historia-de-un-arquitecto-arturo-franco-historia-de-un-arquitecto-postdeld\u00eda-550x250.jpg 550w, https:\/\/stepienybarno.es\/blog\/wp-content\/uploads\/2020\/01\/stepienybarno-historia-de-un-arquitecto-arturo-franco-historia-de-un-arquitecto-postdeld\u00eda-1024x465.jpg 1024w, https:\/\/stepienybarno.es\/blog\/wp-content\/uploads\/2020\/01\/stepienybarno-historia-de-un-arquitecto-arturo-franco-historia-de-un-arquitecto-postdeld\u00eda-180x82.jpg 180w, https:\/\/stepienybarno.es\/blog\/wp-content\/uploads\/2020\/01\/stepienybarno-historia-de-un-arquitecto-arturo-franco-historia-de-un-arquitecto-postdeld\u00eda-316x144.jpg 316w, https:\/\/stepienybarno.es\/blog\/wp-content\/uploads\/2020\/01\/stepienybarno-historia-de-un-arquitecto-arturo-franco-historia-de-un-arquitecto-postdeld\u00eda.jpg 1400w\" sizes=\"(max-width: 550px) 100vw, 550px\" \/><p id=\"caption-attachment-38995\" class=\"wp-caption-text\">Face to Face by Monica Galindo<\/p><\/div>\n<h1>Por: Arturo Franco<\/h1>\n<h2>Desde: Blog de la Fundaci\u00f3n Caja de Arquitectos<\/h2>\n<h2>Fotograf\u00eda: Face to Face by Monica Galindo<\/h2>\n<p><!--more--><\/p>\n<p>Hace unos meses mi amiga M\u00f3nica Galindo me pidi\u00f3 que reflexionara sobre c\u00f3mo ha evolucionado la idea de la vivienda desde que uno dibuja sus primeras e inocentes casitas con tres o cuatro a\u00f1os hasta la actualidad a trav\u00e9s de un dibujo. <strong>Pedirle esto a un arquitecto es una perversi\u00f3n<\/strong>. Tal vez sea una manera de vengarse cari\u00f1osamente de su propio marido a trav\u00e9s de esta peque\u00f1a broma. Todo el mundo sabe que eso es imposible.<\/p>\n<p>Ning\u00fan psicoanalista que se precie quiere hacer el test de Rorschach a un arquitecto. Ese en el que el especialista te pide \u201cdibuje usted una gallina\u201d o \u201cdibuje usted un pez\u201d y en funci\u00f3n de su orientaci\u00f3n, posici\u00f3n en el papel o dureza en el trazo, consigue saber de ti con quien te acuestas. Los arquitectos estamos resabiados, siempre queremos ser originales y rara vez el dibujo es espont\u00e1neo, nacido directamente desde el subconsciente.<\/p>\n<p>&nbsp;<\/p>\n<p style=\"text-align: center;\">Acceder al Art\u00edculo <a href=\"http:\/\/bit.ly\/2T8j6Y8\" target=\"_blank\" rel=\"noopener noreferrer\">AQU\u00cd<\/a><\/p>\n<p>&nbsp;<\/p>\n<hr \/>\n<h5><strong>Autores del post: <a href=\"https:\/\/stepienybarno.es\/blog\/2011\/09\/04\/las-fortalezas-del-arquitecto\/\">Stepienybarno<\/a> _ Agnieszka Stepien y Lorenzo Barn\u00f3<\/strong><\/h5>\n<h5>Y como siempre, si te gust\u00f3 el post, estar\u00eda genial que lo compartas en tus redes sociales.<\/h5>\n<h5>A su vez, si todav\u00eda no est\u00e1s suscrito a nuestra Newsletter, te animamos a hacerlo en la casilla que tienes al terminar este art\u00edculo.<\/h5>\n<p>&nbsp;<\/p>\n<blockquote><p>Suscribirte a nuestro blog y recibe gratis nuestra gu\u00eda: 10 Ideas para vender m\u00e1s si eres arquitecto<\/p>\n<p>Acceder: <a href=\"http:\/\/bit.ly\/2fkkTS7\">http:\/\/bit.ly\/2fkkTS7<\/a><\/p>\n<p>&nbsp;<\/p>\n<p>Si te interesa contactar con nosotros para que te ayudemos a mejorar tu visibilidad online y, en consecuencia, mejorar tus oportunidades laborales, no dudes en escribirnos a: <a href=\"mailto:blog@stepienybarno.es\">blog@stepienybarno.es<\/a><\/p><\/blockquote>\n<p>&nbsp;<\/p>\n<p><em><a href=\"https:\/\/twitter.com\/stepienybarno\">Stepienybarno en TWITTER<\/a><\/em><\/p>\n<p><em><a href=\"https:\/\/twitter.com\/stepienybarno\">@stepienybarno (+ de 16.000 seguidores)<\/a><\/em><\/p>\n<p><em><a href=\"https:\/\/twitter.com\/stepienybarno?lang=es\">https:\/\/twitter.com\/stepienybarno?lang=es<\/a><\/em><\/p>\n<p><em><a href=\"https:\/\/www.facebook.com\/pages\/BLOG-DE-STEPIENYBARNO\/78001079029\">Stepienybarno en FACEBOOK (+ de 24<u>.000 seguidores)<\/u><\/a><\/em><\/p>\n<p><em><a href=\"https:\/\/www.facebook.com\/StepienyBarnoArquitecturaeIdentidadDigital\/\">https:\/\/www.facebook.com\/StepienyBarnoArquitecturaeIdentidadDigital\/<\/a><\/em><\/p>\n<p><em>Acceder a nuestro GRUPO CERRADO DE FACEBOOK sobre Identidad Digital para Arquitectos:<\/em><\/p>\n<p><em><a href=\"https:\/\/www.facebook.com\/groups\/IdentidadDigitalParaArquitectos\/\">https:\/\/www.facebook.com\/groups\/IdentidadDigitalParaArquitectos\/<\/a><\/em><\/p>\n<p><em>Suscr\u00edbete a nuestro canal de YOUTUBE: <a href=\"http:\/\/bit.ly\/2A1UtAd\">http:\/\/bit.ly\/2A1UtAd<\/a><\/em><\/p>\n<p>&nbsp;<\/p>\n<p>* <a href=\"https:\/\/stepienybarno.es\/blog\/2011\/09\/04\/las-fortalezas-del-arquitecto\/\">Stepienybarno<\/a> est\u00e1 formado por Agnieszka Stepien y Lorenzo Barn\u00f3 y desde mayo del 2009 estamos en la red con la presente publicaci\u00f3n digital (Blog) de arquitectura.<\/p>\n<p>Nuestra actividad se sustenta en tres pilares b\u00e1sicos: la investigaci\u00f3n, la publicaci\u00f3n y la redacci\u00f3n de proyectos de arquitectura.<\/p>\n<p>A su vez, somos socios cofundadores de <a href=\"http:\/\/sinergiasostenible.org\/\">SINERGIA SOSTENIBLE<\/a> y directores del blog de FUNDACI\u00d3N ARQUIA.<\/p>\n","protected":false},"excerpt":{"rendered":"<p>Por: Arturo Franco Desde: Blog de la Fundaci\u00f3n Caja de<\/p>\n","protected":false},"author":2,"featured_media":38995,"comment_status":"open","ping_status":"closed","sticky":false,"template":"","format":"standard","meta":{"om_disable_all_campaigns":false,"_monsterinsights_skip_tracking":false,"_monsterinsights_sitenote_active":false,"_monsterinsights_sitenote_note":"","_monsterinsights_sitenote_category":0,"_uf_show_specific_survey":0,"_uf_disable_surveys":false,"episode_type":"","audio_file":"","cover_image":"","cover_image_id":"","duration":"","filesize":"","date_recorded":"","explicit":"","block":"","filesize_raw":"","footnotes":""},"categories":[244],"tags":[1237,4073],"series":[],"class_list":["post-38976","post","type-post","status-publish","format-standard","has-post-thumbnail","hentry","category-canal-de-arquitectura","tag-arturo-franco","tag-blog-de-fundacion-arquia"],"aioseo_notices":[],"episode_featured_image":"https:\/\/stepienybarno.es\/blog\/wp-content\/uploads\/2020\/01\/stepienybarno-historia-de-un-arquitecto-arturo-franco-historia-de-un-arquitecto-postdeld\u00eda.jpg","episode_player_image":"https:\/\/stepienybarno.es\/blog\/wp-content\/uploads\/2020\/11\/stepienybarno-podcast-scaled.jpg","download_link":"","player_link":"","audio_player":false,"episode_data":{"playerMode":"dark","subscribeUrls":[],"rssFeedUrl":"https:\/\/stepienybarno.es\/blog\/feed\/podcast\/podcast-de-stepienybarno","embedCode":"<blockquote class=\"wp-embedded-content\" data-secret=\"25ccgCLq38\"><a href=\"https:\/\/stepienybarno.es\/blog\/2020\/01\/16\/historia-de-un-arquitecto\/\">Historia de un arquitecto<\/a><\/blockquote><iframe sandbox=\"allow-scripts\" security=\"restricted\" src=\"https:\/\/stepienybarno.es\/blog\/2020\/01\/16\/historia-de-un-arquitecto\/embed\/#?secret=25ccgCLq38\" width=\"500\" height=\"350\" title=\"\u00abHistoria de un arquitecto\u00bb \u2014 Blog de STEPIEN Y BARNO - publicaci\u00f3n digital sobre arquitectura\" data-secret=\"25ccgCLq38\" frameborder=\"0\" marginwidth=\"0\" marginheight=\"0\" scrolling=\"no\" class=\"wp-embedded-content\"><\/iframe><script type=\"text\/javascript\">\n\/* <![CDATA[ *\/\n\/*! This file is auto-generated *\/\n!function(d,l){\"use strict\";l.querySelector&&d.addEventListener&&\"undefined\"!=typeof URL&&(d.wp=d.wp||{},d.wp.receiveEmbedMessage||(d.wp.receiveEmbedMessage=function(e){var t=e.data;if((t||t.secret||t.message||t.value)&&!\/[^a-zA-Z0-9]\/.test(t.secret)){for(var s,r,n,a=l.querySelectorAll('iframe[data-secret=\"'+t.secret+'\"]'),o=l.querySelectorAll('blockquote[data-secret=\"'+t.secret+'\"]'),c=new RegExp(\"^https?:$\",\"i\"),i=0;i<o.length;i++)o[i].style.display=\"none\";for(i=0;i<a.length;i++)s=a[i],e.source===s.contentWindow&&(s.removeAttribute(\"style\"),\"height\"===t.message?(1e3<(r=parseInt(t.value,10))?r=1e3:~~r<200&&(r=200),s.height=r):\"link\"===t.message&&(r=new URL(s.getAttribute(\"src\")),n=new URL(t.value),c.test(n.protocol))&&n.host===r.host&&l.activeElement===s&&(d.top.location.href=t.value))}},d.addEventListener(\"message\",d.wp.receiveEmbedMessage,!1),l.addEventListener(\"DOMContentLoaded\",function(){for(var e,t,s=l.querySelectorAll(\"iframe.wp-embedded-content\"),r=0;r<s.length;r++)(t=(e=s[r]).getAttribute(\"data-secret\"))||(t=Math.random().toString(36).substring(2,12),e.src+=\"#?secret=\"+t,e.setAttribute(\"data-secret\",t)),e.contentWindow.postMessage({message:\"ready\",secret:t},\"*\")},!1)))}(window,document);\n\/* ]]> *\/\n<\/script>\n"},"_links":{"self":[{"href":"https:\/\/stepienybarno.es\/blog\/wp-json\/wp\/v2\/posts\/38976"}],"collection":[{"href":"https:\/\/stepienybarno.es\/blog\/wp-json\/wp\/v2\/posts"}],"about":[{"href":"https:\/\/stepienybarno.es\/blog\/wp-json\/wp\/v2\/types\/post"}],"author":[{"embeddable":true,"href":"https:\/\/stepienybarno.es\/blog\/wp-json\/wp\/v2\/users\/2"}],"replies":[{"embeddable":true,"href":"https:\/\/stepienybarno.es\/blog\/wp-json\/wp\/v2\/comments?post=38976"}],"version-history":[{"count":1,"href":"https:\/\/stepienybarno.es\/blog\/wp-json\/wp\/v2\/posts\/38976\/revisions"}],"predecessor-version":[{"id":38996,"href":"https:\/\/stepienybarno.es\/blog\/wp-json\/wp\/v2\/posts\/38976\/revisions\/38996"}],"wp:featuredmedia":[{"embeddable":true,"href":"https:\/\/stepienybarno.es\/blog\/wp-json\/wp\/v2\/media\/38995"}],"wp:attachment":[{"href":"https:\/\/stepienybarno.es\/blog\/wp-json\/wp\/v2\/media?parent=38976"}],"wp:term":[{"taxonomy":"category","embeddable":true,"href":"https:\/\/stepienybarno.es\/blog\/wp-json\/wp\/v2\/categories?post=38976"},{"taxonomy":"post_tag","embeddable":true,"href":"https:\/\/stepienybarno.es\/blog\/wp-json\/wp\/v2\/tags?post=38976"},{"taxonomy":"series","embeddable":true,"href":"https:\/\/stepienybarno.es\/blog\/wp-json\/wp\/v2\/series?post=38976"}],"curies":[{"name":"wp","href":"https:\/\/api.w.org\/{rel}","templated":true}]}}