{"id":3932,"date":"2011-08-29T08:51:45","date_gmt":"2011-08-29T06:51:45","guid":{"rendered":"https:\/\/www.stepienybarno.es\/blog\/?p=3932"},"modified":"2011-08-29T08:51:45","modified_gmt":"2011-08-29T06:51:45","slug":"aesop-_-european-urban-summer-school","status":"publish","type":"post","link":"https:\/\/stepienybarno.es\/blog\/2011\/08\/29\/aesop-_-european-urban-summer-school\/","title":{"rendered":"AESOP _  EUROPEAN URBAN SUMMER SCHOOL"},"content":{"rendered":"<p align=\"left\"><em><br \/>\n<\/em><\/p>\n<p align=\"left\"><em> <\/em><\/p>\n<p align=\"center\"><img loading=\"lazy\" decoding=\"async\" class=\"aligncenter size-full wp-image-3933\" title=\"EUSS2011_ AESOP European Urban Summer School en STEPIENYBARNO 350\" src=\"https:\/\/stepienybarno.es\/blog\/wp-content\/uploads\/2011\/08\/EUSS2011_-AESOP-European-Urban-Summer-School-en-STEPIENYBARNO-350-.jpg\" alt=\"EUSS2011_ AESOP European Urban Summer School en STEPIENYBARNO 350\" width=\"350\" height=\"236\" srcset=\"https:\/\/stepienybarno.es\/blog\/wp-content\/uploads\/2011\/08\/EUSS2011_-AESOP-European-Urban-Summer-School-en-STEPIENYBARNO-350-.jpg 350w, https:\/\/stepienybarno.es\/blog\/wp-content\/uploads\/2011\/08\/EUSS2011_-AESOP-European-Urban-Summer-School-en-STEPIENYBARNO-350--180x121.jpg 180w, https:\/\/stepienybarno.es\/blog\/wp-content\/uploads\/2011\/08\/EUSS2011_-AESOP-European-Urban-Summer-School-en-STEPIENYBARNO-350--316x213.jpg 316w\" sizes=\"(max-width: 350px) 100vw, 350px\" \/><\/p>\n<p align=\"left\">\n<p align=\"left\">En la Universidad Lusofona de Lisboa. Desde el d\u00eda 24 de septiembre al 1 de octubre.<\/p>\n<p align=\"left\">\n<p align=\"left\"><!--more--><\/p>\n<p align=\"left\">\n<p align=\"left\">EUSS 2011 Committee:<br \/>\n<strong>Head of School<\/strong>: Prof.\u00a0Diogo Mateus, Head of the Department of Planning, Lusofona Univeristy<br \/>\n<strong>AESOP Coordinator<\/strong>: Prof.\u00a0Izabela Mironowicz, AESOP Secretary General, Wroclaw University of Technology, Poland<br \/>\nand:<br \/>\nProf.\u00a0Mario Moutinho (Rector of Lusofona Univeristy), Prof. Anna Geppert (Universite Paris IV-Sorbonne),\u00a0Joao Teixeira (ECTP),\u00a0Derek Martin (IFHP), Prof.\u00a0David C. Prosperi (Florida Atlantic University, USA; ISOCARP)<\/p>\n<p align=\"left\">\n<p align=\"left\"><a href=\"http:\/\/www.aesop-planning.eu\/news\/en_GB\/2011\/07\/14\/readabout\/aesop-european-urban-summer-school-2011-online-application-open\">Acceder a la noticia<\/a><\/p>\n<p align=\"left\">\n<p align=\"left\">\n<p align=\"left\">Noticia seleccionada por el Canal de arquitectura STEPIENYBARNO.<\/p>\n<p align=\"left\"><a href=\"http:\/\/www.linkedin.com\/company\/stepienybarno\">STEPIENYBARNO EN LINKEDIN<\/a><\/p>\n<p align=\"left\"><a href=\"http:\/\/twitter.com\/stepienybarno\/stepienybarno\">STEPIENYBARNO EN TWITTER<\/a><\/p>\n<p align=\"left\"><a href=\"https:\/\/www.facebook.com\/StepienybarnoCANAL\">STEPIENYBARNO EN FACEBOOK<\/a><\/p>\n<p align=\"left\">\n<p align=\"left\">*Stepienybarno est\u00e1 formado por Agnieszka Stepien y Lorenzo Barn\u00f3 y desde mayo del 2009 estamos en la red con\u00a0 la presente publicaci\u00f3n digital (Blog) de arquitectura.<\/p>\n<p align=\"left\">Nuestra actividad se sustenta en tres pilares b\u00e1sicos: la investigaci\u00f3n, la publicaci\u00f3n (comunicaci\u00f3n y difusi\u00f3n) y la redacci\u00f3n de proyectos de arquitectura.<\/p>\n<p align=\"left\">A su vez, somos socios cofundadores de <a href=\"http:\/\/sinergiasostenible.org\/\">SINERGIA SOSTENIBLE<\/a> y redactores de <a href=\"http:\/\/www.laciudadviva.org\/blogs\/?author=45\">LA CIUDAD VIVA<\/a>.<\/p>\n<p align=\"left\">\n<p align=\"left\">\n<p align=\"left\">\n<p align=\"left\">\n","protected":false},"excerpt":{"rendered":"<p>En la Universidad Lusofona de Lisboa. Desde el d\u00eda 24 de septiembre al 1 de octubre.<\/p>\n","protected":false},"author":2,"featured_media":0,"comment_status":"open","ping_status":"closed","sticky":false,"template":"","format":"standard","meta":{"om_disable_all_campaigns":false,"_monsterinsights_skip_tracking":false,"_monsterinsights_sitenote_active":false,"_monsterinsights_sitenote_note":"","_monsterinsights_sitenote_category":0,"_uf_show_specific_survey":0,"_uf_disable_surveys":false,"episode_type":"","audio_file":"","cover_image":"","cover_image_id":"","duration":"","filesize":"","date_recorded":"","explicit":"","block":"","filesize_raw":"","footnotes":""},"categories":[34,244],"tags":[4274,1154,1159,9,1162,1161,1156,1155,1157,1160,1158,4272],"series":[],"class_list":["post-3932","post","type-post","status-publish","format-standard","hentry","category-actualidad","category-canal-de-arquitectura","tag-actualidad","tag-aesop","tag-anna-geppert","tag-arquitectura","tag-david-c-prosperi","tag-derek-martin","tag-diogo-mateus","tag-european-urban-summer-school","tag-izabela-mironowicz","tag-joao-teixeira","tag-mario-moutinho","tag-urbanismo"],"aioseo_notices":[],"episode_featured_image":false,"episode_player_image":"https:\/\/stepienybarno.es\/blog\/wp-content\/uploads\/2020\/11\/stepienybarno-podcast-scaled.jpg","download_link":"","player_link":"","audio_player":false,"episode_data":{"playerMode":"dark","subscribeUrls":[],"rssFeedUrl":"https:\/\/stepienybarno.es\/blog\/feed\/podcast\/podcast-de-stepienybarno","embedCode":"<blockquote class=\"wp-embedded-content\" data-secret=\"TcEDu5d444\"><a href=\"https:\/\/stepienybarno.es\/blog\/2011\/08\/29\/aesop-_-european-urban-summer-school\/\">AESOP _  EUROPEAN URBAN SUMMER SCHOOL<\/a><\/blockquote><iframe sandbox=\"allow-scripts\" security=\"restricted\" src=\"https:\/\/stepienybarno.es\/blog\/2011\/08\/29\/aesop-_-european-urban-summer-school\/embed\/#?secret=TcEDu5d444\" width=\"500\" height=\"350\" title=\"\u00abAESOP _  EUROPEAN URBAN SUMMER SCHOOL\u00bb \u2014 Blog de STEPIEN Y BARNO - publicaci\u00f3n digital sobre arquitectura\" data-secret=\"TcEDu5d444\" frameborder=\"0\" marginwidth=\"0\" marginheight=\"0\" scrolling=\"no\" class=\"wp-embedded-content\"><\/iframe><script type=\"text\/javascript\">\n\/* <![CDATA[ *\/\n\/*! This file is auto-generated *\/\n!function(d,l){\"use strict\";l.querySelector&&d.addEventListener&&\"undefined\"!=typeof URL&&(d.wp=d.wp||{},d.wp.receiveEmbedMessage||(d.wp.receiveEmbedMessage=function(e){var t=e.data;if((t||t.secret||t.message||t.value)&&!\/[^a-zA-Z0-9]\/.test(t.secret)){for(var s,r,n,a=l.querySelectorAll('iframe[data-secret=\"'+t.secret+'\"]'),o=l.querySelectorAll('blockquote[data-secret=\"'+t.secret+'\"]'),c=new RegExp(\"^https?:$\",\"i\"),i=0;i<o.length;i++)o[i].style.display=\"none\";for(i=0;i<a.length;i++)s=a[i],e.source===s.contentWindow&&(s.removeAttribute(\"style\"),\"height\"===t.message?(1e3<(r=parseInt(t.value,10))?r=1e3:~~r<200&&(r=200),s.height=r):\"link\"===t.message&&(r=new URL(s.getAttribute(\"src\")),n=new URL(t.value),c.test(n.protocol))&&n.host===r.host&&l.activeElement===s&&(d.top.location.href=t.value))}},d.addEventListener(\"message\",d.wp.receiveEmbedMessage,!1),l.addEventListener(\"DOMContentLoaded\",function(){for(var e,t,s=l.querySelectorAll(\"iframe.wp-embedded-content\"),r=0;r<s.length;r++)(t=(e=s[r]).getAttribute(\"data-secret\"))||(t=Math.random().toString(36).substring(2,12),e.src+=\"#?secret=\"+t,e.setAttribute(\"data-secret\",t)),e.contentWindow.postMessage({message:\"ready\",secret:t},\"*\")},!1)))}(window,document);\n\/* ]]> *\/\n<\/script>\n"},"_links":{"self":[{"href":"https:\/\/stepienybarno.es\/blog\/wp-json\/wp\/v2\/posts\/3932"}],"collection":[{"href":"https:\/\/stepienybarno.es\/blog\/wp-json\/wp\/v2\/posts"}],"about":[{"href":"https:\/\/stepienybarno.es\/blog\/wp-json\/wp\/v2\/types\/post"}],"author":[{"embeddable":true,"href":"https:\/\/stepienybarno.es\/blog\/wp-json\/wp\/v2\/users\/2"}],"replies":[{"embeddable":true,"href":"https:\/\/stepienybarno.es\/blog\/wp-json\/wp\/v2\/comments?post=3932"}],"version-history":[{"count":2,"href":"https:\/\/stepienybarno.es\/blog\/wp-json\/wp\/v2\/posts\/3932\/revisions"}],"predecessor-version":[{"id":3935,"href":"https:\/\/stepienybarno.es\/blog\/wp-json\/wp\/v2\/posts\/3932\/revisions\/3935"}],"wp:attachment":[{"href":"https:\/\/stepienybarno.es\/blog\/wp-json\/wp\/v2\/media?parent=3932"}],"wp:term":[{"taxonomy":"category","embeddable":true,"href":"https:\/\/stepienybarno.es\/blog\/wp-json\/wp\/v2\/categories?post=3932"},{"taxonomy":"post_tag","embeddable":true,"href":"https:\/\/stepienybarno.es\/blog\/wp-json\/wp\/v2\/tags?post=3932"},{"taxonomy":"series","embeddable":true,"href":"https:\/\/stepienybarno.es\/blog\/wp-json\/wp\/v2\/series?post=3932"}],"curies":[{"name":"wp","href":"https:\/\/api.w.org\/{rel}","templated":true}]}}