{"id":39533,"date":"2020-02-11T08:00:46","date_gmt":"2020-02-11T06:00:46","guid":{"rendered":"https:\/\/www.stepienybarno.es\/blog\/?p=39533"},"modified":"2020-02-07T12:12:47","modified_gmt":"2020-02-07T10:12:47","slug":"villa-barbara-y-stanislaw-brukalski-proyectodeldia","status":"publish","type":"post","link":"https:\/\/stepienybarno.es\/blog\/2020\/02\/11\/villa-barbara-y-stanislaw-brukalski-proyectodeldia\/","title":{"rendered":"Villa Barbara y Stanis\u0142aw Brukalski #ProyectoDelD\u00eda"},"content":{"rendered":"<h1><img loading=\"lazy\" decoding=\"async\" class=\"size-medium wp-image-39534 aligncenter\" src=\"https:\/\/stepienybarno.es\/blog\/wp-content\/uploads\/2020\/02\/stepienybarno-Villa-Barbara-y-Stanis\u0142aw-Brukalski-ProyectoDelD\u00eda-1-550x440.jpg\" alt=\"\" width=\"550\" height=\"440\" srcset=\"https:\/\/stepienybarno.es\/blog\/wp-content\/uploads\/2020\/02\/stepienybarno-Villa-Barbara-y-Stanis\u0142aw-Brukalski-ProyectoDelD\u00eda-1-550x440.jpg 550w, https:\/\/stepienybarno.es\/blog\/wp-content\/uploads\/2020\/02\/stepienybarno-Villa-Barbara-y-Stanis\u0142aw-Brukalski-ProyectoDelD\u00eda-1-874x700.jpg 874w, https:\/\/stepienybarno.es\/blog\/wp-content\/uploads\/2020\/02\/stepienybarno-Villa-Barbara-y-Stanis\u0142aw-Brukalski-ProyectoDelD\u00eda-1-180x144.jpg 180w, https:\/\/stepienybarno.es\/blog\/wp-content\/uploads\/2020\/02\/stepienybarno-Villa-Barbara-y-Stanis\u0142aw-Brukalski-ProyectoDelD\u00eda-1-1536x1230.jpg 1536w, https:\/\/stepienybarno.es\/blog\/wp-content\/uploads\/2020\/02\/stepienybarno-Villa-Barbara-y-Stanis\u0142aw-Brukalski-ProyectoDelD\u00eda-1-316x253.jpg 316w, https:\/\/stepienybarno.es\/blog\/wp-content\/uploads\/2020\/02\/stepienybarno-Villa-Barbara-y-Stanis\u0142aw-Brukalski-ProyectoDelD\u00eda-1.jpg 1775w\" sizes=\"(max-width: 550px) 100vw, 550px\" \/><\/h1>\n<h1>Por: Stanis\u0142aw Brukalski &amp; Barbara Brukalska<\/h1>\n<h2>Desde: Biblioteka Cyfrowa Politechniki Warszawskiej<\/h2>\n<p><!--more--><\/p>\n<p>&nbsp;<\/p>\n<h1><img loading=\"lazy\" decoding=\"async\" class=\" wp-image-39535 aligncenter\" src=\"https:\/\/stepienybarno.es\/blog\/wp-content\/uploads\/2020\/02\/stepienybarno-Villa-Barbara-y-Stanis\u0142aw-Brukalski-ProyectoDelD\u00eda-2-384x550.jpg\" alt=\"\" width=\"550\" height=\"788\" srcset=\"https:\/\/stepienybarno.es\/blog\/wp-content\/uploads\/2020\/02\/stepienybarno-Villa-Barbara-y-Stanis\u0142aw-Brukalski-ProyectoDelD\u00eda-2-384x550.jpg 384w, https:\/\/stepienybarno.es\/blog\/wp-content\/uploads\/2020\/02\/stepienybarno-Villa-Barbara-y-Stanis\u0142aw-Brukalski-ProyectoDelD\u00eda-2-489x700.jpg 489w, https:\/\/stepienybarno.es\/blog\/wp-content\/uploads\/2020\/02\/stepienybarno-Villa-Barbara-y-Stanis\u0142aw-Brukalski-ProyectoDelD\u00eda-2-126x180.jpg 126w, https:\/\/stepienybarno.es\/blog\/wp-content\/uploads\/2020\/02\/stepienybarno-Villa-Barbara-y-Stanis\u0142aw-Brukalski-ProyectoDelD\u00eda-2-279x400.jpg 279w, https:\/\/stepienybarno.es\/blog\/wp-content\/uploads\/2020\/02\/stepienybarno-Villa-Barbara-y-Stanis\u0142aw-Brukalski-ProyectoDelD\u00eda-2.jpg 670w\" sizes=\"(max-width: 550px) 100vw, 550px\" \/><\/h1>\n<h1><img loading=\"lazy\" decoding=\"async\" class=\"size-medium wp-image-39536 aligncenter\" src=\"https:\/\/stepienybarno.es\/blog\/wp-content\/uploads\/2020\/02\/stepienybarno-Villa-Barbara-y-Stanis\u0142aw-Brukalski-ProyectoDelD\u00eda-3-550x454.jpg\" alt=\"\" width=\"550\" height=\"454\" srcset=\"https:\/\/stepienybarno.es\/blog\/wp-content\/uploads\/2020\/02\/stepienybarno-Villa-Barbara-y-Stanis\u0142aw-Brukalski-ProyectoDelD\u00eda-3-550x454.jpg 550w, https:\/\/stepienybarno.es\/blog\/wp-content\/uploads\/2020\/02\/stepienybarno-Villa-Barbara-y-Stanis\u0142aw-Brukalski-ProyectoDelD\u00eda-3-848x700.jpg 848w, https:\/\/stepienybarno.es\/blog\/wp-content\/uploads\/2020\/02\/stepienybarno-Villa-Barbara-y-Stanis\u0142aw-Brukalski-ProyectoDelD\u00eda-3-180x149.jpg 180w, https:\/\/stepienybarno.es\/blog\/wp-content\/uploads\/2020\/02\/stepienybarno-Villa-Barbara-y-Stanis\u0142aw-Brukalski-ProyectoDelD\u00eda-3-1536x1268.jpg 1536w, https:\/\/stepienybarno.es\/blog\/wp-content\/uploads\/2020\/02\/stepienybarno-Villa-Barbara-y-Stanis\u0142aw-Brukalski-ProyectoDelD\u00eda-3-316x261.jpg 316w, https:\/\/stepienybarno.es\/blog\/wp-content\/uploads\/2020\/02\/stepienybarno-Villa-Barbara-y-Stanis\u0142aw-Brukalski-ProyectoDelD\u00eda-3.jpg 2048w\" sizes=\"(max-width: 550px) 100vw, 550px\" \/><\/h1>\n<h1><img loading=\"lazy\" decoding=\"async\" class=\" wp-image-39537 aligncenter\" src=\"https:\/\/stepienybarno.es\/blog\/wp-content\/uploads\/2020\/02\/stepienybarno-Villa-Barbara-y-Stanis\u0142aw-Brukalski-ProyectoDelD\u00eda-4-480x550.jpg\" alt=\"\" width=\"550\" height=\"630\" srcset=\"https:\/\/stepienybarno.es\/blog\/wp-content\/uploads\/2020\/02\/stepienybarno-Villa-Barbara-y-Stanis\u0142aw-Brukalski-ProyectoDelD\u00eda-4-480x550.jpg 480w, https:\/\/stepienybarno.es\/blog\/wp-content\/uploads\/2020\/02\/stepienybarno-Villa-Barbara-y-Stanis\u0142aw-Brukalski-ProyectoDelD\u00eda-4-611x700.jpg 611w, https:\/\/stepienybarno.es\/blog\/wp-content\/uploads\/2020\/02\/stepienybarno-Villa-Barbara-y-Stanis\u0142aw-Brukalski-ProyectoDelD\u00eda-4-157x180.jpg 157w, https:\/\/stepienybarno.es\/blog\/wp-content\/uploads\/2020\/02\/stepienybarno-Villa-Barbara-y-Stanis\u0142aw-Brukalski-ProyectoDelD\u00eda-4-316x362.jpg 316w, https:\/\/stepienybarno.es\/blog\/wp-content\/uploads\/2020\/02\/stepienybarno-Villa-Barbara-y-Stanis\u0142aw-Brukalski-ProyectoDelD\u00eda-4.jpg 838w\" sizes=\"(max-width: 550px) 100vw, 550px\" \/><\/h1>\n<p>&nbsp;<\/p>\n<p style=\"text-align: center;\">Acceder al Proyecto <a href=\"http:\/\/bit.ly\/3b3G8G7\" target=\"_blank\" rel=\"noopener noreferrer\">AQU\u00cd<\/a><\/p>\n<p>&nbsp;<\/p>\n<p>&nbsp;<\/p>\n<hr \/>\n<h5><strong>Autores del post: <a href=\"https:\/\/stepienybarno.es\/blog\/2011\/09\/04\/las-fortalezas-del-arquitecto\/\">Stepienybarno<\/a> _ Agnieszka Stepien y Lorenzo Barn\u00f3<\/strong><\/h5>\n<h5>Y como siempre, si te gust\u00f3 el post, estar\u00eda genial que lo compartas en tus redes sociales.<\/h5>\n<h5>A su vez, si todav\u00eda no est\u00e1s suscrito a nuestra Newsletter, te animamos a hacerlo en la casilla que tienes al terminar este art\u00edculo.<\/h5>\n<p>&nbsp;<\/p>\n<blockquote><p>Suscribirte a nuestro blog y recibe gratis nuestra gu\u00eda: 10 Ideas para vender m\u00e1s si eres arquitecto<\/p>\n<p>Acceder: <a href=\"http:\/\/bit.ly\/2fkkTS7\">http:\/\/bit.ly\/2fkkTS7<\/a><\/p>\n<p>&nbsp;<\/p>\n<p>Si te interesa contactar con nosotros para que te ayudemos a mejorar tu visibilidad online y, en consecuencia, mejorar tus oportunidades laborales, no dudes en escribirnos a: <a href=\"mailto:blog@stepienybarno.es\">blog@stepienybarno.es<\/a><\/p><\/blockquote>\n<p>&nbsp;<\/p>\n<p><em><a href=\"https:\/\/twitter.com\/stepienybarno\">Stepienybarno en TWITTER<\/a><\/em><\/p>\n<p><em><a href=\"https:\/\/twitter.com\/stepienybarno\">@stepienybarno (+ de 16.000 seguidores)<\/a><\/em><\/p>\n<p><em><a href=\"https:\/\/twitter.com\/stepienybarno?lang=es\">https:\/\/twitter.com\/stepienybarno?lang=es<\/a><\/em><\/p>\n<p><em><a href=\"https:\/\/www.facebook.com\/pages\/BLOG-DE-STEPIENYBARNO\/78001079029\">Stepienybarno en FACEBOOK (+ de 24<u>.000 seguidores)<\/u><\/a><\/em><\/p>\n<p><em><a href=\"https:\/\/www.facebook.com\/StepienyBarnoArquitecturaeIdentidadDigital\/\">https:\/\/www.facebook.com\/StepienyBarnoArquitecturaeIdentidadDigital\/<\/a><\/em><\/p>\n<p><em>Acceder a nuestro GRUPO CERRADO DE FACEBOOK sobre Identidad Digital para Arquitectos:<\/em><\/p>\n<p><em><a href=\"https:\/\/www.facebook.com\/groups\/IdentidadDigitalParaArquitectos\/\">https:\/\/www.facebook.com\/groups\/IdentidadDigitalParaArquitectos\/<\/a><\/em><\/p>\n<p><em>Suscr\u00edbete a nuestro canal de YOUTUBE: <a href=\"http:\/\/bit.ly\/2A1UtAd\">http:\/\/bit.ly\/2A1UtAd<\/a><\/em><\/p>\n<p>&nbsp;<\/p>\n<p>* <a href=\"https:\/\/stepienybarno.es\/blog\/2011\/09\/04\/las-fortalezas-del-arquitecto\/\">Stepienybarno<\/a> est\u00e1 formado por Agnieszka Stepien y Lorenzo Barn\u00f3 y desde mayo del 2009 estamos en la red con la presente publicaci\u00f3n digital (Blog) de arquitectura.<\/p>\n<p>Nuestra actividad se sustenta en tres pilares b\u00e1sicos: la investigaci\u00f3n, la publicaci\u00f3n y la redacci\u00f3n de proyectos de arquitectura.<\/p>\n<p>A su vez, somos socios cofundadores de <a href=\"http:\/\/sinergiasostenible.org\/\">SINERGIA SOSTENIBLE<\/a> y directores del blog de FUNDACI\u00d3N ARQUIA.<\/p>\n","protected":false},"excerpt":{"rendered":"<p>Por: Stanis\u0142aw Brukalski &amp; Barbara Brukalska Desde: Biblioteka Cyfrowa Politechniki<\/p>\n","protected":false},"author":2,"featured_media":39534,"comment_status":"open","ping_status":"closed","sticky":false,"template":"","format":"standard","meta":{"om_disable_all_campaigns":false,"_monsterinsights_skip_tracking":false,"_monsterinsights_sitenote_active":false,"_monsterinsights_sitenote_note":"","_monsterinsights_sitenote_category":0,"_uf_show_specific_survey":0,"_uf_disable_surveys":false,"episode_type":"audio","audio_file":"","cover_image":"","cover_image_id":"","duration":"","filesize":"","date_recorded":"","explicit":"","block":"","filesize_raw":"","footnotes":""},"categories":[3197,244],"tags":[7987,4612,7989,7988],"series":[],"class_list":["post-39533","post","type-post","status-publish","format-standard","has-post-thumbnail","hentry","category-proyectodeldia","category-canal-de-arquitectura","tag-barbara-brukalski","tag-gerrit-rietveld","tag-polonia","tag-stanislaw-brukalski"],"aioseo_notices":[],"episode_featured_image":"https:\/\/stepienybarno.es\/blog\/wp-content\/uploads\/2020\/02\/stepienybarno-Villa-Barbara-y-Stanis\u0142aw-Brukalski-ProyectoDelD\u00eda-1.jpg","episode_player_image":"https:\/\/stepienybarno.es\/blog\/wp-content\/uploads\/2020\/11\/stepienybarno-podcast-scaled.jpg","download_link":"","player_link":"","audio_player":false,"episode_data":{"playerMode":"dark","subscribeUrls":[],"rssFeedUrl":"https:\/\/stepienybarno.es\/blog\/feed\/podcast\/podcast-de-stepienybarno","embedCode":"<blockquote class=\"wp-embedded-content\" data-secret=\"UVVe4yES3K\"><a href=\"https:\/\/stepienybarno.es\/blog\/2020\/02\/11\/villa-barbara-y-stanislaw-brukalski-proyectodeldia\/\">Villa Barbara y Stanis\u0142aw Brukalski #ProyectoDelD\u00eda<\/a><\/blockquote><iframe sandbox=\"allow-scripts\" security=\"restricted\" src=\"https:\/\/stepienybarno.es\/blog\/2020\/02\/11\/villa-barbara-y-stanislaw-brukalski-proyectodeldia\/embed\/#?secret=UVVe4yES3K\" width=\"500\" height=\"350\" title=\"\u00abVilla Barbara y Stanis\u0142aw Brukalski #ProyectoDelD\u00eda\u00bb \u2014 Blog de STEPIEN Y BARNO - publicaci\u00f3n digital sobre arquitectura\" data-secret=\"UVVe4yES3K\" frameborder=\"0\" marginwidth=\"0\" marginheight=\"0\" scrolling=\"no\" class=\"wp-embedded-content\"><\/iframe><script type=\"text\/javascript\">\n\/* <![CDATA[ *\/\n\/*! This file is auto-generated *\/\n!function(d,l){\"use strict\";l.querySelector&&d.addEventListener&&\"undefined\"!=typeof URL&&(d.wp=d.wp||{},d.wp.receiveEmbedMessage||(d.wp.receiveEmbedMessage=function(e){var t=e.data;if((t||t.secret||t.message||t.value)&&!\/[^a-zA-Z0-9]\/.test(t.secret)){for(var s,r,n,a=l.querySelectorAll('iframe[data-secret=\"'+t.secret+'\"]'),o=l.querySelectorAll('blockquote[data-secret=\"'+t.secret+'\"]'),c=new RegExp(\"^https?:$\",\"i\"),i=0;i<o.length;i++)o[i].style.display=\"none\";for(i=0;i<a.length;i++)s=a[i],e.source===s.contentWindow&&(s.removeAttribute(\"style\"),\"height\"===t.message?(1e3<(r=parseInt(t.value,10))?r=1e3:~~r<200&&(r=200),s.height=r):\"link\"===t.message&&(r=new URL(s.getAttribute(\"src\")),n=new URL(t.value),c.test(n.protocol))&&n.host===r.host&&l.activeElement===s&&(d.top.location.href=t.value))}},d.addEventListener(\"message\",d.wp.receiveEmbedMessage,!1),l.addEventListener(\"DOMContentLoaded\",function(){for(var e,t,s=l.querySelectorAll(\"iframe.wp-embedded-content\"),r=0;r<s.length;r++)(t=(e=s[r]).getAttribute(\"data-secret\"))||(t=Math.random().toString(36).substring(2,12),e.src+=\"#?secret=\"+t,e.setAttribute(\"data-secret\",t)),e.contentWindow.postMessage({message:\"ready\",secret:t},\"*\")},!1)))}(window,document);\n\/* ]]> *\/\n<\/script>\n"},"_links":{"self":[{"href":"https:\/\/stepienybarno.es\/blog\/wp-json\/wp\/v2\/posts\/39533"}],"collection":[{"href":"https:\/\/stepienybarno.es\/blog\/wp-json\/wp\/v2\/posts"}],"about":[{"href":"https:\/\/stepienybarno.es\/blog\/wp-json\/wp\/v2\/types\/post"}],"author":[{"embeddable":true,"href":"https:\/\/stepienybarno.es\/blog\/wp-json\/wp\/v2\/users\/2"}],"replies":[{"embeddable":true,"href":"https:\/\/stepienybarno.es\/blog\/wp-json\/wp\/v2\/comments?post=39533"}],"version-history":[{"count":1,"href":"https:\/\/stepienybarno.es\/blog\/wp-json\/wp\/v2\/posts\/39533\/revisions"}],"predecessor-version":[{"id":39538,"href":"https:\/\/stepienybarno.es\/blog\/wp-json\/wp\/v2\/posts\/39533\/revisions\/39538"}],"wp:featuredmedia":[{"embeddable":true,"href":"https:\/\/stepienybarno.es\/blog\/wp-json\/wp\/v2\/media\/39534"}],"wp:attachment":[{"href":"https:\/\/stepienybarno.es\/blog\/wp-json\/wp\/v2\/media?parent=39533"}],"wp:term":[{"taxonomy":"category","embeddable":true,"href":"https:\/\/stepienybarno.es\/blog\/wp-json\/wp\/v2\/categories?post=39533"},{"taxonomy":"post_tag","embeddable":true,"href":"https:\/\/stepienybarno.es\/blog\/wp-json\/wp\/v2\/tags?post=39533"},{"taxonomy":"series","embeddable":true,"href":"https:\/\/stepienybarno.es\/blog\/wp-json\/wp\/v2\/series?post=39533"}],"curies":[{"name":"wp","href":"https:\/\/api.w.org\/{rel}","templated":true}]}}