{"id":39549,"date":"2020-02-11T08:01:23","date_gmt":"2020-02-11T06:01:23","guid":{"rendered":"https:\/\/www.stepienybarno.es\/blog\/?p=39549"},"modified":"2020-02-07T13:00:40","modified_gmt":"2020-02-07T11:00:40","slug":"de-esta-agua-no-bebere","status":"publish","type":"post","link":"https:\/\/stepienybarno.es\/blog\/2020\/02\/11\/de-esta-agua-no-bebere\/","title":{"rendered":"De esta agua no beber\u00e9"},"content":{"rendered":"<div id=\"attachment_39550\" style=\"width: 560px\" class=\"wp-caption aligncenter\"><img loading=\"lazy\" decoding=\"async\" aria-describedby=\"caption-attachment-39550\" class=\"size-medium wp-image-39550\" src=\"https:\/\/stepienybarno.es\/blog\/wp-content\/uploads\/2020\/02\/stepieybarno-De-esta-agua-no-beber\u00e9-psotdeldia-550x358.jpg\" alt=\"\" width=\"550\" height=\"358\" srcset=\"https:\/\/stepienybarno.es\/blog\/wp-content\/uploads\/2020\/02\/stepieybarno-De-esta-agua-no-beber\u00e9-psotdeldia-550x358.jpg 550w, https:\/\/stepienybarno.es\/blog\/wp-content\/uploads\/2020\/02\/stepieybarno-De-esta-agua-no-beber\u00e9-psotdeldia-180x117.jpg 180w, https:\/\/stepienybarno.es\/blog\/wp-content\/uploads\/2020\/02\/stepieybarno-De-esta-agua-no-beber\u00e9-psotdeldia-316x205.jpg 316w, https:\/\/stepienybarno.es\/blog\/wp-content\/uploads\/2020\/02\/stepieybarno-De-esta-agua-no-beber\u00e9-psotdeldia.jpg 680w\" sizes=\"(max-width: 550px) 100vw, 550px\" \/><p id=\"caption-attachment-39550\" class=\"wp-caption-text\">Cortes\u00eda de Diller scofidio + Renfro<\/p><\/div>\n<h1>Por: Lope de Toledo<\/h1>\n<h2>Desde: jotdown<\/h2>\n<h2>Fotograf\u00eda: Cortes\u00eda de Diller scofidio + Renfro<\/h2>\n<p><!--more--><\/p>\n<p class=\"_RIL_KEEPER_CLASS_\"><span class=\"_RIL_KEEPER_CLASS_\">Yo hablo. Hablo, pero el que me escucha retiene solo las palabras que espera. Una es la descripci\u00f3n del mundo a la que prestas o\u00eddos ben\u00e9volos, otra la que dar\u00e1 la vuelta de los corrillos de descargadores y gondoleros en los muelles de mi casa el d\u00eda de mi regreso, otra la que podr\u00eda dictar a avanzada edad, si cayera prisionero de piratas genoveses y me pusieran al cepo en la misma celda junto con un escritor de novelas de aventuras. Lo que comanda el relato no es la voz, es el o\u00eddo. (<b>Italo Calvino<\/b>, <em class=\"_RIL_KEEPER_CLASS_\">Las ciudades Invisibles<\/em>).<\/span><\/p>\n<p class=\"_RIL_KEEPER_CLASS_\"><span class=\"_RIL_KEEPER_CLASS_\">En la Biblia se indica que <\/span><\/p>\n<p class=\"_RIL_KEEPER_CLASS_\" style=\"padding-left: 40px;\"><span class=\"_RIL_KEEPER_CLASS_\">\u00abel esp\u00edritu de Dios se mov\u00eda sobre la faz de las aguas\u00bb.<\/span><\/p>\n<p class=\"_RIL_KEEPER_CLASS_\"><span class=\"_RIL_KEEPER_CLASS_\"> Mucho antes, la cosmogon\u00eda sumeria establec\u00eda que el mar existi\u00f3 primero y de \u00e9l naci\u00f3 el cielo y la tierra. Seg\u00fan la leyenda babilonia de Enuma Elish (alrededor de 1700 a. C.) el oc\u00e9ano de agua dulce Apsu y el oc\u00e9ano de agua salada Tiamat (entidad masculina y femenina respectivamente) crearon a los dioses, quienes a su vez crearon el mundo. Y no es una coincidencia ya que, de acuerdo con el Cor\u00e1n, todo tipo de vida se origin\u00f3 del agua. Seg\u00fan la mitolog\u00eda azteca, el dios de la lluvia Tlatoc era tambi\u00e9n el de la fertilidad, ya que representa el poder fecundador. La historia de la creaci\u00f3n del Popol Vuh, libro sagrado de los indios quich\u00e9s que habitan en la actual regi\u00f3n de Guatemala cita textualmente <\/span><\/p>\n<p class=\"_RIL_KEEPER_CLASS_\" style=\"padding-left: 40px;\"><span class=\"_RIL_KEEPER_CLASS_\">\u00aben el comienzo estaba el cielo, completamente solo, estaba el mar, completamente solo, no hab\u00eda nada m\u00e1s\u00bb.<\/span><\/p>\n<p>&nbsp;<\/p>\n<p style=\"text-align: center;\">Acceder al Post <a href=\"http:\/\/bit.ly\/2Spyq0v\" target=\"_blank\" rel=\"noopener noreferrer\">AQU\u00cd<\/a><\/p>\n<p><iframe loading=\"lazy\" title=\"\u00bfPara qu\u00e9 sirve un ARQUITECTO \/a? Por Jordi Ludevid\" width=\"911\" height=\"512\" src=\"https:\/\/www.youtube.com\/embed\/videoseries?list=PL9KCMehqFIajpdVXSncYV0J1ef6ms4zRx\" frameborder=\"0\" allow=\"accelerometer; autoplay; encrypted-media; gyroscope; picture-in-picture\" allowfullscreen><\/iframe><\/p>\n<hr \/>\n<h5><strong>Autores del post: <a href=\"https:\/\/stepienybarno.es\/blog\/2011\/09\/04\/las-fortalezas-del-arquitecto\/\">Stepienybarno<\/a> _ Agnieszka Stepien y Lorenzo Barn\u00f3<\/strong><\/h5>\n<h5>Y como siempre, si te gust\u00f3 el post, estar\u00eda genial que lo compartas en tus redes sociales.<\/h5>\n<h5>A su vez, si todav\u00eda no est\u00e1s suscrito a nuestra Newsletter, te animamos a hacerlo en la casilla que tienes al terminar este art\u00edculo.<\/h5>\n<p>&nbsp;<\/p>\n<blockquote><p>Suscribirte a nuestro blog y recibe gratis nuestra gu\u00eda: 10 Ideas para vender m\u00e1s si eres arquitecto<\/p>\n<p>Acceder: <a href=\"http:\/\/bit.ly\/2fkkTS7\">http:\/\/bit.ly\/2fkkTS7<\/a><\/p>\n<p>&nbsp;<\/p>\n<p>Si te interesa contactar con nosotros para que te ayudemos a mejorar tu visibilidad online y, en consecuencia, mejorar tus oportunidades laborales, no dudes en escribirnos a: <a href=\"mailto:blog@stepienybarno.es\">blog@stepienybarno.es<\/a><\/p><\/blockquote>\n<p>&nbsp;<\/p>\n<p><em><a href=\"https:\/\/twitter.com\/stepienybarno\">Stepienybarno en TWITTER<\/a><\/em><\/p>\n<p><em><a href=\"https:\/\/twitter.com\/stepienybarno\">@stepienybarno (+ de 16.000 seguidores)<\/a><\/em><\/p>\n<p><em><a href=\"https:\/\/twitter.com\/stepienybarno?lang=es\">https:\/\/twitter.com\/stepienybarno?lang=es<\/a><\/em><\/p>\n<p><em><a href=\"https:\/\/www.facebook.com\/pages\/BLOG-DE-STEPIENYBARNO\/78001079029\">Stepienybarno en FACEBOOK (+ de 24<u>.000 seguidores)<\/u><\/a><\/em><\/p>\n<p><em><a href=\"https:\/\/www.facebook.com\/StepienyBarnoArquitecturaeIdentidadDigital\/\">https:\/\/www.facebook.com\/StepienyBarnoArquitecturaeIdentidadDigital\/<\/a><\/em><\/p>\n<p><em>Acceder a nuestro GRUPO CERRADO DE FACEBOOK sobre Identidad Digital para Arquitectos:<\/em><\/p>\n<p><em><a href=\"https:\/\/www.facebook.com\/groups\/IdentidadDigitalParaArquitectos\/\">https:\/\/www.facebook.com\/groups\/IdentidadDigitalParaArquitectos\/<\/a><\/em><\/p>\n<p><em>Suscr\u00edbete a nuestro canal de YOUTUBE: <a href=\"http:\/\/bit.ly\/2A1UtAd\">http:\/\/bit.ly\/2A1UtAd<\/a><\/em><\/p>\n<p>&nbsp;<\/p>\n<p>* <a href=\"https:\/\/stepienybarno.es\/blog\/2011\/09\/04\/las-fortalezas-del-arquitecto\/\">Stepienybarno<\/a> est\u00e1 formado por Agnieszka Stepien y Lorenzo Barn\u00f3 y desde mayo del 2009 estamos en la red con la presente publicaci\u00f3n digital (Blog) de arquitectura.<\/p>\n<p>Nuestra actividad se sustenta en tres pilares b\u00e1sicos: la investigaci\u00f3n, la publicaci\u00f3n y la redacci\u00f3n de proyectos de arquitectura.<\/p>\n<p>A su vez, somos socios cofundadores de <a href=\"http:\/\/sinergiasostenible.org\/\">SINERGIA SOSTENIBLE<\/a> y directores del blog de FUNDACI\u00d3N ARQUIA.<\/p>\n","protected":false},"excerpt":{"rendered":"<p>Por: Lope de Toledo Desde: jotdown Fotograf\u00eda: Cortes\u00eda de Diller<\/p>\n","protected":false},"author":2,"featured_media":39550,"comment_status":"open","ping_status":"closed","sticky":false,"template":"","format":"standard","meta":{"om_disable_all_campaigns":false,"_monsterinsights_skip_tracking":false,"_monsterinsights_sitenote_active":false,"_monsterinsights_sitenote_note":"","_monsterinsights_sitenote_category":0,"_uf_show_specific_survey":0,"_uf_disable_surveys":false,"episode_type":"audio","audio_file":"","cover_image":"","cover_image_id":"","duration":"","filesize":"","date_recorded":"","explicit":"","block":"","filesize_raw":"","footnotes":""},"categories":[244],"tags":[3850,6801],"series":[],"class_list":["post-39549","post","type-post","status-publish","format-standard","has-post-thumbnail","hentry","category-canal-de-arquitectura","tag-italo-calvino","tag-lope-de-toledo"],"aioseo_notices":[],"episode_featured_image":"https:\/\/stepienybarno.es\/blog\/wp-content\/uploads\/2020\/02\/stepieybarno-De-esta-agua-no-beber\u00e9-psotdeldia.jpg","episode_player_image":"https:\/\/stepienybarno.es\/blog\/wp-content\/uploads\/2020\/11\/stepienybarno-podcast-scaled.jpg","download_link":"","player_link":"","audio_player":false,"episode_data":{"playerMode":"dark","subscribeUrls":[],"rssFeedUrl":"https:\/\/stepienybarno.es\/blog\/feed\/podcast\/podcast-de-stepienybarno","embedCode":"<blockquote class=\"wp-embedded-content\" data-secret=\"p2U6ZBGvxp\"><a href=\"https:\/\/stepienybarno.es\/blog\/2020\/02\/11\/de-esta-agua-no-bebere\/\">De esta agua no beber\u00e9<\/a><\/blockquote><iframe sandbox=\"allow-scripts\" security=\"restricted\" src=\"https:\/\/stepienybarno.es\/blog\/2020\/02\/11\/de-esta-agua-no-bebere\/embed\/#?secret=p2U6ZBGvxp\" width=\"500\" height=\"350\" title=\"\u00abDe esta agua no beber\u00e9\u00bb \u2014 Blog de STEPIEN Y BARNO - publicaci\u00f3n digital sobre arquitectura\" data-secret=\"p2U6ZBGvxp\" frameborder=\"0\" marginwidth=\"0\" marginheight=\"0\" scrolling=\"no\" class=\"wp-embedded-content\"><\/iframe><script type=\"text\/javascript\">\n\/* <![CDATA[ *\/\n\/*! This file is auto-generated *\/\n!function(d,l){\"use strict\";l.querySelector&&d.addEventListener&&\"undefined\"!=typeof URL&&(d.wp=d.wp||{},d.wp.receiveEmbedMessage||(d.wp.receiveEmbedMessage=function(e){var t=e.data;if((t||t.secret||t.message||t.value)&&!\/[^a-zA-Z0-9]\/.test(t.secret)){for(var s,r,n,a=l.querySelectorAll('iframe[data-secret=\"'+t.secret+'\"]'),o=l.querySelectorAll('blockquote[data-secret=\"'+t.secret+'\"]'),c=new RegExp(\"^https?:$\",\"i\"),i=0;i<o.length;i++)o[i].style.display=\"none\";for(i=0;i<a.length;i++)s=a[i],e.source===s.contentWindow&&(s.removeAttribute(\"style\"),\"height\"===t.message?(1e3<(r=parseInt(t.value,10))?r=1e3:~~r<200&&(r=200),s.height=r):\"link\"===t.message&&(r=new URL(s.getAttribute(\"src\")),n=new URL(t.value),c.test(n.protocol))&&n.host===r.host&&l.activeElement===s&&(d.top.location.href=t.value))}},d.addEventListener(\"message\",d.wp.receiveEmbedMessage,!1),l.addEventListener(\"DOMContentLoaded\",function(){for(var e,t,s=l.querySelectorAll(\"iframe.wp-embedded-content\"),r=0;r<s.length;r++)(t=(e=s[r]).getAttribute(\"data-secret\"))||(t=Math.random().toString(36).substring(2,12),e.src+=\"#?secret=\"+t,e.setAttribute(\"data-secret\",t)),e.contentWindow.postMessage({message:\"ready\",secret:t},\"*\")},!1)))}(window,document);\n\/* ]]> *\/\n<\/script>\n"},"_links":{"self":[{"href":"https:\/\/stepienybarno.es\/blog\/wp-json\/wp\/v2\/posts\/39549"}],"collection":[{"href":"https:\/\/stepienybarno.es\/blog\/wp-json\/wp\/v2\/posts"}],"about":[{"href":"https:\/\/stepienybarno.es\/blog\/wp-json\/wp\/v2\/types\/post"}],"author":[{"embeddable":true,"href":"https:\/\/stepienybarno.es\/blog\/wp-json\/wp\/v2\/users\/2"}],"replies":[{"embeddable":true,"href":"https:\/\/stepienybarno.es\/blog\/wp-json\/wp\/v2\/comments?post=39549"}],"version-history":[{"count":2,"href":"https:\/\/stepienybarno.es\/blog\/wp-json\/wp\/v2\/posts\/39549\/revisions"}],"predecessor-version":[{"id":39552,"href":"https:\/\/stepienybarno.es\/blog\/wp-json\/wp\/v2\/posts\/39549\/revisions\/39552"}],"wp:featuredmedia":[{"embeddable":true,"href":"https:\/\/stepienybarno.es\/blog\/wp-json\/wp\/v2\/media\/39550"}],"wp:attachment":[{"href":"https:\/\/stepienybarno.es\/blog\/wp-json\/wp\/v2\/media?parent=39549"}],"wp:term":[{"taxonomy":"category","embeddable":true,"href":"https:\/\/stepienybarno.es\/blog\/wp-json\/wp\/v2\/categories?post=39549"},{"taxonomy":"post_tag","embeddable":true,"href":"https:\/\/stepienybarno.es\/blog\/wp-json\/wp\/v2\/tags?post=39549"},{"taxonomy":"series","embeddable":true,"href":"https:\/\/stepienybarno.es\/blog\/wp-json\/wp\/v2\/series?post=39549"}],"curies":[{"name":"wp","href":"https:\/\/api.w.org\/{rel}","templated":true}]}}