{"id":39739,"date":"2020-02-24T08:01:54","date_gmt":"2020-02-24T06:01:54","guid":{"rendered":"https:\/\/www.stepienybarno.es\/blog\/?p=39739"},"modified":"2020-02-24T11:25:40","modified_gmt":"2020-02-24T09:25:40","slug":"las-mujeres-de-la-bauhaus","status":"publish","type":"post","link":"https:\/\/stepienybarno.es\/blog\/2020\/02\/24\/las-mujeres-de-la-bauhaus\/","title":{"rendered":"Las mujeres de la Bauhaus"},"content":{"rendered":"<p><img loading=\"lazy\" decoding=\"async\" class=\" wp-image-39740 aligncenter\" src=\"https:\/\/stepienybarno.es\/blog\/wp-content\/uploads\/2020\/02\/stepieybarno-Las-mujeres-de-la-Bauhaus-postdeld\u00eda-367x550.jpg\" alt=\"\" width=\"550\" height=\"824\" srcset=\"https:\/\/stepienybarno.es\/blog\/wp-content\/uploads\/2020\/02\/stepieybarno-Las-mujeres-de-la-Bauhaus-postdeld\u00eda-367x550.jpg 367w, https:\/\/stepienybarno.es\/blog\/wp-content\/uploads\/2020\/02\/stepieybarno-Las-mujeres-de-la-Bauhaus-postdeld\u00eda-467x700.jpg 467w, https:\/\/stepienybarno.es\/blog\/wp-content\/uploads\/2020\/02\/stepieybarno-Las-mujeres-de-la-Bauhaus-postdeld\u00eda-120x180.jpg 120w, https:\/\/stepienybarno.es\/blog\/wp-content\/uploads\/2020\/02\/stepieybarno-Las-mujeres-de-la-Bauhaus-postdeld\u00eda-224x336.jpg 224w, https:\/\/stepienybarno.es\/blog\/wp-content\/uploads\/2020\/02\/stepieybarno-Las-mujeres-de-la-Bauhaus-postdeld\u00eda-267x400.jpg 267w, https:\/\/stepienybarno.es\/blog\/wp-content\/uploads\/2020\/02\/stepieybarno-Las-mujeres-de-la-Bauhaus-postdeld\u00eda.jpg 480w\" sizes=\"(max-width: 550px) 100vw, 550px\" \/><\/p>\n<h1>Por: Carlos Bento Company<\/h1>\n<h2>Desde: c-bentocompany.es<\/h2>\n<h2>Fotograf\u00eda: Portada Taschen<\/h2>\n<p><!--more-->La primera escuela integral de dise\u00f1o del siglo XX naci\u00f3 con la Rep\u00fablica de Weimar, en 1919, y muri\u00f3 con ella, 14 a\u00f1os despu\u00e9s, cuando la bota nazi propin\u00f3 un puntapi\u00e9 a ese \u00abarte degenerado\u00bb. Dur\u00f3 lo que el convulso comp\u00e1s de entreguerras. Pero lo cambi\u00f3 todo: la tipograf\u00eda, el dise\u00f1o industrial, las artes esc\u00e9nicas, la arquitectura. Hasta aqu\u00ed el tr\u00e1iler, en cuyos t\u00edtulos de cr\u00e9dito siempre desfilan \u2013y justamente\u2013 Walter Gropius, Ludwig Mies van der Rohe, Marcel Breuer, L\u00e1slz\u00f3 Moholy-Nagy, Paul Klee y Vasili Kandinski.<\/p>\n<p>Pero,<\/p>\n<p style=\"padding-left: 40px;\">\u00bfqu\u00e9 hay de las mujeres? \u00bfNo merece menci\u00f3n ni una sola en Weimar, Dessau o Berl\u00edn, las tres sedes que tuvo la instituci\u00f3n?<\/p>\n<p style=\"text-align: center;\">Acceder al Post <a href=\"http:\/\/bit.ly\/2UOl7cJ\" target=\"_blank\" rel=\"noopener noreferrer\">AQU\u00cd<\/a><\/p>\n<h3 class=\"western\"><span style=\"color: #ff0000;\">Curso online de Eficiencia y Productividad para arquitectos y arquitectas<\/span><\/h3>\n<h3 class=\"western\" align=\"CENTER\"><a href=\"http:\/\/cursoproductividad.stepienybarno.es\/\" target=\"_blank\" rel=\"noopener noreferrer\"><span style=\"color: #ff0000;\">Acceder a la Segunda edici\u00f3n. <\/span><\/a><\/h3>\n<h5 class=\"western\" align=\"CENTER\"><span style=\"color: #ff0000;\">16 de marzo &#8211; 6 de abril 2020.<\/span><\/h5>\n<p><iframe loading=\"lazy\" title=\"\u00bfPara qu\u00e9 sirve un ARQUITECTO \/a? Por Jordi Ludevid\" width=\"911\" height=\"512\" src=\"https:\/\/www.youtube.com\/embed\/videoseries?list=PL9KCMehqFIajpdVXSncYV0J1ef6ms4zRx\" frameborder=\"0\" allow=\"accelerometer; autoplay; encrypted-media; gyroscope; picture-in-picture\" allowfullscreen><\/iframe><\/p>\n<hr \/>\n<h5><strong>Autores del post: <a href=\"https:\/\/stepienybarno.es\/blog\/2011\/09\/04\/las-fortalezas-del-arquitecto\/\">Stepienybarno<\/a> _ Agnieszka Stepien y Lorenzo Barn\u00f3<\/strong><\/h5>\n<h5>Y como siempre, si te gust\u00f3 el post, estar\u00eda genial que lo compartas en tus redes sociales.<\/h5>\n<h5>A su vez, si todav\u00eda no est\u00e1s suscrito a nuestra Newsletter, te animamos a hacerlo en la casilla que tienes al terminar este art\u00edculo.<\/h5>\n<p>&nbsp;<\/p>\n<blockquote><p>Suscribirte a nuestro blog y recibe gratis nuestra gu\u00eda: 10 Ideas para vender m\u00e1s si eres arquitecto<\/p>\n<p>Acceder: <a href=\"http:\/\/bit.ly\/2fkkTS7\">http:\/\/bit.ly\/2fkkTS7<\/a><\/p>\n<p>&nbsp;<\/p>\n<p>Si te interesa contactar con nosotros para que te ayudemos a mejorar tu visibilidad online y, en consecuencia, mejorar tus oportunidades laborales, no dudes en escribirnos a: <a href=\"mailto:blog@stepienybarno.es\">blog@stepienybarno.es<\/a><\/p><\/blockquote>\n<p>&nbsp;<\/p>\n<p><em><a href=\"https:\/\/twitter.com\/stepienybarno\">Stepienybarno en TWITTER<\/a><\/em><\/p>\n<p><em><a href=\"https:\/\/twitter.com\/stepienybarno\">@stepienybarno (+ de 16.000 seguidores)<\/a><\/em><\/p>\n<p><em><a href=\"https:\/\/twitter.com\/stepienybarno?lang=es\">https:\/\/twitter.com\/stepienybarno?lang=es<\/a><\/em><\/p>\n<p><em><a href=\"https:\/\/www.facebook.com\/pages\/BLOG-DE-STEPIENYBARNO\/78001079029\">Stepienybarno en FACEBOOK (+ de 24<u>.000 seguidores)<\/u><\/a><\/em><\/p>\n<p><em><a href=\"https:\/\/www.facebook.com\/StepienyBarnoArquitecturaeIdentidadDigital\/\">https:\/\/www.facebook.com\/StepienyBarnoArquitecturaeIdentidadDigital\/<\/a><\/em><\/p>\n<p><em>Acceder a nuestro GRUPO CERRADO DE FACEBOOK sobre Identidad Digital para Arquitectos:<\/em><\/p>\n<p><em><a href=\"https:\/\/www.facebook.com\/groups\/IdentidadDigitalParaArquitectos\/\">https:\/\/www.facebook.com\/groups\/IdentidadDigitalParaArquitectos\/<\/a><\/em><\/p>\n<p><em>Suscr\u00edbete a nuestro canal de YOUTUBE: <a href=\"http:\/\/bit.ly\/2A1UtAd\">http:\/\/bit.ly\/2A1UtAd<\/a><\/em><\/p>\n<p>&nbsp;<\/p>\n<p>* <a href=\"https:\/\/stepienybarno.es\/blog\/2011\/09\/04\/las-fortalezas-del-arquitecto\/\">Stepienybarno<\/a> est\u00e1 formado por Agnieszka Stepien y Lorenzo Barn\u00f3 y desde mayo del 2009 estamos en la red con la presente publicaci\u00f3n digital (Blog) de arquitectura.<\/p>\n<p>Nuestra actividad se sustenta en tres pilares b\u00e1sicos: la investigaci\u00f3n, la publicaci\u00f3n y la redacci\u00f3n de proyectos de arquitectura.<\/p>\n<p>A su vez, somos socios cofundadores de <a href=\"http:\/\/sinergiasostenible.org\/\">SINERGIA SOSTENIBLE<\/a> y directores del blog de FUNDACI\u00d3N ARQUIA.<\/p>\n","protected":false},"excerpt":{"rendered":"<p>Por: Carlos Bento Company Desde: c-bentocompany.es Fotograf\u00eda: Portada Taschen<\/p>\n","protected":false},"author":2,"featured_media":39740,"comment_status":"open","ping_status":"closed","sticky":false,"template":"","format":"standard","meta":{"om_disable_all_campaigns":false,"_monsterinsights_skip_tracking":false,"_monsterinsights_sitenote_active":false,"_monsterinsights_sitenote_note":"","_monsterinsights_sitenote_category":0,"_uf_show_specific_survey":0,"_uf_disable_surveys":false,"episode_type":"audio","audio_file":"","cover_image":"","cover_image_id":"","duration":"","filesize":"","date_recorded":"","explicit":"","block":"","filesize_raw":"","footnotes":""},"categories":[244],"tags":[2977,1938,4417,8008,8009,8005,8010,8004,102,306,2984,8006,8007,2979],"series":[],"class_list":["post-39739","post","type-post","status-publish","format-standard","has-post-thumbnail","hentry","category-canal-de-arquitectura","tag-bauhaus","tag-carlo-scarpa","tag-carlos-bento-company","tag-elizabeth-otto","tag-josenia-hervas","tag-laslzo-moholy-nagy","tag-laura-martinez-de-guerenu","tag-ludwig-mies-van-der-rohe","tag-maestros","tag-maestros-de-la-arquitectura","tag-marcel-breuer","tag-paul-klee","tag-vasili-kandinski","tag-walter-gropius"],"aioseo_notices":[],"episode_featured_image":"https:\/\/stepienybarno.es\/blog\/wp-content\/uploads\/2020\/02\/stepieybarno-Las-mujeres-de-la-Bauhaus-postdeld\u00eda.jpg","episode_player_image":"https:\/\/stepienybarno.es\/blog\/wp-content\/uploads\/2020\/11\/stepienybarno-podcast-scaled.jpg","download_link":"","player_link":"","audio_player":false,"episode_data":{"playerMode":"dark","subscribeUrls":[],"rssFeedUrl":"https:\/\/stepienybarno.es\/blog\/feed\/podcast\/podcast-de-stepienybarno","embedCode":"<blockquote class=\"wp-embedded-content\" data-secret=\"2Y3i78qWST\"><a href=\"https:\/\/stepienybarno.es\/blog\/2020\/02\/24\/las-mujeres-de-la-bauhaus\/\">Las mujeres de la Bauhaus<\/a><\/blockquote><iframe sandbox=\"allow-scripts\" security=\"restricted\" src=\"https:\/\/stepienybarno.es\/blog\/2020\/02\/24\/las-mujeres-de-la-bauhaus\/embed\/#?secret=2Y3i78qWST\" width=\"500\" height=\"350\" title=\"\u00abLas mujeres de la Bauhaus\u00bb \u2014 Blog de STEPIEN Y BARNO - publicaci\u00f3n digital sobre arquitectura\" data-secret=\"2Y3i78qWST\" frameborder=\"0\" marginwidth=\"0\" marginheight=\"0\" scrolling=\"no\" class=\"wp-embedded-content\"><\/iframe><script type=\"text\/javascript\">\n\/* <![CDATA[ *\/\n\/*! This file is auto-generated *\/\n!function(d,l){\"use strict\";l.querySelector&&d.addEventListener&&\"undefined\"!=typeof URL&&(d.wp=d.wp||{},d.wp.receiveEmbedMessage||(d.wp.receiveEmbedMessage=function(e){var t=e.data;if((t||t.secret||t.message||t.value)&&!\/[^a-zA-Z0-9]\/.test(t.secret)){for(var s,r,n,a=l.querySelectorAll('iframe[data-secret=\"'+t.secret+'\"]'),o=l.querySelectorAll('blockquote[data-secret=\"'+t.secret+'\"]'),c=new RegExp(\"^https?:$\",\"i\"),i=0;i<o.length;i++)o[i].style.display=\"none\";for(i=0;i<a.length;i++)s=a[i],e.source===s.contentWindow&&(s.removeAttribute(\"style\"),\"height\"===t.message?(1e3<(r=parseInt(t.value,10))?r=1e3:~~r<200&&(r=200),s.height=r):\"link\"===t.message&&(r=new URL(s.getAttribute(\"src\")),n=new URL(t.value),c.test(n.protocol))&&n.host===r.host&&l.activeElement===s&&(d.top.location.href=t.value))}},d.addEventListener(\"message\",d.wp.receiveEmbedMessage,!1),l.addEventListener(\"DOMContentLoaded\",function(){for(var e,t,s=l.querySelectorAll(\"iframe.wp-embedded-content\"),r=0;r<s.length;r++)(t=(e=s[r]).getAttribute(\"data-secret\"))||(t=Math.random().toString(36).substring(2,12),e.src+=\"#?secret=\"+t,e.setAttribute(\"data-secret\",t)),e.contentWindow.postMessage({message:\"ready\",secret:t},\"*\")},!1)))}(window,document);\n\/* ]]> *\/\n<\/script>\n"},"_links":{"self":[{"href":"https:\/\/stepienybarno.es\/blog\/wp-json\/wp\/v2\/posts\/39739"}],"collection":[{"href":"https:\/\/stepienybarno.es\/blog\/wp-json\/wp\/v2\/posts"}],"about":[{"href":"https:\/\/stepienybarno.es\/blog\/wp-json\/wp\/v2\/types\/post"}],"author":[{"embeddable":true,"href":"https:\/\/stepienybarno.es\/blog\/wp-json\/wp\/v2\/users\/2"}],"replies":[{"embeddable":true,"href":"https:\/\/stepienybarno.es\/blog\/wp-json\/wp\/v2\/comments?post=39739"}],"version-history":[{"count":3,"href":"https:\/\/stepienybarno.es\/blog\/wp-json\/wp\/v2\/posts\/39739\/revisions"}],"predecessor-version":[{"id":39953,"href":"https:\/\/stepienybarno.es\/blog\/wp-json\/wp\/v2\/posts\/39739\/revisions\/39953"}],"wp:featuredmedia":[{"embeddable":true,"href":"https:\/\/stepienybarno.es\/blog\/wp-json\/wp\/v2\/media\/39740"}],"wp:attachment":[{"href":"https:\/\/stepienybarno.es\/blog\/wp-json\/wp\/v2\/media?parent=39739"}],"wp:term":[{"taxonomy":"category","embeddable":true,"href":"https:\/\/stepienybarno.es\/blog\/wp-json\/wp\/v2\/categories?post=39739"},{"taxonomy":"post_tag","embeddable":true,"href":"https:\/\/stepienybarno.es\/blog\/wp-json\/wp\/v2\/tags?post=39739"},{"taxonomy":"series","embeddable":true,"href":"https:\/\/stepienybarno.es\/blog\/wp-json\/wp\/v2\/series?post=39739"}],"curies":[{"name":"wp","href":"https:\/\/api.w.org\/{rel}","templated":true}]}}