{"id":39972,"date":"2020-03-02T08:01:53","date_gmt":"2020-03-02T06:01:53","guid":{"rendered":"https:\/\/www.stepienybarno.es\/blog\/?p=39972"},"modified":"2020-02-24T12:14:10","modified_gmt":"2020-02-24T10:14:10","slug":"fernando-higueras-rupturismo-en-la-arquitectura-de-espana","status":"publish","type":"post","link":"https:\/\/stepienybarno.es\/blog\/2020\/03\/02\/fernando-higueras-rupturismo-en-la-arquitectura-de-espana\/","title":{"rendered":"Fernando Higueras: rupturismo en la arquitectura de Espa\u00f1a"},"content":{"rendered":"<p><img loading=\"lazy\" decoding=\"async\" class=\"size-medium wp-image-39973 aligncenter\" src=\"https:\/\/stepienybarno.es\/blog\/wp-content\/uploads\/2020\/02\/stepieybarno-Fernando-Higueras-rupturismo-en-la-arquitectura-de-Espa\u00f1a-postdeld\u00eda-550x334.jpg\" alt=\"\" width=\"550\" height=\"334\" srcset=\"https:\/\/stepienybarno.es\/blog\/wp-content\/uploads\/2020\/02\/stepieybarno-Fernando-Higueras-rupturismo-en-la-arquitectura-de-Espa\u00f1a-postdeld\u00eda-550x334.jpg 550w, https:\/\/stepienybarno.es\/blog\/wp-content\/uploads\/2020\/02\/stepieybarno-Fernando-Higueras-rupturismo-en-la-arquitectura-de-Espa\u00f1a-postdeld\u00eda-180x109.jpg 180w, https:\/\/stepienybarno.es\/blog\/wp-content\/uploads\/2020\/02\/stepieybarno-Fernando-Higueras-rupturismo-en-la-arquitectura-de-Espa\u00f1a-postdeld\u00eda-316x192.jpg 316w, https:\/\/stepienybarno.es\/blog\/wp-content\/uploads\/2020\/02\/stepieybarno-Fernando-Higueras-rupturismo-en-la-arquitectura-de-Espa\u00f1a-postdeld\u00eda.jpg 750w\" sizes=\"(max-width: 550px) 100vw, 550px\" \/><\/p>\n<h1>Por: Borja Fern\u00e1ndez<\/h1>\n<h2>Desde: Plataforma de Arquitectura<\/h2>\n<h2>Fotograf\u00eda: <span class=\"foto-firma\"><span class=\"foto-autor\">Instituto del Patrimonio Hist\u00f3rico Espa\u00f1ol<\/span> <\/span><\/h2>\n<p><!--more--><\/p>\n<p>Fernando Higueras (1930-2008), exponente de la modernidad arquitect\u00f3nica tard\u00eda de los a\u00f1os 60 en <a href=\"https:\/\/www.plataformaarquitectura.cl\/cl\/tag\/espana\">Espa\u00f1a<\/a>, fue junto con muchos otros uno de aquellos j\u00f3venes \u00edcaros que estaban obsesionados con tocar el sol. Su <a href=\"http:\/\/fernandohigueras.org\/arquitectura?utm_medium=website&amp;utm_source=plataformaarquitectura.cl\">arquitectura<\/a>, lejos de cumplir con las r\u00edgidas pautas que conformaban la realidad de la \u00e9poca, se elevaba por encima del plano terrenal con una \u00fanica meta: <a href=\"https:\/\/www.elmundo.es\/cultura\/laesferadepapel\/2018\/10\/07\/5bb7482022601d86388b45dd.html?utm_medium=website&amp;utm_source=plataformaarquitectura.cl\">conquistar lo desconocido<\/a>. Ya entonces, lleg\u00f3 a la conclusi\u00f3n de que la arquitectura moderna estaba equivocada, de que nada ten\u00eda sentido. Miraba a su alrededor, a figuras como Le Corbusier, Mies van der Rohe -sus cubiertas planas, su obstinada obsesi\u00f3n por la ligereza- y nada cuadraba para \u00e9l. Su actitud indudablemente reaccionaria le llev\u00f3, ya desde joven, a mostrar la temprana osad\u00eda de revelarse contra la hipocres\u00eda de los triunfadores.<\/p>\n<p>Su <a href=\"http:\/\/www.fundacionico.es\/exposiciones\/fernando-higueras-desde-el-origen\/?utm_medium=website&amp;utm_source=plataformaarquitectura.cl\">forma de trabajo<\/a>, lejos de ser novedosa o excepcional, nos repet\u00eda la eterna lecci\u00f3n sobre el proceso creativo. No bastaba con el talento y la gracia, sino que estos deb\u00edan de ir acompa\u00f1ados de una ingente dosis de tes\u00f3n y, sobre todo, de afici\u00f3n; en aras de no arredrarse ante los problemas y sacar partido a las dificultades que cada uno de ellos planteaban. Podemos considerarle como un arquitecto optimista frente al proyecto, convenci\u00e9ndose a s\u00ed mismo de que \u00e9ste ten\u00eda soluci\u00f3n dentro del gui\u00f3n o patr\u00f3n que de antemano imaginaba. No segu\u00eda el rutinario <a href=\"https:\/\/www.detailerssimon.com\/arquitectura-racionalista-el-eterno-referente\/?utm_medium=website&amp;utm_source=plataformaarquitectura.cl\">m\u00e9todo racionalista<\/a> de comenzar por el organigrama funcional \u2014algo que todav\u00eda sigue ense\u00f1\u00e1ndose a d\u00eda de hoy en las escuelas\u2014, sino que se compenetraba con \u00e9l, intentando adosarlo dentro de su esquema aprior\u00edstico, modificando \u00e9ste en caso de ser necesario hasta encontrar el compromiso que le satisfac\u00eda.<\/p>\n<p style=\"text-align: center;\">Acceder al Post <a href=\"http:\/\/bit.ly\/2ViDlTO\" target=\"_blank\" rel=\"noopener noreferrer\">AQU\u00cd<\/a><\/p>\n<h3 class=\"western\"><span style=\"color: #ff0000;\">Curso online de Eficiencia y Productividad para arquitectos y arquitectas<\/span><\/h3>\n<h3 class=\"western\" align=\"CENTER\"><a href=\"http:\/\/cursoproductividad.stepienybarno.es\/\" target=\"_blank\" rel=\"noopener noreferrer\"><span style=\"color: #ff0000;\">Acceder a la Segunda edici\u00f3n. <\/span><\/a><\/h3>\n<h5 class=\"western\" align=\"CENTER\"><span style=\"color: #ff0000;\">16 de marzo &#8211; 6 de abril 2020.<\/span><\/h5>\n<p><iframe loading=\"lazy\" title=\"\u00bfPara qu\u00e9 sirve un ARQUITECTO \/a? Por Jordi Ludevid\" width=\"911\" height=\"512\" src=\"https:\/\/www.youtube.com\/embed\/videoseries?list=PL9KCMehqFIajpdVXSncYV0J1ef6ms4zRx\" frameborder=\"0\" allow=\"accelerometer; autoplay; encrypted-media; gyroscope; picture-in-picture\" allowfullscreen><\/iframe><\/p>\n<hr \/>\n<h5><strong>Autores del post: <a href=\"https:\/\/stepienybarno.es\/blog\/2011\/09\/04\/las-fortalezas-del-arquitecto\/\">Stepienybarno<\/a> _ Agnieszka Stepien y Lorenzo Barn\u00f3<\/strong><\/h5>\n<h5>Y como siempre, si te gust\u00f3 el post, estar\u00eda genial que lo compartas en tus redes sociales.<\/h5>\n<h5>A su vez, si todav\u00eda no est\u00e1s suscrito a nuestra Newsletter, te animamos a hacerlo en la casilla que tienes al terminar este art\u00edculo.<\/h5>\n<p>&nbsp;<\/p>\n<blockquote><p>Suscribirte a nuestro blog y recibe gratis nuestra gu\u00eda: 10 Ideas para vender m\u00e1s si eres arquitecto<\/p>\n<p>Acceder: <a href=\"http:\/\/bit.ly\/2fkkTS7\">http:\/\/bit.ly\/2fkkTS7<\/a><\/p>\n<p>&nbsp;<\/p>\n<p>Si te interesa contactar con nosotros para que te ayudemos a mejorar tu visibilidad online y, en consecuencia, mejorar tus oportunidades laborales, no dudes en escribirnos a: <a href=\"mailto:blog@stepienybarno.es\">blog@stepienybarno.es<\/a><\/p><\/blockquote>\n<p>&nbsp;<\/p>\n<p><em><a href=\"https:\/\/twitter.com\/stepienybarno\">Stepienybarno en TWITTER<\/a><\/em><\/p>\n<p><em><a href=\"https:\/\/twitter.com\/stepienybarno\">@stepienybarno (+ de 16.000 seguidores)<\/a><\/em><\/p>\n<p><em><a href=\"https:\/\/twitter.com\/stepienybarno?lang=es\">https:\/\/twitter.com\/stepienybarno?lang=es<\/a><\/em><\/p>\n<p><em><a href=\"https:\/\/www.facebook.com\/pages\/BLOG-DE-STEPIENYBARNO\/78001079029\">Stepienybarno en FACEBOOK (+ de 24<u>.000 seguidores)<\/u><\/a><\/em><\/p>\n<p><em><a href=\"https:\/\/www.facebook.com\/StepienyBarnoArquitecturaeIdentidadDigital\/\">https:\/\/www.facebook.com\/StepienyBarnoArquitecturaeIdentidadDigital\/<\/a><\/em><\/p>\n<p><em>Acceder a nuestro GRUPO CERRADO DE FACEBOOK sobre Identidad Digital para Arquitectos:<\/em><\/p>\n<p><em><a href=\"https:\/\/www.facebook.com\/groups\/IdentidadDigitalParaArquitectos\/\">https:\/\/www.facebook.com\/groups\/IdentidadDigitalParaArquitectos\/<\/a><\/em><\/p>\n<p><em>Suscr\u00edbete a nuestro canal de YOUTUBE: <a href=\"http:\/\/bit.ly\/2A1UtAd\">http:\/\/bit.ly\/2A1UtAd<\/a><\/em><\/p>\n<p>&nbsp;<\/p>\n<p>* <a href=\"https:\/\/stepienybarno.es\/blog\/2011\/09\/04\/las-fortalezas-del-arquitecto\/\">Stepienybarno<\/a> est\u00e1 formado por Agnieszka Stepien y Lorenzo Barn\u00f3 y desde mayo del 2009 estamos en la red con la presente publicaci\u00f3n digital (Blog) de arquitectura.<\/p>\n<p>Nuestra actividad se sustenta en tres pilares b\u00e1sicos: la investigaci\u00f3n, la publicaci\u00f3n y la redacci\u00f3n de proyectos de arquitectura.<\/p>\n<p>A su vez, somos socios cofundadores de <a href=\"http:\/\/sinergiasostenible.org\/\">SINERGIA SOSTENIBLE<\/a> y directores del blog de FUNDACI\u00d3N ARQUIA.<\/p>\n","protected":false},"excerpt":{"rendered":"<p>Por: Borja Fern\u00e1ndez Desde: Plataforma de Arquitectura Fotograf\u00eda: Instituto del<\/p>\n","protected":false},"author":2,"featured_media":39973,"comment_status":"open","ping_status":"closed","sticky":false,"template":"","format":"standard","meta":{"om_disable_all_campaigns":false,"_monsterinsights_skip_tracking":false,"_monsterinsights_sitenote_active":false,"_monsterinsights_sitenote_note":"","_monsterinsights_sitenote_category":0,"_uf_show_specific_survey":0,"_uf_disable_surveys":false,"episode_type":"audio","audio_file":"","cover_image":"","cover_image_id":"","duration":"","filesize":"","date_recorded":"","explicit":"","block":"","filesize_raw":"","footnotes":""},"categories":[244],"tags":[2662,6625,503,665],"series":[],"class_list":["post-39972","post","type-post","status-publish","format-standard","has-post-thumbnail","hentry","category-canal-de-arquitectura","tag-fernando-higueras","tag-fundacion-fernando-higueras","tag-le-corbusier","tag-mies-van-der-rohe"],"aioseo_notices":[],"episode_featured_image":"https:\/\/stepienybarno.es\/blog\/wp-content\/uploads\/2020\/02\/stepieybarno-Fernando-Higueras-rupturismo-en-la-arquitectura-de-Espa\u00f1a-postdeld\u00eda.jpg","episode_player_image":"https:\/\/stepienybarno.es\/blog\/wp-content\/uploads\/2020\/11\/stepienybarno-podcast-scaled.jpg","download_link":"","player_link":"","audio_player":false,"episode_data":{"playerMode":"dark","subscribeUrls":[],"rssFeedUrl":"https:\/\/stepienybarno.es\/blog\/feed\/podcast\/podcast-de-stepienybarno","embedCode":"<blockquote class=\"wp-embedded-content\" data-secret=\"EmgjnnNqA9\"><a href=\"https:\/\/stepienybarno.es\/blog\/2020\/03\/02\/fernando-higueras-rupturismo-en-la-arquitectura-de-espana\/\">Fernando Higueras: rupturismo en la arquitectura de Espa\u00f1a<\/a><\/blockquote><iframe sandbox=\"allow-scripts\" security=\"restricted\" src=\"https:\/\/stepienybarno.es\/blog\/2020\/03\/02\/fernando-higueras-rupturismo-en-la-arquitectura-de-espana\/embed\/#?secret=EmgjnnNqA9\" width=\"500\" height=\"350\" title=\"\u00abFernando Higueras: rupturismo en la arquitectura de Espa\u00f1a\u00bb \u2014 Blog de STEPIEN Y BARNO - publicaci\u00f3n digital sobre arquitectura\" data-secret=\"EmgjnnNqA9\" frameborder=\"0\" marginwidth=\"0\" marginheight=\"0\" scrolling=\"no\" class=\"wp-embedded-content\"><\/iframe><script type=\"text\/javascript\">\n\/* <![CDATA[ *\/\n\/*! This file is auto-generated *\/\n!function(d,l){\"use strict\";l.querySelector&&d.addEventListener&&\"undefined\"!=typeof URL&&(d.wp=d.wp||{},d.wp.receiveEmbedMessage||(d.wp.receiveEmbedMessage=function(e){var t=e.data;if((t||t.secret||t.message||t.value)&&!\/[^a-zA-Z0-9]\/.test(t.secret)){for(var s,r,n,a=l.querySelectorAll('iframe[data-secret=\"'+t.secret+'\"]'),o=l.querySelectorAll('blockquote[data-secret=\"'+t.secret+'\"]'),c=new RegExp(\"^https?:$\",\"i\"),i=0;i<o.length;i++)o[i].style.display=\"none\";for(i=0;i<a.length;i++)s=a[i],e.source===s.contentWindow&&(s.removeAttribute(\"style\"),\"height\"===t.message?(1e3<(r=parseInt(t.value,10))?r=1e3:~~r<200&&(r=200),s.height=r):\"link\"===t.message&&(r=new URL(s.getAttribute(\"src\")),n=new URL(t.value),c.test(n.protocol))&&n.host===r.host&&l.activeElement===s&&(d.top.location.href=t.value))}},d.addEventListener(\"message\",d.wp.receiveEmbedMessage,!1),l.addEventListener(\"DOMContentLoaded\",function(){for(var e,t,s=l.querySelectorAll(\"iframe.wp-embedded-content\"),r=0;r<s.length;r++)(t=(e=s[r]).getAttribute(\"data-secret\"))||(t=Math.random().toString(36).substring(2,12),e.src+=\"#?secret=\"+t,e.setAttribute(\"data-secret\",t)),e.contentWindow.postMessage({message:\"ready\",secret:t},\"*\")},!1)))}(window,document);\n\/* ]]> *\/\n<\/script>\n"},"_links":{"self":[{"href":"https:\/\/stepienybarno.es\/blog\/wp-json\/wp\/v2\/posts\/39972"}],"collection":[{"href":"https:\/\/stepienybarno.es\/blog\/wp-json\/wp\/v2\/posts"}],"about":[{"href":"https:\/\/stepienybarno.es\/blog\/wp-json\/wp\/v2\/types\/post"}],"author":[{"embeddable":true,"href":"https:\/\/stepienybarno.es\/blog\/wp-json\/wp\/v2\/users\/2"}],"replies":[{"embeddable":true,"href":"https:\/\/stepienybarno.es\/blog\/wp-json\/wp\/v2\/comments?post=39972"}],"version-history":[{"count":1,"href":"https:\/\/stepienybarno.es\/blog\/wp-json\/wp\/v2\/posts\/39972\/revisions"}],"predecessor-version":[{"id":39974,"href":"https:\/\/stepienybarno.es\/blog\/wp-json\/wp\/v2\/posts\/39972\/revisions\/39974"}],"wp:featuredmedia":[{"embeddable":true,"href":"https:\/\/stepienybarno.es\/blog\/wp-json\/wp\/v2\/media\/39973"}],"wp:attachment":[{"href":"https:\/\/stepienybarno.es\/blog\/wp-json\/wp\/v2\/media?parent=39972"}],"wp:term":[{"taxonomy":"category","embeddable":true,"href":"https:\/\/stepienybarno.es\/blog\/wp-json\/wp\/v2\/categories?post=39972"},{"taxonomy":"post_tag","embeddable":true,"href":"https:\/\/stepienybarno.es\/blog\/wp-json\/wp\/v2\/tags?post=39972"},{"taxonomy":"series","embeddable":true,"href":"https:\/\/stepienybarno.es\/blog\/wp-json\/wp\/v2\/series?post=39972"}],"curies":[{"name":"wp","href":"https:\/\/api.w.org\/{rel}","templated":true}]}}