{"id":40005,"date":"2020-03-04T08:02:48","date_gmt":"2020-03-04T06:02:48","guid":{"rendered":"https:\/\/www.stepienybarno.es\/blog\/?p=40005"},"modified":"2020-02-24T19:17:28","modified_gmt":"2020-02-24T17:17:28","slug":"luis-barragan-prologo-para-un-espacio-magico","status":"publish","type":"post","link":"https:\/\/stepienybarno.es\/blog\/2020\/03\/04\/luis-barragan-prologo-para-un-espacio-magico\/","title":{"rendered":"Luis Barrag\u00e1n. Pr\u00f3logo para un espacio m\u00e1gico"},"content":{"rendered":"<div id=\"attachment_40007\" style=\"width: 560px\" class=\"wp-caption aligncenter\"><img loading=\"lazy\" decoding=\"async\" aria-describedby=\"caption-attachment-40007\" class=\"size-medium wp-image-40007\" src=\"https:\/\/stepienybarno.es\/blog\/wp-content\/uploads\/2020\/03\/stepienybarno-Luis-Barrag\u00e1n.-Pr\u00f3logo-para-un-espacio-m\u00e1gico-postdeld\u00eda-550x413.jpg\" alt=\"\" width=\"550\" height=\"413\" srcset=\"https:\/\/stepienybarno.es\/blog\/wp-content\/uploads\/2020\/03\/stepienybarno-Luis-Barrag\u00e1n.-Pr\u00f3logo-para-un-espacio-m\u00e1gico-postdeld\u00eda-550x413.jpg 550w, https:\/\/stepienybarno.es\/blog\/wp-content\/uploads\/2020\/03\/stepienybarno-Luis-Barrag\u00e1n.-Pr\u00f3logo-para-un-espacio-m\u00e1gico-postdeld\u00eda-933x700.jpg 933w, https:\/\/stepienybarno.es\/blog\/wp-content\/uploads\/2020\/03\/stepienybarno-Luis-Barrag\u00e1n.-Pr\u00f3logo-para-un-espacio-m\u00e1gico-postdeld\u00eda-180x135.jpg 180w, https:\/\/stepienybarno.es\/blog\/wp-content\/uploads\/2020\/03\/stepienybarno-Luis-Barrag\u00e1n.-Pr\u00f3logo-para-un-espacio-m\u00e1gico-postdeld\u00eda-316x237.jpg 316w, https:\/\/stepienybarno.es\/blog\/wp-content\/uploads\/2020\/03\/stepienybarno-Luis-Barrag\u00e1n.-Pr\u00f3logo-para-un-espacio-m\u00e1gico-postdeld\u00eda.jpg 1024w\" sizes=\"(max-width: 550px) 100vw, 550px\" \/><p id=\"caption-attachment-40007\" class=\"wp-caption-text\">Fotograf\u00eda:\u00a0Casa Estudio \/ Luis Barrag\u00e1n \u00a9 Usuario de Flickr: LrBln. Used under Creative Commons.<\/p><\/div>\n<h1>Por: Antonio Ruiz Barbarin<\/h1>\n<h2>Desde: arquetipos<\/h2>\n<h2>Fotograf\u00eda:\u00a0Casa Estudio \/ Luis Barrag\u00e1n \u00a9 Usuario de Flickr: LrBln. Used under Creative Commons.<\/h2>\n<p><!--more--><\/p>\n<p>A todo el mundo que pregunto le gusta la obra de Luis Barrag\u00e1n. Quiz\u00e1 porque a priori parece que no resulta dif\u00edcil interpretar el origen de sus espacios o el porqu\u00e9 de sus atm\u00f3sferas contagiosas. Quiz\u00e1 porque nunca se someti\u00f3 a su contemporaneidad es por lo que hoy es tan actual\u2026 Pues es arquitectura sin fecha de caducidad. Nunca la cont\u00f3 ni la escribi\u00f3, pero s\u00ed la sugiri\u00f3 con sus construcciones, que son aut\u00e9nticas verdades desnudas.<\/p>\n<p>No se entiende que en sus austeros muros puedan coincidir el Mies m\u00e1s primitivo con el Corbu m\u00e1s inquietante, y que ti\u00f1\u00e9ndolos con sus sugerentes colores salgan reforzados en su tect\u00f3nica m\u00e1s sutil y\u00a0en sus texturas m\u00e1s duras y canallas. Porque Barrag\u00e1n se encontr\u00f3 con las superficies quietas de sus muros y las satur\u00f3, transform\u00e1ndolas con su particular paleta de colores en una fuerte intervenci\u00f3n que pretend\u00eda evocar vern\u00e1culos mundos mexicanos y as\u00ed recoger en ellos sombras sorprendentes.<\/p>\n<p><strong>Hay algo de renuncia y austeridad en la sol<\/strong><\/p>\n<p>&nbsp;<\/p>\n<p style=\"text-align: center;\">Acceder al Post <a href=\"http:\/\/bit.ly\/3c4l2Yv\" target=\"_blank\" rel=\"noopener noreferrer\">AQU\u00cd<\/a><\/p>\n<h3 class=\"western\"><span style=\"color: #ff0000;\">Curso online de Eficiencia y Productividad para arquitectos y arquitectas<\/span><\/h3>\n<h3 class=\"western\" align=\"CENTER\"><a href=\"http:\/\/cursoproductividad.stepienybarno.es\/\" target=\"_blank\" rel=\"noopener noreferrer\"><span style=\"color: #ff0000;\">Acceder a la Segunda edici\u00f3n. <\/span><\/a><\/h3>\n<h5 class=\"western\" align=\"CENTER\"><span style=\"color: #ff0000;\">16 de marzo &#8211; 6 de abril 2020.<\/span><\/h5>\n<p><iframe loading=\"lazy\" title=\"\u00bfPara qu\u00e9 sirve un ARQUITECTO \/a? Por Jordi Ludevid\" width=\"911\" height=\"512\" src=\"https:\/\/www.youtube.com\/embed\/videoseries?list=PL9KCMehqFIajpdVXSncYV0J1ef6ms4zRx\" frameborder=\"0\" allow=\"accelerometer; autoplay; encrypted-media; gyroscope; picture-in-picture\" allowfullscreen><\/iframe><\/p>\n<hr \/>\n<h5><strong>Autores del post: <a href=\"https:\/\/stepienybarno.es\/blog\/2011\/09\/04\/las-fortalezas-del-arquitecto\/\">Stepienybarno<\/a> _ Agnieszka Stepien y Lorenzo Barn\u00f3<\/strong><\/h5>\n<h5>Y como siempre, si te gust\u00f3 el post, estar\u00eda genial que lo compartas en tus redes sociales.<\/h5>\n<h5>A su vez, si todav\u00eda no est\u00e1s suscrito a nuestra Newsletter, te animamos a hacerlo en la casilla que tienes al terminar este art\u00edculo.<\/h5>\n<p>&nbsp;<\/p>\n<blockquote><p>Suscribirte a nuestro blog y recibe gratis nuestra gu\u00eda: 10 Ideas para vender m\u00e1s si eres arquitecto<\/p>\n<p>Acceder: <a href=\"http:\/\/bit.ly\/2fkkTS7\">http:\/\/bit.ly\/2fkkTS7<\/a><\/p>\n<p>&nbsp;<\/p>\n<p>Si te interesa contactar con nosotros para que te ayudemos a mejorar tu visibilidad online y, en consecuencia, mejorar tus oportunidades laborales, no dudes en escribirnos a: <a href=\"mailto:blog@stepienybarno.es\">blog@stepienybarno.es<\/a><\/p><\/blockquote>\n<p>&nbsp;<\/p>\n<p><em><a href=\"https:\/\/twitter.com\/stepienybarno\">Stepienybarno en TWITTER<\/a><\/em><\/p>\n<p><em><a href=\"https:\/\/twitter.com\/stepienybarno\">@stepienybarno (+ de 16.000 seguidores)<\/a><\/em><\/p>\n<p><em><a href=\"https:\/\/twitter.com\/stepienybarno?lang=es\">https:\/\/twitter.com\/stepienybarno?lang=es<\/a><\/em><\/p>\n<p><em><a href=\"https:\/\/www.facebook.com\/pages\/BLOG-DE-STEPIENYBARNO\/78001079029\">Stepienybarno en FACEBOOK (+ de 24<u>.000 seguidores)<\/u><\/a><\/em><\/p>\n<p><em><a href=\"https:\/\/www.facebook.com\/StepienyBarnoArquitecturaeIdentidadDigital\/\">https:\/\/www.facebook.com\/StepienyBarnoArquitecturaeIdentidadDigital\/<\/a><\/em><\/p>\n<p><em>Acceder a nuestro GRUPO CERRADO DE FACEBOOK sobre Identidad Digital para Arquitectos:<\/em><\/p>\n<p><em><a href=\"https:\/\/www.facebook.com\/groups\/IdentidadDigitalParaArquitectos\/\">https:\/\/www.facebook.com\/groups\/IdentidadDigitalParaArquitectos\/<\/a><\/em><\/p>\n<p><em>Suscr\u00edbete a nuestro canal de YOUTUBE: <a href=\"http:\/\/bit.ly\/2A1UtAd\">http:\/\/bit.ly\/2A1UtAd<\/a><\/em><\/p>\n<p>&nbsp;<\/p>\n<p>* <a href=\"https:\/\/stepienybarno.es\/blog\/2011\/09\/04\/las-fortalezas-del-arquitecto\/\">Stepienybarno<\/a> est\u00e1 formado por Agnieszka Stepien y Lorenzo Barn\u00f3 y desde mayo del 2009 estamos en la red con la presente publicaci\u00f3n digital (Blog) de arquitectura.<\/p>\n<p>Nuestra actividad se sustenta en tres pilares b\u00e1sicos: la investigaci\u00f3n, la publicaci\u00f3n y la redacci\u00f3n de proyectos de arquitectura.<\/p>\n<p>A su vez, somos socios cofundadores de <a href=\"http:\/\/sinergiasostenible.org\/\">SINERGIA SOSTENIBLE<\/a> y directores del blog de FUNDACI\u00d3N ARQUIA.<\/p>\n","protected":false},"excerpt":{"rendered":"<p>Por: Antonio Ruiz Barbarin Desde: arquetipos Fotograf\u00eda:\u00a0Casa Estudio \/ Luis<\/p>\n","protected":false},"author":2,"featured_media":40007,"comment_status":"open","ping_status":"closed","sticky":false,"template":"","format":"standard","meta":{"om_disable_all_campaigns":false,"_monsterinsights_skip_tracking":false,"_monsterinsights_sitenote_active":false,"_monsterinsights_sitenote_note":"","_monsterinsights_sitenote_category":0,"_uf_show_specific_survey":0,"_uf_disable_surveys":false,"episode_type":"audio","audio_file":"","cover_image":"","cover_image_id":"","duration":"","filesize":"","date_recorded":"","explicit":"","block":"","filesize_raw":"","footnotes":""},"categories":[244],"tags":[7632,6264,305],"series":[],"class_list":["post-40005","post","type-post","status-publish","format-standard","has-post-thumbnail","hentry","category-canal-de-arquitectura","tag-antonio-ruiz-barbarin","tag-casa-esrtudio-luis-barragan","tag-luis-barragan"],"aioseo_notices":[],"episode_featured_image":"https:\/\/stepienybarno.es\/blog\/wp-content\/uploads\/2020\/03\/stepienybarno-Luis-Barrag\u00e1n.-Pr\u00f3logo-para-un-espacio-m\u00e1gico-postdeld\u00eda.jpg","episode_player_image":"https:\/\/stepienybarno.es\/blog\/wp-content\/uploads\/2020\/11\/stepienybarno-podcast-scaled.jpg","download_link":"","player_link":"","audio_player":false,"episode_data":{"playerMode":"dark","subscribeUrls":[],"rssFeedUrl":"https:\/\/stepienybarno.es\/blog\/feed\/podcast\/podcast-de-stepienybarno","embedCode":"<blockquote class=\"wp-embedded-content\" data-secret=\"Ba9V4pkbDy\"><a href=\"https:\/\/stepienybarno.es\/blog\/2020\/03\/04\/luis-barragan-prologo-para-un-espacio-magico\/\">Luis Barrag\u00e1n. Pr\u00f3logo para un espacio m\u00e1gico<\/a><\/blockquote><iframe sandbox=\"allow-scripts\" security=\"restricted\" src=\"https:\/\/stepienybarno.es\/blog\/2020\/03\/04\/luis-barragan-prologo-para-un-espacio-magico\/embed\/#?secret=Ba9V4pkbDy\" width=\"500\" height=\"350\" title=\"\u00abLuis Barrag\u00e1n. Pr\u00f3logo para un espacio m\u00e1gico\u00bb \u2014 Blog de STEPIEN Y BARNO - publicaci\u00f3n digital sobre arquitectura\" data-secret=\"Ba9V4pkbDy\" frameborder=\"0\" marginwidth=\"0\" marginheight=\"0\" scrolling=\"no\" class=\"wp-embedded-content\"><\/iframe><script type=\"text\/javascript\">\n\/* <![CDATA[ *\/\n\/*! This file is auto-generated *\/\n!function(d,l){\"use strict\";l.querySelector&&d.addEventListener&&\"undefined\"!=typeof URL&&(d.wp=d.wp||{},d.wp.receiveEmbedMessage||(d.wp.receiveEmbedMessage=function(e){var t=e.data;if((t||t.secret||t.message||t.value)&&!\/[^a-zA-Z0-9]\/.test(t.secret)){for(var s,r,n,a=l.querySelectorAll('iframe[data-secret=\"'+t.secret+'\"]'),o=l.querySelectorAll('blockquote[data-secret=\"'+t.secret+'\"]'),c=new RegExp(\"^https?:$\",\"i\"),i=0;i<o.length;i++)o[i].style.display=\"none\";for(i=0;i<a.length;i++)s=a[i],e.source===s.contentWindow&&(s.removeAttribute(\"style\"),\"height\"===t.message?(1e3<(r=parseInt(t.value,10))?r=1e3:~~r<200&&(r=200),s.height=r):\"link\"===t.message&&(r=new URL(s.getAttribute(\"src\")),n=new URL(t.value),c.test(n.protocol))&&n.host===r.host&&l.activeElement===s&&(d.top.location.href=t.value))}},d.addEventListener(\"message\",d.wp.receiveEmbedMessage,!1),l.addEventListener(\"DOMContentLoaded\",function(){for(var e,t,s=l.querySelectorAll(\"iframe.wp-embedded-content\"),r=0;r<s.length;r++)(t=(e=s[r]).getAttribute(\"data-secret\"))||(t=Math.random().toString(36).substring(2,12),e.src+=\"#?secret=\"+t,e.setAttribute(\"data-secret\",t)),e.contentWindow.postMessage({message:\"ready\",secret:t},\"*\")},!1)))}(window,document);\n\/* ]]> *\/\n<\/script>\n"},"_links":{"self":[{"href":"https:\/\/stepienybarno.es\/blog\/wp-json\/wp\/v2\/posts\/40005"}],"collection":[{"href":"https:\/\/stepienybarno.es\/blog\/wp-json\/wp\/v2\/posts"}],"about":[{"href":"https:\/\/stepienybarno.es\/blog\/wp-json\/wp\/v2\/types\/post"}],"author":[{"embeddable":true,"href":"https:\/\/stepienybarno.es\/blog\/wp-json\/wp\/v2\/users\/2"}],"replies":[{"embeddable":true,"href":"https:\/\/stepienybarno.es\/blog\/wp-json\/wp\/v2\/comments?post=40005"}],"version-history":[{"count":2,"href":"https:\/\/stepienybarno.es\/blog\/wp-json\/wp\/v2\/posts\/40005\/revisions"}],"predecessor-version":[{"id":40008,"href":"https:\/\/stepienybarno.es\/blog\/wp-json\/wp\/v2\/posts\/40005\/revisions\/40008"}],"wp:featuredmedia":[{"embeddable":true,"href":"https:\/\/stepienybarno.es\/blog\/wp-json\/wp\/v2\/media\/40007"}],"wp:attachment":[{"href":"https:\/\/stepienybarno.es\/blog\/wp-json\/wp\/v2\/media?parent=40005"}],"wp:term":[{"taxonomy":"category","embeddable":true,"href":"https:\/\/stepienybarno.es\/blog\/wp-json\/wp\/v2\/categories?post=40005"},{"taxonomy":"post_tag","embeddable":true,"href":"https:\/\/stepienybarno.es\/blog\/wp-json\/wp\/v2\/tags?post=40005"},{"taxonomy":"series","embeddable":true,"href":"https:\/\/stepienybarno.es\/blog\/wp-json\/wp\/v2\/series?post=40005"}],"curies":[{"name":"wp","href":"https:\/\/api.w.org\/{rel}","templated":true}]}}