{"id":40126,"date":"2020-03-03T08:21:41","date_gmt":"2020-03-03T06:21:41","guid":{"rendered":"https:\/\/www.stepienybarno.es\/blog\/?p=40126"},"modified":"2020-03-16T11:39:32","modified_gmt":"2020-03-16T09:39:32","slug":"episodio-6-organizacion-estudio-de-arquitectura-3-0","status":"publish","type":"post","link":"https:\/\/stepienybarno.es\/blog\/2020\/03\/03\/episodio-6-organizacion-estudio-de-arquitectura-3-0\/","title":{"rendered":"Episodio #6: Organizaci\u00f3n estudio de arquitectura 3.0"},"content":{"rendered":"<p><img loading=\"lazy\" decoding=\"async\" class=\"aligncenter wp-image-40128\" src=\"https:\/\/stepienybarno.es\/blog\/wp-content\/uploads\/2020\/03\/stepienybarno-podcast-episodio-6-organizacio\u0301n-estudio-arquitectura-3-punto-0-550x309.jpg\" alt=\"\" width=\"750\" height=\"422\" srcset=\"https:\/\/stepienybarno.es\/blog\/wp-content\/uploads\/2020\/03\/stepienybarno-podcast-episodio-6-organizacio\u0301n-estudio-arquitectura-3-punto-0-550x309.jpg 550w, https:\/\/stepienybarno.es\/blog\/wp-content\/uploads\/2020\/03\/stepienybarno-podcast-episodio-6-organizacio\u0301n-estudio-arquitectura-3-punto-0-1024x576.jpg 1024w, https:\/\/stepienybarno.es\/blog\/wp-content\/uploads\/2020\/03\/stepienybarno-podcast-episodio-6-organizacio\u0301n-estudio-arquitectura-3-punto-0-180x101.jpg 180w, https:\/\/stepienybarno.es\/blog\/wp-content\/uploads\/2020\/03\/stepienybarno-podcast-episodio-6-organizacio\u0301n-estudio-arquitectura-3-punto-0-316x178.jpg 316w, https:\/\/stepienybarno.es\/blog\/wp-content\/uploads\/2020\/03\/stepienybarno-podcast-episodio-6-organizacio\u0301n-estudio-arquitectura-3-punto-0.jpg 1333w\" sizes=\"(max-width: 750px) 100vw, 750px\" \/><\/p>\n<p>En este episodio comentamos c\u00f3mo nos organizamos y todos los cambios que hemos tenido en el estudio de arquitectura desde que lo montamos en 2003.<\/p>\n<p>Nuevos y nuevas colaboradoras, nuevas herramientas, nueva forma de sistematizar las tareas y gesti\u00f3n de proyectos.<\/p>\n<p>A priori pueden parecer complicadas pero a la larga estas peque\u00f1as herramientas nos ayudar\u00e1n a ser m\u00e1s productivos en nuestro d\u00eda a d\u00eda, no solo desde el punto de vista laboral sino tambi\u00e9n en nuestra vida personal, pues aquellas personas que nos conoc\u00e9is sab\u00e9is que nos gusta mucho nuestro trabajo pero tambi\u00e9n dedicar el tiempo necesario a la familia y a los cuidados.<\/p>\n<p>Esperamos que esta charla de caf\u00e9 os resulte interesante y, si adem\u00e1s, utiliz\u00e1is herramientas digitales habitualmente para gestionar vuestro trabajo, vuestro equipo, os animamos a que nos las expong\u00e1is en los comentarios m\u00e1s abajo.<\/p>\n<p style=\"text-align: center;\"><iframe loading=\"lazy\" src=\"https:\/\/www.youtube.com\/embed\/e82qP5M20M8\" width=\"750\" height=\"420\" frameborder=\"0\" allowfullscreen=\"allowfullscreen\"><\/iframe><\/p>\n<p style=\"text-align: center;\"><a href=\"https:\/\/stepienybarno.es\/blog\/category\/podcast\/\" class=\"kp-button medium-button\" target=\"_self\">escucha m\u00e1s podcast de stepienybarno<\/a><\/p>\n<p style=\"text-align: center;\"><a href=\"https:\/\/www.ivoox.com\/STEPIENYBARNO_sb.html?sb=STEPIENYBARNO\">Tambi\u00e9n en IVOOX<\/a><\/p>\n<h3 class=\"western\" style=\"text-align: center;\"><span style=\"color: #ff0000;\">Curso online de Eficiencia y Productividad para arquitectos y arquitectas<\/span><\/h3>\n<p style=\"text-align: center;\"><a href=\"http:\/\/cursoproductividad.stepienybarno.es\/\" class=\"kp-button medium-button\" target=\"_self\">Acceder a la Segunda edici\u00f3n.<\/a><\/p>\n<h5 class=\"western\" align=\"CENTER\">16 de marzo \u2013 6 de abril 2020.<\/h5>\n<hr \/>\n<h5><strong>Autores del post: <a href=\"https:\/\/stepienybarno.es\/blog\/2011\/09\/04\/las-fortalezas-del-arquitecto\/\">Stepienybarno<\/a> _ Agnieszka Stepien y Lorenzo Barn\u00f3<\/strong><\/h5>\n<h5>Y como siempre, si te gust\u00f3 el post, estar\u00eda genial que lo compartas en tus redes sociales.<\/h5>\n<h5>A su vez, si todav\u00eda no est\u00e1s suscrito a nuestra Newsletter, te animamos a hacerlo en la casilla que tienes al terminar este art\u00edculo.<\/h5>\n<p>&nbsp;<\/p>\n<blockquote><p>Suscribirte a nuestro blog y recibe gratis nuestra gu\u00eda: 10 Ideas para vender m\u00e1s si eres arquitecto<\/p>\n<p>Acceder: <a href=\"http:\/\/bit.ly\/2fkkTS7\">http:\/\/bit.ly\/2fkkTS7<\/a><\/p>\n<p>&nbsp;<\/p>\n<p>Si te interesa contactar con nosotros para que te ayudemos a mejorar tu visibilidad online y, en consecuencia, mejorar tus oportunidades laborales, no dudes en escribirnos a: <a href=\"mailto:blog@stepienybarno.es\">blog@stepienybarno.es<\/a><\/p><\/blockquote>\n<p>&nbsp;<\/p>\n<p><em><a href=\"https:\/\/twitter.com\/stepienybarno\">Stepienybarno en TWITTER<\/a><\/em><\/p>\n<p><em><a href=\"https:\/\/twitter.com\/stepienybarno\">@stepienybarno (+ de 16.000 seguidores)<\/a><\/em><\/p>\n<p><em><a href=\"https:\/\/twitter.com\/stepienybarno?lang=es\">https:\/\/twitter.com\/stepienybarno?lang=es<\/a><\/em><\/p>\n<p><em><a href=\"https:\/\/www.facebook.com\/pages\/BLOG-DE-STEPIENYBARNO\/78001079029\">Stepienybarno en FACEBOOK (+ de 24<u>.000 seguidores)<\/u><\/a><\/em><\/p>\n<p><em><a href=\"https:\/\/www.facebook.com\/StepienyBarnoArquitecturaeIdentidadDigital\/\">https:\/\/www.facebook.com\/StepienyBarnoArquitecturaeIdentidadDigital\/<\/a><\/em><\/p>\n<p><em>Acceder a nuestro GRUPO CERRADO DE FACEBOOK sobre Identidad Digital para Arquitectos:<\/em><\/p>\n<p><em><a href=\"https:\/\/www.facebook.com\/groups\/IdentidadDigitalParaArquitectos\/\">https:\/\/www.facebook.com\/groups\/IdentidadDigitalParaArquitectos\/<\/a><\/em><\/p>\n<p><em>Suscr\u00edbete a nuestro canal de YOUTUBE: <a href=\"http:\/\/bit.ly\/2A1UtAd\">http:\/\/bit.ly\/2A1UtAd<\/a><\/em><\/p>\n<p>&nbsp;<\/p>\n<p>* <a href=\"https:\/\/stepienybarno.es\/blog\/2011\/09\/04\/las-fortalezas-del-arquitecto\/\">Stepienybarno<\/a> est\u00e1 formado por Agnieszka Stepien y Lorenzo Barn\u00f3 y desde mayo del 2009 estamos en la red con la presente publicaci\u00f3n digital (Blog) de arquitectura.<\/p>\n<p>Nuestra actividad se sustenta en tres pilares b\u00e1sicos: la investigaci\u00f3n, la publicaci\u00f3n y la redacci\u00f3n de proyectos de arquitectura.<\/p>\n<p>A su vez, somos socios cofundadores de <a href=\"http:\/\/sinergiasostenible.org\/\">SINERGIA SOSTENIBLE<\/a> y directores del blog de FUNDACI\u00d3N ARQUIA.<\/p>\n","protected":false},"excerpt":{"rendered":"<p>En este episodio comentamos c\u00f3mo nos organizamos y todos los<\/p>\n","protected":false},"author":2,"featured_media":40128,"comment_status":"open","ping_status":"closed","sticky":false,"template":"","format":"standard","meta":{"om_disable_all_campaigns":false,"_monsterinsights_skip_tracking":false,"_monsterinsights_sitenote_active":false,"_monsterinsights_sitenote_note":"","_monsterinsights_sitenote_category":0,"_uf_show_specific_survey":0,"_uf_disable_surveys":false,"episode_type":"audio","audio_file":"https:\/\/stepienybarno.es\/blog\/wp-content\/uploads\/2020\/03\/Episodio-6-Organizacio\u0301n-estudio-3-punto-0.mp3","cover_image":"","cover_image_id":"","duration":"23:40","filesize":"13.54M","date_recorded":"","explicit":"","block":"","filesize_raw":"14197953","footnotes":""},"categories":[4018,8,27,7985,2976],"tags":[1960,7997,3438],"series":[10115],"class_list":["post-40126","post","type-post","status-publish","format-standard","has-post-thumbnail","hentry","category-arquitectoproductivo","category-identidad-digital","category-nueva-era-digital","category-podcast","category-profesion-arquitecto","tag-estudio-de-arquitectura","tag-podcast","tag-productividad","series-podcast-de-stepienybarno"],"aioseo_notices":[],"episode_featured_image":"https:\/\/stepienybarno.es\/blog\/wp-content\/uploads\/2020\/03\/stepienybarno-podcast-episodio-6-organizacio\u0301n-estudio-arquitectura-3-punto-0.jpg","episode_player_image":"https:\/\/stepienybarno.es\/blog\/wp-content\/uploads\/2020\/11\/stepienybarno-podcast-scaled.jpg","download_link":"https:\/\/stepienybarno.es\/blog\/podcast-download\/40126\/episodio-6-organizacion-estudio-de-arquitectura-3-0.mp3","player_link":"https:\/\/stepienybarno.es\/blog\/podcast-player\/40126\/episodio-6-organizacion-estudio-de-arquitectura-3-0.mp3","audio_player":"<!--[if lt IE 9]><script>document.createElement('audio');<\/script><![endif]-->\n<audio class=\"wp-audio-shortcode\" id=\"audio-40126-1\" preload=\"none\" style=\"width: 100%;\" controls=\"controls\"><source type=\"audio\/mpeg\" src=\"https:\/\/stepienybarno.es\/blog\/podcast-player\/40126\/episodio-6-organizacion-estudio-de-arquitectura-3-0.mp3?_=1\" \/><a href=\"https:\/\/stepienybarno.es\/blog\/podcast-player\/40126\/episodio-6-organizacion-estudio-de-arquitectura-3-0.mp3\">https:\/\/stepienybarno.es\/blog\/podcast-player\/40126\/episodio-6-organizacion-estudio-de-arquitectura-3-0.mp3<\/a><\/audio>","episode_data":{"playerMode":"dark","subscribeUrls":[],"rssFeedUrl":"https:\/\/stepienybarno.es\/blog\/feed\/podcast\/podcast-de-stepienybarno","embedCode":"<blockquote class=\"wp-embedded-content\" data-secret=\"S1lJ4Y2MhZ\"><a href=\"https:\/\/stepienybarno.es\/blog\/2020\/03\/03\/episodio-6-organizacion-estudio-de-arquitectura-3-0\/\">Episodio #6: Organizaci\u00f3n estudio de arquitectura 3.0<\/a><\/blockquote><iframe sandbox=\"allow-scripts\" security=\"restricted\" src=\"https:\/\/stepienybarno.es\/blog\/2020\/03\/03\/episodio-6-organizacion-estudio-de-arquitectura-3-0\/embed\/#?secret=S1lJ4Y2MhZ\" width=\"500\" height=\"350\" title=\"\u00abEpisodio #6: Organizaci\u00f3n estudio de arquitectura 3.0\u00bb \u2014 Blog de STEPIEN Y BARNO - publicaci\u00f3n digital sobre arquitectura\" data-secret=\"S1lJ4Y2MhZ\" frameborder=\"0\" marginwidth=\"0\" marginheight=\"0\" scrolling=\"no\" class=\"wp-embedded-content\"><\/iframe><script type=\"text\/javascript\">\n\/* <![CDATA[ *\/\n\/*! This file is auto-generated *\/\n!function(d,l){\"use strict\";l.querySelector&&d.addEventListener&&\"undefined\"!=typeof URL&&(d.wp=d.wp||{},d.wp.receiveEmbedMessage||(d.wp.receiveEmbedMessage=function(e){var t=e.data;if((t||t.secret||t.message||t.value)&&!\/[^a-zA-Z0-9]\/.test(t.secret)){for(var s,r,n,a=l.querySelectorAll('iframe[data-secret=\"'+t.secret+'\"]'),o=l.querySelectorAll('blockquote[data-secret=\"'+t.secret+'\"]'),c=new RegExp(\"^https?:$\",\"i\"),i=0;i<o.length;i++)o[i].style.display=\"none\";for(i=0;i<a.length;i++)s=a[i],e.source===s.contentWindow&&(s.removeAttribute(\"style\"),\"height\"===t.message?(1e3<(r=parseInt(t.value,10))?r=1e3:~~r<200&&(r=200),s.height=r):\"link\"===t.message&&(r=new URL(s.getAttribute(\"src\")),n=new URL(t.value),c.test(n.protocol))&&n.host===r.host&&l.activeElement===s&&(d.top.location.href=t.value))}},d.addEventListener(\"message\",d.wp.receiveEmbedMessage,!1),l.addEventListener(\"DOMContentLoaded\",function(){for(var e,t,s=l.querySelectorAll(\"iframe.wp-embedded-content\"),r=0;r<s.length;r++)(t=(e=s[r]).getAttribute(\"data-secret\"))||(t=Math.random().toString(36).substring(2,12),e.src+=\"#?secret=\"+t,e.setAttribute(\"data-secret\",t)),e.contentWindow.postMessage({message:\"ready\",secret:t},\"*\")},!1)))}(window,document);\n\/* ]]> *\/\n<\/script>\n"},"_links":{"self":[{"href":"https:\/\/stepienybarno.es\/blog\/wp-json\/wp\/v2\/posts\/40126"}],"collection":[{"href":"https:\/\/stepienybarno.es\/blog\/wp-json\/wp\/v2\/posts"}],"about":[{"href":"https:\/\/stepienybarno.es\/blog\/wp-json\/wp\/v2\/types\/post"}],"author":[{"embeddable":true,"href":"https:\/\/stepienybarno.es\/blog\/wp-json\/wp\/v2\/users\/2"}],"replies":[{"embeddable":true,"href":"https:\/\/stepienybarno.es\/blog\/wp-json\/wp\/v2\/comments?post=40126"}],"version-history":[{"count":7,"href":"https:\/\/stepienybarno.es\/blog\/wp-json\/wp\/v2\/posts\/40126\/revisions"}],"predecessor-version":[{"id":40538,"href":"https:\/\/stepienybarno.es\/blog\/wp-json\/wp\/v2\/posts\/40126\/revisions\/40538"}],"wp:featuredmedia":[{"embeddable":true,"href":"https:\/\/stepienybarno.es\/blog\/wp-json\/wp\/v2\/media\/40128"}],"wp:attachment":[{"href":"https:\/\/stepienybarno.es\/blog\/wp-json\/wp\/v2\/media?parent=40126"}],"wp:term":[{"taxonomy":"category","embeddable":true,"href":"https:\/\/stepienybarno.es\/blog\/wp-json\/wp\/v2\/categories?post=40126"},{"taxonomy":"post_tag","embeddable":true,"href":"https:\/\/stepienybarno.es\/blog\/wp-json\/wp\/v2\/tags?post=40126"},{"taxonomy":"series","embeddable":true,"href":"https:\/\/stepienybarno.es\/blog\/wp-json\/wp\/v2\/series?post=40126"}],"curies":[{"name":"wp","href":"https:\/\/api.w.org\/{rel}","templated":true}]}}