{"id":40528,"date":"2020-03-16T12:08:57","date_gmt":"2020-03-16T10:08:57","guid":{"rendered":"https:\/\/www.stepienybarno.es\/blog\/?p=40528"},"modified":"2020-03-16T12:09:29","modified_gmt":"2020-03-16T10:09:29","slug":"el-gas-radon-en-los-edificios-un-peligro-para-la-salud","status":"publish","type":"post","link":"https:\/\/stepienybarno.es\/blog\/2020\/03\/16\/el-gas-radon-en-los-edificios-un-peligro-para-la-salud\/","title":{"rendered":"EL GAS RAD\u00d3N EN LOS EDIFICIOS: \u00bfUN PELIGRO PARA LA SALUD?"},"content":{"rendered":"<p>Nos hacen llegar la siguiente informaci\u00f3n que puede ser de tu inter\u00e9s.<br \/>\n<!--more--><\/p>\n<p><strong>1.- INTRODUCCI\u00d3N<\/strong><\/p>\n<p>El C\u00f3digo T\u00e9cnico de la Edificaci\u00f3n (CTE) es el marco normativo que establece las exigencias que deben cumplir los<br \/>\nedificios en relaci\u00f3n con los requisitos b\u00e1sicos de seguridad y habitabilidad establecidos en la Ley de Ordenaci\u00f3n de<br \/>\nla Edificaci\u00f3n (LOE). Se promulg\u00f3 en 1999 y supuso un gran salto en cuanto a criterios de dise\u00f1o y ejecuci\u00f3n de obras de edificaci\u00f3n, donde se especifica la manera construir para conseguir edificaciones no \u00fanicamente seguras desde el punto de vista estructural y de uso, sino que tambi\u00e9n deben tener una funcionalidad adecuada.<\/p>\n<p>En cambio, el CTE no ha tenido en cuenta, hasta ahora, otro aspecto fundamental en los edificios: la calidad del aire<br \/>\ninterior. Esto va a cambiar, pues va a aparecer una legislaci\u00f3n referente a este tema. De eso, y m\u00e1s espec\u00edficamente<br \/>\nc\u00f3mo afecta el gas rad\u00f3n a ello, es de lo que trata este art\u00edculo.<\/p>\n<p><strong>2.- AIRE INTERIOR EN LOS EDIFICIOS.<\/strong><\/p>\n<p><img loading=\"lazy\" decoding=\"async\" class=\"alignnone size-medium wp-image-40542\" src=\"https:\/\/stepienybarno.es\/blog\/wp-content\/uploads\/2020\/03\/gas-radon-sika-550x314.jpg\" alt=\"\" width=\"550\" height=\"314\" srcset=\"https:\/\/stepienybarno.es\/blog\/wp-content\/uploads\/2020\/03\/gas-radon-sika-550x314.jpg 550w, https:\/\/stepienybarno.es\/blog\/wp-content\/uploads\/2020\/03\/gas-radon-sika-1024x585.jpg 1024w, https:\/\/stepienybarno.es\/blog\/wp-content\/uploads\/2020\/03\/gas-radon-sika-180x103.jpg 180w, https:\/\/stepienybarno.es\/blog\/wp-content\/uploads\/2020\/03\/gas-radon-sika-1536x877.jpg 1536w, https:\/\/stepienybarno.es\/blog\/wp-content\/uploads\/2020\/03\/gas-radon-sika-2048x1169.jpg 2048w, https:\/\/stepienybarno.es\/blog\/wp-content\/uploads\/2020\/03\/gas-radon-sika-316x180.jpg 316w\" sizes=\"(max-width: 550px) 100vw, 550px\" \/><\/p>\n<p>De una manera coloquial, podemos definir el aire interior como el que van a estar respirando los ocupantes y<br \/>\nusuarios de los edificios durante su vida, por lo que es necesario que sea de la mayor calidad. Dicho esto, el aire<br \/>\ninterior puede verse afectado principalmente por dos motivos:<\/p>\n<p>-Por productos empleados durante la construcci\u00f3n (revestimientos, pinturas,..) o durante su uso, como<br \/>\nmobiliario. Todos ellos, al menos parcialmente, son pl\u00e1sticos y tienen la capacidad de soltar al aire<br \/>\npart\u00edculas, que a\u00fan en peque\u00f1as concentraciones pueden ser perjudiciales cuando se respiran.<\/p>\n<p>-Por productos que generalmente provienen del exterior, y pueden encontrarse de manera natural en la<br \/>\nzona donde se construye, accediendo f\u00e1cilmente al interior del edificio, deteriorando la calidad del aire.<br \/>\nEste es el caso, por ejemplo del gas rad\u00f3n, el cual vamos a tratar a continuaci\u00f3n.<\/p>\n<p><strong>3.- \u00bfQ\u00daE ES EL GAS RAD\u00d3N?<\/strong><\/p>\n<p>Es un gas radioactivo de origen natural, indetectable por el ser humano por sus propios medios, que proviene de la<br \/>\ndesintegraci\u00f3n del radio; que a su vez procede de la desintegraci\u00f3n del uranio contenido en rocas como el granito.<br \/>\nEl rad\u00f3n es la fuente m\u00e1s importante de radiaci\u00f3n natural. Tiene la capacidad de adherirse a las part\u00edculas de polvo<br \/>\nque gravitan en el aire, pudiendo acceder y acumularse en los pulmones. Contiene part\u00edculas alfa radiactivas; son<br \/>\nlas responsables de causar mutaciones en las c\u00e9lulas del aparato respiratorio en caso de inhalaci\u00f3n, pudiendo<br \/>\ngenerar c\u00e1ncer. Seg\u00fan un estudio de la Organizaci\u00f3n Mundial de la Salud (OMS), el gas rad\u00f3n se sit\u00faa como la<br \/>\nsegunda causa m\u00e1s com\u00fan de c\u00e1ncer de pulm\u00f3n, despu\u00e9s del tabaco.<\/p>\n<p>Est\u00e1 presente de forma muy escasa en el aire que respiramos, en bajas concentraciones. Al aire libre, el rad\u00f3n se<br \/>\ndiluye r\u00e1pidamente, por lo que no supone ning\u00fan problema. En cambio, en espacios cerrados, pueden registrarse<br \/>\nconcentraciones elevadas, suponiendo un riesgo potencial para la salud. Al ser incoloro, inodoro e ins\u00edpido, puede<br \/>\nacumularse, sin que nos demos cuenta, en el interior de las viviendas edificadas. Si no hay una ventilaci\u00f3n suficiente,<br \/>\nla concentraci\u00f3n puede llegar a ser muy alta y peligrosa para los habitantes del edificio.<\/p>\n<p>El gas rad\u00f3n puede acceder a trav\u00e9s de grietas o fisuras en el hormig\u00f3n de los cimientos de una casa. Adem\u00e1s puede<br \/>\npotenciarse su entrada gracias a elementos que modifican la presi\u00f3n del aire, como estufas, extractores de cocina,<br \/>\nventiladores, etc. La situaci\u00f3n m\u00e1s habitual es que las partes m\u00e1s afectadas sean las plantas bajas o s\u00f3tanos,<br \/>\ndesplaz\u00e1ndose al resto de la vivienda.<\/p>\n<p><strong>4.- \u00bfY AHORA QU\u00c9?<\/strong><\/p>\n<p>Actualmente, aunque es reconocido el riesgo sobre la salud de la acumulaci\u00f3n de rad\u00f3n en los edificios, no existe<br \/>\na\u00fan en Espa\u00f1a legislaci\u00f3n alguna sobre protecci\u00f3n en edificios residenciales que limite la concentraci\u00f3n de rad\u00f3n en<br \/>\nbase a un nivel de referencia.<\/p>\n<p>Sin embargo, la Uni\u00f3n Europea, mediante la Directiva EURATOM 59\/2013, establece la obligaci\u00f3n de elaborar un<br \/>\nPlan nacional de acci\u00f3n para el rad\u00f3n, que permita hacer frente a los riesgos a largo plazo debidos a exposiciones en<br \/>\nviviendas, edificios de acceso p\u00fablico y lugares de trabajo. Limita la concentraci\u00f3n m\u00e1xima de rad\u00f3n en recintos<br \/>\ncerrados, estableciendo un nivel de referencia para el promedio anual de concentraci\u00f3n de actividad en el aire de<br \/>\n300 Bq\/m3<br \/>\n.<br \/>\nLos pa\u00edses miembro tuvieron de plazo hasta febrero de 2018 para implantar los requisitos de la Directiva. En Espa\u00f1a<br \/>\na\u00fan est\u00e1 pendiente de implementar. Para ello, se origin\u00f3 un grupo de trabajo interministerial creado para la<br \/>\ntrasposici\u00f3n de la Directiva, donde se ha integrado a ministerios de Sanidad, Servicios Sociales e Igualdad, de Empleo y Seguridad Social, y de Fomento, conjuntamente con el Consejo de Seguridad Nuclear, coordinado por el primero de los citados ministerios.<\/p>\n<p>Gracias a ello, se est\u00e1 preparando un proyecto de Real Decreto de modificaci\u00f3n de la Parte I del C\u00f3digo T\u00e9cnico de<br \/>\nla Edificaci\u00f3n para incluir la exigencia b\u00e1sica de protecci\u00f3n contra el rad\u00f3n en recintos cerrados de los edificios, as\u00ed<br \/>\ncomo de modificaci\u00f3n del Documento B\u00e1sico DB HS de Salubridad, incorporando una nueva secci\u00f3n en la que se<br \/>\ndesarrollen los requisitos t\u00e9cnicos que deber\u00e1n cumplir los edificios para satisfacer esta nueva exigencia.<\/p>\n<p>Los objetivos principales de esta modificaci\u00f3n son los siguientes:<\/p>\n<p>-Establecer un nivel de referencia para el promedio anual de concentraci\u00f3n de rad\u00f3n en el interior de los<br \/>\nlocales habitables a fin de reducir el riesgo para la salud asociado a la exposici\u00f3n al rad\u00f3n.<\/p>\n<p>-Identificar los municipios en los que hay una probabilidad significativa de que los edificios all\u00ed construidos,<br \/>\nsin medidas espec\u00edficas de protecci\u00f3n frente al rad\u00f3n, presenten concentraciones de rad\u00f3n superiores al<br \/>\nnivel de referencia. Sobre este aspecto incidiremos m\u00e1s adelante.<\/p>\n<p>-Definir los medios de protecci\u00f3n contra el rad\u00f3n que deben disponerse en los edificios para limitar la<br \/>\nconcentraci\u00f3n de rad\u00f3n en el interior de los locales habitables, en funci\u00f3n del nivel de riesgo asociado al<br \/>\nt\u00e9rmino municipal donde se ubique el edificio.<\/p>\n<p>En la parte I del CTE (Cap\u00edtulo 3, art\u00edculo 13, en el apartado 3) se incluir\u00eda la nueva exigencia reglamentaria: Los<br \/>\nedificios dispondr\u00e1n de medios adecuados para limitar el riesgo previsible de exposici\u00f3n inadecuada a rad\u00f3n<br \/>\nprocedente del terreno en los recintos cerrados.<\/p>\n<p>Al igual que para el resto de las exigencias b\u00e1sicas incluidas en el requisito b\u00e1sico de Higiene, salud y protecci\u00f3n del<br \/>\nmedio ambiente, se desarrollar\u00e1 una nueva secci\u00f3n HS 6 Protecci\u00f3n frente a la exposici\u00f3n al rad\u00f3n (a fecha de edici\u00f3n del presente art\u00edculo se encuentra en fase de borrador) en el Documento B\u00e1sico DB HS de Salubridad, cuyas l\u00edneas fundamentales se presentan a continuaci\u00f3n en tres apartados:<\/p>\n<p><strong>4.1.- AMBITO DE APLICACI\u00d3N<\/strong><\/p>\n<p>La obligatoriedad de implementar medidas espec\u00edficas de protecci\u00f3n frente al rad\u00f3n se limita a aquellos municipios<br \/>\nen los que haya una probabilidad significativa de que los edificios all\u00ed construidos sin medidas espec\u00edficas de<br \/>\nprotecci\u00f3n frente al rad\u00f3n, presenten concentraciones superiores al nivel de referencia. El listado de municipios,<br \/>\nser\u00e1 suministrado por el Consejo de Seguridad Nuclear y est\u00e1 elaborado en base a las campa\u00f1as de mediciones<br \/>\nrealizadas por dicho Consejo en todo el territorio nacional. En el listado se clasificar\u00e1n los municipios en dos grupos,<br \/>\nen funci\u00f3n del nivel de riesgo, estableci\u00e9ndose las medidas de protecci\u00f3n dependiendo del grupo al que pertenezca<br \/>\nel municipio en que se ubica el edificio.<\/p>\n<p>La nueva secci\u00f3n de la norma ser\u00e1 de aplicaci\u00f3n a todos los edificios situados en los t\u00e9rminos municipales incluidos<br \/>\nen el ap\u00e9ndice B del documento, en los siguientes casos:<\/p>\n<p>-Edificios de nueva construcci\u00f3n<br \/>\n-Intervenciones en edificios existentes:<br \/>\n-en ampliaciones, a la parte nueva.<br \/>\n-en cambio de uso, ya sea caracter\u00edstico del edificio o de alguna zona del mismo.<br \/>\n-en obras de reforma, cuando se realicen modificaciones que permitan aumentar la protecci\u00f3n frente al rad\u00f3n o alteren la protecci\u00f3n inicial.<\/p>\n<p><strong>4.2.- MAPA DEL POTENCIAL DE RAD\u00d3N<\/strong><\/p>\n<p>A continuaci\u00f3n se muestra el mapa de zonificaci\u00f3n obtenido por el Ministerio de Fomento a partir del listado incluido en el ap\u00e9ndice B.<\/p>\n<p><img loading=\"lazy\" decoding=\"async\" class=\"alignnone wp-image-40531 size-large\" src=\"https:\/\/stepienybarno.es\/blog\/wp-content\/uploads\/2020\/03\/mapa-gas-radon-sika-993x700.jpg\" alt=\"\" width=\"911\" height=\"642\" srcset=\"https:\/\/stepienybarno.es\/blog\/wp-content\/uploads\/2020\/03\/mapa-gas-radon-sika-993x700.jpg 993w, https:\/\/stepienybarno.es\/blog\/wp-content\/uploads\/2020\/03\/mapa-gas-radon-sika-550x388.jpg 550w, https:\/\/stepienybarno.es\/blog\/wp-content\/uploads\/2020\/03\/mapa-gas-radon-sika-180x127.jpg 180w, https:\/\/stepienybarno.es\/blog\/wp-content\/uploads\/2020\/03\/mapa-gas-radon-sika-1536x1082.jpg 1536w, https:\/\/stepienybarno.es\/blog\/wp-content\/uploads\/2020\/03\/mapa-gas-radon-sika-316x223.jpg 316w, https:\/\/stepienybarno.es\/blog\/wp-content\/uploads\/2020\/03\/mapa-gas-radon-sika.jpg 1866w\" sizes=\"(max-width: 911px) 100vw, 911px\" \/><\/p>\n<p><strong>4.3.- NIVEL DE REFERENCIA Y MEDIDAS<\/strong><\/p>\n<p><em>\u201cPara limitar el riesgo de exposici\u00f3n de los usuarios a concentraciones inadecuadas de rad\u00f3n procedente del terreno<\/em><br \/>\n<em>en el interior de los locales habitables, se establece un nivel de referencia para el promedio anual de concentraci\u00f3n<\/em><br \/>\n<em>de rad\u00f3n en el interior de los mismos de 300 Bq\/m3.\u201d<\/em><\/p>\n<p>Es por ello que se establecen las medidas de protecci\u00f3n contra el rad\u00f3n que deben implementarse en el edificio en<br \/>\nfunci\u00f3n de la zona a la que pertenezca el municipio donde se ubica el mismo. Para verificar el cumplimiento del nivel<br \/>\nde referencia en los edificios ubicados en los t\u00e9rminos municipales incluidos en el ap\u00e9ndice B, en funci\u00f3n de la zona<br \/>\na la que pertenezca el municipio deber\u00e1n implementarse las siguientes soluciones, u otras que proporcionen un nivel<br \/>\nde protecci\u00f3n an\u00e1logo o superior.<\/p>\n<p>-En los Municipios de <strong>Zona I<\/strong>, se dispondr\u00e1 una<strong> barrera de protecci\u00f3n<\/strong> entre el terreno y los locales habitables<br \/>\ndel edificio, que limite el paso de los gases provenientes del terreno.<\/p>\n<p>-En los Municipios de <strong>Zona II<\/strong>, se dispondr\u00e1 una <strong>barrera de protecci\u00f3n<\/strong>, junto con un sistema adicional que<br \/>\npodr\u00e1 ser:<\/p>\n<p>o Un espacio de contenci\u00f3n ventilado situado entre el terreno y los locales a proteger, para mitigar<br \/>\nla entrada de rad\u00f3n proveniente del terreno a los locales habitables mediante ventilaci\u00f3n natural<br \/>\no mec\u00e1nica.<\/p>\n<p>o Un sistema de despresurizaci\u00f3n del terreno que permita extraer los gases contenidos en el terreno<br \/>\nbajo el edificio.<\/p>\n<p>Como vemos, se establecen distintas de medidas de protecci\u00f3n contra el gas rad\u00f3n que deber\u00e1n implementarse en<br \/>\nlos edificios en funci\u00f3n de la zona a la que pertenezca el municipio.<\/p>\n<p>-Barreras de protecci\u00f3n capaces de mitigar la entrada de gas rad\u00f3n procedente del terreno en el interior del<br \/>\nedifico.<\/p>\n<p>-Sistemas capaces de reconducir el gas rad\u00f3n al aire libre para evitar que penetre en el interior de las<br \/>\nedificaciones, b\u00e1sicamente mediante sistemas de ventilaci\u00f3n de los espacios ubicados entre las zonas<br \/>\nhabitables del edificio y el terreno (c\u00e1maras sanitarias o plantas bajas no habitables) o sistemas de<br \/>\ndespresurizaci\u00f3n del terreno de debajo del edificio.<\/p>\n<p>Para verificar el cumplimiento de las barreras de protecci\u00f3n debe cumplirse un dimensionamiento que relaciona el<br \/>\nespesor de la membrana y su coeficiente de difusi\u00f3n frente al gas rad\u00f3n.<\/p>\n<p>A modo de resumen, a continuaci\u00f3n se muestra una tabla con las medidas a tomar.<\/p>\n<p><img loading=\"lazy\" decoding=\"async\" class=\"alignnone size-medium wp-image-40532\" src=\"https:\/\/stepienybarno.es\/blog\/wp-content\/uploads\/2020\/03\/cuadro-resumen-radon-sika-550x110.jpg\" alt=\"\" width=\"550\" height=\"110\" srcset=\"https:\/\/stepienybarno.es\/blog\/wp-content\/uploads\/2020\/03\/cuadro-resumen-radon-sika-550x110.jpg 550w, https:\/\/stepienybarno.es\/blog\/wp-content\/uploads\/2020\/03\/cuadro-resumen-radon-sika-1024x205.jpg 1024w, https:\/\/stepienybarno.es\/blog\/wp-content\/uploads\/2020\/03\/cuadro-resumen-radon-sika-180x36.jpg 180w, https:\/\/stepienybarno.es\/blog\/wp-content\/uploads\/2020\/03\/cuadro-resumen-radon-sika-1536x308.jpg 1536w, https:\/\/stepienybarno.es\/blog\/wp-content\/uploads\/2020\/03\/cuadro-resumen-radon-sika-316x63.jpg 316w, https:\/\/stepienybarno.es\/blog\/wp-content\/uploads\/2020\/03\/cuadro-resumen-radon-sika.jpg 1950w\" sizes=\"(max-width: 550px) 100vw, 550px\" \/><\/p>\n<p><strong>5.- SOLUCIONES MEDIANTE BARRERA DE PROTECCI\u00d3N CONTRA EL GAS RAD\u00d3N<\/strong><\/p>\n<p>El rad\u00f3n, como cualquier gas, est\u00e1 formado por mol\u00e9culas peque\u00f1as, por lo que tiene la capacidad de penetrar a<br \/>\ntrav\u00e9s de la mayor parte de materiales t\u00edpicos de edificaci\u00f3n. El hormig\u00f3n, los ladrillos, los morteros, etc., son<br \/>\nmateriales porosos, a trav\u00e9s de los cuales el rad\u00f3n puede acceder, hasta alcanzar el interior de las edificaciones,<br \/>\nincrementando la concentraci\u00f3n de ese gas en las mismas.<\/p>\n<p>La soluci\u00f3n es interponer al rad\u00f3n una barrera f\u00edsica que sea impermeable al gas de tal manera que ni las peque\u00f1as<br \/>\nmol\u00e9culas de un gas como este puedan atravesarla. Adem\u00e1s, esa barrera debe ser continua, es decir, sin juntas o<br \/>\ndiscontinuidades por donde pueda penetrar el gas.<\/p>\n<p>La zona m\u00e1s contaminada de las viviendas, por lo general, es el subsuelo, por donde el gas rad\u00f3n penetra a trav\u00e9s<br \/>\nde fisuras, tuber\u00edas, grietas, juntas o directamente a trav\u00e9s del pavimento. Por ello, esa barrera f\u00edsica mencionada<br \/>\nanteriormente, en forma de membrana aislante, se debe utilizar tanto en horizontal como en vertical; en contacto<br \/>\ncon el terreno.<\/p>\n<p><strong>6.- SISTEMA SIKAPROOF<\/strong><\/p>\n<p>SISTEMA DE MEMBRANAS DE FPO COMPLETAMENTE ADHERIDAS Y ALTAMENTE<br \/>\nFLEXIBLES PARA IMPERMEABILIZACI\u00d3N Y PROTECCI\u00d3N DE ESTRUCTURAS ENTERRADAS.<\/p>\n<p>Sika ha desarrollado una exclusiva y revolucionaria soluci\u00f3n para proteger sus estructuras enterradas frente a la<br \/>\nentrada de agua y gases, incluidos el gas rad\u00f3n y metano. Se trata de un innovador y completo sistema de<br \/>\nimpermeabilizaci\u00f3n y protecci\u00f3n para las estructuras enterradas en terrenos agresivos a base de membranas<br \/>\npreconformadas de poliolefina flexible (FPO) con muy altas prestaciones, la gama SikaProof\u00ae; que cuenta con<br \/>\nnumerosas referencias de obra a nivel nacional e internacional.<\/p>\n<p><img loading=\"lazy\" decoding=\"async\" class=\"alignnone wp-image-40533 size-large\" src=\"https:\/\/stepienybarno.es\/blog\/wp-content\/uploads\/2020\/03\/radon-sika-982x700.jpg\" alt=\"\" width=\"911\" height=\"649\" srcset=\"https:\/\/stepienybarno.es\/blog\/wp-content\/uploads\/2020\/03\/radon-sika-982x700.jpg 982w, https:\/\/stepienybarno.es\/blog\/wp-content\/uploads\/2020\/03\/radon-sika-550x392.jpg 550w, https:\/\/stepienybarno.es\/blog\/wp-content\/uploads\/2020\/03\/radon-sika-180x128.jpg 180w, https:\/\/stepienybarno.es\/blog\/wp-content\/uploads\/2020\/03\/radon-sika-1536x1095.jpg 1536w, https:\/\/stepienybarno.es\/blog\/wp-content\/uploads\/2020\/03\/radon-sika-316x225.jpg 316w, https:\/\/stepienybarno.es\/blog\/wp-content\/uploads\/2020\/03\/radon-sika.jpg 1618w\" sizes=\"(max-width: 911px) 100vw, 911px\" \/><\/p>\n<p>\uf0a7 <strong>Sistema adherido al hormig\u00f3n<\/strong><\/p>\n<p><img loading=\"lazy\" decoding=\"async\" class=\"alignnone size-medium wp-image-40540\" src=\"https:\/\/stepienybarno.es\/blog\/wp-content\/uploads\/2020\/03\/detalle-radon-550x351.jpg\" alt=\"\" width=\"550\" height=\"351\" srcset=\"https:\/\/stepienybarno.es\/blog\/wp-content\/uploads\/2020\/03\/detalle-radon-550x351.jpg 550w, https:\/\/stepienybarno.es\/blog\/wp-content\/uploads\/2020\/03\/detalle-radon-180x115.jpg 180w, https:\/\/stepienybarno.es\/blog\/wp-content\/uploads\/2020\/03\/detalle-radon-316x201.jpg 316w, https:\/\/stepienybarno.es\/blog\/wp-content\/uploads\/2020\/03\/detalle-radon.jpg 894w\" sizes=\"(max-width: 550px) 100vw, 550px\" \/><br \/>\n\uf0e0 Completa y duradera uni\u00f3n mec\u00e1nica y qu\u00edmica<br \/>\n\uf0e0 Sin migraci\u00f3n lateral de agua (fallo localizado)<br \/>\n\uf0e0 F\u00e1cil reparaci\u00f3n, reducci\u00f3n de tiempos y costes<br \/>\n\uf0e0 Alta estanqueidad (a l\u00edquidos y gases)<br \/>\n\uf0e0 Alta fiabilidad y seguridad<br \/>\n\uf0a7<strong> Altamente flexible<\/strong> \uf0e0 capacidad de puenteo de fisuras<br \/>\n\uf0a7 <strong>Alta resistencia al envejecimiento<\/strong> \uf0e0 alta durabilidad<br \/>\n\uf0a7 <strong>Alta resistencia a medios agresivos en el terreno y al agua de mar<\/strong> \uf0e0 incluido el gas rad\u00f3n<br \/>\n\uf0a7 <strong>Gama completa<\/strong> \uf0e0 sistema pre-aplicado y post-aplicado, con soluciones para todo tipo de detalles<br \/>\n\uf0a7 <strong>F\u00e1cil y r\u00e1pida instalaci\u00f3n<\/strong> \uf0e0 uniones mediante cintas adheridas y autoadhesivas (no requiere soldadura)<\/p>\n<p><img loading=\"lazy\" decoding=\"async\" class=\"alignnone size-medium wp-image-40539\" src=\"https:\/\/stepienybarno.es\/blog\/wp-content\/uploads\/2020\/03\/detalle-radon-sika-550x387.jpg\" alt=\"\" width=\"550\" height=\"387\" srcset=\"https:\/\/stepienybarno.es\/blog\/wp-content\/uploads\/2020\/03\/detalle-radon-sika-550x387.jpg 550w, https:\/\/stepienybarno.es\/blog\/wp-content\/uploads\/2020\/03\/detalle-radon-sika-995x700.jpg 995w, https:\/\/stepienybarno.es\/blog\/wp-content\/uploads\/2020\/03\/detalle-radon-sika-180x127.jpg 180w, https:\/\/stepienybarno.es\/blog\/wp-content\/uploads\/2020\/03\/detalle-radon-sika-316x222.jpg 316w, https:\/\/stepienybarno.es\/blog\/wp-content\/uploads\/2020\/03\/detalle-radon-sika.jpg 1136w\" sizes=\"(max-width: 550px) 100vw, 550px\" \/><\/p>\n<p><strong>Aplicaciones en obra nueva, ampliaciones,rehabilitaciones y estructuras prefabricadas<\/strong><br \/>\n\uf0e0 Proyectos de edificaciones residenciales,industriales, comerciales, instalaciones deportivas y de ocio y estructuras de ingenier\u00eda civil enterradas.<\/p>\n<p>El sistema <strong>SikaProof\u00ae<\/strong> consiste en una membrana preconformada de poliolefina (FPO) con una capa de uni\u00f3n<br \/>\npatentada por Sika, que se adhiere totalmente de manera continua al hormig\u00f3n.<\/p>\n<p>Este exclusivo sistema de impermeabilizaci\u00f3n forma una uni\u00f3n mec\u00e1nica y qu\u00edmica completa, duradera y segura<br \/>\nintegr\u00e1ndose en el hormig\u00f3n fresco. Adem\u00e1s, se impide cualquier desbordamiento lateral de agua entre la<br \/>\nmembrana SikaProof\u00ae y el hormig\u00f3n estructural.<\/p>\n<p>Se aplica en fr\u00edo y su instalaci\u00f3n se realiza sin necesidad de aporte de calor o llamas, previamente a la colocaci\u00f3n del<br \/>\narmado y vertido del hormig\u00f3n. Los solapes se realizan con cintas adhesivas especiales que conforman el sistema.<br \/>\nExisten dos tipos de membranas en funci\u00f3n de su procedimiento de instalaci\u00f3n:<\/p>\n<p>\uf0a7 Versi\u00f3n pre-aplicada (se instala previamente al vertido del hormig\u00f3n): <strong>SikaProof\u00ae A<\/strong><br \/>\n\uf0a7 Versi\u00f3n post-aplicada (se instala una vez el hormig\u00f3n ha endurecido): <strong>SikaProof\u00ae P<\/strong><\/p>\n<p>Todos los sistemas han sido ensayados de acuerdo a la normativa est\u00e1ndar y tienen el certificado CE para los<br \/>\nmercados europeos. Asimismo se han ensayado todas las soluciones para los detalles y han pasado estos controles,<br \/>\nentre las que se incluyen juntas de construcci\u00f3n y de dilataci\u00f3n, pasos de tuber\u00edas, conexiones entre cabezas de<br \/>\npilotes, etc. Cuentan tambi\u00e9n con ensayos de determinaci\u00f3n del coeficiente de difusi\u00f3n del gas rad\u00f3n.<\/p>\n<p><img loading=\"lazy\" decoding=\"async\" class=\"aligncenter wp-image-40541 size-medium\" src=\"https:\/\/stepienybarno.es\/blog\/wp-content\/uploads\/2020\/03\/tabla-coeficiente-difusion-gas-radon-550x289.jpg\" alt=\"\" width=\"550\" height=\"289\" srcset=\"https:\/\/stepienybarno.es\/blog\/wp-content\/uploads\/2020\/03\/tabla-coeficiente-difusion-gas-radon-550x289.jpg 550w, https:\/\/stepienybarno.es\/blog\/wp-content\/uploads\/2020\/03\/tabla-coeficiente-difusion-gas-radon-1024x539.jpg 1024w, https:\/\/stepienybarno.es\/blog\/wp-content\/uploads\/2020\/03\/tabla-coeficiente-difusion-gas-radon-180x95.jpg 180w, https:\/\/stepienybarno.es\/blog\/wp-content\/uploads\/2020\/03\/tabla-coeficiente-difusion-gas-radon-316x166.jpg 316w, https:\/\/stepienybarno.es\/blog\/wp-content\/uploads\/2020\/03\/tabla-coeficiente-difusion-gas-radon.jpg 1097w\" sizes=\"(max-width: 550px) 100vw, 550px\" \/><\/p>\n<p>Por favor, acuda al siguiente enlace para ver un video del sistema y sus procedimientos de aplicaci\u00f3n:<br \/>\n<a href=\"https:\/\/www.youtube.com\/watch?v=kYaV6N-kDJU\">https:\/\/www.youtube.com\/watch?v=kYaV6N-kDJU<\/a><\/p>\n<p><strong>7.- NOTAS LEGALES<\/strong><\/p>\n<p><em>Las informaciones contenidas en este documento est\u00e1n dadas de buena fe, basadas en el conocimiento actual y la experiencia de Sika de los productos cuando son correctamente almacenados, manejados y aplicados, en situaciones normales, dentro de su vida \u00fatil, de acuerdo con las recomendaciones de Sika. La informaci\u00f3n se aplica \u00fanicamente a la (s) aplicaci\u00f3n (es) y al (los) producto (s) a los que se hace expresamente referencia. En caso de cambios en los par\u00e1metros de la aplicaci\u00f3n, como por ejemplo cambios en los soportes, etc., o en caso de una aplicaci\u00f3n<\/em><br \/>\n<em>diferente, consulte el Servicio T\u00e9cnico de Sika previamente a la utilizaci\u00f3n de los productos Sika. La informaci\u00f3n aqu\u00ed contenida no exonera al usuario de ensayar los productos para la aplicaci\u00f3n y la finalidad deseadas. Los pedidos son aceptados en conformidad con los t\u00e9rminos de nuestras vigentes Condiciones Generales de Venta y Suministro. Los usuarios deben conocer y utilizar la versi\u00f3n \u00faltima y actualizada de las Hojas de Datos de Productos, copias de las cuales se mandar\u00e1n a qui\u00e9n las solicite.<\/em><\/p>\n<p><strong>Sika, S.A.U.<\/strong><br \/>\nCarretera de Fuencarral, 72. 28108 \u2013 Alcobendas. Madrid<br \/>\nTelf. 916572375 Fax: 916621938<br \/>\n<a href=\"http:\/\/www.sika.es\">www.sika.es<\/a><\/p>\n<p><a href=\"https:\/\/twitter.com\/SikaSpain\"><img loading=\"lazy\" decoding=\"async\" class=\"alignnone wp-image-39483\" src=\"https:\/\/stepienybarno.es\/blog\/wp-content\/uploads\/2020\/02\/logo-twitter.png\" alt=\"twitter sika\" width=\"45\" height=\"45\" srcset=\"https:\/\/stepienybarno.es\/blog\/wp-content\/uploads\/2020\/02\/logo-twitter.png 256w, https:\/\/stepienybarno.es\/blog\/wp-content\/uploads\/2020\/02\/logo-twitter-180x180.png 180w, https:\/\/stepienybarno.es\/blog\/wp-content\/uploads\/2020\/02\/logo-twitter-224x224.png 224w\" sizes=\"(max-width: 45px) 100vw, 45px\" \/> \u00a0 \u00a0<\/a><a href=\"https:\/\/www.facebook.com\/SikaSpain\/\"><img loading=\"lazy\" decoding=\"async\" class=\"alignnone wp-image-39482\" src=\"https:\/\/stepienybarno.es\/blog\/wp-content\/uploads\/2020\/02\/logo-facebook.png\" alt=\"logo de facebook\" width=\"41\" height=\"41\" srcset=\"https:\/\/stepienybarno.es\/blog\/wp-content\/uploads\/2020\/02\/logo-facebook.png 325w, https:\/\/stepienybarno.es\/blog\/wp-content\/uploads\/2020\/02\/logo-facebook-180x180.png 180w, https:\/\/stepienybarno.es\/blog\/wp-content\/uploads\/2020\/02\/logo-facebook-224x224.png 224w, https:\/\/stepienybarno.es\/blog\/wp-content\/uploads\/2020\/02\/logo-facebook-316x316.png 316w\" sizes=\"(max-width: 41px) 100vw, 41px\" \/> \u00a0 \u00a0 <\/a><a href=\"https:\/\/www.youtube.com\/user\/SikaESP\"><img loading=\"lazy\" decoding=\"async\" class=\"alignnone wp-image-39484\" src=\"https:\/\/stepienybarno.es\/blog\/wp-content\/uploads\/2020\/02\/logo-youtube-550x309.jpg\" alt=\"logo-youtube-sika\" width=\"53\" height=\"30\" srcset=\"https:\/\/stepienybarno.es\/blog\/wp-content\/uploads\/2020\/02\/logo-youtube-550x309.jpg 550w, https:\/\/stepienybarno.es\/blog\/wp-content\/uploads\/2020\/02\/logo-youtube-180x101.jpg 180w, https:\/\/stepienybarno.es\/blog\/wp-content\/uploads\/2020\/02\/logo-youtube-316x178.jpg 316w, https:\/\/stepienybarno.es\/blog\/wp-content\/uploads\/2020\/02\/logo-youtube.jpg 1024w\" sizes=\"(max-width: 53px) 100vw, 53px\" \/> \u00a0 \u00a0 <\/a><a href=\"https:\/\/www.instagram.com\/sikaspain\/?hl=es\"><img loading=\"lazy\" decoding=\"async\" class=\"alignnone wp-image-39488\" src=\"https:\/\/stepienybarno.es\/blog\/wp-content\/uploads\/2020\/02\/logo-instagram-sika-550x550.jpg\" alt=\"sika instagram\" width=\"44\" height=\"44\" srcset=\"https:\/\/stepienybarno.es\/blog\/wp-content\/uploads\/2020\/02\/logo-instagram-sika-550x550.jpg 550w, https:\/\/stepienybarno.es\/blog\/wp-content\/uploads\/2020\/02\/logo-instagram-sika-701x700.jpg 701w, https:\/\/stepienybarno.es\/blog\/wp-content\/uploads\/2020\/02\/logo-instagram-sika-180x180.jpg 180w, https:\/\/stepienybarno.es\/blog\/wp-content\/uploads\/2020\/02\/logo-instagram-sika-224x224.jpg 224w, https:\/\/stepienybarno.es\/blog\/wp-content\/uploads\/2020\/02\/logo-instagram-sika-316x315.jpg 316w, https:\/\/stepienybarno.es\/blog\/wp-content\/uploads\/2020\/02\/logo-instagram-sika.jpg 1200w\" sizes=\"(max-width: 44px) 100vw, 44px\" \/> \u00a0 \u00a0 <\/a><a href=\"https:\/\/www.linkedin.com\/company\/sika\/\"><img loading=\"lazy\" decoding=\"async\" class=\"alignnone wp-image-39490\" src=\"https:\/\/stepienybarno.es\/blog\/wp-content\/uploads\/2020\/02\/logo-linkedin-sika.png\" alt=\"Linkedin\" width=\"47\" height=\"47\" srcset=\"https:\/\/stepienybarno.es\/blog\/wp-content\/uploads\/2020\/02\/logo-linkedin-sika.png 512w, https:\/\/stepienybarno.es\/blog\/wp-content\/uploads\/2020\/02\/logo-linkedin-sika-180x180.png 180w, https:\/\/stepienybarno.es\/blog\/wp-content\/uploads\/2020\/02\/logo-linkedin-sika-224x224.png 224w, https:\/\/stepienybarno.es\/blog\/wp-content\/uploads\/2020\/02\/logo-linkedin-sika-316x316.png 316w\" sizes=\"(max-width: 47px) 100vw, 47px\" \/><\/a><\/p>\n<p>&nbsp;<\/p>\n<pre style=\"text-align: center;\">Este art\u00edculo pertenece a nuestra secci\u00f3n de post patrocinados<\/pre>\n","protected":false},"excerpt":{"rendered":"<p>Nos hacen llegar la siguiente informaci\u00f3n que puede ser de<\/p>\n","protected":false},"author":2,"featured_media":40542,"comment_status":"open","ping_status":"closed","sticky":false,"template":"","format":"standard","meta":{"om_disable_all_campaigns":false,"_monsterinsights_skip_tracking":false,"_monsterinsights_sitenote_active":false,"_monsterinsights_sitenote_note":"","_monsterinsights_sitenote_category":0,"_uf_show_specific_survey":0,"_uf_disable_surveys":false,"episode_type":"audio","audio_file":"","cover_image":"","cover_image_id":"","duration":"","filesize":"","date_recorded":"","explicit":"","block":"","filesize_raw":"","footnotes":""},"categories":[244],"tags":[8074,3936],"series":[],"class_list":["post-40528","post","type-post","status-publish","format-standard","has-post-thumbnail","hentry","category-canal-de-arquitectura","tag-gas-radon","tag-sika"],"aioseo_notices":[],"episode_featured_image":"https:\/\/stepienybarno.es\/blog\/wp-content\/uploads\/2020\/03\/gas-radon-sika.jpg","episode_player_image":"https:\/\/stepienybarno.es\/blog\/wp-content\/uploads\/2020\/11\/stepienybarno-podcast-scaled.jpg","download_link":"","player_link":"","audio_player":false,"episode_data":{"playerMode":"dark","subscribeUrls":[],"rssFeedUrl":"https:\/\/stepienybarno.es\/blog\/feed\/podcast\/podcast-de-stepienybarno","embedCode":"<blockquote class=\"wp-embedded-content\" data-secret=\"tQ29yXNgcz\"><a href=\"https:\/\/stepienybarno.es\/blog\/2020\/03\/16\/el-gas-radon-en-los-edificios-un-peligro-para-la-salud\/\">EL GAS RAD\u00d3N EN LOS EDIFICIOS: \u00bfUN PELIGRO PARA LA SALUD?<\/a><\/blockquote><iframe sandbox=\"allow-scripts\" security=\"restricted\" src=\"https:\/\/stepienybarno.es\/blog\/2020\/03\/16\/el-gas-radon-en-los-edificios-un-peligro-para-la-salud\/embed\/#?secret=tQ29yXNgcz\" width=\"500\" height=\"350\" title=\"\u00abEL GAS RAD\u00d3N EN LOS EDIFICIOS: \u00bfUN PELIGRO PARA LA SALUD?\u00bb \u2014 Blog de STEPIEN Y BARNO - publicaci\u00f3n digital sobre arquitectura\" data-secret=\"tQ29yXNgcz\" frameborder=\"0\" marginwidth=\"0\" marginheight=\"0\" scrolling=\"no\" class=\"wp-embedded-content\"><\/iframe><script type=\"text\/javascript\">\n\/* <![CDATA[ *\/\n\/*! This file is auto-generated *\/\n!function(d,l){\"use strict\";l.querySelector&&d.addEventListener&&\"undefined\"!=typeof URL&&(d.wp=d.wp||{},d.wp.receiveEmbedMessage||(d.wp.receiveEmbedMessage=function(e){var t=e.data;if((t||t.secret||t.message||t.value)&&!\/[^a-zA-Z0-9]\/.test(t.secret)){for(var s,r,n,a=l.querySelectorAll('iframe[data-secret=\"'+t.secret+'\"]'),o=l.querySelectorAll('blockquote[data-secret=\"'+t.secret+'\"]'),c=new RegExp(\"^https?:$\",\"i\"),i=0;i<o.length;i++)o[i].style.display=\"none\";for(i=0;i<a.length;i++)s=a[i],e.source===s.contentWindow&&(s.removeAttribute(\"style\"),\"height\"===t.message?(1e3<(r=parseInt(t.value,10))?r=1e3:~~r<200&&(r=200),s.height=r):\"link\"===t.message&&(r=new URL(s.getAttribute(\"src\")),n=new URL(t.value),c.test(n.protocol))&&n.host===r.host&&l.activeElement===s&&(d.top.location.href=t.value))}},d.addEventListener(\"message\",d.wp.receiveEmbedMessage,!1),l.addEventListener(\"DOMContentLoaded\",function(){for(var e,t,s=l.querySelectorAll(\"iframe.wp-embedded-content\"),r=0;r<s.length;r++)(t=(e=s[r]).getAttribute(\"data-secret\"))||(t=Math.random().toString(36).substring(2,12),e.src+=\"#?secret=\"+t,e.setAttribute(\"data-secret\",t)),e.contentWindow.postMessage({message:\"ready\",secret:t},\"*\")},!1)))}(window,document);\n\/* ]]> *\/\n<\/script>\n"},"_links":{"self":[{"href":"https:\/\/stepienybarno.es\/blog\/wp-json\/wp\/v2\/posts\/40528"}],"collection":[{"href":"https:\/\/stepienybarno.es\/blog\/wp-json\/wp\/v2\/posts"}],"about":[{"href":"https:\/\/stepienybarno.es\/blog\/wp-json\/wp\/v2\/types\/post"}],"author":[{"embeddable":true,"href":"https:\/\/stepienybarno.es\/blog\/wp-json\/wp\/v2\/users\/2"}],"replies":[{"embeddable":true,"href":"https:\/\/stepienybarno.es\/blog\/wp-json\/wp\/v2\/comments?post=40528"}],"version-history":[{"count":5,"href":"https:\/\/stepienybarno.es\/blog\/wp-json\/wp\/v2\/posts\/40528\/revisions"}],"predecessor-version":[{"id":40545,"href":"https:\/\/stepienybarno.es\/blog\/wp-json\/wp\/v2\/posts\/40528\/revisions\/40545"}],"wp:featuredmedia":[{"embeddable":true,"href":"https:\/\/stepienybarno.es\/blog\/wp-json\/wp\/v2\/media\/40542"}],"wp:attachment":[{"href":"https:\/\/stepienybarno.es\/blog\/wp-json\/wp\/v2\/media?parent=40528"}],"wp:term":[{"taxonomy":"category","embeddable":true,"href":"https:\/\/stepienybarno.es\/blog\/wp-json\/wp\/v2\/categories?post=40528"},{"taxonomy":"post_tag","embeddable":true,"href":"https:\/\/stepienybarno.es\/blog\/wp-json\/wp\/v2\/tags?post=40528"},{"taxonomy":"series","embeddable":true,"href":"https:\/\/stepienybarno.es\/blog\/wp-json\/wp\/v2\/series?post=40528"}],"curies":[{"name":"wp","href":"https:\/\/api.w.org\/{rel}","templated":true}]}}